{"id":22006,"date":"2026-01-16T08:37:23","date_gmt":"2026-01-16T07:37:23","guid":{"rendered":"https:\/\/www.asajacyl.com\/palencia\/?p=22006"},"modified":"2026-01-16T08:37:26","modified_gmt":"2026-01-16T07:37:26","slug":"asaja-llama-a-la-movilizacion-la-ultima-semana-de-enero-en-defensa-del-campo-y-de-la-alimentacion","status":"publish","type":"post","link":"https:\/\/www.asajacyl.com\/palencia\/asaja-palencia-informa\/asaja-llama-a-la-movilizacion-la-ultima-semana-de-enero-en-defensa-del-campo-y-de-la-alimentacion","title":{"rendered":"ASAJA llama a la movilizaci\u00f3n la \u00faltima semana de enero en defensa del campo y de la alimentaci\u00f3n"},"content":{"rendered":"\n<h2 class=\"wp-block-heading\">El campo espa\u00f1ol volver\u00e1 a movilizarse la \u00faltima semana de enero, con el\u00a0jueves 29 de enero\u00a0como jornada central, para defender su futuro y el de la alimentaci\u00f3n europea. ASAJA, junto a COAG y UPA, impulsa\u00a0protestas en toda Espa\u00f1a frente al acuerdo UE-Mercosur, la falta de garant\u00edas presupuestarias en la PAC, el aumento de los costes de producci\u00f3n y una burocracia que asfixia al sector, problemas que acaban repercutiendo en toda la sociedad. <\/h2>\n\n\n\n<h2 class=\"wp-block-heading\">De hecho, nuestra organizaci\u00f3n insiste en que <span style=\"text-decoration: underline\">estas protestas no solo defienden al productor, sino tambi\u00e9n al consumidor<\/span>: permitir la entrada de alimentos producidos con normas menos exigentes supone una competencia desleal, pero adem\u00e1s  arriesga la calidad, la trazabilidad y la seguridad alimentarias. <\/h2>\n\n\n\n<h2 class=\"wp-block-heading\">\u00abEl futuro del campo es tambi\u00e9n el futuro de la alimentaci\u00f3n de los ciudadanos europeos\u00bb, afirma Pedro Barato,  presidente nacional de ASAJA, que ya trabaja en todas las provincias \u2014entre ellas, Palencia\u2014 para convocar y organizar la movilizaci\u00f3n. <span style=\"text-decoration: underline\">ASAJA-Palencia confirmar\u00e1 pr\u00f3ximamente la fecha y lugares de sus acciones de protesta<\/span>, <span style=\"text-decoration: underline\">aunque muy probablemente se desarrollar\u00e1n en esa jornada central del jueves 29 de enero<\/span>.<\/h2>\n\n\n\n<p>ASAJA, junto con las organizaciones agrarias COAG y UPA,\u00a0activa\u00a0un proceso de movilizaci\u00f3n con concentraciones, tractoradas y actos reivindicativos, que se extender\u00e1n por todo el territorio nacional, y que culminar\u00e1n con una jornada de movilizaci\u00f3n general.<\/p>\n\n\n\n<p>Se ha acordado dar flexibilidad a los territorios para que, en funci\u00f3n de sus particularidades, puedan elegir la fecha y el formato de las movilizaciones dentro de esa semana. No obstante, se ha subrayado la importancia de concentrar el mayor n\u00famero posible de acciones el jueves 29 de enero, con el objetivo de lanzar un mensaje claro y unitario desde todo el campo espa\u00f1ol.<\/p>\n\n\n<div class=\"wp-block-image\">\n<figure class=\"alignright size-large is-resized\"><img loading=\"lazy\" decoding=\"async\" width=\"1024\" height=\"975\" src=\"https:\/\/www.asajacyl.com\/palencia\/wp-content\/uploads\/sites\/3\/2026\/01\/Pedro-Barato-en-presentacion-moviliza-enero2026-web-1024x975.jpg\" alt=\"\" class=\"wp-image-22008\" style=\"width:602px;height:auto\" srcset=\"https:\/\/www.asajacyl.com\/palencia\/wp-content\/uploads\/sites\/3\/2026\/01\/Pedro-Barato-en-presentacion-moviliza-enero2026-web-1024x975.jpg 1024w, https:\/\/www.asajacyl.com\/palencia\/wp-content\/uploads\/sites\/3\/2026\/01\/Pedro-Barato-en-presentacion-moviliza-enero2026-web-300x286.jpg 300w, https:\/\/www.asajacyl.com\/palencia\/wp-content\/uploads\/sites\/3\/2026\/01\/Pedro-Barato-en-presentacion-moviliza-enero2026-web-768x731.jpg 768w, https:\/\/www.asajacyl.com\/palencia\/wp-content\/uploads\/sites\/3\/2026\/01\/Pedro-Barato-en-presentacion-moviliza-enero2026-web-1536x1463.jpg 1536w, https:\/\/www.asajacyl.com\/palencia\/wp-content\/uploads\/sites\/3\/2026\/01\/Pedro-Barato-en-presentacion-moviliza-enero2026-web-441x420.jpg 441w, https:\/\/www.asajacyl.com\/palencia\/wp-content\/uploads\/sites\/3\/2026\/01\/Pedro-Barato-en-presentacion-moviliza-enero2026-web-696x663.jpg 696w, https:\/\/www.asajacyl.com\/palencia\/wp-content\/uploads\/sites\/3\/2026\/01\/Pedro-Barato-en-presentacion-moviliza-enero2026-web-1068x1017.jpg 1068w, https:\/\/www.asajacyl.com\/palencia\/wp-content\/uploads\/sites\/3\/2026\/01\/Pedro-Barato-en-presentacion-moviliza-enero2026-web.jpg 1557w\" sizes=\"(max-width: 1024px) 100vw, 1024px\" \/><figcaption class=\"wp-element-caption\">Pedro Barato, presidente nacional de ASAJA, este jueves 16 de enero, durante la presentaci\u00f3n de las movilizaciones.<\/figcaption><\/figure><\/div>\n\n\n<p>\u00abQueremos que se vea la fuerza del sector agrario en todo el territorio, con una respuesta coordinada frente a decisiones que nos afectan directamente\u00bb, ha se\u00f1alado el presidente de ASAJA.<\/p>\n\n\n\n<p><strong>MERCOSUR, PRINCIPAL DETONANTE. <\/strong>Uno de los principales motivos de estas movilizaciones es el rechazo frontal de ASAJA al acuerdo comercial entre la Uni\u00f3n Europea y Mercosur en su forma actual. Nuestra organizaci\u00f3n considera que se trata de un acuerdo\u00a0desequilibrado, sin reciprocidad y que genera una clara competencia desleal. <\/p>\n\n\n\n<p>ASAJA advierte de que el acuerdo pone en peligro a sectores clave como la carne de vacuno, el az\u00facar y la remolacha, los c\u00edtricos, la ganader\u00eda extensiva, el arroz o la apicultura, y permite la entrada de productos elaborados con sustancias prohibidas en la UE, sin controles suficientes en frontera.<\/p>\n\n\n\n<p>Seg\u00fan datos de la propia Comisi\u00f3n Europea, solo se inspecciona f\u00edsicamente el 0,0082 % de los productos agroalimentarios que entran en la UE, un nivel de control claramente insuficiente para garantizar el cumplimiento de las normas sanitarias y de seguridad alimentaria.<\/p>\n\n\n\n<p>ASAJA ha recordado que el propio Gobierno de\u00a0Brasil\u00a0admite p\u00fablicamente que\u00a0no es capaz de controlar de forma efectiva el uso de hormonas en la producci\u00f3n de carne, reconocimiento que, a nuestro juicio, invalida cualquier garant\u00eda sanitaria incluida en el acuerdo. <\/p>\n\n\n\n<p>Si el pa\u00eds exportador reconoce que no puede asegurar el cumplimiento de las normas, resulta inaceptable que esos productos entren en el mercado europeo compitiendo con los producidos bajo los est\u00e1ndares m\u00e1s exigentes del mundo.<\/p>\n\n\n\n<p>Adem\u00e1s, la balanza comercial agroalimentaria con Mercosur es claramente deficitaria para Espa\u00f1a: en 2024 se importaron productos por m\u00e1s de 4100 millones de euros, frente a unas exportaciones que apenas alcanzaron los 463 millones. Ante este escenario,\u00a0<strong>ASAJA exige a los eurodiputados que rechacen de forma clara y sin matices el acuerdo UE-Mercosur en su actual formulaci\u00f3n<\/strong>.<\/p>\n\n\n\n<p><strong>EL SE\u00d1UELO DEL OLIVAR. <\/strong>Nuestra organizaci\u00f3n ha querido\u00a0aclarar\u00a0algunos de los argumentos que se est\u00e1n utilizando para justificar el acuerdo UE-Mercosur, especialmente en lo relativo al aceite de oliva. Incluso sectores que podr\u00edan parecer beneficiados, como el aceite de oliva o el vino, no obtendr\u00e1n ventajas reales a corto plazo, debido a los largos periodos transitorios antes de la plena liberalizaci\u00f3n, seg\u00fan ha explicado Pedro Barato.<\/p>\n\n\n\n<p>El presidente de nuestra organizaci\u00f3n subraya que pa\u00edses como\u00a0Argentina,\u00a0Brasil\u00a0o\u00a0Uruguay\u00a0presentan\u00a0un consumo interno muy reducido de aceite de oliva, lo que limita de forma clara la existencia de un mercado real e inmediato para el producto espa\u00f1ol.<\/p>\n\n\n\n<p>Adem\u00e1s, estos pa\u00edses ya cuentan con producciones propias en crecimiento, y con\u00a0requisitos muy distintos\u00a0a las exigidos en la UE. A ello se suma que el acuerdo establece\u00a0arancel cero\u00a0para determinadas importaciones, mientras que otros sectores europeos disfrutan de largos periodos transitorios de protecci\u00f3n.<\/p>\n\n\n\n<p>ASAJA advierte de que presentar el aceite de oliva como gran beneficiado del acuerdo\u00a0distorsiona la realidad\u00a0y oculta que la apertura de mercados es un proceso largo, que requiere estabilidad, reglas claras y reciprocidad. \u00abNo se puede vender como ventaja lo que, en la pr\u00e1ctica, no compensa los desequilibrios que genera el acuerdo\u00bb, ha se\u00f1alado Pedro Barato.<\/p>\n\n\n\n<p><strong>PRESUPUESTO AGRARIO. <\/strong>ASAJA tambi\u00e9n ha mostrado su preocupaci\u00f3n por el futuro presupuesto agrario europeo. La organizaci\u00f3n denuncia la falta de claridad en las cifras, los recortes encubiertos y el riesgo de que los fondos destinados a la agricultura y la ganader\u00eda queden diluidos bajo conceptos gen\u00e9ricos vinculados al mundo rural. <\/p>\n\n\n\n<p>La soluci\u00f3n es sencilla: poner lo que falta en el presupuesto agrario, mantener el primer y el segundo pilar de la PAC, y <strong>evitar recortes que pueden alcanzar el 22 %<\/strong>, seg\u00fan ha afirmado Pedro Barato durante la presentaci\u00f3n de la campa\u00f1a de movilizaci\u00f3n del campo espa\u00f1ol.<\/p>\n\n\n\n<p><strong>COSTES Y BUROCRACIA. <\/strong>El incremento de los costes de producci\u00f3n, especialmente en fertilizantes y energ\u00eda, es otro de los factores que empujan al sector a movilizarse. ASAJA alerta de que <strong>cultivos como los cereales<\/strong> pueden quedar abocados a la desaparici\u00f3n si no se adoptan <strong>medidas espec\u00edficas de apoyo<\/strong>, asunto de especial preocupaci\u00f3n en provincias de tradici\u00f3n cerealista como Palencia.<\/p>\n\n\n\n<p>A ello se suma una burocracia creciente que, lejos de simplificar, complica el trabajo diario de los profesionales agroganaderos, lo que resta competitividad al sector.<\/p>\n\n\n\n<p>ASAJA insiste, no obstante, en que estas protestas no solo defienden al productor del sector agrario, sino tambi\u00e9n al consumidor y la calidad de nuestro sistema alimentario. Permitir la entrada de alimentos producidos con normas menos exigentes pone en riesgo esa calidad, la trazabilidad y la seguridad de lo que comemos. Por ello, Barato ha apelado a toda la sociedad al afirmar que \u00abel futuro del campo es tambi\u00e9n el futuro de nuestra alimentaci\u00f3n como ciudadanos espa\u00f1oles y europeos\u00bb.<strong>\/<\/strong><\/p>\n\n\n\n<p><a href=\"https:\/\/test.asaja.com\/\"><\/a><\/p>\n","protected":false},"excerpt":{"rendered":"<p>El campo espa\u00f1ol volver\u00e1 a movilizarse la \u00faltima semana de enero, con el\u00a0jueves 29 de enero\u00a0como jornada central, para defender su futuro y el de la alimentaci\u00f3n europea. ASAJA, junto a COAG y UPA, impulsa\u00a0protestas en toda Espa\u00f1a frente al acuerdo UE-Mercosur, la falta de garant\u00edas presupuestarias en la PAC, el aumento de los costes [&hellip;]<\/p>\n","protected":false},"author":9,"featured_media":15397,"comment_status":"open","ping_status":"open","sticky":false,"template":"","format":"standard","meta":{"footnotes":""},"categories":[9,31,38,28,13],"tags":[1211,58,51,234,478,46,351,77,365,317,335,338,144],"yoast_head":"<!-- This site is optimized with the Yoast SEO plugin v24.5 - https:\/\/yoast.com\/wordpress\/plugins\/seo\/ -->\n<title>ASAJA llama a la movilizaci\u00f3n la \u00faltima semana de enero en defensa del campo y de la alimentaci\u00f3n - ASAJA Palencia<\/title>\n<meta name=\"description\" content=\"El campo espa\u00f1ol volver\u00e1 a movilizarse la \u00faltima semana de enero, con el\u00a0jueves 29 de enero\u00a0como jornada central, para defender su futuro y el de la\" \/>\n<meta name=\"robots\" content=\"index, follow, max-snippet:-1, max-image-preview:large, max-video-preview:-1\" \/>\n<link rel=\"canonical\" href=\"https:\/\/www.asajacyl.com\/palencia\/asaja-palencia-informa\/asaja-llama-a-la-movilizacion-la-ultima-semana-de-enero-en-defensa-del-campo-y-de-la-alimentacion\" \/>\n<meta property=\"og:locale\" content=\"es_ES\" \/>\n<meta property=\"og:type\" content=\"article\" \/>\n<meta property=\"og:title\" content=\"ASAJA llama a la movilizaci\u00f3n la \u00faltima semana de enero en defensa del campo y de la alimentaci\u00f3n - ASAJA Palencia\" \/>\n<meta property=\"og:description\" content=\"El campo espa\u00f1ol volver\u00e1 a movilizarse la \u00faltima semana de enero, con el\u00a0jueves 29 de enero\u00a0como jornada central, para defender su futuro y el de la\" \/>\n<meta property=\"og:url\" content=\"https:\/\/www.asajacyl.com\/palencia\/asaja-palencia-informa\/asaja-llama-a-la-movilizacion-la-ultima-semana-de-enero-en-defensa-del-campo-y-de-la-alimentacion\" \/>\n<meta property=\"og:site_name\" content=\"ASAJA Palencia\" \/>\n<meta property=\"article:published_time\" content=\"2026-01-16T07:37:23+00:00\" \/>\n<meta property=\"article:modified_time\" content=\"2026-01-16T07:37:26+00:00\" \/>\n<meta property=\"og:image\" content=\"https:\/\/www.asajacyl.com\/palencia\/wp-content\/uploads\/sites\/3\/2024\/02\/Movilizacion-14-F-avenida-C.jpg\" \/>\n\t<meta property=\"og:image:width\" content=\"1057\" \/>\n\t<meta property=\"og:image:height\" content=\"925\" \/>\n\t<meta property=\"og:image:type\" content=\"image\/jpeg\" \/>\n<meta name=\"author\" content=\"Administrador\" \/>\n<meta name=\"twitter:card\" content=\"summary_large_image\" \/>\n<meta name=\"twitter:label1\" content=\"Escrito por\" \/>\n\t<meta name=\"twitter:data1\" content=\"Administrador\" \/>\n\t<meta name=\"twitter:label2\" content=\"Tiempo de lectura\" \/>\n\t<meta name=\"twitter:data2\" content=\"6 minutos\" \/>\n<script type=\"application\/ld+json\" class=\"yoast-schema-graph\">{\"@context\":\"https:\/\/schema.org\",\"@graph\":[{\"@type\":\"WebPage\",\"@id\":\"https:\/\/www.asajacyl.com\/palencia\/asaja-palencia-informa\/asaja-llama-a-la-movilizacion-la-ultima-semana-de-enero-en-defensa-del-campo-y-de-la-alimentacion\",\"url\":\"https:\/\/www.asajacyl.com\/palencia\/asaja-palencia-informa\/asaja-llama-a-la-movilizacion-la-ultima-semana-de-enero-en-defensa-del-campo-y-de-la-alimentacion\",\"name\":\"ASAJA llama a la movilizaci\u00f3n la \u00faltima semana de enero en defensa del campo y de la alimentaci\u00f3n - ASAJA Palencia\",\"isPartOf\":{\"@id\":\"https:\/\/www.asajacyl.com\/palencia\/#website\"},\"primaryImageOfPage\":{\"@id\":\"https:\/\/www.asajacyl.com\/palencia\/asaja-palencia-informa\/asaja-llama-a-la-movilizacion-la-ultima-semana-de-enero-en-defensa-del-campo-y-de-la-alimentacion#primaryimage\"},\"image\":{\"@id\":\"https:\/\/www.asajacyl.com\/palencia\/asaja-palencia-informa\/asaja-llama-a-la-movilizacion-la-ultima-semana-de-enero-en-defensa-del-campo-y-de-la-alimentacion#primaryimage\"},\"thumbnailUrl\":\"https:\/\/www.asajacyl.com\/palencia\/wp-content\/uploads\/sites\/3\/2024\/02\/Movilizacion-14-F-avenida-C.jpg\",\"datePublished\":\"2026-01-16T07:37:23+00:00\",\"dateModified\":\"2026-01-16T07:37:26+00:00\",\"author\":{\"@id\":\"https:\/\/www.asajacyl.com\/palencia\/#\/schema\/person\/3ab17aeb03527485c317557fae64aab1\"},\"description\":\"El campo espa\u00f1ol volver\u00e1 a movilizarse la \u00faltima semana de enero, con el\u00a0jueves 29 de enero\u00a0como jornada central, para defender su futuro y el de la\",\"breadcrumb\":{\"@id\":\"https:\/\/www.asajacyl.com\/palencia\/asaja-palencia-informa\/asaja-llama-a-la-movilizacion-la-ultima-semana-de-enero-en-defensa-del-campo-y-de-la-alimentacion#breadcrumb\"},\"inLanguage\":\"es\",\"potentialAction\":[{\"@type\":\"ReadAction\",\"target\":[\"https:\/\/www.asajacyl.com\/palencia\/asaja-palencia-informa\/asaja-llama-a-la-movilizacion-la-ultima-semana-de-enero-en-defensa-del-campo-y-de-la-alimentacion\"]}]},{\"@type\":\"ImageObject\",\"inLanguage\":\"es\",\"@id\":\"https:\/\/www.asajacyl.com\/palencia\/asaja-palencia-informa\/asaja-llama-a-la-movilizacion-la-ultima-semana-de-enero-en-defensa-del-campo-y-de-la-alimentacion#primaryimage\",\"url\":\"https:\/\/www.asajacyl.com\/palencia\/wp-content\/uploads\/sites\/3\/2024\/02\/Movilizacion-14-F-avenida-C.jpg\",\"contentUrl\":\"https:\/\/www.asajacyl.com\/palencia\/wp-content\/uploads\/sites\/3\/2024\/02\/Movilizacion-14-F-avenida-C.jpg\",\"width\":1057,\"height\":925},{\"@type\":\"BreadcrumbList\",\"@id\":\"https:\/\/www.asajacyl.com\/palencia\/asaja-palencia-informa\/asaja-llama-a-la-movilizacion-la-ultima-semana-de-enero-en-defensa-del-campo-y-de-la-alimentacion#breadcrumb\",\"itemListElement\":[{\"@type\":\"ListItem\",\"position\":1,\"name\":\"Portada\",\"item\":\"https:\/\/www.asajacyl.com\/palencia\/\"},{\"@type\":\"ListItem\",\"position\":2,\"name\":\"ASAJA llama a la movilizaci\u00f3n la \u00faltima semana de enero en defensa del campo y de la alimentaci\u00f3n\"}]},{\"@type\":\"WebSite\",\"@id\":\"https:\/\/www.asajacyl.com\/palencia\/#website\",\"url\":\"https:\/\/www.asajacyl.com\/palencia\/\",\"name\":\"ASAJA Palencia\",\"description\":\"Otro sitio m\u00e1s de Provincias ASAJA Castilla y Le\u00f3n\",\"potentialAction\":[{\"@type\":\"SearchAction\",\"target\":{\"@type\":\"EntryPoint\",\"urlTemplate\":\"https:\/\/www.asajacyl.com\/palencia\/?s={search_term_string}\"},\"query-input\":{\"@type\":\"PropertyValueSpecification\",\"valueRequired\":true,\"valueName\":\"search_term_string\"}}],\"inLanguage\":\"es\"},{\"@type\":\"Person\",\"@id\":\"https:\/\/www.asajacyl.com\/palencia\/#\/schema\/person\/3ab17aeb03527485c317557fae64aab1\",\"name\":\"Administrador\",\"image\":{\"@type\":\"ImageObject\",\"inLanguage\":\"es\",\"@id\":\"https:\/\/www.asajacyl.com\/palencia\/#\/schema\/person\/image\/\",\"url\":\"https:\/\/secure.gravatar.com\/avatar\/517384810d242ca9e38c180f3c9fb973?s=96&d=mm&r=g\",\"contentUrl\":\"https:\/\/secure.gravatar.com\/avatar\/517384810d242ca9e38c180f3c9fb973?s=96&d=mm&r=g\",\"caption\":\"Administrador\"},\"url\":\"https:\/\/www.asajacyl.com\/palencia\/author\/carlosrm\"}]}<\/script>\n<!-- \/ Yoast SEO plugin. -->","yoast_head_json":{"title":"ASAJA llama a la movilizaci\u00f3n la \u00faltima semana de enero en defensa del campo y de la alimentaci\u00f3n - ASAJA Palencia","description":"El campo espa\u00f1ol volver\u00e1 a movilizarse la \u00faltima semana de enero, con el\u00a0jueves 29 de enero\u00a0como jornada central, para defender su futuro y el de la","robots":{"index":"index","follow":"follow","max-snippet":"max-snippet:-1","max-image-preview":"max-image-preview:large","max-video-preview":"max-video-preview:-1"},"canonical":"https:\/\/www.asajacyl.com\/palencia\/asaja-palencia-informa\/asaja-llama-a-la-movilizacion-la-ultima-semana-de-enero-en-defensa-del-campo-y-de-la-alimentacion","og_locale":"es_ES","og_type":"article","og_title":"ASAJA llama a la movilizaci\u00f3n la \u00faltima semana de enero en defensa del campo y de la alimentaci\u00f3n - ASAJA Palencia","og_description":"El campo espa\u00f1ol volver\u00e1 a movilizarse la \u00faltima semana de enero, con el\u00a0jueves 29 de enero\u00a0como jornada central, para defender su futuro y el de la","og_url":"https:\/\/www.asajacyl.com\/palencia\/asaja-palencia-informa\/asaja-llama-a-la-movilizacion-la-ultima-semana-de-enero-en-defensa-del-campo-y-de-la-alimentacion","og_site_name":"ASAJA Palencia","article_published_time":"2026-01-16T07:37:23+00:00","article_modified_time":"2026-01-16T07:37:26+00:00","og_image":[{"width":1057,"height":925,"url":"https:\/\/www.asajacyl.com\/palencia\/wp-content\/uploads\/sites\/3\/2024\/02\/Movilizacion-14-F-avenida-C.jpg","type":"image\/jpeg"}],"author":"Administrador","twitter_card":"summary_large_image","twitter_misc":{"Escrito por":"Administrador","Tiempo de lectura":"6 minutos"},"schema":{"@context":"https:\/\/schema.org","@graph":[{"@type":"WebPage","@id":"https:\/\/www.asajacyl.com\/palencia\/asaja-palencia-informa\/asaja-llama-a-la-movilizacion-la-ultima-semana-de-enero-en-defensa-del-campo-y-de-la-alimentacion","url":"https:\/\/www.asajacyl.com\/palencia\/asaja-palencia-informa\/asaja-llama-a-la-movilizacion-la-ultima-semana-de-enero-en-defensa-del-campo-y-de-la-alimentacion","name":"ASAJA llama a la movilizaci\u00f3n la \u00faltima semana de enero en defensa del campo y de la alimentaci\u00f3n - ASAJA Palencia","isPartOf":{"@id":"https:\/\/www.asajacyl.com\/palencia\/#website"},"primaryImageOfPage":{"@id":"https:\/\/www.asajacyl.com\/palencia\/asaja-palencia-informa\/asaja-llama-a-la-movilizacion-la-ultima-semana-de-enero-en-defensa-del-campo-y-de-la-alimentacion#primaryimage"},"image":{"@id":"https:\/\/www.asajacyl.com\/palencia\/asaja-palencia-informa\/asaja-llama-a-la-movilizacion-la-ultima-semana-de-enero-en-defensa-del-campo-y-de-la-alimentacion#primaryimage"},"thumbnailUrl":"https:\/\/www.asajacyl.com\/palencia\/wp-content\/uploads\/sites\/3\/2024\/02\/Movilizacion-14-F-avenida-C.jpg","datePublished":"2026-01-16T07:37:23+00:00","dateModified":"2026-01-16T07:37:26+00:00","author":{"@id":"https:\/\/www.asajacyl.com\/palencia\/#\/schema\/person\/3ab17aeb03527485c317557fae64aab1"},"description":"El campo espa\u00f1ol volver\u00e1 a movilizarse la \u00faltima semana de enero, con el\u00a0jueves 29 de enero\u00a0como jornada central, para defender su futuro y el de la","breadcrumb":{"@id":"https:\/\/www.asajacyl.com\/palencia\/asaja-palencia-informa\/asaja-llama-a-la-movilizacion-la-ultima-semana-de-enero-en-defensa-del-campo-y-de-la-alimentacion#breadcrumb"},"inLanguage":"es","potentialAction":[{"@type":"ReadAction","target":["https:\/\/www.asajacyl.com\/palencia\/asaja-palencia-informa\/asaja-llama-a-la-movilizacion-la-ultima-semana-de-enero-en-defensa-del-campo-y-de-la-alimentacion"]}]},{"@type":"ImageObject","inLanguage":"es","@id":"https:\/\/www.asajacyl.com\/palencia\/asaja-palencia-informa\/asaja-llama-a-la-movilizacion-la-ultima-semana-de-enero-en-defensa-del-campo-y-de-la-alimentacion#primaryimage","url":"https:\/\/www.asajacyl.com\/palencia\/wp-content\/uploads\/sites\/3\/2024\/02\/Movilizacion-14-F-avenida-C.jpg","contentUrl":"https:\/\/www.asajacyl.com\/palencia\/wp-content\/uploads\/sites\/3\/2024\/02\/Movilizacion-14-F-avenida-C.jpg","width":1057,"height":925},{"@type":"BreadcrumbList","@id":"https:\/\/www.asajacyl.com\/palencia\/asaja-palencia-informa\/asaja-llama-a-la-movilizacion-la-ultima-semana-de-enero-en-defensa-del-campo-y-de-la-alimentacion#breadcrumb","itemListElement":[{"@type":"ListItem","position":1,"name":"Portada","item":"https:\/\/www.asajacyl.com\/palencia\/"},{"@type":"ListItem","position":2,"name":"ASAJA llama a la movilizaci\u00f3n la \u00faltima semana de enero en defensa del campo y de la alimentaci\u00f3n"}]},{"@type":"WebSite","@id":"https:\/\/www.asajacyl.com\/palencia\/#website","url":"https:\/\/www.asajacyl.com\/palencia\/","name":"ASAJA Palencia","description":"Otro sitio m\u00e1s de Provincias ASAJA Castilla y Le\u00f3n","potentialAction":[{"@type":"SearchAction","target":{"@type":"EntryPoint","urlTemplate":"https:\/\/www.asajacyl.com\/palencia\/?s={search_term_string}"},"query-input":{"@type":"PropertyValueSpecification","valueRequired":true,"valueName":"search_term_string"}}],"inLanguage":"es"},{"@type":"Person","@id":"https:\/\/www.asajacyl.com\/palencia\/#\/schema\/person\/3ab17aeb03527485c317557fae64aab1","name":"Administrador","image":{"@type":"ImageObject","inLanguage":"es","@id":"https:\/\/www.asajacyl.com\/palencia\/#\/schema\/person\/image\/","url":"https:\/\/secure.gravatar.com\/avatar\/517384810d242ca9e38c180f3c9fb973?s=96&d=mm&r=g","contentUrl":"https:\/\/secure.gravatar.com\/avatar\/517384810d242ca9e38c180f3c9fb973?s=96&d=mm&r=g","caption":"Administrador"},"url":"https:\/\/www.asajacyl.com\/palencia\/author\/carlosrm"}]}},"_links":{"self":[{"href":"https:\/\/www.asajacyl.com\/palencia\/wp-json\/wp\/v2\/posts\/22006"}],"collection":[{"href":"https:\/\/www.asajacyl.com\/palencia\/wp-json\/wp\/v2\/posts"}],"about":[{"href":"https:\/\/www.asajacyl.com\/palencia\/wp-json\/wp\/v2\/types\/post"}],"author":[{"embeddable":true,"href":"https:\/\/www.asajacyl.com\/palencia\/wp-json\/wp\/v2\/users\/9"}],"replies":[{"embeddable":true,"href":"https:\/\/www.asajacyl.com\/palencia\/wp-json\/wp\/v2\/comments?post=22006"}],"version-history":[{"count":4,"href":"https:\/\/www.asajacyl.com\/palencia\/wp-json\/wp\/v2\/posts\/22006\/revisions"}],"predecessor-version":[{"id":22011,"href":"https:\/\/www.asajacyl.com\/palencia\/wp-json\/wp\/v2\/posts\/22006\/revisions\/22011"}],"wp:featuredmedia":[{"embeddable":true,"href":"https:\/\/www.asajacyl.com\/palencia\/wp-json\/wp\/v2\/media\/15397"}],"wp:attachment":[{"href":"https:\/\/www.asajacyl.com\/palencia\/wp-json\/wp\/v2\/media?parent=22006"}],"wp:term":[{"taxonomy":"category","embeddable":true,"href":"https:\/\/www.asajacyl.com\/palencia\/wp-json\/wp\/v2\/categories?post=22006"},{"taxonomy":"post_tag","embeddable":true,"href":"https:\/\/www.asajacyl.com\/palencia\/wp-json\/wp\/v2\/tags?post=22006"}],"curies":[{"name":"wp","href":"https:\/\/api.w.org\/{rel}","templated":true}]}}