{"id":22016,"date":"2026-01-19T15:08:00","date_gmt":"2026-01-19T14:08:00","guid":{"rendered":"https:\/\/www.asajacyl.com\/palencia\/?p=22016"},"modified":"2026-01-17T20:11:12","modified_gmt":"2026-01-17T19:11:12","slug":"lo-que-nos-jugamos-en-mercosur","status":"publish","type":"post","link":"https:\/\/www.asajacyl.com\/palencia\/asaja-palencia-informa\/lo-que-nos-jugamos-en-mercosur","title":{"rendered":"Lo que nos jugamos en Mercosur"},"content":{"rendered":"\n<p><strong><em>Donaciano Dujo, presidente de ASAJA Castilla y Le\u00f3n.<\/em><\/strong><\/p>\n\n\n\n<p>El pasado 18 de diciembre ASAJA y las organizaciones agrarias de los 27 pa\u00edses de la Uni\u00f3n Europea protestamos en Bruselas por la ca\u00edda de la rentabilidad del sector agr\u00edcola y ganadero, con costes altos y precios de venta m\u00ednimos, una PAC cada vez menos dotada y acuerdos comerciales asfixiantes con terceros pa\u00edses, con el estoque final de la firma del acuerdo con Mercosur.<\/p>\n\n\n\n<p>El rechazo del campo europeo a Mercosur es un\u00e1nime. Justo la posici\u00f3n contraria a la de la mayor\u00eda de los ministros de Agricultura -entre ellos Luis Planas, ferviente defensor del acuerdo. De los 27, solo cuatro pa\u00edses, Francia, Irlanda, Polonia y Hungr\u00eda, han eludido apoyarlo; incluso Meloni amag\u00f3 con ello pero al final firm\u00f3 tambi\u00e9n, aun sabiendo que el voto de Italia era determinante.<\/p>\n\n\n\n<p>Mercosur ha sido conflictivo desde el principio. A los que se creen que es algo nuevo, les recordar\u00eda que ya en febrero de 2011, hace 15 a\u00f1os, las calles de Valladolid acogieron una protesta conjunta de ASAJA y el resto de las organizaciones y cooperativas agrarias, en la que ped\u00edamos precios justos para el ganadero y, especialmente, que se frenara el acuerdo de Mercosur.&nbsp; Muchos tumbos han dado las negociaciones desde entonces, pero ya se adivinaba que el impacto mayor ser\u00eda para la ganader\u00eda, especialmente el vacuno de carne, aunque tambi\u00e9n puede afectar a la apicultura o parcialmente a otras producciones agroganaderas. En los \u00faltimos meses a la Uni\u00f3n Europea le han entrado las prisas, y en eso algo tendr\u00e1 que ver la radicalizaci\u00f3n de la pol\u00edtica internacional. China y Estados Unidos tratan de extenderse en todo el planeta, y Bruselas ha respondido con un acuerdo, estancado desde hace a\u00f1os, con Argentina, Brasil, Paraguay y Uruguay, que son el cuarto bloque econ\u00f3mico del mundo.<\/p>\n\n\n\n<p>\u00bfDe qu\u00e9 va el documento? Principalmente del libre comercio entre ambas partes. En ese punto, poco podr\u00edamos decir los agricultores y ganaderos de Castilla y Le\u00f3n, de Espa\u00f1a y la Uni\u00f3n Europea, que estamos a favor de las relaciones comerciales. Importamos medios de producci\u00f3n (desde maquinaria y fertilizantes hasta alimento para nuestro ganado) y exportamos cada vez m\u00e1s, respaldados por nuestra calidad y buen hacer. La Uni\u00f3n Europea es la primera potencia mundial en exportaci\u00f3n y Espa\u00f1a es de los pa\u00edses miembros m\u00e1s potentes, el s\u00e9ptimo pa\u00eds del mundo en exportaciones alimentarias. No nos da miedo a competir en calidad. Entonces, \u00bfcu\u00e1l es el problema?<\/p>\n\n\n\n<p>Pues que la Uni\u00f3n Europea, PAC a PAC, ha ido marcando unas normas de producci\u00f3n, tanto ambientales, sanitarias, de bienestar animal y burocr\u00e1ticas, que complican y encarecen la producci\u00f3n. Y a ello hay que sumar los elevad\u00edsimos costes de producci\u00f3n. Los agricultores de Mercosur no tienen estos est\u00e1ndares, ni medioambientales, ni sanitarios, ni de costes sociales y laborales, y por lo tanto lo que producen se abarata, lo que significa una competencia desleal contra las producciones europeas. De aplicarse en los t\u00e9rminos actuales, este acuerdo no solo es una muerte lenta para la agricultura espa\u00f1ola y europea: es tambi\u00e9n un golpe para los consumidores. El mercado se llenar\u00eda de productos de peor calidad y con menores exigencias sanitarias que los nuestros. Nos hablan de contingentes cuando las importaciones superen ciertos umbrales, nos hablan de cl\u00e1usulas espejo, y todo ello es deseable, pero no basta con buenas palabras: hay que garantizar los controles de todo lo que entra en frontera, que hoy son muy laxos, casi inexistentes.<\/p>\n\n\n\n<p>Aunque Mercosur haya sido ratificado por mayor\u00eda de los Estados miembros, todav\u00eda hay partido. La pr\u00f3xima semana el acuerdo pasar\u00e1 por el Parlamento Europeo, y desde ASAJA y el sector productor europeo, bajo el paraguas de COPA-COGECA, estamos ejerciendo toda la presi\u00f3n posible para que se corrija el documento. D\u00edas despu\u00e9s, a finales de enero, la riada de protestas llegar\u00e1 a pr\u00e1cticamente todo el mapa nacional, con tractoradas en todas las provincias coordinadas desde la unidad de acci\u00f3n de todas las organizaciones profesionales, para que el impacto sea significativo y verdadero. Y no acabaremos este mes, seguiremos, porque este es un camino a largo plazo, entrecruzado adem\u00e1s con la reivindicaci\u00f3n de una futura PAC profesional, productiva y bien financiada.<\/p>\n\n\n\n<p>No vamos a tirar la toalla en ning\u00fan momento, los agricultores y ganaderos europeos estamos m\u00e1s unidos que nunca en nuestras reclamaciones. Revertir Mercosur en sus t\u00e9rminos actuales tiene que ser posible, porque es necesario: lo contrario pondr\u00eda en riesgo cierto la soberan\u00eda alimentaria, que es una pata esencial para una Europa que necesita ganar fuerza y autonom\u00eda en un panorama mundial muy dif\u00edcil. Espa\u00f1a se juega mucho: su peso como potencia de producci\u00f3n alimentaria y, a\u00fan mucho m\u00e1s importante, la resistencia de su tejido de actividad y vida en el medio rural.\/<\/p>\n","protected":false},"excerpt":{"rendered":"<p>Donaciano Dujo, presidente de ASAJA Castilla y Le\u00f3n. El pasado 18 de diciembre ASAJA y las organizaciones agrarias de los 27 pa\u00edses de la Uni\u00f3n Europea protestamos en Bruselas por la ca\u00edda de la rentabilidad del sector agr\u00edcola y ganadero, con costes altos y precios de venta m\u00ednimos, una PAC cada vez menos dotada y [&hellip;]<\/p>\n","protected":false},"author":9,"featured_media":18807,"comment_status":"open","ping_status":"open","sticky":false,"template":"","format":"standard","meta":{"footnotes":""},"categories":[9,30],"tags":[46,219,1171,352,1696],"yoast_head":"<!-- This site is optimized with the Yoast SEO plugin v24.5 - https:\/\/yoast.com\/wordpress\/plugins\/seo\/ -->\n<title>Lo que nos jugamos en Mercosur - ASAJA Palencia<\/title>\n<meta name=\"description\" content=\"Donaciano Dujo, presidente de ASAJA Castilla y Le\u00f3n. El pasado 18 de diciembre ASAJA y las organizaciones agrarias de los 27 pa\u00edses de la Uni\u00f3n Europea\" \/>\n<meta name=\"robots\" content=\"index, follow, max-snippet:-1, max-image-preview:large, max-video-preview:-1\" \/>\n<link rel=\"canonical\" href=\"https:\/\/www.asajacyl.com\/palencia\/asaja-palencia-informa\/lo-que-nos-jugamos-en-mercosur\" \/>\n<meta property=\"og:locale\" content=\"es_ES\" \/>\n<meta property=\"og:type\" content=\"article\" \/>\n<meta property=\"og:title\" content=\"Lo que nos jugamos en Mercosur - ASAJA Palencia\" \/>\n<meta property=\"og:description\" content=\"Donaciano Dujo, presidente de ASAJA Castilla y Le\u00f3n. El pasado 18 de diciembre ASAJA y las organizaciones agrarias de los 27 pa\u00edses de la Uni\u00f3n Europea\" \/>\n<meta property=\"og:url\" content=\"https:\/\/www.asajacyl.com\/palencia\/asaja-palencia-informa\/lo-que-nos-jugamos-en-mercosur\" \/>\n<meta property=\"og:site_name\" content=\"ASAJA Palencia\" \/>\n<meta property=\"article:published_time\" content=\"2026-01-19T14:08:00+00:00\" \/>\n<meta property=\"og:image\" content=\"https:\/\/www.asajacyl.com\/palencia\/wp-content\/uploads\/sites\/3\/2025\/02\/Donaciano-Dujo-en-sede-ASAJA-CyL-2web.jpg\" \/>\n\t<meta property=\"og:image:width\" content=\"1890\" \/>\n\t<meta property=\"og:image:height\" content=\"1654\" \/>\n\t<meta property=\"og:image:type\" content=\"image\/jpeg\" \/>\n<meta name=\"author\" content=\"Administrador\" \/>\n<meta name=\"twitter:card\" content=\"summary_large_image\" \/>\n<meta name=\"twitter:label1\" content=\"Escrito por\" \/>\n\t<meta name=\"twitter:data1\" content=\"Administrador\" \/>\n\t<meta name=\"twitter:label2\" content=\"Tiempo de lectura\" \/>\n\t<meta name=\"twitter:data2\" content=\"4 minutos\" \/>\n<script type=\"application\/ld+json\" class=\"yoast-schema-graph\">{\"@context\":\"https:\/\/schema.org\",\"@graph\":[{\"@type\":\"WebPage\",\"@id\":\"https:\/\/www.asajacyl.com\/palencia\/asaja-palencia-informa\/lo-que-nos-jugamos-en-mercosur\",\"url\":\"https:\/\/www.asajacyl.com\/palencia\/asaja-palencia-informa\/lo-que-nos-jugamos-en-mercosur\",\"name\":\"Lo que nos jugamos en Mercosur - ASAJA Palencia\",\"isPartOf\":{\"@id\":\"https:\/\/www.asajacyl.com\/palencia\/#website\"},\"primaryImageOfPage\":{\"@id\":\"https:\/\/www.asajacyl.com\/palencia\/asaja-palencia-informa\/lo-que-nos-jugamos-en-mercosur#primaryimage\"},\"image\":{\"@id\":\"https:\/\/www.asajacyl.com\/palencia\/asaja-palencia-informa\/lo-que-nos-jugamos-en-mercosur#primaryimage\"},\"thumbnailUrl\":\"https:\/\/www.asajacyl.com\/palencia\/wp-content\/uploads\/sites\/3\/2025\/02\/Donaciano-Dujo-en-sede-ASAJA-CyL-2web.jpg\",\"datePublished\":\"2026-01-19T14:08:00+00:00\",\"author\":{\"@id\":\"https:\/\/www.asajacyl.com\/palencia\/#\/schema\/person\/3ab17aeb03527485c317557fae64aab1\"},\"description\":\"Donaciano Dujo, presidente de ASAJA Castilla y Le\u00f3n. El pasado 18 de diciembre ASAJA y las organizaciones agrarias de los 27 pa\u00edses de la Uni\u00f3n Europea\",\"breadcrumb\":{\"@id\":\"https:\/\/www.asajacyl.com\/palencia\/asaja-palencia-informa\/lo-que-nos-jugamos-en-mercosur#breadcrumb\"},\"inLanguage\":\"es\",\"potentialAction\":[{\"@type\":\"ReadAction\",\"target\":[\"https:\/\/www.asajacyl.com\/palencia\/asaja-palencia-informa\/lo-que-nos-jugamos-en-mercosur\"]}]},{\"@type\":\"ImageObject\",\"inLanguage\":\"es\",\"@id\":\"https:\/\/www.asajacyl.com\/palencia\/asaja-palencia-informa\/lo-que-nos-jugamos-en-mercosur#primaryimage\",\"url\":\"https:\/\/www.asajacyl.com\/palencia\/wp-content\/uploads\/sites\/3\/2025\/02\/Donaciano-Dujo-en-sede-ASAJA-CyL-2web.jpg\",\"contentUrl\":\"https:\/\/www.asajacyl.com\/palencia\/wp-content\/uploads\/sites\/3\/2025\/02\/Donaciano-Dujo-en-sede-ASAJA-CyL-2web.jpg\",\"width\":1890,\"height\":1654},{\"@type\":\"BreadcrumbList\",\"@id\":\"https:\/\/www.asajacyl.com\/palencia\/asaja-palencia-informa\/lo-que-nos-jugamos-en-mercosur#breadcrumb\",\"itemListElement\":[{\"@type\":\"ListItem\",\"position\":1,\"name\":\"Portada\",\"item\":\"https:\/\/www.asajacyl.com\/palencia\/\"},{\"@type\":\"ListItem\",\"position\":2,\"name\":\"Lo que nos jugamos en Mercosur\"}]},{\"@type\":\"WebSite\",\"@id\":\"https:\/\/www.asajacyl.com\/palencia\/#website\",\"url\":\"https:\/\/www.asajacyl.com\/palencia\/\",\"name\":\"ASAJA Palencia\",\"description\":\"Otro sitio m\u00e1s de Provincias ASAJA Castilla y Le\u00f3n\",\"potentialAction\":[{\"@type\":\"SearchAction\",\"target\":{\"@type\":\"EntryPoint\",\"urlTemplate\":\"https:\/\/www.asajacyl.com\/palencia\/?s={search_term_string}\"},\"query-input\":{\"@type\":\"PropertyValueSpecification\",\"valueRequired\":true,\"valueName\":\"search_term_string\"}}],\"inLanguage\":\"es\"},{\"@type\":\"Person\",\"@id\":\"https:\/\/www.asajacyl.com\/palencia\/#\/schema\/person\/3ab17aeb03527485c317557fae64aab1\",\"name\":\"Administrador\",\"image\":{\"@type\":\"ImageObject\",\"inLanguage\":\"es\",\"@id\":\"https:\/\/www.asajacyl.com\/palencia\/#\/schema\/person\/image\/\",\"url\":\"https:\/\/secure.gravatar.com\/avatar\/517384810d242ca9e38c180f3c9fb973?s=96&d=mm&r=g\",\"contentUrl\":\"https:\/\/secure.gravatar.com\/avatar\/517384810d242ca9e38c180f3c9fb973?s=96&d=mm&r=g\",\"caption\":\"Administrador\"},\"url\":\"https:\/\/www.asajacyl.com\/palencia\/author\/carlosrm\"}]}<\/script>\n<!-- \/ Yoast SEO plugin. -->","yoast_head_json":{"title":"Lo que nos jugamos en Mercosur - ASAJA Palencia","description":"Donaciano Dujo, presidente de ASAJA Castilla y Le\u00f3n. El pasado 18 de diciembre ASAJA y las organizaciones agrarias de los 27 pa\u00edses de la Uni\u00f3n Europea","robots":{"index":"index","follow":"follow","max-snippet":"max-snippet:-1","max-image-preview":"max-image-preview:large","max-video-preview":"max-video-preview:-1"},"canonical":"https:\/\/www.asajacyl.com\/palencia\/asaja-palencia-informa\/lo-que-nos-jugamos-en-mercosur","og_locale":"es_ES","og_type":"article","og_title":"Lo que nos jugamos en Mercosur - ASAJA Palencia","og_description":"Donaciano Dujo, presidente de ASAJA Castilla y Le\u00f3n. El pasado 18 de diciembre ASAJA y las organizaciones agrarias de los 27 pa\u00edses de la Uni\u00f3n Europea","og_url":"https:\/\/www.asajacyl.com\/palencia\/asaja-palencia-informa\/lo-que-nos-jugamos-en-mercosur","og_site_name":"ASAJA Palencia","article_published_time":"2026-01-19T14:08:00+00:00","og_image":[{"width":1890,"height":1654,"url":"https:\/\/www.asajacyl.com\/palencia\/wp-content\/uploads\/sites\/3\/2025\/02\/Donaciano-Dujo-en-sede-ASAJA-CyL-2web.jpg","type":"image\/jpeg"}],"author":"Administrador","twitter_card":"summary_large_image","twitter_misc":{"Escrito por":"Administrador","Tiempo de lectura":"4 minutos"},"schema":{"@context":"https:\/\/schema.org","@graph":[{"@type":"WebPage","@id":"https:\/\/www.asajacyl.com\/palencia\/asaja-palencia-informa\/lo-que-nos-jugamos-en-mercosur","url":"https:\/\/www.asajacyl.com\/palencia\/asaja-palencia-informa\/lo-que-nos-jugamos-en-mercosur","name":"Lo que nos jugamos en Mercosur - ASAJA Palencia","isPartOf":{"@id":"https:\/\/www.asajacyl.com\/palencia\/#website"},"primaryImageOfPage":{"@id":"https:\/\/www.asajacyl.com\/palencia\/asaja-palencia-informa\/lo-que-nos-jugamos-en-mercosur#primaryimage"},"image":{"@id":"https:\/\/www.asajacyl.com\/palencia\/asaja-palencia-informa\/lo-que-nos-jugamos-en-mercosur#primaryimage"},"thumbnailUrl":"https:\/\/www.asajacyl.com\/palencia\/wp-content\/uploads\/sites\/3\/2025\/02\/Donaciano-Dujo-en-sede-ASAJA-CyL-2web.jpg","datePublished":"2026-01-19T14:08:00+00:00","author":{"@id":"https:\/\/www.asajacyl.com\/palencia\/#\/schema\/person\/3ab17aeb03527485c317557fae64aab1"},"description":"Donaciano Dujo, presidente de ASAJA Castilla y Le\u00f3n. El pasado 18 de diciembre ASAJA y las organizaciones agrarias de los 27 pa\u00edses de la Uni\u00f3n Europea","breadcrumb":{"@id":"https:\/\/www.asajacyl.com\/palencia\/asaja-palencia-informa\/lo-que-nos-jugamos-en-mercosur#breadcrumb"},"inLanguage":"es","potentialAction":[{"@type":"ReadAction","target":["https:\/\/www.asajacyl.com\/palencia\/asaja-palencia-informa\/lo-que-nos-jugamos-en-mercosur"]}]},{"@type":"ImageObject","inLanguage":"es","@id":"https:\/\/www.asajacyl.com\/palencia\/asaja-palencia-informa\/lo-que-nos-jugamos-en-mercosur#primaryimage","url":"https:\/\/www.asajacyl.com\/palencia\/wp-content\/uploads\/sites\/3\/2025\/02\/Donaciano-Dujo-en-sede-ASAJA-CyL-2web.jpg","contentUrl":"https:\/\/www.asajacyl.com\/palencia\/wp-content\/uploads\/sites\/3\/2025\/02\/Donaciano-Dujo-en-sede-ASAJA-CyL-2web.jpg","width":1890,"height":1654},{"@type":"BreadcrumbList","@id":"https:\/\/www.asajacyl.com\/palencia\/asaja-palencia-informa\/lo-que-nos-jugamos-en-mercosur#breadcrumb","itemListElement":[{"@type":"ListItem","position":1,"name":"Portada","item":"https:\/\/www.asajacyl.com\/palencia\/"},{"@type":"ListItem","position":2,"name":"Lo que nos jugamos en Mercosur"}]},{"@type":"WebSite","@id":"https:\/\/www.asajacyl.com\/palencia\/#website","url":"https:\/\/www.asajacyl.com\/palencia\/","name":"ASAJA Palencia","description":"Otro sitio m\u00e1s de Provincias ASAJA Castilla y Le\u00f3n","potentialAction":[{"@type":"SearchAction","target":{"@type":"EntryPoint","urlTemplate":"https:\/\/www.asajacyl.com\/palencia\/?s={search_term_string}"},"query-input":{"@type":"PropertyValueSpecification","valueRequired":true,"valueName":"search_term_string"}}],"inLanguage":"es"},{"@type":"Person","@id":"https:\/\/www.asajacyl.com\/palencia\/#\/schema\/person\/3ab17aeb03527485c317557fae64aab1","name":"Administrador","image":{"@type":"ImageObject","inLanguage":"es","@id":"https:\/\/www.asajacyl.com\/palencia\/#\/schema\/person\/image\/","url":"https:\/\/secure.gravatar.com\/avatar\/517384810d242ca9e38c180f3c9fb973?s=96&d=mm&r=g","contentUrl":"https:\/\/secure.gravatar.com\/avatar\/517384810d242ca9e38c180f3c9fb973?s=96&d=mm&r=g","caption":"Administrador"},"url":"https:\/\/www.asajacyl.com\/palencia\/author\/carlosrm"}]}},"_links":{"self":[{"href":"https:\/\/www.asajacyl.com\/palencia\/wp-json\/wp\/v2\/posts\/22016"}],"collection":[{"href":"https:\/\/www.asajacyl.com\/palencia\/wp-json\/wp\/v2\/posts"}],"about":[{"href":"https:\/\/www.asajacyl.com\/palencia\/wp-json\/wp\/v2\/types\/post"}],"author":[{"embeddable":true,"href":"https:\/\/www.asajacyl.com\/palencia\/wp-json\/wp\/v2\/users\/9"}],"replies":[{"embeddable":true,"href":"https:\/\/www.asajacyl.com\/palencia\/wp-json\/wp\/v2\/comments?post=22016"}],"version-history":[{"count":1,"href":"https:\/\/www.asajacyl.com\/palencia\/wp-json\/wp\/v2\/posts\/22016\/revisions"}],"predecessor-version":[{"id":22017,"href":"https:\/\/www.asajacyl.com\/palencia\/wp-json\/wp\/v2\/posts\/22016\/revisions\/22017"}],"wp:featuredmedia":[{"embeddable":true,"href":"https:\/\/www.asajacyl.com\/palencia\/wp-json\/wp\/v2\/media\/18807"}],"wp:attachment":[{"href":"https:\/\/www.asajacyl.com\/palencia\/wp-json\/wp\/v2\/media?parent=22016"}],"wp:term":[{"taxonomy":"category","embeddable":true,"href":"https:\/\/www.asajacyl.com\/palencia\/wp-json\/wp\/v2\/categories?post=22016"},{"taxonomy":"post_tag","embeddable":true,"href":"https:\/\/www.asajacyl.com\/palencia\/wp-json\/wp\/v2\/tags?post=22016"}],"curies":[{"name":"wp","href":"https:\/\/api.w.org\/{rel}","templated":true}]}}