{"id":22023,"date":"2026-01-20T15:30:03","date_gmt":"2026-01-20T14:30:03","guid":{"rendered":"https:\/\/www.asajacyl.com\/palencia\/?p=22023"},"modified":"2026-01-20T16:29:17","modified_gmt":"2026-01-20T15:29:17","slug":"asaja-palencia-celebra-sus-asambleas-comarcales-del-22-de-enero-al-6-de-febrero","status":"publish","type":"post","link":"https:\/\/www.asajacyl.com\/palencia\/asaja-palencia-informa\/asaja-palencia-celebra-sus-asambleas-comarcales-del-22-de-enero-al-6-de-febrero","title":{"rendered":"ASAJA-Palencia celebra sus asambleas comarcales del 22 de enero al 6 de febrero"},"content":{"rendered":"\n<h2 class=\"wp-block-heading\"><strong>ASAJA-Palencia anima a los asociados a participar de forma activa en las asambleas comarcales que nuestra organizaci\u00f3n va a celebrar, del 22 de enero al 6 de febrero, en 16 localidades de la provincia, conforme al calendario que se recoge en esta misma p\u00e1gina.<\/strong><\/h2>\n\n\n\n<h2 class=\"wp-block-heading\"><strong>La primera asamblea, correspondiente a las comarcas de Cervera y Guardo, se ha fijado para las 12 del mediod\u00eda en La Casona de Cervera (C\/ Guti\u00e9rrez de Mier, 1). Ese mismo d\u00eda, por la tarde (17:00), tendr\u00e1 lugar la asamblea de Aguilar y Barruelo, que se celebrar\u00e1 en la oficina de ASAJA en Aguilar de Campo\u00f3 (Pl. de la Tobalina, 28).<\/strong><\/h2>\n\n\n\n<figure class=\"wp-block-image size-large\"><img loading=\"lazy\" decoding=\"async\" width=\"1024\" height=\"1024\" src=\"https:\/\/www.asajacyl.com\/palencia\/wp-content\/uploads\/sites\/3\/2026\/01\/ASAMBLEAS-COMARCALES-2026-1024x1024.jpeg\" alt=\"\" class=\"wp-image-22026\" srcset=\"https:\/\/www.asajacyl.com\/palencia\/wp-content\/uploads\/sites\/3\/2026\/01\/ASAMBLEAS-COMARCALES-2026-1024x1024.jpeg 1024w, https:\/\/www.asajacyl.com\/palencia\/wp-content\/uploads\/sites\/3\/2026\/01\/ASAMBLEAS-COMARCALES-2026-300x300.jpeg 300w, https:\/\/www.asajacyl.com\/palencia\/wp-content\/uploads\/sites\/3\/2026\/01\/ASAMBLEAS-COMARCALES-2026-150x150.jpeg 150w, https:\/\/www.asajacyl.com\/palencia\/wp-content\/uploads\/sites\/3\/2026\/01\/ASAMBLEAS-COMARCALES-2026-768x768.jpeg 768w, https:\/\/www.asajacyl.com\/palencia\/wp-content\/uploads\/sites\/3\/2026\/01\/ASAMBLEAS-COMARCALES-2026-1536x1536.jpeg 1536w, https:\/\/www.asajacyl.com\/palencia\/wp-content\/uploads\/sites\/3\/2026\/01\/ASAMBLEAS-COMARCALES-2026-420x420.jpeg 420w, https:\/\/www.asajacyl.com\/palencia\/wp-content\/uploads\/sites\/3\/2026\/01\/ASAMBLEAS-COMARCALES-2026-696x696.jpeg 696w, https:\/\/www.asajacyl.com\/palencia\/wp-content\/uploads\/sites\/3\/2026\/01\/ASAMBLEAS-COMARCALES-2026-1068x1068.jpeg 1068w, https:\/\/www.asajacyl.com\/palencia\/wp-content\/uploads\/sites\/3\/2026\/01\/ASAMBLEAS-COMARCALES-2026.jpeg 1600w\" sizes=\"(max-width: 1024px) 100vw, 1024px\" \/><\/figure>\n\n\n\n<p>Sin duda alguna, para los directivos de ASAJA-Palencia constituye una ocasi\u00f3n adecuada para tomar el pulso de la asociaci\u00f3n, al recibir las opiniones y las sugerencias de los profesionales del campo de las dieciocho comarcas.<\/p>\n\n\n\n<p>A efectos organizativos, se celebran 16 citas comarcales en otras tantas localidades palentinas. Las primeras, como se ha dicho, el 22 de enero en Cervera y Aguilar de Campo\u00f3; el 23 de enero el encuentro ser\u00e1 en Villada y Osorno; el 26 en Paredes, Baltan\u00e1s y Torquemada; el 27 en Salda\u00f1a y Buenavista; el 28 en Herrera de Pisuerga; el 30 en Fuentes de Nava; el 3 de febrero en Becerril y Carri\u00f3n; el 4 en Astudillo y concluir\u00e1n el 6 en Ampudia y Due\u00f1as. Esta \u00faltima de la comarca de Due\u00f1as, se celebrar\u00eda en la capital palentina.<\/p>\n\n\n\n<p>Es importante que los socios respondan a esta convocatoria con su asistencia y sus intervenciones en los turnos de ruegos y preguntas, o bien, de una manera menos formal al inicio o al t\u00e9rmino de cada reuni\u00f3n a los directivos y t\u00e9cnicos all\u00ed presentes.<\/p>\n\n\n\n<p>Adem\u00e1s de nuestra especialista en la PAC, Inmaculada Est\u00e9banez, que recordar\u00e1 las novedades de cara a la campa\u00f1a de 2026, se prev\u00e9 que intervenga en cada reuni\u00f3n nuestro coordinador de la oficina fiscal y laboral de ASAJA-Palencia, Carlos Bay\u00f3n. Son varias las novedades de este \u00e1mbito que conviene dar a conocer a los asociados en el principio del actual ejercicio.<\/p>\n","protected":false},"excerpt":{"rendered":"<p>ASAJA-Palencia anima a los asociados a participar de forma activa en las asambleas comarcales que nuestra organizaci\u00f3n va a celebrar, del 22 de enero al 6 de febrero, en 16 localidades de la provincia, conforme al calendario que se recoge en esta misma p\u00e1gina. La primera asamblea, correspondiente a las comarcas de Cervera y Guardo, [&hellip;]<\/p>\n","protected":false},"author":9,"featured_media":22026,"comment_status":"open","ping_status":"open","sticky":false,"template":"","format":"standard","meta":{"footnotes":""},"categories":[9,38,29,28],"tags":[1698,1699,58,351,77],"yoast_head":"<!-- This site is optimized with the Yoast SEO plugin v24.5 - https:\/\/yoast.com\/wordpress\/plugins\/seo\/ -->\n<title>ASAJA-Palencia celebra sus asambleas comarcales del 22 de enero al 6 de febrero - ASAJA Palencia<\/title>\n<meta name=\"description\" content=\"ASAJA-Palencia anima a los asociados a participar de forma activa en las asambleas comarcales que nuestra organizaci\u00f3n va a celebrar, del 22 de enero al 6 ASAJA-Palencia celebra sus asambleas comarcales del 22 de enero al 6 de febrero.\" \/>\n<meta name=\"robots\" content=\"index, follow, max-snippet:-1, max-image-preview:large, max-video-preview:-1\" \/>\n<link rel=\"canonical\" href=\"https:\/\/www.asajacyl.com\/palencia\/asaja-palencia-informa\/asaja-palencia-celebra-sus-asambleas-comarcales-del-22-de-enero-al-6-de-febrero\" \/>\n<meta property=\"og:locale\" content=\"es_ES\" \/>\n<meta property=\"og:type\" content=\"article\" \/>\n<meta property=\"og:title\" content=\"ASAJA-Palencia celebra sus asambleas comarcales del 22 de enero al 6 de febrero - ASAJA Palencia\" \/>\n<meta property=\"og:description\" content=\"ASAJA-Palencia anima a los asociados a participar de forma activa en las asambleas comarcales que nuestra organizaci\u00f3n va a celebrar, del 22 de enero al 6 ASAJA-Palencia celebra sus asambleas comarcales del 22 de enero al 6 de febrero.\" \/>\n<meta property=\"og:url\" content=\"https:\/\/www.asajacyl.com\/palencia\/asaja-palencia-informa\/asaja-palencia-celebra-sus-asambleas-comarcales-del-22-de-enero-al-6-de-febrero\" \/>\n<meta property=\"og:site_name\" content=\"ASAJA Palencia\" \/>\n<meta property=\"article:published_time\" content=\"2026-01-20T14:30:03+00:00\" \/>\n<meta property=\"article:modified_time\" content=\"2026-01-20T15:29:17+00:00\" \/>\n<meta property=\"og:image\" content=\"https:\/\/www.asajacyl.com\/palencia\/wp-content\/uploads\/sites\/3\/2026\/01\/ASAMBLEAS-COMARCALES-2026.jpeg\" \/>\n\t<meta property=\"og:image:width\" content=\"1600\" \/>\n\t<meta property=\"og:image:height\" content=\"1600\" \/>\n\t<meta property=\"og:image:type\" content=\"image\/jpeg\" \/>\n<meta name=\"author\" content=\"Administrador\" \/>\n<meta name=\"twitter:card\" content=\"summary_large_image\" \/>\n<meta name=\"twitter:label1\" content=\"Escrito por\" \/>\n\t<meta name=\"twitter:data1\" content=\"Administrador\" \/>\n\t<meta name=\"twitter:label2\" content=\"Tiempo de lectura\" \/>\n\t<meta name=\"twitter:data2\" content=\"2 minutos\" \/>\n<script type=\"application\/ld+json\" class=\"yoast-schema-graph\">{\"@context\":\"https:\/\/schema.org\",\"@graph\":[{\"@type\":\"WebPage\",\"@id\":\"https:\/\/www.asajacyl.com\/palencia\/asaja-palencia-informa\/asaja-palencia-celebra-sus-asambleas-comarcales-del-22-de-enero-al-6-de-febrero\",\"url\":\"https:\/\/www.asajacyl.com\/palencia\/asaja-palencia-informa\/asaja-palencia-celebra-sus-asambleas-comarcales-del-22-de-enero-al-6-de-febrero\",\"name\":\"ASAJA-Palencia celebra sus asambleas comarcales del 22 de enero al 6 de febrero - ASAJA Palencia\",\"isPartOf\":{\"@id\":\"https:\/\/www.asajacyl.com\/palencia\/#website\"},\"primaryImageOfPage\":{\"@id\":\"https:\/\/www.asajacyl.com\/palencia\/asaja-palencia-informa\/asaja-palencia-celebra-sus-asambleas-comarcales-del-22-de-enero-al-6-de-febrero#primaryimage\"},\"image\":{\"@id\":\"https:\/\/www.asajacyl.com\/palencia\/asaja-palencia-informa\/asaja-palencia-celebra-sus-asambleas-comarcales-del-22-de-enero-al-6-de-febrero#primaryimage\"},\"thumbnailUrl\":\"https:\/\/www.asajacyl.com\/palencia\/wp-content\/uploads\/sites\/3\/2026\/01\/ASAMBLEAS-COMARCALES-2026.jpeg\",\"datePublished\":\"2026-01-20T14:30:03+00:00\",\"dateModified\":\"2026-01-20T15:29:17+00:00\",\"author\":{\"@id\":\"https:\/\/www.asajacyl.com\/palencia\/#\/schema\/person\/3ab17aeb03527485c317557fae64aab1\"},\"description\":\"ASAJA-Palencia anima a los asociados a participar de forma activa en las asambleas comarcales que nuestra organizaci\u00f3n va a celebrar, del 22 de enero al 6 ASAJA-Palencia celebra sus asambleas comarcales del 22 de enero al 6 de febrero.\",\"breadcrumb\":{\"@id\":\"https:\/\/www.asajacyl.com\/palencia\/asaja-palencia-informa\/asaja-palencia-celebra-sus-asambleas-comarcales-del-22-de-enero-al-6-de-febrero#breadcrumb\"},\"inLanguage\":\"es\",\"potentialAction\":[{\"@type\":\"ReadAction\",\"target\":[\"https:\/\/www.asajacyl.com\/palencia\/asaja-palencia-informa\/asaja-palencia-celebra-sus-asambleas-comarcales-del-22-de-enero-al-6-de-febrero\"]}]},{\"@type\":\"ImageObject\",\"inLanguage\":\"es\",\"@id\":\"https:\/\/www.asajacyl.com\/palencia\/asaja-palencia-informa\/asaja-palencia-celebra-sus-asambleas-comarcales-del-22-de-enero-al-6-de-febrero#primaryimage\",\"url\":\"https:\/\/www.asajacyl.com\/palencia\/wp-content\/uploads\/sites\/3\/2026\/01\/ASAMBLEAS-COMARCALES-2026.jpeg\",\"contentUrl\":\"https:\/\/www.asajacyl.com\/palencia\/wp-content\/uploads\/sites\/3\/2026\/01\/ASAMBLEAS-COMARCALES-2026.jpeg\",\"width\":1600,\"height\":1600},{\"@type\":\"BreadcrumbList\",\"@id\":\"https:\/\/www.asajacyl.com\/palencia\/asaja-palencia-informa\/asaja-palencia-celebra-sus-asambleas-comarcales-del-22-de-enero-al-6-de-febrero#breadcrumb\",\"itemListElement\":[{\"@type\":\"ListItem\",\"position\":1,\"name\":\"Portada\",\"item\":\"https:\/\/www.asajacyl.com\/palencia\/\"},{\"@type\":\"ListItem\",\"position\":2,\"name\":\"ASAJA-Palencia celebra sus asambleas comarcales del 22 de enero al 6 de febrero\"}]},{\"@type\":\"WebSite\",\"@id\":\"https:\/\/www.asajacyl.com\/palencia\/#website\",\"url\":\"https:\/\/www.asajacyl.com\/palencia\/\",\"name\":\"ASAJA Palencia\",\"description\":\"Otro sitio m\u00e1s de Provincias ASAJA Castilla y Le\u00f3n\",\"potentialAction\":[{\"@type\":\"SearchAction\",\"target\":{\"@type\":\"EntryPoint\",\"urlTemplate\":\"https:\/\/www.asajacyl.com\/palencia\/?s={search_term_string}\"},\"query-input\":{\"@type\":\"PropertyValueSpecification\",\"valueRequired\":true,\"valueName\":\"search_term_string\"}}],\"inLanguage\":\"es\"},{\"@type\":\"Person\",\"@id\":\"https:\/\/www.asajacyl.com\/palencia\/#\/schema\/person\/3ab17aeb03527485c317557fae64aab1\",\"name\":\"Administrador\",\"image\":{\"@type\":\"ImageObject\",\"inLanguage\":\"es\",\"@id\":\"https:\/\/www.asajacyl.com\/palencia\/#\/schema\/person\/image\/\",\"url\":\"https:\/\/secure.gravatar.com\/avatar\/517384810d242ca9e38c180f3c9fb973?s=96&d=mm&r=g\",\"contentUrl\":\"https:\/\/secure.gravatar.com\/avatar\/517384810d242ca9e38c180f3c9fb973?s=96&d=mm&r=g\",\"caption\":\"Administrador\"},\"url\":\"https:\/\/www.asajacyl.com\/palencia\/author\/carlosrm\"}]}<\/script>\n<!-- \/ Yoast SEO plugin. -->","yoast_head_json":{"title":"ASAJA-Palencia celebra sus asambleas comarcales del 22 de enero al 6 de febrero - ASAJA Palencia","description":"ASAJA-Palencia anima a los asociados a participar de forma activa en las asambleas comarcales que nuestra organizaci\u00f3n va a celebrar, del 22 de enero al 6 ASAJA-Palencia celebra sus asambleas comarcales del 22 de enero al 6 de febrero.","robots":{"index":"index","follow":"follow","max-snippet":"max-snippet:-1","max-image-preview":"max-image-preview:large","max-video-preview":"max-video-preview:-1"},"canonical":"https:\/\/www.asajacyl.com\/palencia\/asaja-palencia-informa\/asaja-palencia-celebra-sus-asambleas-comarcales-del-22-de-enero-al-6-de-febrero","og_locale":"es_ES","og_type":"article","og_title":"ASAJA-Palencia celebra sus asambleas comarcales del 22 de enero al 6 de febrero - ASAJA Palencia","og_description":"ASAJA-Palencia anima a los asociados a participar de forma activa en las asambleas comarcales que nuestra organizaci\u00f3n va a celebrar, del 22 de enero al 6 ASAJA-Palencia celebra sus asambleas comarcales del 22 de enero al 6 de febrero.","og_url":"https:\/\/www.asajacyl.com\/palencia\/asaja-palencia-informa\/asaja-palencia-celebra-sus-asambleas-comarcales-del-22-de-enero-al-6-de-febrero","og_site_name":"ASAJA Palencia","article_published_time":"2026-01-20T14:30:03+00:00","article_modified_time":"2026-01-20T15:29:17+00:00","og_image":[{"width":1600,"height":1600,"url":"https:\/\/www.asajacyl.com\/palencia\/wp-content\/uploads\/sites\/3\/2026\/01\/ASAMBLEAS-COMARCALES-2026.jpeg","type":"image\/jpeg"}],"author":"Administrador","twitter_card":"summary_large_image","twitter_misc":{"Escrito por":"Administrador","Tiempo de lectura":"2 minutos"},"schema":{"@context":"https:\/\/schema.org","@graph":[{"@type":"WebPage","@id":"https:\/\/www.asajacyl.com\/palencia\/asaja-palencia-informa\/asaja-palencia-celebra-sus-asambleas-comarcales-del-22-de-enero-al-6-de-febrero","url":"https:\/\/www.asajacyl.com\/palencia\/asaja-palencia-informa\/asaja-palencia-celebra-sus-asambleas-comarcales-del-22-de-enero-al-6-de-febrero","name":"ASAJA-Palencia celebra sus asambleas comarcales del 22 de enero al 6 de febrero - ASAJA Palencia","isPartOf":{"@id":"https:\/\/www.asajacyl.com\/palencia\/#website"},"primaryImageOfPage":{"@id":"https:\/\/www.asajacyl.com\/palencia\/asaja-palencia-informa\/asaja-palencia-celebra-sus-asambleas-comarcales-del-22-de-enero-al-6-de-febrero#primaryimage"},"image":{"@id":"https:\/\/www.asajacyl.com\/palencia\/asaja-palencia-informa\/asaja-palencia-celebra-sus-asambleas-comarcales-del-22-de-enero-al-6-de-febrero#primaryimage"},"thumbnailUrl":"https:\/\/www.asajacyl.com\/palencia\/wp-content\/uploads\/sites\/3\/2026\/01\/ASAMBLEAS-COMARCALES-2026.jpeg","datePublished":"2026-01-20T14:30:03+00:00","dateModified":"2026-01-20T15:29:17+00:00","author":{"@id":"https:\/\/www.asajacyl.com\/palencia\/#\/schema\/person\/3ab17aeb03527485c317557fae64aab1"},"description":"ASAJA-Palencia anima a los asociados a participar de forma activa en las asambleas comarcales que nuestra organizaci\u00f3n va a celebrar, del 22 de enero al 6 ASAJA-Palencia celebra sus asambleas comarcales del 22 de enero al 6 de febrero.","breadcrumb":{"@id":"https:\/\/www.asajacyl.com\/palencia\/asaja-palencia-informa\/asaja-palencia-celebra-sus-asambleas-comarcales-del-22-de-enero-al-6-de-febrero#breadcrumb"},"inLanguage":"es","potentialAction":[{"@type":"ReadAction","target":["https:\/\/www.asajacyl.com\/palencia\/asaja-palencia-informa\/asaja-palencia-celebra-sus-asambleas-comarcales-del-22-de-enero-al-6-de-febrero"]}]},{"@type":"ImageObject","inLanguage":"es","@id":"https:\/\/www.asajacyl.com\/palencia\/asaja-palencia-informa\/asaja-palencia-celebra-sus-asambleas-comarcales-del-22-de-enero-al-6-de-febrero#primaryimage","url":"https:\/\/www.asajacyl.com\/palencia\/wp-content\/uploads\/sites\/3\/2026\/01\/ASAMBLEAS-COMARCALES-2026.jpeg","contentUrl":"https:\/\/www.asajacyl.com\/palencia\/wp-content\/uploads\/sites\/3\/2026\/01\/ASAMBLEAS-COMARCALES-2026.jpeg","width":1600,"height":1600},{"@type":"BreadcrumbList","@id":"https:\/\/www.asajacyl.com\/palencia\/asaja-palencia-informa\/asaja-palencia-celebra-sus-asambleas-comarcales-del-22-de-enero-al-6-de-febrero#breadcrumb","itemListElement":[{"@type":"ListItem","position":1,"name":"Portada","item":"https:\/\/www.asajacyl.com\/palencia\/"},{"@type":"ListItem","position":2,"name":"ASAJA-Palencia celebra sus asambleas comarcales del 22 de enero al 6 de febrero"}]},{"@type":"WebSite","@id":"https:\/\/www.asajacyl.com\/palencia\/#website","url":"https:\/\/www.asajacyl.com\/palencia\/","name":"ASAJA Palencia","description":"Otro sitio m\u00e1s de Provincias ASAJA Castilla y Le\u00f3n","potentialAction":[{"@type":"SearchAction","target":{"@type":"EntryPoint","urlTemplate":"https:\/\/www.asajacyl.com\/palencia\/?s={search_term_string}"},"query-input":{"@type":"PropertyValueSpecification","valueRequired":true,"valueName":"search_term_string"}}],"inLanguage":"es"},{"@type":"Person","@id":"https:\/\/www.asajacyl.com\/palencia\/#\/schema\/person\/3ab17aeb03527485c317557fae64aab1","name":"Administrador","image":{"@type":"ImageObject","inLanguage":"es","@id":"https:\/\/www.asajacyl.com\/palencia\/#\/schema\/person\/image\/","url":"https:\/\/secure.gravatar.com\/avatar\/517384810d242ca9e38c180f3c9fb973?s=96&d=mm&r=g","contentUrl":"https:\/\/secure.gravatar.com\/avatar\/517384810d242ca9e38c180f3c9fb973?s=96&d=mm&r=g","caption":"Administrador"},"url":"https:\/\/www.asajacyl.com\/palencia\/author\/carlosrm"}]}},"_links":{"self":[{"href":"https:\/\/www.asajacyl.com\/palencia\/wp-json\/wp\/v2\/posts\/22023"}],"collection":[{"href":"https:\/\/www.asajacyl.com\/palencia\/wp-json\/wp\/v2\/posts"}],"about":[{"href":"https:\/\/www.asajacyl.com\/palencia\/wp-json\/wp\/v2\/types\/post"}],"author":[{"embeddable":true,"href":"https:\/\/www.asajacyl.com\/palencia\/wp-json\/wp\/v2\/users\/9"}],"replies":[{"embeddable":true,"href":"https:\/\/www.asajacyl.com\/palencia\/wp-json\/wp\/v2\/comments?post=22023"}],"version-history":[{"count":2,"href":"https:\/\/www.asajacyl.com\/palencia\/wp-json\/wp\/v2\/posts\/22023\/revisions"}],"predecessor-version":[{"id":22027,"href":"https:\/\/www.asajacyl.com\/palencia\/wp-json\/wp\/v2\/posts\/22023\/revisions\/22027"}],"wp:featuredmedia":[{"embeddable":true,"href":"https:\/\/www.asajacyl.com\/palencia\/wp-json\/wp\/v2\/media\/22026"}],"wp:attachment":[{"href":"https:\/\/www.asajacyl.com\/palencia\/wp-json\/wp\/v2\/media?parent=22023"}],"wp:term":[{"taxonomy":"category","embeddable":true,"href":"https:\/\/www.asajacyl.com\/palencia\/wp-json\/wp\/v2\/categories?post=22023"},{"taxonomy":"post_tag","embeddable":true,"href":"https:\/\/www.asajacyl.com\/palencia\/wp-json\/wp\/v2\/tags?post=22023"}],"curies":[{"name":"wp","href":"https:\/\/api.w.org\/{rel}","templated":true}]}}