{"id":22033,"date":"2026-01-21T15:24:07","date_gmt":"2026-01-21T14:24:07","guid":{"rendered":"https:\/\/www.asajacyl.com\/palencia\/?p=22033"},"modified":"2026-01-21T17:48:32","modified_gmt":"2026-01-21T16:48:32","slug":"el-precio-del-lechazo-de-leche-se-estabiliza-tras-la-navidad","status":"publish","type":"post","link":"https:\/\/www.asajacyl.com\/palencia\/asaja-palencia-informa\/el-precio-del-lechazo-de-leche-se-estabiliza-tras-la-navidad","title":{"rendered":"El precio del lechazo de leche se estabiliza tras la Navidad"},"content":{"rendered":"\n<h2 class=\"wp-block-heading\">El vacuno sube en todas sus categor\u00edas en la lonja de Salamanca<\/h2>\n\n\n\n<p>El lechazo de leche ha repetido precio en la sesi\u00f3n quincenal de la Mesa del Lechazo de Castilla y Le\u00f3n, con lo que se puede hablar de estabilidad en la cotizaci\u00f3n tras las importantes bajadas posteriores a la Navidad. As\u00ed mantienen los precios de hace siete d\u00edas los lechazos IGP Castilla y Le\u00f3n, como los lechazos Tierra de Sabor o lo lechazos sacrificio 10-12kg.<\/p>\n\n\n\n<p>Por su parte, en la lonja semanal de Salamanca, los precios del ganado vacuno sube en todas sus categor\u00edas, tanto la ternera, como el a\u00f1ojo o el ternero.<\/p>\n\n\n\n<p><img loading=\"lazy\" decoding=\"async\" width=\"1217\" height=\"900\" class=\"wp-image-22041\" style=\"width: 750px\" src=\"https:\/\/www.asajacyl.com\/palencia\/wp-content\/uploads\/sites\/3\/2026\/01\/Tabla-precios-ganaderia-20-1-26-1.jpg\" alt=\"\" srcset=\"https:\/\/www.asajacyl.com\/palencia\/wp-content\/uploads\/sites\/3\/2026\/01\/Tabla-precios-ganaderia-20-1-26-1.jpg 1217w, https:\/\/www.asajacyl.com\/palencia\/wp-content\/uploads\/sites\/3\/2026\/01\/Tabla-precios-ganaderia-20-1-26-1-300x222.jpg 300w, https:\/\/www.asajacyl.com\/palencia\/wp-content\/uploads\/sites\/3\/2026\/01\/Tabla-precios-ganaderia-20-1-26-1-1024x757.jpg 1024w, https:\/\/www.asajacyl.com\/palencia\/wp-content\/uploads\/sites\/3\/2026\/01\/Tabla-precios-ganaderia-20-1-26-1-768x568.jpg 768w, https:\/\/www.asajacyl.com\/palencia\/wp-content\/uploads\/sites\/3\/2026\/01\/Tabla-precios-ganaderia-20-1-26-1-568x420.jpg 568w, https:\/\/www.asajacyl.com\/palencia\/wp-content\/uploads\/sites\/3\/2026\/01\/Tabla-precios-ganaderia-20-1-26-1-80x60.jpg 80w, https:\/\/www.asajacyl.com\/palencia\/wp-content\/uploads\/sites\/3\/2026\/01\/Tabla-precios-ganaderia-20-1-26-1-485x360.jpg 485w, https:\/\/www.asajacyl.com\/palencia\/wp-content\/uploads\/sites\/3\/2026\/01\/Tabla-precios-ganaderia-20-1-26-1-696x515.jpg 696w, https:\/\/www.asajacyl.com\/palencia\/wp-content\/uploads\/sites\/3\/2026\/01\/Tabla-precios-ganaderia-20-1-26-1-1068x790.jpg 1068w\" sizes=\"(max-width: 1217px) 100vw, 1217px\" \/><\/p>\n\n\n\n<p><\/p>\n","protected":false},"excerpt":{"rendered":"<p>El vacuno sube en todas sus categor\u00edas en la lonja de Salamanca El lechazo de leche ha repetido precio en la sesi\u00f3n quincenal de la Mesa del Lechazo de Castilla y Le\u00f3n, con lo que se puede hablar de estabilidad en la cotizaci\u00f3n tras las importantes bajadas posteriores a la Navidad. As\u00ed mantienen los precios [&hellip;]<\/p>\n","protected":false},"author":9,"featured_media":22034,"comment_status":"open","ping_status":"open","sticky":false,"template":"","format":"standard","meta":{"footnotes":""},"categories":[9,36,28],"tags":[1698,1702,1703,77],"yoast_head":"<!-- This site is optimized with the Yoast SEO plugin v24.5 - https:\/\/yoast.com\/wordpress\/plugins\/seo\/ -->\n<title>El precio del lechazo de leche se estabiliza tras la Navidad - ASAJA Palencia<\/title>\n<meta name=\"description\" content=\"El vacuno sube en todas sus categor\u00edas en la lonja de Salamanca El lechazo de leche ha repetido precio en la sesi\u00f3n quincenal de la Mesa del Lechazo de El precio del lechazo de leche se estabiliza tras la Navidad. El vacuno sube en todas sus categor\u00edas en la lonja de Salamanca.\" \/>\n<meta name=\"robots\" content=\"index, follow, max-snippet:-1, max-image-preview:large, max-video-preview:-1\" \/>\n<link rel=\"canonical\" href=\"https:\/\/www.asajacyl.com\/palencia\/asaja-palencia-informa\/el-precio-del-lechazo-de-leche-se-estabiliza-tras-la-navidad\" \/>\n<meta property=\"og:locale\" content=\"es_ES\" \/>\n<meta property=\"og:type\" content=\"article\" \/>\n<meta property=\"og:title\" content=\"El precio del lechazo de leche se estabiliza tras la Navidad - ASAJA Palencia\" \/>\n<meta property=\"og:description\" content=\"El vacuno sube en todas sus categor\u00edas en la lonja de Salamanca El lechazo de leche ha repetido precio en la sesi\u00f3n quincenal de la Mesa del Lechazo de El precio del lechazo de leche se estabiliza tras la Navidad. El vacuno sube en todas sus categor\u00edas en la lonja de Salamanca.\" \/>\n<meta property=\"og:url\" content=\"https:\/\/www.asajacyl.com\/palencia\/asaja-palencia-informa\/el-precio-del-lechazo-de-leche-se-estabiliza-tras-la-navidad\" \/>\n<meta property=\"og:site_name\" content=\"ASAJA Palencia\" \/>\n<meta property=\"article:published_time\" content=\"2026-01-21T14:24:07+00:00\" \/>\n<meta property=\"article:modified_time\" content=\"2026-01-21T16:48:32+00:00\" \/>\n<meta property=\"og:image\" content=\"https:\/\/www.asajacyl.com\/palencia\/wp-content\/uploads\/sites\/3\/2026\/01\/Tabla-precios-ganaderia-20-1-26.jpg\" \/>\n\t<meta property=\"og:image:width\" content=\"1024\" \/>\n\t<meta property=\"og:image:height\" content=\"768\" \/>\n\t<meta property=\"og:image:type\" content=\"image\/jpeg\" \/>\n<meta name=\"author\" content=\"Administrador\" \/>\n<meta name=\"twitter:card\" content=\"summary_large_image\" \/>\n<meta name=\"twitter:label1\" content=\"Escrito por\" \/>\n\t<meta name=\"twitter:data1\" content=\"Administrador\" \/>\n\t<meta name=\"twitter:label2\" content=\"Tiempo de lectura\" \/>\n\t<meta name=\"twitter:data2\" content=\"1 minuto\" \/>\n<script type=\"application\/ld+json\" class=\"yoast-schema-graph\">{\"@context\":\"https:\/\/schema.org\",\"@graph\":[{\"@type\":\"WebPage\",\"@id\":\"https:\/\/www.asajacyl.com\/palencia\/asaja-palencia-informa\/el-precio-del-lechazo-de-leche-se-estabiliza-tras-la-navidad\",\"url\":\"https:\/\/www.asajacyl.com\/palencia\/asaja-palencia-informa\/el-precio-del-lechazo-de-leche-se-estabiliza-tras-la-navidad\",\"name\":\"El precio del lechazo de leche se estabiliza tras la Navidad - ASAJA Palencia\",\"isPartOf\":{\"@id\":\"https:\/\/www.asajacyl.com\/palencia\/#website\"},\"primaryImageOfPage\":{\"@id\":\"https:\/\/www.asajacyl.com\/palencia\/asaja-palencia-informa\/el-precio-del-lechazo-de-leche-se-estabiliza-tras-la-navidad#primaryimage\"},\"image\":{\"@id\":\"https:\/\/www.asajacyl.com\/palencia\/asaja-palencia-informa\/el-precio-del-lechazo-de-leche-se-estabiliza-tras-la-navidad#primaryimage\"},\"thumbnailUrl\":\"https:\/\/www.asajacyl.com\/palencia\/wp-content\/uploads\/sites\/3\/2026\/01\/Tabla-precios-ganaderia-20-1-26.jpg\",\"datePublished\":\"2026-01-21T14:24:07+00:00\",\"dateModified\":\"2026-01-21T16:48:32+00:00\",\"author\":{\"@id\":\"https:\/\/www.asajacyl.com\/palencia\/#\/schema\/person\/3ab17aeb03527485c317557fae64aab1\"},\"description\":\"El vacuno sube en todas sus categor\u00edas en la lonja de Salamanca El lechazo de leche ha repetido precio en la sesi\u00f3n quincenal de la Mesa del Lechazo de El precio del lechazo de leche se estabiliza tras la Navidad. El vacuno sube en todas sus categor\u00edas en la lonja de Salamanca.\",\"breadcrumb\":{\"@id\":\"https:\/\/www.asajacyl.com\/palencia\/asaja-palencia-informa\/el-precio-del-lechazo-de-leche-se-estabiliza-tras-la-navidad#breadcrumb\"},\"inLanguage\":\"es\",\"potentialAction\":[{\"@type\":\"ReadAction\",\"target\":[\"https:\/\/www.asajacyl.com\/palencia\/asaja-palencia-informa\/el-precio-del-lechazo-de-leche-se-estabiliza-tras-la-navidad\"]}]},{\"@type\":\"ImageObject\",\"inLanguage\":\"es\",\"@id\":\"https:\/\/www.asajacyl.com\/palencia\/asaja-palencia-informa\/el-precio-del-lechazo-de-leche-se-estabiliza-tras-la-navidad#primaryimage\",\"url\":\"https:\/\/www.asajacyl.com\/palencia\/wp-content\/uploads\/sites\/3\/2026\/01\/Tabla-precios-ganaderia-20-1-26.jpg\",\"contentUrl\":\"https:\/\/www.asajacyl.com\/palencia\/wp-content\/uploads\/sites\/3\/2026\/01\/Tabla-precios-ganaderia-20-1-26.jpg\",\"width\":1024,\"height\":768},{\"@type\":\"BreadcrumbList\",\"@id\":\"https:\/\/www.asajacyl.com\/palencia\/asaja-palencia-informa\/el-precio-del-lechazo-de-leche-se-estabiliza-tras-la-navidad#breadcrumb\",\"itemListElement\":[{\"@type\":\"ListItem\",\"position\":1,\"name\":\"Portada\",\"item\":\"https:\/\/www.asajacyl.com\/palencia\/\"},{\"@type\":\"ListItem\",\"position\":2,\"name\":\"El precio del lechazo de leche se estabiliza tras la Navidad\"}]},{\"@type\":\"WebSite\",\"@id\":\"https:\/\/www.asajacyl.com\/palencia\/#website\",\"url\":\"https:\/\/www.asajacyl.com\/palencia\/\",\"name\":\"ASAJA Palencia\",\"description\":\"Otro sitio m\u00e1s de Provincias ASAJA Castilla y Le\u00f3n\",\"potentialAction\":[{\"@type\":\"SearchAction\",\"target\":{\"@type\":\"EntryPoint\",\"urlTemplate\":\"https:\/\/www.asajacyl.com\/palencia\/?s={search_term_string}\"},\"query-input\":{\"@type\":\"PropertyValueSpecification\",\"valueRequired\":true,\"valueName\":\"search_term_string\"}}],\"inLanguage\":\"es\"},{\"@type\":\"Person\",\"@id\":\"https:\/\/www.asajacyl.com\/palencia\/#\/schema\/person\/3ab17aeb03527485c317557fae64aab1\",\"name\":\"Administrador\",\"image\":{\"@type\":\"ImageObject\",\"inLanguage\":\"es\",\"@id\":\"https:\/\/www.asajacyl.com\/palencia\/#\/schema\/person\/image\/\",\"url\":\"https:\/\/secure.gravatar.com\/avatar\/517384810d242ca9e38c180f3c9fb973?s=96&d=mm&r=g\",\"contentUrl\":\"https:\/\/secure.gravatar.com\/avatar\/517384810d242ca9e38c180f3c9fb973?s=96&d=mm&r=g\",\"caption\":\"Administrador\"},\"url\":\"https:\/\/www.asajacyl.com\/palencia\/author\/carlosrm\"}]}<\/script>\n<!-- \/ Yoast SEO plugin. -->","yoast_head_json":{"title":"El precio del lechazo de leche se estabiliza tras la Navidad - ASAJA Palencia","description":"El vacuno sube en todas sus categor\u00edas en la lonja de Salamanca El lechazo de leche ha repetido precio en la sesi\u00f3n quincenal de la Mesa del Lechazo de El precio del lechazo de leche se estabiliza tras la Navidad. El vacuno sube en todas sus categor\u00edas en la lonja de Salamanca.","robots":{"index":"index","follow":"follow","max-snippet":"max-snippet:-1","max-image-preview":"max-image-preview:large","max-video-preview":"max-video-preview:-1"},"canonical":"https:\/\/www.asajacyl.com\/palencia\/asaja-palencia-informa\/el-precio-del-lechazo-de-leche-se-estabiliza-tras-la-navidad","og_locale":"es_ES","og_type":"article","og_title":"El precio del lechazo de leche se estabiliza tras la Navidad - ASAJA Palencia","og_description":"El vacuno sube en todas sus categor\u00edas en la lonja de Salamanca El lechazo de leche ha repetido precio en la sesi\u00f3n quincenal de la Mesa del Lechazo de El precio del lechazo de leche se estabiliza tras la Navidad. El vacuno sube en todas sus categor\u00edas en la lonja de Salamanca.","og_url":"https:\/\/www.asajacyl.com\/palencia\/asaja-palencia-informa\/el-precio-del-lechazo-de-leche-se-estabiliza-tras-la-navidad","og_site_name":"ASAJA Palencia","article_published_time":"2026-01-21T14:24:07+00:00","article_modified_time":"2026-01-21T16:48:32+00:00","og_image":[{"width":1024,"height":768,"url":"https:\/\/www.asajacyl.com\/palencia\/wp-content\/uploads\/sites\/3\/2026\/01\/Tabla-precios-ganaderia-20-1-26.jpg","type":"image\/jpeg"}],"author":"Administrador","twitter_card":"summary_large_image","twitter_misc":{"Escrito por":"Administrador","Tiempo de lectura":"1 minuto"},"schema":{"@context":"https:\/\/schema.org","@graph":[{"@type":"WebPage","@id":"https:\/\/www.asajacyl.com\/palencia\/asaja-palencia-informa\/el-precio-del-lechazo-de-leche-se-estabiliza-tras-la-navidad","url":"https:\/\/www.asajacyl.com\/palencia\/asaja-palencia-informa\/el-precio-del-lechazo-de-leche-se-estabiliza-tras-la-navidad","name":"El precio del lechazo de leche se estabiliza tras la Navidad - ASAJA Palencia","isPartOf":{"@id":"https:\/\/www.asajacyl.com\/palencia\/#website"},"primaryImageOfPage":{"@id":"https:\/\/www.asajacyl.com\/palencia\/asaja-palencia-informa\/el-precio-del-lechazo-de-leche-se-estabiliza-tras-la-navidad#primaryimage"},"image":{"@id":"https:\/\/www.asajacyl.com\/palencia\/asaja-palencia-informa\/el-precio-del-lechazo-de-leche-se-estabiliza-tras-la-navidad#primaryimage"},"thumbnailUrl":"https:\/\/www.asajacyl.com\/palencia\/wp-content\/uploads\/sites\/3\/2026\/01\/Tabla-precios-ganaderia-20-1-26.jpg","datePublished":"2026-01-21T14:24:07+00:00","dateModified":"2026-01-21T16:48:32+00:00","author":{"@id":"https:\/\/www.asajacyl.com\/palencia\/#\/schema\/person\/3ab17aeb03527485c317557fae64aab1"},"description":"El vacuno sube en todas sus categor\u00edas en la lonja de Salamanca El lechazo de leche ha repetido precio en la sesi\u00f3n quincenal de la Mesa del Lechazo de El precio del lechazo de leche se estabiliza tras la Navidad. El vacuno sube en todas sus categor\u00edas en la lonja de Salamanca.","breadcrumb":{"@id":"https:\/\/www.asajacyl.com\/palencia\/asaja-palencia-informa\/el-precio-del-lechazo-de-leche-se-estabiliza-tras-la-navidad#breadcrumb"},"inLanguage":"es","potentialAction":[{"@type":"ReadAction","target":["https:\/\/www.asajacyl.com\/palencia\/asaja-palencia-informa\/el-precio-del-lechazo-de-leche-se-estabiliza-tras-la-navidad"]}]},{"@type":"ImageObject","inLanguage":"es","@id":"https:\/\/www.asajacyl.com\/palencia\/asaja-palencia-informa\/el-precio-del-lechazo-de-leche-se-estabiliza-tras-la-navidad#primaryimage","url":"https:\/\/www.asajacyl.com\/palencia\/wp-content\/uploads\/sites\/3\/2026\/01\/Tabla-precios-ganaderia-20-1-26.jpg","contentUrl":"https:\/\/www.asajacyl.com\/palencia\/wp-content\/uploads\/sites\/3\/2026\/01\/Tabla-precios-ganaderia-20-1-26.jpg","width":1024,"height":768},{"@type":"BreadcrumbList","@id":"https:\/\/www.asajacyl.com\/palencia\/asaja-palencia-informa\/el-precio-del-lechazo-de-leche-se-estabiliza-tras-la-navidad#breadcrumb","itemListElement":[{"@type":"ListItem","position":1,"name":"Portada","item":"https:\/\/www.asajacyl.com\/palencia\/"},{"@type":"ListItem","position":2,"name":"El precio del lechazo de leche se estabiliza tras la Navidad"}]},{"@type":"WebSite","@id":"https:\/\/www.asajacyl.com\/palencia\/#website","url":"https:\/\/www.asajacyl.com\/palencia\/","name":"ASAJA Palencia","description":"Otro sitio m\u00e1s de Provincias ASAJA Castilla y Le\u00f3n","potentialAction":[{"@type":"SearchAction","target":{"@type":"EntryPoint","urlTemplate":"https:\/\/www.asajacyl.com\/palencia\/?s={search_term_string}"},"query-input":{"@type":"PropertyValueSpecification","valueRequired":true,"valueName":"search_term_string"}}],"inLanguage":"es"},{"@type":"Person","@id":"https:\/\/www.asajacyl.com\/palencia\/#\/schema\/person\/3ab17aeb03527485c317557fae64aab1","name":"Administrador","image":{"@type":"ImageObject","inLanguage":"es","@id":"https:\/\/www.asajacyl.com\/palencia\/#\/schema\/person\/image\/","url":"https:\/\/secure.gravatar.com\/avatar\/517384810d242ca9e38c180f3c9fb973?s=96&d=mm&r=g","contentUrl":"https:\/\/secure.gravatar.com\/avatar\/517384810d242ca9e38c180f3c9fb973?s=96&d=mm&r=g","caption":"Administrador"},"url":"https:\/\/www.asajacyl.com\/palencia\/author\/carlosrm"}]}},"_links":{"self":[{"href":"https:\/\/www.asajacyl.com\/palencia\/wp-json\/wp\/v2\/posts\/22033"}],"collection":[{"href":"https:\/\/www.asajacyl.com\/palencia\/wp-json\/wp\/v2\/posts"}],"about":[{"href":"https:\/\/www.asajacyl.com\/palencia\/wp-json\/wp\/v2\/types\/post"}],"author":[{"embeddable":true,"href":"https:\/\/www.asajacyl.com\/palencia\/wp-json\/wp\/v2\/users\/9"}],"replies":[{"embeddable":true,"href":"https:\/\/www.asajacyl.com\/palencia\/wp-json\/wp\/v2\/comments?post=22033"}],"version-history":[{"count":8,"href":"https:\/\/www.asajacyl.com\/palencia\/wp-json\/wp\/v2\/posts\/22033\/revisions"}],"predecessor-version":[{"id":22047,"href":"https:\/\/www.asajacyl.com\/palencia\/wp-json\/wp\/v2\/posts\/22033\/revisions\/22047"}],"wp:featuredmedia":[{"embeddable":true,"href":"https:\/\/www.asajacyl.com\/palencia\/wp-json\/wp\/v2\/media\/22034"}],"wp:attachment":[{"href":"https:\/\/www.asajacyl.com\/palencia\/wp-json\/wp\/v2\/media?parent=22033"}],"wp:term":[{"taxonomy":"category","embeddable":true,"href":"https:\/\/www.asajacyl.com\/palencia\/wp-json\/wp\/v2\/categories?post=22033"},{"taxonomy":"post_tag","embeddable":true,"href":"https:\/\/www.asajacyl.com\/palencia\/wp-json\/wp\/v2\/tags?post=22033"}],"curies":[{"name":"wp","href":"https:\/\/api.w.org\/{rel}","templated":true}]}}