{"id":22049,"date":"2026-01-22T08:40:58","date_gmt":"2026-01-22T07:40:58","guid":{"rendered":"https:\/\/www.asajacyl.com\/palencia\/?p=22049"},"modified":"2026-01-22T13:31:31","modified_gmt":"2026-01-22T12:31:31","slug":"asaja-celebra-el-aval-del-parlamento-europeo-para-someter-el-acuerdo-ue-mercosur-a-control-juridico","status":"publish","type":"post","link":"https:\/\/www.asajacyl.com\/palencia\/asaja-palencia-informa\/asaja-celebra-el-aval-del-parlamento-europeo-para-someter-el-acuerdo-ue-mercosur-a-control-juridico","title":{"rendered":"ASAJA celebra el aval del Parlamento Europeo para someter el acuerdo UE-Mercosur a control jur\u00eddico"},"content":{"rendered":"\n<h2 class=\"wp-block-heading\">La organizaci\u00f3n conf\u00eda en que el control jur\u00eddico del acuerdo UE-Mercosur frene su ratificaci\u00f3n ante las dudas jur\u00eddicas y pol\u00edticas que plantea y su grave impacto sobre un sector agroalimentario claramente perjudicado por un acuerdo desequilibrado e injusto<\/h2>\n\n\n\n<p>ASAJA valora como un paso fundamental el aval del Parlamento Europeo para someter el acuerdo UE-Mercosur a control jur\u00eddico y destaca que esta decisi\u00f3n es tambi\u00e9n fruto del papel activo que la organizaci\u00f3n ha desempe\u00f1ado desde COPA- COGECA, impulsando las movilizaciones celebradas el 18 de diciembre en Bruselas y el 20 de enero en Estrasburgo. <\/p>\n\n\n\n<p>ASAJA subraya la importancia de la organizaci\u00f3n y la representaci\u00f3n agraria para que las demandas del sector lleguen a los centros de decisi\u00f3n europeos y puedan traducirse en avances concretos, y agradece el compromiso de los agricultores y ganaderos que han participado en las movilizaciones para defender un acuerdo justo y equilibrado para el sector agroalimentario.<\/p>\n\n\n\n<p><strong>ESTRASBURDO SOMETE A CONTROL JUR\u00cdDICO EL ACUERDO CON MERCOSUR<\/strong>. Desde ASAJA se valora como un paso fundamental la aprobaci\u00f3n, el 21 de enero en el Pleno del Parlamento Europeo en Estrasburgo, de la solicitud para someter a control jur\u00eddico, mediante un dictamen del Tribunal de Justicia de la Uni\u00f3n Europea, el acuerdo UE-Mercosur. Esta decisi\u00f3n permite avanzar en el an\u00e1lisis de un acuerdo que el sector agrario y ganadero viene denunciando desde hace tiempo por su grave impacto econ\u00f3mico, productivo y territorial, as\u00ed como por las dudas jur\u00eddicas y pol\u00edticas de fondo que plantea. <\/p>\n\n\n\n<p>El <strong>presidente nacional de ASAJA, Pedro Barato<\/strong>, subraya que la aprobaci\u00f3n de esta solicitud \u201crefleja que existen dudas jur\u00eddicas y pol\u00edticas reales sobre el acuerdo UE-Mercosur\u201d y conf\u00eda en que este dictamen \u201csirva para frenar la ratificaci\u00f3n de un acuerdo claramente desequilibrado y perjudicial para los agricultores y ganaderos europeo y que pone en riesgo la viabilidad de miles de explotaciones\u201d. <\/p>\n\n\n\n<p>La organizaci\u00f3n destaca que el acuerdo vaya a ser sometido a un examen jur\u00eddico, un elemento clave ante un texto que genera desequilibrios y competencia desleal para el campo europeo y, en particular, para el sector agrario y ganadero espa\u00f1ol. A la vez, hace un llamamiento al Gobierno de Espa\u00f1a para que defienda al sector agrario y ganadero, garantizando el principio de reciprocidad y unas condiciones de competencia justas.<\/p>\n\n\n\n<p>ASAJA recuerda que este avance se produce tras semanas de trabajo y movilizaci\u00f3n del sector, impulsadas desde el \u00e1mbito europeo, desde el COPA \u2013 COGECA, y subraya la importancia de la organizaci\u00f3n y la representaci\u00f3n profesional agraria para que las reivindicaciones del campo lleguen a los centros de decisi\u00f3n. <\/p>\n\n\n\n<p>La organizaci\u00f3n agradece, por \u00faltimo, el compromiso de los agricultores y ganaderos que han participado en las movilizaciones de Bruselas y Estrasburgo, cuya implicaci\u00f3n ha sido clave para que este debate se sit\u00fae en la agenda pol\u00edtica europea.<\/p>\n","protected":false},"excerpt":{"rendered":"<p>La organizaci\u00f3n conf\u00eda en que el control jur\u00eddico del acuerdo UE-Mercosur frene su ratificaci\u00f3n ante las dudas jur\u00eddicas y pol\u00edticas que plantea y su grave impacto sobre un sector agroalimentario claramente perjudicado por un acuerdo desequilibrado e injusto ASAJA valora como un paso fundamental el aval del Parlamento Europeo para someter el acuerdo UE-Mercosur a [&hellip;]<\/p>\n","protected":false},"author":9,"featured_media":22050,"comment_status":"open","ping_status":"open","sticky":false,"template":"","format":"standard","meta":{"footnotes":""},"categories":[9,29,28],"tags":[58,351,77,352],"yoast_head":"<!-- This site is optimized with the Yoast SEO plugin v24.5 - https:\/\/yoast.com\/wordpress\/plugins\/seo\/ -->\n<title>ASAJA celebra el aval del Parlamento Europeo para someter el acuerdo UE-Mercosur a control jur\u00eddico - ASAJA Palencia<\/title>\n<meta name=\"description\" content=\"La organizaci\u00f3n conf\u00eda en que el control jur\u00eddico del acuerdo UE-Mercosur frene su ratificaci\u00f3n ante las dudas jur\u00eddicas y pol\u00edticas que plantea y su\" \/>\n<meta name=\"robots\" content=\"index, follow, max-snippet:-1, max-image-preview:large, max-video-preview:-1\" \/>\n<link rel=\"canonical\" href=\"https:\/\/www.asajacyl.com\/palencia\/asaja-palencia-informa\/asaja-celebra-el-aval-del-parlamento-europeo-para-someter-el-acuerdo-ue-mercosur-a-control-juridico\" \/>\n<meta property=\"og:locale\" content=\"es_ES\" \/>\n<meta property=\"og:type\" content=\"article\" \/>\n<meta property=\"og:title\" content=\"ASAJA celebra el aval del Parlamento Europeo para someter el acuerdo UE-Mercosur a control jur\u00eddico - ASAJA Palencia\" \/>\n<meta property=\"og:description\" content=\"La organizaci\u00f3n conf\u00eda en que el control jur\u00eddico del acuerdo UE-Mercosur frene su ratificaci\u00f3n ante las dudas jur\u00eddicas y pol\u00edticas que plantea y su\" \/>\n<meta property=\"og:url\" content=\"https:\/\/www.asajacyl.com\/palencia\/asaja-palencia-informa\/asaja-celebra-el-aval-del-parlamento-europeo-para-someter-el-acuerdo-ue-mercosur-a-control-juridico\" \/>\n<meta property=\"og:site_name\" content=\"ASAJA Palencia\" \/>\n<meta property=\"article:published_time\" content=\"2026-01-22T07:40:58+00:00\" \/>\n<meta property=\"article:modified_time\" content=\"2026-01-22T12:31:31+00:00\" \/>\n<meta property=\"og:image\" content=\"https:\/\/www.asajacyl.com\/palencia\/wp-content\/uploads\/sites\/3\/2026\/01\/RESULTADO-VOTACION-ESTRASBURGO.jpg\" \/>\n\t<meta property=\"og:image:width\" content=\"793\" \/>\n\t<meta property=\"og:image:height\" content=\"428\" \/>\n\t<meta property=\"og:image:type\" content=\"image\/jpeg\" \/>\n<meta name=\"author\" content=\"Administrador\" \/>\n<meta name=\"twitter:card\" content=\"summary_large_image\" \/>\n<meta name=\"twitter:label1\" content=\"Escrito por\" \/>\n\t<meta name=\"twitter:data1\" content=\"Administrador\" \/>\n\t<meta name=\"twitter:label2\" content=\"Tiempo de lectura\" \/>\n\t<meta name=\"twitter:data2\" content=\"3 minutos\" \/>\n<script type=\"application\/ld+json\" class=\"yoast-schema-graph\">{\"@context\":\"https:\/\/schema.org\",\"@graph\":[{\"@type\":\"WebPage\",\"@id\":\"https:\/\/www.asajacyl.com\/palencia\/asaja-palencia-informa\/asaja-celebra-el-aval-del-parlamento-europeo-para-someter-el-acuerdo-ue-mercosur-a-control-juridico\",\"url\":\"https:\/\/www.asajacyl.com\/palencia\/asaja-palencia-informa\/asaja-celebra-el-aval-del-parlamento-europeo-para-someter-el-acuerdo-ue-mercosur-a-control-juridico\",\"name\":\"ASAJA celebra el aval del Parlamento Europeo para someter el acuerdo UE-Mercosur a control jur\u00eddico - ASAJA Palencia\",\"isPartOf\":{\"@id\":\"https:\/\/www.asajacyl.com\/palencia\/#website\"},\"primaryImageOfPage\":{\"@id\":\"https:\/\/www.asajacyl.com\/palencia\/asaja-palencia-informa\/asaja-celebra-el-aval-del-parlamento-europeo-para-someter-el-acuerdo-ue-mercosur-a-control-juridico#primaryimage\"},\"image\":{\"@id\":\"https:\/\/www.asajacyl.com\/palencia\/asaja-palencia-informa\/asaja-celebra-el-aval-del-parlamento-europeo-para-someter-el-acuerdo-ue-mercosur-a-control-juridico#primaryimage\"},\"thumbnailUrl\":\"https:\/\/www.asajacyl.com\/palencia\/wp-content\/uploads\/sites\/3\/2026\/01\/RESULTADO-VOTACION-ESTRASBURGO.jpg\",\"datePublished\":\"2026-01-22T07:40:58+00:00\",\"dateModified\":\"2026-01-22T12:31:31+00:00\",\"author\":{\"@id\":\"https:\/\/www.asajacyl.com\/palencia\/#\/schema\/person\/3ab17aeb03527485c317557fae64aab1\"},\"description\":\"La organizaci\u00f3n conf\u00eda en que el control jur\u00eddico del acuerdo UE-Mercosur frene su ratificaci\u00f3n ante las dudas jur\u00eddicas y pol\u00edticas que plantea y su\",\"breadcrumb\":{\"@id\":\"https:\/\/www.asajacyl.com\/palencia\/asaja-palencia-informa\/asaja-celebra-el-aval-del-parlamento-europeo-para-someter-el-acuerdo-ue-mercosur-a-control-juridico#breadcrumb\"},\"inLanguage\":\"es\",\"potentialAction\":[{\"@type\":\"ReadAction\",\"target\":[\"https:\/\/www.asajacyl.com\/palencia\/asaja-palencia-informa\/asaja-celebra-el-aval-del-parlamento-europeo-para-someter-el-acuerdo-ue-mercosur-a-control-juridico\"]}]},{\"@type\":\"ImageObject\",\"inLanguage\":\"es\",\"@id\":\"https:\/\/www.asajacyl.com\/palencia\/asaja-palencia-informa\/asaja-celebra-el-aval-del-parlamento-europeo-para-someter-el-acuerdo-ue-mercosur-a-control-juridico#primaryimage\",\"url\":\"https:\/\/www.asajacyl.com\/palencia\/wp-content\/uploads\/sites\/3\/2026\/01\/RESULTADO-VOTACION-ESTRASBURGO.jpg\",\"contentUrl\":\"https:\/\/www.asajacyl.com\/palencia\/wp-content\/uploads\/sites\/3\/2026\/01\/RESULTADO-VOTACION-ESTRASBURGO.jpg\",\"width\":793,\"height\":428},{\"@type\":\"BreadcrumbList\",\"@id\":\"https:\/\/www.asajacyl.com\/palencia\/asaja-palencia-informa\/asaja-celebra-el-aval-del-parlamento-europeo-para-someter-el-acuerdo-ue-mercosur-a-control-juridico#breadcrumb\",\"itemListElement\":[{\"@type\":\"ListItem\",\"position\":1,\"name\":\"Portada\",\"item\":\"https:\/\/www.asajacyl.com\/palencia\/\"},{\"@type\":\"ListItem\",\"position\":2,\"name\":\"ASAJA celebra el aval del Parlamento Europeo para someter el acuerdo UE-Mercosur a control jur\u00eddico\"}]},{\"@type\":\"WebSite\",\"@id\":\"https:\/\/www.asajacyl.com\/palencia\/#website\",\"url\":\"https:\/\/www.asajacyl.com\/palencia\/\",\"name\":\"ASAJA Palencia\",\"description\":\"Otro sitio m\u00e1s de Provincias ASAJA Castilla y Le\u00f3n\",\"potentialAction\":[{\"@type\":\"SearchAction\",\"target\":{\"@type\":\"EntryPoint\",\"urlTemplate\":\"https:\/\/www.asajacyl.com\/palencia\/?s={search_term_string}\"},\"query-input\":{\"@type\":\"PropertyValueSpecification\",\"valueRequired\":true,\"valueName\":\"search_term_string\"}}],\"inLanguage\":\"es\"},{\"@type\":\"Person\",\"@id\":\"https:\/\/www.asajacyl.com\/palencia\/#\/schema\/person\/3ab17aeb03527485c317557fae64aab1\",\"name\":\"Administrador\",\"image\":{\"@type\":\"ImageObject\",\"inLanguage\":\"es\",\"@id\":\"https:\/\/www.asajacyl.com\/palencia\/#\/schema\/person\/image\/\",\"url\":\"https:\/\/secure.gravatar.com\/avatar\/517384810d242ca9e38c180f3c9fb973?s=96&d=mm&r=g\",\"contentUrl\":\"https:\/\/secure.gravatar.com\/avatar\/517384810d242ca9e38c180f3c9fb973?s=96&d=mm&r=g\",\"caption\":\"Administrador\"},\"url\":\"https:\/\/www.asajacyl.com\/palencia\/author\/carlosrm\"}]}<\/script>\n<!-- \/ Yoast SEO plugin. -->","yoast_head_json":{"title":"ASAJA celebra el aval del Parlamento Europeo para someter el acuerdo UE-Mercosur a control jur\u00eddico - ASAJA Palencia","description":"La organizaci\u00f3n conf\u00eda en que el control jur\u00eddico del acuerdo UE-Mercosur frene su ratificaci\u00f3n ante las dudas jur\u00eddicas y pol\u00edticas que plantea y su","robots":{"index":"index","follow":"follow","max-snippet":"max-snippet:-1","max-image-preview":"max-image-preview:large","max-video-preview":"max-video-preview:-1"},"canonical":"https:\/\/www.asajacyl.com\/palencia\/asaja-palencia-informa\/asaja-celebra-el-aval-del-parlamento-europeo-para-someter-el-acuerdo-ue-mercosur-a-control-juridico","og_locale":"es_ES","og_type":"article","og_title":"ASAJA celebra el aval del Parlamento Europeo para someter el acuerdo UE-Mercosur a control jur\u00eddico - ASAJA Palencia","og_description":"La organizaci\u00f3n conf\u00eda en que el control jur\u00eddico del acuerdo UE-Mercosur frene su ratificaci\u00f3n ante las dudas jur\u00eddicas y pol\u00edticas que plantea y su","og_url":"https:\/\/www.asajacyl.com\/palencia\/asaja-palencia-informa\/asaja-celebra-el-aval-del-parlamento-europeo-para-someter-el-acuerdo-ue-mercosur-a-control-juridico","og_site_name":"ASAJA Palencia","article_published_time":"2026-01-22T07:40:58+00:00","article_modified_time":"2026-01-22T12:31:31+00:00","og_image":[{"width":793,"height":428,"url":"https:\/\/www.asajacyl.com\/palencia\/wp-content\/uploads\/sites\/3\/2026\/01\/RESULTADO-VOTACION-ESTRASBURGO.jpg","type":"image\/jpeg"}],"author":"Administrador","twitter_card":"summary_large_image","twitter_misc":{"Escrito por":"Administrador","Tiempo de lectura":"3 minutos"},"schema":{"@context":"https:\/\/schema.org","@graph":[{"@type":"WebPage","@id":"https:\/\/www.asajacyl.com\/palencia\/asaja-palencia-informa\/asaja-celebra-el-aval-del-parlamento-europeo-para-someter-el-acuerdo-ue-mercosur-a-control-juridico","url":"https:\/\/www.asajacyl.com\/palencia\/asaja-palencia-informa\/asaja-celebra-el-aval-del-parlamento-europeo-para-someter-el-acuerdo-ue-mercosur-a-control-juridico","name":"ASAJA celebra el aval del Parlamento Europeo para someter el acuerdo UE-Mercosur a control jur\u00eddico - ASAJA Palencia","isPartOf":{"@id":"https:\/\/www.asajacyl.com\/palencia\/#website"},"primaryImageOfPage":{"@id":"https:\/\/www.asajacyl.com\/palencia\/asaja-palencia-informa\/asaja-celebra-el-aval-del-parlamento-europeo-para-someter-el-acuerdo-ue-mercosur-a-control-juridico#primaryimage"},"image":{"@id":"https:\/\/www.asajacyl.com\/palencia\/asaja-palencia-informa\/asaja-celebra-el-aval-del-parlamento-europeo-para-someter-el-acuerdo-ue-mercosur-a-control-juridico#primaryimage"},"thumbnailUrl":"https:\/\/www.asajacyl.com\/palencia\/wp-content\/uploads\/sites\/3\/2026\/01\/RESULTADO-VOTACION-ESTRASBURGO.jpg","datePublished":"2026-01-22T07:40:58+00:00","dateModified":"2026-01-22T12:31:31+00:00","author":{"@id":"https:\/\/www.asajacyl.com\/palencia\/#\/schema\/person\/3ab17aeb03527485c317557fae64aab1"},"description":"La organizaci\u00f3n conf\u00eda en que el control jur\u00eddico del acuerdo UE-Mercosur frene su ratificaci\u00f3n ante las dudas jur\u00eddicas y pol\u00edticas que plantea y su","breadcrumb":{"@id":"https:\/\/www.asajacyl.com\/palencia\/asaja-palencia-informa\/asaja-celebra-el-aval-del-parlamento-europeo-para-someter-el-acuerdo-ue-mercosur-a-control-juridico#breadcrumb"},"inLanguage":"es","potentialAction":[{"@type":"ReadAction","target":["https:\/\/www.asajacyl.com\/palencia\/asaja-palencia-informa\/asaja-celebra-el-aval-del-parlamento-europeo-para-someter-el-acuerdo-ue-mercosur-a-control-juridico"]}]},{"@type":"ImageObject","inLanguage":"es","@id":"https:\/\/www.asajacyl.com\/palencia\/asaja-palencia-informa\/asaja-celebra-el-aval-del-parlamento-europeo-para-someter-el-acuerdo-ue-mercosur-a-control-juridico#primaryimage","url":"https:\/\/www.asajacyl.com\/palencia\/wp-content\/uploads\/sites\/3\/2026\/01\/RESULTADO-VOTACION-ESTRASBURGO.jpg","contentUrl":"https:\/\/www.asajacyl.com\/palencia\/wp-content\/uploads\/sites\/3\/2026\/01\/RESULTADO-VOTACION-ESTRASBURGO.jpg","width":793,"height":428},{"@type":"BreadcrumbList","@id":"https:\/\/www.asajacyl.com\/palencia\/asaja-palencia-informa\/asaja-celebra-el-aval-del-parlamento-europeo-para-someter-el-acuerdo-ue-mercosur-a-control-juridico#breadcrumb","itemListElement":[{"@type":"ListItem","position":1,"name":"Portada","item":"https:\/\/www.asajacyl.com\/palencia\/"},{"@type":"ListItem","position":2,"name":"ASAJA celebra el aval del Parlamento Europeo para someter el acuerdo UE-Mercosur a control jur\u00eddico"}]},{"@type":"WebSite","@id":"https:\/\/www.asajacyl.com\/palencia\/#website","url":"https:\/\/www.asajacyl.com\/palencia\/","name":"ASAJA Palencia","description":"Otro sitio m\u00e1s de Provincias ASAJA Castilla y Le\u00f3n","potentialAction":[{"@type":"SearchAction","target":{"@type":"EntryPoint","urlTemplate":"https:\/\/www.asajacyl.com\/palencia\/?s={search_term_string}"},"query-input":{"@type":"PropertyValueSpecification","valueRequired":true,"valueName":"search_term_string"}}],"inLanguage":"es"},{"@type":"Person","@id":"https:\/\/www.asajacyl.com\/palencia\/#\/schema\/person\/3ab17aeb03527485c317557fae64aab1","name":"Administrador","image":{"@type":"ImageObject","inLanguage":"es","@id":"https:\/\/www.asajacyl.com\/palencia\/#\/schema\/person\/image\/","url":"https:\/\/secure.gravatar.com\/avatar\/517384810d242ca9e38c180f3c9fb973?s=96&d=mm&r=g","contentUrl":"https:\/\/secure.gravatar.com\/avatar\/517384810d242ca9e38c180f3c9fb973?s=96&d=mm&r=g","caption":"Administrador"},"url":"https:\/\/www.asajacyl.com\/palencia\/author\/carlosrm"}]}},"_links":{"self":[{"href":"https:\/\/www.asajacyl.com\/palencia\/wp-json\/wp\/v2\/posts\/22049"}],"collection":[{"href":"https:\/\/www.asajacyl.com\/palencia\/wp-json\/wp\/v2\/posts"}],"about":[{"href":"https:\/\/www.asajacyl.com\/palencia\/wp-json\/wp\/v2\/types\/post"}],"author":[{"embeddable":true,"href":"https:\/\/www.asajacyl.com\/palencia\/wp-json\/wp\/v2\/users\/9"}],"replies":[{"embeddable":true,"href":"https:\/\/www.asajacyl.com\/palencia\/wp-json\/wp\/v2\/comments?post=22049"}],"version-history":[{"count":3,"href":"https:\/\/www.asajacyl.com\/palencia\/wp-json\/wp\/v2\/posts\/22049\/revisions"}],"predecessor-version":[{"id":22059,"href":"https:\/\/www.asajacyl.com\/palencia\/wp-json\/wp\/v2\/posts\/22049\/revisions\/22059"}],"wp:featuredmedia":[{"embeddable":true,"href":"https:\/\/www.asajacyl.com\/palencia\/wp-json\/wp\/v2\/media\/22050"}],"wp:attachment":[{"href":"https:\/\/www.asajacyl.com\/palencia\/wp-json\/wp\/v2\/media?parent=22049"}],"wp:term":[{"taxonomy":"category","embeddable":true,"href":"https:\/\/www.asajacyl.com\/palencia\/wp-json\/wp\/v2\/categories?post=22049"},{"taxonomy":"post_tag","embeddable":true,"href":"https:\/\/www.asajacyl.com\/palencia\/wp-json\/wp\/v2\/tags?post=22049"}],"curies":[{"name":"wp","href":"https:\/\/api.w.org\/{rel}","templated":true}]}}