{"id":22054,"date":"2026-01-22T13:19:24","date_gmt":"2026-01-22T12:19:24","guid":{"rendered":"https:\/\/www.asajacyl.com\/palencia\/?p=22054"},"modified":"2026-01-24T09:56:01","modified_gmt":"2026-01-24T08:56:01","slug":"estancamiento-en-los-precios-de-los-cereales-en-leon","status":"publish","type":"post","link":"https:\/\/www.asajacyl.com\/palencia\/asaja-palencia-informa\/estancamiento-en-los-precios-de-los-cereales-en-leon","title":{"rendered":"Estancamiento en los precios de los cereales en Le\u00f3n"},"content":{"rendered":"\n<h2 class=\"wp-block-heading\">La sesi\u00f3n semanal de la&nbsp;<a href=\"http:\/\/www.lonjadeleon.es\/\" target=\"_blank\" rel=\"noreferrer noopener\">lonja de Le\u00f3n<\/a>, celebrada el 21 de enero, cerr\u00f3 con estabilidad en todas las cotizaciones cerealistas y patateras. S\u00f3lo los forrajes han experimentado subidas apreciables.<\/h2>\n\n\n\n<p>La lonja de Le\u00f3n celebrada el 21 de enero vivi\u00f3 una sesi\u00f3n dominada, una semana m\u00e1s, por la repetici\u00f3n en las cotizaciones de los cereales y de las patatas.<\/p>\n\n\n\n<p>En este sentido, el mercado patatero sigue bajo m\u00ednimos, con precios por debajo de la rentabilidad, lo que hace que mucho productores opten por dejar los tub\u00e9rculos en las tierras.<\/p>\n\n\n\n<p>S\u00f3lo el <strong>mercado forrajero<\/strong> ha tenido protagonismo en la lonja leonesa, con importantes subidas en todos los productos, destacando la subida de 10 euros\/tonelada en la veza (hasta los 140 euros). Tampoco hay que olvidar, por el volumen de negocio, las subidas de 5 euros\/tonelada en la alfalfa deshidratada (hasta los 230 euros) y de la alfalfa en rama (hasta los 190 euros).<\/p>\n\n\n\n<p><img loading=\"lazy\" decoding=\"async\" width=\"1024\" height=\"768\" class=\"wp-image-22055\" style=\"width: 750px\" src=\"https:\/\/www.asajacyl.com\/palencia\/wp-content\/uploads\/sites\/3\/2026\/01\/Tabla-precios-agricultura-21-1-26.jpg\" alt=\"\" srcset=\"https:\/\/www.asajacyl.com\/palencia\/wp-content\/uploads\/sites\/3\/2026\/01\/Tabla-precios-agricultura-21-1-26.jpg 1024w, https:\/\/www.asajacyl.com\/palencia\/wp-content\/uploads\/sites\/3\/2026\/01\/Tabla-precios-agricultura-21-1-26-300x225.jpg 300w, https:\/\/www.asajacyl.com\/palencia\/wp-content\/uploads\/sites\/3\/2026\/01\/Tabla-precios-agricultura-21-1-26-768x576.jpg 768w, https:\/\/www.asajacyl.com\/palencia\/wp-content\/uploads\/sites\/3\/2026\/01\/Tabla-precios-agricultura-21-1-26-560x420.jpg 560w, https:\/\/www.asajacyl.com\/palencia\/wp-content\/uploads\/sites\/3\/2026\/01\/Tabla-precios-agricultura-21-1-26-80x60.jpg 80w, https:\/\/www.asajacyl.com\/palencia\/wp-content\/uploads\/sites\/3\/2026\/01\/Tabla-precios-agricultura-21-1-26-696x522.jpg 696w\" sizes=\"(max-width: 1024px) 100vw, 1024px\" \/><\/p>\n\n\n\n<p><strong>MERCADO DE MA\u00cdZ<\/strong>. Por lo que respecta al ma\u00edz, del el 1 de julio de 2025 al 15 de enero actual, <strong>Estados Unidos se ha posicionado como primer exportador de ma\u00edz hacia la Uni\u00f3n Europea<\/strong>, con 3,09 MTm, adelantando a <strong>Brasil <\/strong>con 2,95 MTm y a <strong>Ucrania<\/strong> con 2,50 MTm.<\/p>\n\n\n\n<p>Estos son datos de importancia en un momento cr\u00edtico entre la UE y Estados Unidos por la postura de Donal Trump, puesto que la UE ahora s\u00ed parece haberse hartado y se prepara para responder con dureza.<\/p>\n\n\n\n<p><strong>RESPUESTA DE LA UNI\u00d3N EUROPEA A TRUMP<\/strong>. En la <strong>cumbre de emergencia el 22 de enero<\/strong> en Bruselas de los m\u00e1ximos mandatarios de los 27 Estados Miembros de la <strong>UE<\/strong>, se baraja un abanico de propuestas para responder a los chantajes de Trump, seg\u00fan los analistas de la lonja de Le\u00f3n.<\/p>\n\n\n\n<p>Entre las medidas que podr\u00eda barajar la UE son, por un lado, la no se ratificaci\u00f3n del acuerdo comercial bilateral que se firm\u00f3 en verano y, por otro, la imposici\u00f3n de aranceles hacia los productos de Estados Unidos por valor de 93.000 millones de euros.<\/p>\n\n\n\n<p>Seg\u00fan los t\u00e9cnicos de la lonja de Le\u00f3n, habr\u00e1 que ver si esta tensi\u00f3n se suaviza o se intensifica en el Foro de Davos que se est\u00e1 desarrolla estos d\u00edas en la localidad suiza.<\/p>\n","protected":false},"excerpt":{"rendered":"<p>La sesi\u00f3n semanal de la&nbsp;lonja de Le\u00f3n, celebrada el 21 de enero, cerr\u00f3 con estabilidad en todas las cotizaciones cerealistas y patateras. S\u00f3lo los forrajes han experimentado subidas apreciables. La lonja de Le\u00f3n celebrada el 21 de enero vivi\u00f3 una sesi\u00f3n dominada, una semana m\u00e1s, por la repetici\u00f3n en las cotizaciones de los cereales y [&hellip;]<\/p>\n","protected":false},"author":9,"featured_media":22055,"comment_status":"open","ping_status":"open","sticky":false,"template":"","format":"standard","meta":{"footnotes":""},"categories":[9,36,28],"tags":[1698,1704,58,46],"yoast_head":"<!-- This site is optimized with the Yoast SEO plugin v24.5 - https:\/\/yoast.com\/wordpress\/plugins\/seo\/ -->\n<title>Estancamiento en los precios de los cereales en Le\u00f3n - ASAJA Palencia<\/title>\n<meta name=\"description\" content=\"La sesi\u00f3n semanal de la&nbsp;lonja de Le\u00f3n, celebrada el 21 de enero, cerr\u00f3 con estabilidad en todas las cotizaciones cerealistas y patateras. S\u00f3lo los Estancamiento en los precios de los cereales en Le\u00f3n. S\u00f3lo los forrajes han experimentado incrementos apreciables.\" \/>\n<meta name=\"robots\" content=\"index, follow, max-snippet:-1, max-image-preview:large, max-video-preview:-1\" \/>\n<link rel=\"canonical\" href=\"https:\/\/www.asajacyl.com\/palencia\/asaja-palencia-informa\/estancamiento-en-los-precios-de-los-cereales-en-leon\" \/>\n<meta property=\"og:locale\" content=\"es_ES\" \/>\n<meta property=\"og:type\" content=\"article\" \/>\n<meta property=\"og:title\" content=\"Estancamiento en los precios de los cereales en Le\u00f3n - ASAJA Palencia\" \/>\n<meta property=\"og:description\" content=\"La sesi\u00f3n semanal de la&nbsp;lonja de Le\u00f3n, celebrada el 21 de enero, cerr\u00f3 con estabilidad en todas las cotizaciones cerealistas y patateras. S\u00f3lo los Estancamiento en los precios de los cereales en Le\u00f3n. S\u00f3lo los forrajes han experimentado incrementos apreciables.\" \/>\n<meta property=\"og:url\" content=\"https:\/\/www.asajacyl.com\/palencia\/asaja-palencia-informa\/estancamiento-en-los-precios-de-los-cereales-en-leon\" \/>\n<meta property=\"og:site_name\" content=\"ASAJA Palencia\" \/>\n<meta property=\"article:published_time\" content=\"2026-01-22T12:19:24+00:00\" \/>\n<meta property=\"article:modified_time\" content=\"2026-01-24T08:56:01+00:00\" \/>\n<meta property=\"og:image\" content=\"https:\/\/www.asajacyl.com\/palencia\/wp-content\/uploads\/sites\/3\/2026\/01\/Tabla-precios-agricultura-21-1-26.jpg\" \/>\n\t<meta property=\"og:image:width\" content=\"1024\" \/>\n\t<meta property=\"og:image:height\" content=\"768\" \/>\n\t<meta property=\"og:image:type\" content=\"image\/jpeg\" \/>\n<meta name=\"author\" content=\"Administrador\" \/>\n<meta name=\"twitter:card\" content=\"summary_large_image\" \/>\n<meta name=\"twitter:label1\" content=\"Escrito por\" \/>\n\t<meta name=\"twitter:data1\" content=\"Administrador\" \/>\n\t<meta name=\"twitter:label2\" content=\"Tiempo de lectura\" \/>\n\t<meta name=\"twitter:data2\" content=\"3 minutos\" \/>\n<script type=\"application\/ld+json\" class=\"yoast-schema-graph\">{\"@context\":\"https:\/\/schema.org\",\"@graph\":[{\"@type\":\"WebPage\",\"@id\":\"https:\/\/www.asajacyl.com\/palencia\/asaja-palencia-informa\/estancamiento-en-los-precios-de-los-cereales-en-leon\",\"url\":\"https:\/\/www.asajacyl.com\/palencia\/asaja-palencia-informa\/estancamiento-en-los-precios-de-los-cereales-en-leon\",\"name\":\"Estancamiento en los precios de los cereales en Le\u00f3n - ASAJA Palencia\",\"isPartOf\":{\"@id\":\"https:\/\/www.asajacyl.com\/palencia\/#website\"},\"primaryImageOfPage\":{\"@id\":\"https:\/\/www.asajacyl.com\/palencia\/asaja-palencia-informa\/estancamiento-en-los-precios-de-los-cereales-en-leon#primaryimage\"},\"image\":{\"@id\":\"https:\/\/www.asajacyl.com\/palencia\/asaja-palencia-informa\/estancamiento-en-los-precios-de-los-cereales-en-leon#primaryimage\"},\"thumbnailUrl\":\"https:\/\/www.asajacyl.com\/palencia\/wp-content\/uploads\/sites\/3\/2026\/01\/Tabla-precios-agricultura-21-1-26.jpg\",\"datePublished\":\"2026-01-22T12:19:24+00:00\",\"dateModified\":\"2026-01-24T08:56:01+00:00\",\"author\":{\"@id\":\"https:\/\/www.asajacyl.com\/palencia\/#\/schema\/person\/3ab17aeb03527485c317557fae64aab1\"},\"description\":\"La sesi\u00f3n semanal de la&nbsp;lonja de Le\u00f3n, celebrada el 21 de enero, cerr\u00f3 con estabilidad en todas las cotizaciones cerealistas y patateras. S\u00f3lo los Estancamiento en los precios de los cereales en Le\u00f3n. S\u00f3lo los forrajes han experimentado incrementos apreciables.\",\"breadcrumb\":{\"@id\":\"https:\/\/www.asajacyl.com\/palencia\/asaja-palencia-informa\/estancamiento-en-los-precios-de-los-cereales-en-leon#breadcrumb\"},\"inLanguage\":\"es\",\"potentialAction\":[{\"@type\":\"ReadAction\",\"target\":[\"https:\/\/www.asajacyl.com\/palencia\/asaja-palencia-informa\/estancamiento-en-los-precios-de-los-cereales-en-leon\"]}]},{\"@type\":\"ImageObject\",\"inLanguage\":\"es\",\"@id\":\"https:\/\/www.asajacyl.com\/palencia\/asaja-palencia-informa\/estancamiento-en-los-precios-de-los-cereales-en-leon#primaryimage\",\"url\":\"https:\/\/www.asajacyl.com\/palencia\/wp-content\/uploads\/sites\/3\/2026\/01\/Tabla-precios-agricultura-21-1-26.jpg\",\"contentUrl\":\"https:\/\/www.asajacyl.com\/palencia\/wp-content\/uploads\/sites\/3\/2026\/01\/Tabla-precios-agricultura-21-1-26.jpg\",\"width\":1024,\"height\":768},{\"@type\":\"BreadcrumbList\",\"@id\":\"https:\/\/www.asajacyl.com\/palencia\/asaja-palencia-informa\/estancamiento-en-los-precios-de-los-cereales-en-leon#breadcrumb\",\"itemListElement\":[{\"@type\":\"ListItem\",\"position\":1,\"name\":\"Portada\",\"item\":\"https:\/\/www.asajacyl.com\/palencia\/\"},{\"@type\":\"ListItem\",\"position\":2,\"name\":\"Estancamiento en los precios de los cereales en Le\u00f3n\"}]},{\"@type\":\"WebSite\",\"@id\":\"https:\/\/www.asajacyl.com\/palencia\/#website\",\"url\":\"https:\/\/www.asajacyl.com\/palencia\/\",\"name\":\"ASAJA Palencia\",\"description\":\"Otro sitio m\u00e1s de Provincias ASAJA Castilla y Le\u00f3n\",\"potentialAction\":[{\"@type\":\"SearchAction\",\"target\":{\"@type\":\"EntryPoint\",\"urlTemplate\":\"https:\/\/www.asajacyl.com\/palencia\/?s={search_term_string}\"},\"query-input\":{\"@type\":\"PropertyValueSpecification\",\"valueRequired\":true,\"valueName\":\"search_term_string\"}}],\"inLanguage\":\"es\"},{\"@type\":\"Person\",\"@id\":\"https:\/\/www.asajacyl.com\/palencia\/#\/schema\/person\/3ab17aeb03527485c317557fae64aab1\",\"name\":\"Administrador\",\"image\":{\"@type\":\"ImageObject\",\"inLanguage\":\"es\",\"@id\":\"https:\/\/www.asajacyl.com\/palencia\/#\/schema\/person\/image\/\",\"url\":\"https:\/\/secure.gravatar.com\/avatar\/517384810d242ca9e38c180f3c9fb973?s=96&d=mm&r=g\",\"contentUrl\":\"https:\/\/secure.gravatar.com\/avatar\/517384810d242ca9e38c180f3c9fb973?s=96&d=mm&r=g\",\"caption\":\"Administrador\"},\"url\":\"https:\/\/www.asajacyl.com\/palencia\/author\/carlosrm\"}]}<\/script>\n<!-- \/ Yoast SEO plugin. -->","yoast_head_json":{"title":"Estancamiento en los precios de los cereales en Le\u00f3n - ASAJA Palencia","description":"La sesi\u00f3n semanal de la&nbsp;lonja de Le\u00f3n, celebrada el 21 de enero, cerr\u00f3 con estabilidad en todas las cotizaciones cerealistas y patateras. S\u00f3lo los Estancamiento en los precios de los cereales en Le\u00f3n. S\u00f3lo los forrajes han experimentado incrementos apreciables.","robots":{"index":"index","follow":"follow","max-snippet":"max-snippet:-1","max-image-preview":"max-image-preview:large","max-video-preview":"max-video-preview:-1"},"canonical":"https:\/\/www.asajacyl.com\/palencia\/asaja-palencia-informa\/estancamiento-en-los-precios-de-los-cereales-en-leon","og_locale":"es_ES","og_type":"article","og_title":"Estancamiento en los precios de los cereales en Le\u00f3n - ASAJA Palencia","og_description":"La sesi\u00f3n semanal de la&nbsp;lonja de Le\u00f3n, celebrada el 21 de enero, cerr\u00f3 con estabilidad en todas las cotizaciones cerealistas y patateras. S\u00f3lo los Estancamiento en los precios de los cereales en Le\u00f3n. S\u00f3lo los forrajes han experimentado incrementos apreciables.","og_url":"https:\/\/www.asajacyl.com\/palencia\/asaja-palencia-informa\/estancamiento-en-los-precios-de-los-cereales-en-leon","og_site_name":"ASAJA Palencia","article_published_time":"2026-01-22T12:19:24+00:00","article_modified_time":"2026-01-24T08:56:01+00:00","og_image":[{"width":1024,"height":768,"url":"https:\/\/www.asajacyl.com\/palencia\/wp-content\/uploads\/sites\/3\/2026\/01\/Tabla-precios-agricultura-21-1-26.jpg","type":"image\/jpeg"}],"author":"Administrador","twitter_card":"summary_large_image","twitter_misc":{"Escrito por":"Administrador","Tiempo de lectura":"3 minutos"},"schema":{"@context":"https:\/\/schema.org","@graph":[{"@type":"WebPage","@id":"https:\/\/www.asajacyl.com\/palencia\/asaja-palencia-informa\/estancamiento-en-los-precios-de-los-cereales-en-leon","url":"https:\/\/www.asajacyl.com\/palencia\/asaja-palencia-informa\/estancamiento-en-los-precios-de-los-cereales-en-leon","name":"Estancamiento en los precios de los cereales en Le\u00f3n - ASAJA Palencia","isPartOf":{"@id":"https:\/\/www.asajacyl.com\/palencia\/#website"},"primaryImageOfPage":{"@id":"https:\/\/www.asajacyl.com\/palencia\/asaja-palencia-informa\/estancamiento-en-los-precios-de-los-cereales-en-leon#primaryimage"},"image":{"@id":"https:\/\/www.asajacyl.com\/palencia\/asaja-palencia-informa\/estancamiento-en-los-precios-de-los-cereales-en-leon#primaryimage"},"thumbnailUrl":"https:\/\/www.asajacyl.com\/palencia\/wp-content\/uploads\/sites\/3\/2026\/01\/Tabla-precios-agricultura-21-1-26.jpg","datePublished":"2026-01-22T12:19:24+00:00","dateModified":"2026-01-24T08:56:01+00:00","author":{"@id":"https:\/\/www.asajacyl.com\/palencia\/#\/schema\/person\/3ab17aeb03527485c317557fae64aab1"},"description":"La sesi\u00f3n semanal de la&nbsp;lonja de Le\u00f3n, celebrada el 21 de enero, cerr\u00f3 con estabilidad en todas las cotizaciones cerealistas y patateras. S\u00f3lo los Estancamiento en los precios de los cereales en Le\u00f3n. S\u00f3lo los forrajes han experimentado incrementos apreciables.","breadcrumb":{"@id":"https:\/\/www.asajacyl.com\/palencia\/asaja-palencia-informa\/estancamiento-en-los-precios-de-los-cereales-en-leon#breadcrumb"},"inLanguage":"es","potentialAction":[{"@type":"ReadAction","target":["https:\/\/www.asajacyl.com\/palencia\/asaja-palencia-informa\/estancamiento-en-los-precios-de-los-cereales-en-leon"]}]},{"@type":"ImageObject","inLanguage":"es","@id":"https:\/\/www.asajacyl.com\/palencia\/asaja-palencia-informa\/estancamiento-en-los-precios-de-los-cereales-en-leon#primaryimage","url":"https:\/\/www.asajacyl.com\/palencia\/wp-content\/uploads\/sites\/3\/2026\/01\/Tabla-precios-agricultura-21-1-26.jpg","contentUrl":"https:\/\/www.asajacyl.com\/palencia\/wp-content\/uploads\/sites\/3\/2026\/01\/Tabla-precios-agricultura-21-1-26.jpg","width":1024,"height":768},{"@type":"BreadcrumbList","@id":"https:\/\/www.asajacyl.com\/palencia\/asaja-palencia-informa\/estancamiento-en-los-precios-de-los-cereales-en-leon#breadcrumb","itemListElement":[{"@type":"ListItem","position":1,"name":"Portada","item":"https:\/\/www.asajacyl.com\/palencia\/"},{"@type":"ListItem","position":2,"name":"Estancamiento en los precios de los cereales en Le\u00f3n"}]},{"@type":"WebSite","@id":"https:\/\/www.asajacyl.com\/palencia\/#website","url":"https:\/\/www.asajacyl.com\/palencia\/","name":"ASAJA Palencia","description":"Otro sitio m\u00e1s de Provincias ASAJA Castilla y Le\u00f3n","potentialAction":[{"@type":"SearchAction","target":{"@type":"EntryPoint","urlTemplate":"https:\/\/www.asajacyl.com\/palencia\/?s={search_term_string}"},"query-input":{"@type":"PropertyValueSpecification","valueRequired":true,"valueName":"search_term_string"}}],"inLanguage":"es"},{"@type":"Person","@id":"https:\/\/www.asajacyl.com\/palencia\/#\/schema\/person\/3ab17aeb03527485c317557fae64aab1","name":"Administrador","image":{"@type":"ImageObject","inLanguage":"es","@id":"https:\/\/www.asajacyl.com\/palencia\/#\/schema\/person\/image\/","url":"https:\/\/secure.gravatar.com\/avatar\/517384810d242ca9e38c180f3c9fb973?s=96&d=mm&r=g","contentUrl":"https:\/\/secure.gravatar.com\/avatar\/517384810d242ca9e38c180f3c9fb973?s=96&d=mm&r=g","caption":"Administrador"},"url":"https:\/\/www.asajacyl.com\/palencia\/author\/carlosrm"}]}},"_links":{"self":[{"href":"https:\/\/www.asajacyl.com\/palencia\/wp-json\/wp\/v2\/posts\/22054"}],"collection":[{"href":"https:\/\/www.asajacyl.com\/palencia\/wp-json\/wp\/v2\/posts"}],"about":[{"href":"https:\/\/www.asajacyl.com\/palencia\/wp-json\/wp\/v2\/types\/post"}],"author":[{"embeddable":true,"href":"https:\/\/www.asajacyl.com\/palencia\/wp-json\/wp\/v2\/users\/9"}],"replies":[{"embeddable":true,"href":"https:\/\/www.asajacyl.com\/palencia\/wp-json\/wp\/v2\/comments?post=22054"}],"version-history":[{"count":4,"href":"https:\/\/www.asajacyl.com\/palencia\/wp-json\/wp\/v2\/posts\/22054\/revisions"}],"predecessor-version":[{"id":22063,"href":"https:\/\/www.asajacyl.com\/palencia\/wp-json\/wp\/v2\/posts\/22054\/revisions\/22063"}],"wp:featuredmedia":[{"embeddable":true,"href":"https:\/\/www.asajacyl.com\/palencia\/wp-json\/wp\/v2\/media\/22055"}],"wp:attachment":[{"href":"https:\/\/www.asajacyl.com\/palencia\/wp-json\/wp\/v2\/media?parent=22054"}],"wp:term":[{"taxonomy":"category","embeddable":true,"href":"https:\/\/www.asajacyl.com\/palencia\/wp-json\/wp\/v2\/categories?post=22054"},{"taxonomy":"post_tag","embeddable":true,"href":"https:\/\/www.asajacyl.com\/palencia\/wp-json\/wp\/v2\/tags?post=22054"}],"curies":[{"name":"wp","href":"https:\/\/api.w.org\/{rel}","templated":true}]}}