{"id":22073,"date":"2026-01-23T11:33:58","date_gmt":"2026-01-23T10:33:58","guid":{"rendered":"https:\/\/www.asajacyl.com\/palencia\/?p=22073"},"modified":"2026-01-24T09:55:20","modified_gmt":"2026-01-24T08:55:20","slug":"asaja-pide-a-la-comision-y-al-consejo-que-respeten-la-voluntad-del-parlamento-europeo-y-no-activen-provisionalmente-el-acuerdo-ue-mercosur","status":"publish","type":"post","link":"https:\/\/www.asajacyl.com\/palencia\/asaja-palencia-informa\/asaja-pide-a-la-comision-y-al-consejo-que-respeten-la-voluntad-del-parlamento-europeo-y-no-activen-provisionalmente-el-acuerdo-ue-mercosur","title":{"rendered":"ASAJA pide a la Comisi\u00f3n y al Consejo que respeten la voluntad del Parlamento europeo y no activen provisionalmente el acuerdo UE-MERCOSUR"},"content":{"rendered":"\n<h2 class=\"wp-block-heading\">La organizaci\u00f3n reclama esperar al dictamen del Tribunal de Justicia de la UE ante las dudas jur\u00eddicas y pol\u00edticas existentes, y pone en valor la unidad y movilizaci\u00f3n del campo europeo.<\/h2>\n\n\n\n<p>La Asociaci\u00f3n Agraria J\u00f3venes Agricultores (ASAJA) ha reclamado a la Comisi\u00f3n Europea y al Consejo que respeten la voluntad expresada por el <strong>Parlamento Europeo<\/strong>, que ha solicitado un dictamen al <strong>Tribunal de Justicia de la Uni\u00f3n Europea<\/strong> sobre la legalidad del acuerdo UE-Mercosur, y que no se active de forma provisional la parte comercial del tratado mientras dure el proceso judicial.<\/p>\n\n\n\n<figure class=\"wp-block-image size-large\"><img loading=\"lazy\" decoding=\"async\" width=\"1024\" height=\"485\" src=\"https:\/\/www.asajacyl.com\/palencia\/wp-content\/uploads\/sites\/3\/2026\/01\/20240214_111402-1024x485.jpg\" alt=\"\" class=\"wp-image-22075\" srcset=\"https:\/\/www.asajacyl.com\/palencia\/wp-content\/uploads\/sites\/3\/2026\/01\/20240214_111402-1024x485.jpg 1024w, https:\/\/www.asajacyl.com\/palencia\/wp-content\/uploads\/sites\/3\/2026\/01\/20240214_111402-300x142.jpg 300w, https:\/\/www.asajacyl.com\/palencia\/wp-content\/uploads\/sites\/3\/2026\/01\/20240214_111402-768x363.jpg 768w, https:\/\/www.asajacyl.com\/palencia\/wp-content\/uploads\/sites\/3\/2026\/01\/20240214_111402-1536x727.jpg 1536w, https:\/\/www.asajacyl.com\/palencia\/wp-content\/uploads\/sites\/3\/2026\/01\/20240214_111402-2048x969.jpg 2048w, https:\/\/www.asajacyl.com\/palencia\/wp-content\/uploads\/sites\/3\/2026\/01\/20240214_111402-888x420.jpg 888w, https:\/\/www.asajacyl.com\/palencia\/wp-content\/uploads\/sites\/3\/2026\/01\/20240214_111402-696x329.jpg 696w, https:\/\/www.asajacyl.com\/palencia\/wp-content\/uploads\/sites\/3\/2026\/01\/20240214_111402-1068x505.jpg 1068w, https:\/\/www.asajacyl.com\/palencia\/wp-content\/uploads\/sites\/3\/2026\/01\/20240214_111402-1920x909.jpg 1920w\" sizes=\"(max-width: 1024px) 100vw, 1024px\" \/><\/figure>\n\n\n\n<p>ASAJA considera que aplicar provisionalmente el acuerdo pese a la decisi\u00f3n del Parlamento supondr\u00eda <strong>desvirtuar una resoluci\u00f3n democr\u00e1tica<\/strong> adoptada por una C\u00e1mara claramente dividida, lo que, a su juicio, evidencia la existencia de dudas jur\u00eddicas y pol\u00edticas de fondo sobre el acuerdo.<\/p>\n\n\n\n<p>La organizaci\u00f3n agraria subraya que el pronunciamiento del Parlamento Europeo no es simb\u00f3lico y <strong>debe ser respetado por el resto de instituciones comunitarias.<\/strong> Forzar la aplicaci\u00f3n provisional del acuerdo mientras el TJUE analiza su legalidad solo contribuir\u00eda, seg\u00fan ASAJA, a aumentar la desconfianza del sector agrario y de los ciudadanos hacia la Uni\u00f3n Europea.<\/p>\n\n\n\n<p>ASAJA ha puesto en valor la<strong> movilizaci\u00f3n unitaria del campo<\/strong> <strong>europeo<\/strong> en las \u00faltimas semanas, con concentraciones en Bruselas y Estrasburgo, que han logrado situar el debate sobre Mercosur en el centro de la agenda pol\u00edtica comunitaria.<\/p>\n\n\n\n<p>Asimismo, la organizaci\u00f3n ha mostrado su preocupaci\u00f3n por las declaraciones de la vicepresidenta ejecutiva de la Comisi\u00f3n Europea, <strong>Teresa Ribera<\/strong>, favorables a una posible aplicaci\u00f3n provisional del acuerdo, al considerar que no atienden a las dudas jur\u00eddicas planteadas ni a las preocupaciones del sector agrario.<\/p>\n\n\n\n<p>ASAJA insiste en que no<strong> se trata<\/strong> de bloquear el comercio, sino <strong>de garantizar seguridad jur\u00eddica y respeto institucional<\/strong>, y reclama que sea el Tribunal de Justicia de la UE quien determine el futuro del acuerdo UE-Mercosur.<\/p>\n","protected":false},"excerpt":{"rendered":"<p>La organizaci\u00f3n reclama esperar al dictamen del Tribunal de Justicia de la UE ante las dudas jur\u00eddicas y pol\u00edticas existentes, y pone en valor la unidad y movilizaci\u00f3n del campo europeo. La Asociaci\u00f3n Agraria J\u00f3venes Agricultores (ASAJA) ha reclamado a la Comisi\u00f3n Europea y al Consejo que respeten la voluntad expresada por el Parlamento Europeo, [&hellip;]<\/p>\n","protected":false},"author":9,"featured_media":22079,"comment_status":"open","ping_status":"open","sticky":false,"template":"","format":"standard","meta":{"footnotes":""},"categories":[9,29,28],"tags":[1698,1708,1707,58,77],"yoast_head":"<!-- This site is optimized with the Yoast SEO plugin v24.5 - https:\/\/yoast.com\/wordpress\/plugins\/seo\/ -->\n<title>ASAJA pide a la Comisi\u00f3n y al Consejo que respeten la voluntad del Parlamento europeo y no activen provisionalmente el acuerdo UE-MERCOSUR - ASAJA Palencia<\/title>\n<meta name=\"description\" content=\"La organizaci\u00f3n reclama esperar al dictamen del Tribunal de Justicia de la UE ante las dudas jur\u00eddicas y pol\u00edticas existentes, y pone en valor la unidad y\" \/>\n<meta name=\"robots\" content=\"index, follow, max-snippet:-1, max-image-preview:large, max-video-preview:-1\" \/>\n<link rel=\"canonical\" href=\"https:\/\/www.asajacyl.com\/palencia\/asaja-palencia-informa\/asaja-pide-a-la-comision-y-al-consejo-que-respeten-la-voluntad-del-parlamento-europeo-y-no-activen-provisionalmente-el-acuerdo-ue-mercosur\" \/>\n<meta property=\"og:locale\" content=\"es_ES\" \/>\n<meta property=\"og:type\" content=\"article\" \/>\n<meta property=\"og:title\" content=\"ASAJA pide a la Comisi\u00f3n y al Consejo que respeten la voluntad del Parlamento europeo y no activen provisionalmente el acuerdo UE-MERCOSUR - ASAJA Palencia\" \/>\n<meta property=\"og:description\" content=\"La organizaci\u00f3n reclama esperar al dictamen del Tribunal de Justicia de la UE ante las dudas jur\u00eddicas y pol\u00edticas existentes, y pone en valor la unidad y\" \/>\n<meta property=\"og:url\" content=\"https:\/\/www.asajacyl.com\/palencia\/asaja-palencia-informa\/asaja-pide-a-la-comision-y-al-consejo-que-respeten-la-voluntad-del-parlamento-europeo-y-no-activen-provisionalmente-el-acuerdo-ue-mercosur\" \/>\n<meta property=\"og:site_name\" content=\"ASAJA Palencia\" \/>\n<meta property=\"article:published_time\" content=\"2026-01-23T10:33:58+00:00\" \/>\n<meta property=\"article:modified_time\" content=\"2026-01-24T08:55:20+00:00\" \/>\n<meta property=\"og:image\" content=\"https:\/\/www.asajacyl.com\/palencia\/wp-content\/uploads\/sites\/3\/2026\/01\/Mani-20-enero-en-Estrasburgo.jpg\" \/>\n\t<meta property=\"og:image:width\" content=\"1024\" \/>\n\t<meta property=\"og:image:height\" content=\"574\" \/>\n\t<meta property=\"og:image:type\" content=\"image\/jpeg\" \/>\n<meta name=\"author\" content=\"Administrador\" \/>\n<meta name=\"twitter:card\" content=\"summary_large_image\" \/>\n<meta name=\"twitter:label1\" content=\"Escrito por\" \/>\n\t<meta name=\"twitter:data1\" content=\"Administrador\" \/>\n\t<meta name=\"twitter:label2\" content=\"Tiempo de lectura\" \/>\n\t<meta name=\"twitter:data2\" content=\"2 minutos\" \/>\n<script type=\"application\/ld+json\" class=\"yoast-schema-graph\">{\"@context\":\"https:\/\/schema.org\",\"@graph\":[{\"@type\":\"WebPage\",\"@id\":\"https:\/\/www.asajacyl.com\/palencia\/asaja-palencia-informa\/asaja-pide-a-la-comision-y-al-consejo-que-respeten-la-voluntad-del-parlamento-europeo-y-no-activen-provisionalmente-el-acuerdo-ue-mercosur\",\"url\":\"https:\/\/www.asajacyl.com\/palencia\/asaja-palencia-informa\/asaja-pide-a-la-comision-y-al-consejo-que-respeten-la-voluntad-del-parlamento-europeo-y-no-activen-provisionalmente-el-acuerdo-ue-mercosur\",\"name\":\"ASAJA pide a la Comisi\u00f3n y al Consejo que respeten la voluntad del Parlamento europeo y no activen provisionalmente el acuerdo UE-MERCOSUR - ASAJA Palencia\",\"isPartOf\":{\"@id\":\"https:\/\/www.asajacyl.com\/palencia\/#website\"},\"primaryImageOfPage\":{\"@id\":\"https:\/\/www.asajacyl.com\/palencia\/asaja-palencia-informa\/asaja-pide-a-la-comision-y-al-consejo-que-respeten-la-voluntad-del-parlamento-europeo-y-no-activen-provisionalmente-el-acuerdo-ue-mercosur#primaryimage\"},\"image\":{\"@id\":\"https:\/\/www.asajacyl.com\/palencia\/asaja-palencia-informa\/asaja-pide-a-la-comision-y-al-consejo-que-respeten-la-voluntad-del-parlamento-europeo-y-no-activen-provisionalmente-el-acuerdo-ue-mercosur#primaryimage\"},\"thumbnailUrl\":\"https:\/\/www.asajacyl.com\/palencia\/wp-content\/uploads\/sites\/3\/2026\/01\/Mani-20-enero-en-Estrasburgo.jpg\",\"datePublished\":\"2026-01-23T10:33:58+00:00\",\"dateModified\":\"2026-01-24T08:55:20+00:00\",\"author\":{\"@id\":\"https:\/\/www.asajacyl.com\/palencia\/#\/schema\/person\/3ab17aeb03527485c317557fae64aab1\"},\"description\":\"La organizaci\u00f3n reclama esperar al dictamen del Tribunal de Justicia de la UE ante las dudas jur\u00eddicas y pol\u00edticas existentes, y pone en valor la unidad y\",\"breadcrumb\":{\"@id\":\"https:\/\/www.asajacyl.com\/palencia\/asaja-palencia-informa\/asaja-pide-a-la-comision-y-al-consejo-que-respeten-la-voluntad-del-parlamento-europeo-y-no-activen-provisionalmente-el-acuerdo-ue-mercosur#breadcrumb\"},\"inLanguage\":\"es\",\"potentialAction\":[{\"@type\":\"ReadAction\",\"target\":[\"https:\/\/www.asajacyl.com\/palencia\/asaja-palencia-informa\/asaja-pide-a-la-comision-y-al-consejo-que-respeten-la-voluntad-del-parlamento-europeo-y-no-activen-provisionalmente-el-acuerdo-ue-mercosur\"]}]},{\"@type\":\"ImageObject\",\"inLanguage\":\"es\",\"@id\":\"https:\/\/www.asajacyl.com\/palencia\/asaja-palencia-informa\/asaja-pide-a-la-comision-y-al-consejo-que-respeten-la-voluntad-del-parlamento-europeo-y-no-activen-provisionalmente-el-acuerdo-ue-mercosur#primaryimage\",\"url\":\"https:\/\/www.asajacyl.com\/palencia\/wp-content\/uploads\/sites\/3\/2026\/01\/Mani-20-enero-en-Estrasburgo.jpg\",\"contentUrl\":\"https:\/\/www.asajacyl.com\/palencia\/wp-content\/uploads\/sites\/3\/2026\/01\/Mani-20-enero-en-Estrasburgo.jpg\",\"width\":1024,\"height\":574},{\"@type\":\"BreadcrumbList\",\"@id\":\"https:\/\/www.asajacyl.com\/palencia\/asaja-palencia-informa\/asaja-pide-a-la-comision-y-al-consejo-que-respeten-la-voluntad-del-parlamento-europeo-y-no-activen-provisionalmente-el-acuerdo-ue-mercosur#breadcrumb\",\"itemListElement\":[{\"@type\":\"ListItem\",\"position\":1,\"name\":\"Portada\",\"item\":\"https:\/\/www.asajacyl.com\/palencia\/\"},{\"@type\":\"ListItem\",\"position\":2,\"name\":\"ASAJA pide a la Comisi\u00f3n y al Consejo que respeten la voluntad del Parlamento europeo y no activen provisionalmente el acuerdo UE-MERCOSUR\"}]},{\"@type\":\"WebSite\",\"@id\":\"https:\/\/www.asajacyl.com\/palencia\/#website\",\"url\":\"https:\/\/www.asajacyl.com\/palencia\/\",\"name\":\"ASAJA Palencia\",\"description\":\"Otro sitio m\u00e1s de Provincias ASAJA Castilla y Le\u00f3n\",\"potentialAction\":[{\"@type\":\"SearchAction\",\"target\":{\"@type\":\"EntryPoint\",\"urlTemplate\":\"https:\/\/www.asajacyl.com\/palencia\/?s={search_term_string}\"},\"query-input\":{\"@type\":\"PropertyValueSpecification\",\"valueRequired\":true,\"valueName\":\"search_term_string\"}}],\"inLanguage\":\"es\"},{\"@type\":\"Person\",\"@id\":\"https:\/\/www.asajacyl.com\/palencia\/#\/schema\/person\/3ab17aeb03527485c317557fae64aab1\",\"name\":\"Administrador\",\"image\":{\"@type\":\"ImageObject\",\"inLanguage\":\"es\",\"@id\":\"https:\/\/www.asajacyl.com\/palencia\/#\/schema\/person\/image\/\",\"url\":\"https:\/\/secure.gravatar.com\/avatar\/517384810d242ca9e38c180f3c9fb973?s=96&d=mm&r=g\",\"contentUrl\":\"https:\/\/secure.gravatar.com\/avatar\/517384810d242ca9e38c180f3c9fb973?s=96&d=mm&r=g\",\"caption\":\"Administrador\"},\"url\":\"https:\/\/www.asajacyl.com\/palencia\/author\/carlosrm\"}]}<\/script>\n<!-- \/ Yoast SEO plugin. -->","yoast_head_json":{"title":"ASAJA pide a la Comisi\u00f3n y al Consejo que respeten la voluntad del Parlamento europeo y no activen provisionalmente el acuerdo UE-MERCOSUR - ASAJA Palencia","description":"La organizaci\u00f3n reclama esperar al dictamen del Tribunal de Justicia de la UE ante las dudas jur\u00eddicas y pol\u00edticas existentes, y pone en valor la unidad y","robots":{"index":"index","follow":"follow","max-snippet":"max-snippet:-1","max-image-preview":"max-image-preview:large","max-video-preview":"max-video-preview:-1"},"canonical":"https:\/\/www.asajacyl.com\/palencia\/asaja-palencia-informa\/asaja-pide-a-la-comision-y-al-consejo-que-respeten-la-voluntad-del-parlamento-europeo-y-no-activen-provisionalmente-el-acuerdo-ue-mercosur","og_locale":"es_ES","og_type":"article","og_title":"ASAJA pide a la Comisi\u00f3n y al Consejo que respeten la voluntad del Parlamento europeo y no activen provisionalmente el acuerdo UE-MERCOSUR - ASAJA Palencia","og_description":"La organizaci\u00f3n reclama esperar al dictamen del Tribunal de Justicia de la UE ante las dudas jur\u00eddicas y pol\u00edticas existentes, y pone en valor la unidad y","og_url":"https:\/\/www.asajacyl.com\/palencia\/asaja-palencia-informa\/asaja-pide-a-la-comision-y-al-consejo-que-respeten-la-voluntad-del-parlamento-europeo-y-no-activen-provisionalmente-el-acuerdo-ue-mercosur","og_site_name":"ASAJA Palencia","article_published_time":"2026-01-23T10:33:58+00:00","article_modified_time":"2026-01-24T08:55:20+00:00","og_image":[{"width":1024,"height":574,"url":"https:\/\/www.asajacyl.com\/palencia\/wp-content\/uploads\/sites\/3\/2026\/01\/Mani-20-enero-en-Estrasburgo.jpg","type":"image\/jpeg"}],"author":"Administrador","twitter_card":"summary_large_image","twitter_misc":{"Escrito por":"Administrador","Tiempo de lectura":"2 minutos"},"schema":{"@context":"https:\/\/schema.org","@graph":[{"@type":"WebPage","@id":"https:\/\/www.asajacyl.com\/palencia\/asaja-palencia-informa\/asaja-pide-a-la-comision-y-al-consejo-que-respeten-la-voluntad-del-parlamento-europeo-y-no-activen-provisionalmente-el-acuerdo-ue-mercosur","url":"https:\/\/www.asajacyl.com\/palencia\/asaja-palencia-informa\/asaja-pide-a-la-comision-y-al-consejo-que-respeten-la-voluntad-del-parlamento-europeo-y-no-activen-provisionalmente-el-acuerdo-ue-mercosur","name":"ASAJA pide a la Comisi\u00f3n y al Consejo que respeten la voluntad del Parlamento europeo y no activen provisionalmente el acuerdo UE-MERCOSUR - ASAJA Palencia","isPartOf":{"@id":"https:\/\/www.asajacyl.com\/palencia\/#website"},"primaryImageOfPage":{"@id":"https:\/\/www.asajacyl.com\/palencia\/asaja-palencia-informa\/asaja-pide-a-la-comision-y-al-consejo-que-respeten-la-voluntad-del-parlamento-europeo-y-no-activen-provisionalmente-el-acuerdo-ue-mercosur#primaryimage"},"image":{"@id":"https:\/\/www.asajacyl.com\/palencia\/asaja-palencia-informa\/asaja-pide-a-la-comision-y-al-consejo-que-respeten-la-voluntad-del-parlamento-europeo-y-no-activen-provisionalmente-el-acuerdo-ue-mercosur#primaryimage"},"thumbnailUrl":"https:\/\/www.asajacyl.com\/palencia\/wp-content\/uploads\/sites\/3\/2026\/01\/Mani-20-enero-en-Estrasburgo.jpg","datePublished":"2026-01-23T10:33:58+00:00","dateModified":"2026-01-24T08:55:20+00:00","author":{"@id":"https:\/\/www.asajacyl.com\/palencia\/#\/schema\/person\/3ab17aeb03527485c317557fae64aab1"},"description":"La organizaci\u00f3n reclama esperar al dictamen del Tribunal de Justicia de la UE ante las dudas jur\u00eddicas y pol\u00edticas existentes, y pone en valor la unidad y","breadcrumb":{"@id":"https:\/\/www.asajacyl.com\/palencia\/asaja-palencia-informa\/asaja-pide-a-la-comision-y-al-consejo-que-respeten-la-voluntad-del-parlamento-europeo-y-no-activen-provisionalmente-el-acuerdo-ue-mercosur#breadcrumb"},"inLanguage":"es","potentialAction":[{"@type":"ReadAction","target":["https:\/\/www.asajacyl.com\/palencia\/asaja-palencia-informa\/asaja-pide-a-la-comision-y-al-consejo-que-respeten-la-voluntad-del-parlamento-europeo-y-no-activen-provisionalmente-el-acuerdo-ue-mercosur"]}]},{"@type":"ImageObject","inLanguage":"es","@id":"https:\/\/www.asajacyl.com\/palencia\/asaja-palencia-informa\/asaja-pide-a-la-comision-y-al-consejo-que-respeten-la-voluntad-del-parlamento-europeo-y-no-activen-provisionalmente-el-acuerdo-ue-mercosur#primaryimage","url":"https:\/\/www.asajacyl.com\/palencia\/wp-content\/uploads\/sites\/3\/2026\/01\/Mani-20-enero-en-Estrasburgo.jpg","contentUrl":"https:\/\/www.asajacyl.com\/palencia\/wp-content\/uploads\/sites\/3\/2026\/01\/Mani-20-enero-en-Estrasburgo.jpg","width":1024,"height":574},{"@type":"BreadcrumbList","@id":"https:\/\/www.asajacyl.com\/palencia\/asaja-palencia-informa\/asaja-pide-a-la-comision-y-al-consejo-que-respeten-la-voluntad-del-parlamento-europeo-y-no-activen-provisionalmente-el-acuerdo-ue-mercosur#breadcrumb","itemListElement":[{"@type":"ListItem","position":1,"name":"Portada","item":"https:\/\/www.asajacyl.com\/palencia\/"},{"@type":"ListItem","position":2,"name":"ASAJA pide a la Comisi\u00f3n y al Consejo que respeten la voluntad del Parlamento europeo y no activen provisionalmente el acuerdo UE-MERCOSUR"}]},{"@type":"WebSite","@id":"https:\/\/www.asajacyl.com\/palencia\/#website","url":"https:\/\/www.asajacyl.com\/palencia\/","name":"ASAJA Palencia","description":"Otro sitio m\u00e1s de Provincias ASAJA Castilla y Le\u00f3n","potentialAction":[{"@type":"SearchAction","target":{"@type":"EntryPoint","urlTemplate":"https:\/\/www.asajacyl.com\/palencia\/?s={search_term_string}"},"query-input":{"@type":"PropertyValueSpecification","valueRequired":true,"valueName":"search_term_string"}}],"inLanguage":"es"},{"@type":"Person","@id":"https:\/\/www.asajacyl.com\/palencia\/#\/schema\/person\/3ab17aeb03527485c317557fae64aab1","name":"Administrador","image":{"@type":"ImageObject","inLanguage":"es","@id":"https:\/\/www.asajacyl.com\/palencia\/#\/schema\/person\/image\/","url":"https:\/\/secure.gravatar.com\/avatar\/517384810d242ca9e38c180f3c9fb973?s=96&d=mm&r=g","contentUrl":"https:\/\/secure.gravatar.com\/avatar\/517384810d242ca9e38c180f3c9fb973?s=96&d=mm&r=g","caption":"Administrador"},"url":"https:\/\/www.asajacyl.com\/palencia\/author\/carlosrm"}]}},"_links":{"self":[{"href":"https:\/\/www.asajacyl.com\/palencia\/wp-json\/wp\/v2\/posts\/22073"}],"collection":[{"href":"https:\/\/www.asajacyl.com\/palencia\/wp-json\/wp\/v2\/posts"}],"about":[{"href":"https:\/\/www.asajacyl.com\/palencia\/wp-json\/wp\/v2\/types\/post"}],"author":[{"embeddable":true,"href":"https:\/\/www.asajacyl.com\/palencia\/wp-json\/wp\/v2\/users\/9"}],"replies":[{"embeddable":true,"href":"https:\/\/www.asajacyl.com\/palencia\/wp-json\/wp\/v2\/comments?post=22073"}],"version-history":[{"count":1,"href":"https:\/\/www.asajacyl.com\/palencia\/wp-json\/wp\/v2\/posts\/22073\/revisions"}],"predecessor-version":[{"id":22076,"href":"https:\/\/www.asajacyl.com\/palencia\/wp-json\/wp\/v2\/posts\/22073\/revisions\/22076"}],"wp:featuredmedia":[{"embeddable":true,"href":"https:\/\/www.asajacyl.com\/palencia\/wp-json\/wp\/v2\/media\/22079"}],"wp:attachment":[{"href":"https:\/\/www.asajacyl.com\/palencia\/wp-json\/wp\/v2\/media?parent=22073"}],"wp:term":[{"taxonomy":"category","embeddable":true,"href":"https:\/\/www.asajacyl.com\/palencia\/wp-json\/wp\/v2\/categories?post=22073"},{"taxonomy":"post_tag","embeddable":true,"href":"https:\/\/www.asajacyl.com\/palencia\/wp-json\/wp\/v2\/tags?post=22073"}],"curies":[{"name":"wp","href":"https:\/\/api.w.org\/{rel}","templated":true}]}}