{"id":22080,"date":"2026-01-23T12:33:44","date_gmt":"2026-01-23T11:33:44","guid":{"rendered":"https:\/\/www.asajacyl.com\/palencia\/?p=22080"},"modified":"2026-01-24T09:54:56","modified_gmt":"2026-01-24T08:54:56","slug":"el-campo-palentino-organizara-el-proximo-29-de-enero-una-tractorada-infantil","status":"publish","type":"post","link":"https:\/\/www.asajacyl.com\/palencia\/asaja-palencia-informa\/el-campo-palentino-organizara-el-proximo-29-de-enero-una-tractorada-infantil","title":{"rendered":"El campo palentino organizar\u00e1 el pr\u00f3ximo 29 de enero una tractorada infantil"},"content":{"rendered":"\n<h2 class=\"wp-block-heading\">Con el lema &#8216;Por vuestro futuro y el nuestro&#8217;, los hijos de los agricultores y ganaderos de ASAJA-Palencia y de las dem\u00e1s OPAs palentinas encabezar\u00e1n una manifestaci\u00f3n conjunta en protesta contra el Tratado UE-MERCOSUR y contra la reducci\u00f3n de presupuesto para la PAC.<\/h2>\n\n\n\n<h2 class=\"wp-block-heading\">Tambi\u00e9n se utilizar\u00e1 el lema &#8216;En defensa del consumidor y del sector agrario&#8217; para mostrar el malestar de los productores palentino por la excesiva burocracia de las Administraciones y por la falta de rentabilidad de las explotaciones, que redunda en un menor atractivo para garantizar el necesario relevo generacional.<\/h2>\n\n\n\n<p>Las cuatro principales organizaciones profesionales agrarias (OPAs) de Palencia, ASAJA, UPA, COAG y UCCL, convocan a toda la sociedad palentina a apoyar la <strong>tractorada infantil <\/strong>que, con el eslogan &#8216;Por vuestro futuro y el nuestro&#8217;, se ha programado por el <strong>d\u00eda 29 en la capital,<\/strong> y que partir\u00e1 <strong>a las 17h<\/strong> desde la plaza P\u00edo XII y transcurrir\u00e1 por la calle Mayor hasta la plaza Mayor.<\/p>\n\n\n\n<p><img loading=\"lazy\" decoding=\"async\" width=\"2500\" height=\"1183\" class=\"wp-image-22081\" style=\"width: 750px\" src=\"https:\/\/www.asajacyl.com\/palencia\/wp-content\/uploads\/sites\/3\/2026\/01\/20240221_175943.jpg\" alt=\"\" srcset=\"https:\/\/www.asajacyl.com\/palencia\/wp-content\/uploads\/sites\/3\/2026\/01\/20240221_175943.jpg 2500w, https:\/\/www.asajacyl.com\/palencia\/wp-content\/uploads\/sites\/3\/2026\/01\/20240221_175943-300x142.jpg 300w, https:\/\/www.asajacyl.com\/palencia\/wp-content\/uploads\/sites\/3\/2026\/01\/20240221_175943-1024x485.jpg 1024w, https:\/\/www.asajacyl.com\/palencia\/wp-content\/uploads\/sites\/3\/2026\/01\/20240221_175943-768x363.jpg 768w, https:\/\/www.asajacyl.com\/palencia\/wp-content\/uploads\/sites\/3\/2026\/01\/20240221_175943-1536x727.jpg 1536w, https:\/\/www.asajacyl.com\/palencia\/wp-content\/uploads\/sites\/3\/2026\/01\/20240221_175943-2048x969.jpg 2048w, https:\/\/www.asajacyl.com\/palencia\/wp-content\/uploads\/sites\/3\/2026\/01\/20240221_175943-888x420.jpg 888w, https:\/\/www.asajacyl.com\/palencia\/wp-content\/uploads\/sites\/3\/2026\/01\/20240221_175943-696x329.jpg 696w, https:\/\/www.asajacyl.com\/palencia\/wp-content\/uploads\/sites\/3\/2026\/01\/20240221_175943-1068x505.jpg 1068w, https:\/\/www.asajacyl.com\/palencia\/wp-content\/uploads\/sites\/3\/2026\/01\/20240221_175943-1920x909.jpg 1920w\" sizes=\"(max-width: 2500px) 100vw, 2500px\" \/><\/p>\n\n\n\n<p>La manifestaci\u00f3n -que tambi\u00e9n portar\u00e1 el lema &#8216;En defensa del consumidor y del sector agrario&#8217;- se convoca, principalmente, por el malestar de un sector que se muestra contrario a la firma del Tratado UE-MERCOSUR en sus actuales t\u00e9rminos, y que no entiende porque hay que reducir entre un 18 y un 20% el presupuesto de la Pol\u00edtica Agraria Com\u00fan (PAC) -unos 900 millones para Espa\u00f1a-, cuando hasta ahora ha sido un pilar vertebrador de la UE, apoyado por todos los pa\u00edses.<\/p>\n\n\n\n<p><strong>REPARTO DE PATATAS Y AZ\u00daCAR<\/strong>. La tractorada, que estar\u00e1 encabezada por los hijos de los agricultores y los ganaderos palentinos con sus tractores de juguete, concluir\u00e1 en la plaza Mayor de la capital palentina en donde <strong>unos ni\u00f1os leeran el manifiesto firmado por todas las OPAs<\/strong>.<\/p>\n\n\n\n<p>Despu\u00e9s de la lectura del manifiesto se proceder\u00e1 al reparto de patata y az\u00facar entre todas las personas asistentes en apoyo del sector agrario y ganadero palentino. Seg\u00fan dijo <strong>Jos\u00e9 Luis Marcos, presidente de ASAJA-Palencia<\/strong>, durante la presentaci\u00f3n conjunta de la movilizaci\u00f3n, se ha elegico repartir patatas y az\u00facar porque son productos que han sido muy importantes para el sector agrario palentino y porque ahora pasan por dificultades y, con la firma del Tratado UE-MERCOSUR, a\u00fan van a tener m\u00e1s dificultades.<\/p>\n\n\n\n<p><strong>MERCOSUR<\/strong>. Marcos, por su parte, expuso el rechazo de los agricultores y los ganaderos palentinos y espa\u00f1oles a la ratificaci\u00f3n del Tratado UE-MERCOSUR porque todo hace indicar que, a pesar de que se diga que se van a poner controles, es posible que lleguen a Espa\u00f1a productos de Sudam\u00e9rica con restos de pesticidas prohibidos en Europa.<\/p>\n\n\n\n<p>\u00abSomos agricultores profesionales, seguramente mejores que muchos de esos pa\u00edses, pero claro, <strong>necesitamos jugar con las mismas herramientas. Ellos no pueden arar con tractores y nosotros con mulas y con vacas<\/strong>\u00ab, dijo gr\u00e1ficamente Jos\u00e9 Luis Marcos en su intervenci\u00f3n.<\/p>\n\n\n\n<p>En las intervenciones tambi\u00e9n se dijo que quiz\u00e1 para otros sectores -industria o turismo- el Tratado UE-MERCOSUR puede ser interesante, pero que los pol\u00edticos comunitarios podr\u00edan dejar fuera a la agricultura, que para Europa es claramente perjudicial. Porque hay dos modelos de producci\u00f3n; de una parte, el de los pa\u00edses de MERCOSUR que <strong>producen con pesticidas prohibidos en Europa y sin garant\u00edas de trazabilidad de los alimentos<\/strong>; y de otra, los pa\u00edses de la UE que deben cumplir con un modelo en el que priman las garant\u00edas sanitarias y el bienestar de los animales. <\/p>\n\n\n\n<p>Aunque se habla del perjuicio del acuerdo para el sector agrario, uno de los convocantes apunt\u00f3 que \u00abla gran perjudicada va a ser la sociedad europea, que va a recibir productos de \u00ednfima calidad\u00bb.<\/p>\n\n\n\n<p><strong>PAC FUERTE Y CON MENOS BUROCRACIA<\/strong>. Sobre el futuro de la Pol\u00edtica Agraria Com\u00fan (PAC), que est\u00e1 ahora en discusi\u00f3n en la UE, las OPAs palentinas quieren que siga teniendo m\u00fasculo econ\u00f3mico fuerte, que mantenga el poder adquisitivo de los productores y que no se consume la reducci\u00f3n de presupuesto anunciada por la UE. \u00abSi se reduce el presupuesto de la PAC habr\u00eda que repercutirlo en el consumidor y supondr\u00eda el incremento de un 2,35% en el precio de los alimentos\u00bb, aseguraba uno de los convocantes. <\/p>\n\n\n\n<p>Los bur\u00f3cratas de Bruselas proponen un presupuesto \u00fanico y, adem\u00e1s, con rebaja para la pol\u00edtica agraria y, lo que proponen los profesionales del campo es <strong>que se mantengan los dos pilares de la PAC como hasta ahora<\/strong>. Por un lado, las <strong>ayudas directas<\/strong> por la p\u00e9rdida de rentabilidad al producir con reglas muy estrictas y, por otro, el <strong>desarrollo rural<\/strong> en la que se incluyen la ayudas a la modernizaci\u00f3n, a las grandes inversiones o a los regad\u00edos, tan importantes en la provincia de Palencia.<\/p>\n\n\n\n<p>Asimismo, el sector solicita eliminar el exceso de burocracia, que deje a agricultores y ganaderos producir con sencillez, que evite p\u00e9rdidas de tiempo excesivas para introducir datos, y tambi\u00e9n que se cumpla la Ley Cadena de Valor para que no se pague por debajo de los costes de producci\u00f3n. Los convocantes advierten que, si no hay rentabilidad en los cereales -Palencia es la segunda provincia de Espa\u00f1a en producci\u00f3n- y si, adem\u00e1s, se importan m\u00e1s cereales de Argentina y Brasil que tiren para abajo a\u00fan m\u00e1s los precios, es muy posible que no haya relevo generacional.<\/p>\n\n\n\n<p><strong>MUCHAS DUDAS EN LOS CONTROLES DE MERCOSUR<\/strong>. El sector agrario palentino y europeo tiene muchas dudas en que se apliquen las clausulas espejo, para que se produzcan los alimentos en las mismas condiciones de garant\u00edas sanitarias pero, adem\u00e1s, dudan de que los controles y la trazabilidad, tanto en origen como en destino, sean efectivos.<\/p>\n\n\n\n<p>Los sectores m\u00e1s afectados por el tratado ser\u00e1n las carnes de vacuno, el porcino, el cereal, la remolacha o la miel, que pueden producir en MERCOSUR con unas normas muy permisivas en cuanto a uso de pesticidas, transg\u00e9nicos, antibi\u00f3ticos, sin normas para cuidar el bienestar animal o medir la huella de carbono y con legislaciones laborales muy diferentes a las de la UE, que redundan en unos costes laborales mucho menores a los europeos. <\/p>\n\n\n\n<p>Por ejemplo, ahora Castilla y Le\u00f3n es el primer productor de carne de vacuno de Espa\u00f1a y la UE va a recibir sin aranceles 900.000 toneladas de carne de los principales productores del mundo, como son Argentina y Brasil. En porcino Espa\u00f1a es el tercer productor mundial de carne y casi no se importaba nada, pero ahora vamos a competir sin aranceles contra el cuarto productor mundial que es Brasil.<\/p>\n","protected":false},"excerpt":{"rendered":"<p>Con el lema &#8216;Por vuestro futuro y el nuestro&#8217;, los hijos de los agricultores y ganaderos de ASAJA-Palencia y de las dem\u00e1s OPAs palentinas encabezar\u00e1n una manifestaci\u00f3n conjunta en protesta contra el Tratado UE-MERCOSUR y contra la reducci\u00f3n de presupuesto para la PAC. Tambi\u00e9n se utilizar\u00e1 el lema &#8216;En defensa del consumidor y del sector [&hellip;]<\/p>\n","protected":false},"author":9,"featured_media":22082,"comment_status":"open","ping_status":"open","sticky":false,"template":"","format":"standard","meta":{"footnotes":""},"categories":[9,29,28],"tags":[1698,1710,1711,58,351,77],"yoast_head":"<!-- This site is optimized with the Yoast SEO plugin v24.5 - https:\/\/yoast.com\/wordpress\/plugins\/seo\/ -->\n<title>El campo palentino organizar\u00e1 el pr\u00f3ximo 29 de enero una tractorada infantil - ASAJA Palencia<\/title>\n<meta name=\"description\" content=\"Con el lema &#039;Por vuestro futuro y el nuestro&#039;, los hijos de los agricultores y ganaderos de ASAJA-Palencia y de las dem\u00e1s OPAs palentinas encabezar\u00e1n una El campo palentino organizar\u00e1 el pr\u00f3ximo 29 de enero una tractorada infantil\" \/>\n<meta name=\"robots\" content=\"index, follow, max-snippet:-1, max-image-preview:large, max-video-preview:-1\" \/>\n<link rel=\"canonical\" href=\"https:\/\/www.asajacyl.com\/palencia\/asaja-palencia-informa\/el-campo-palentino-organizara-el-proximo-29-de-enero-una-tractorada-infantil\" \/>\n<meta property=\"og:locale\" content=\"es_ES\" \/>\n<meta property=\"og:type\" content=\"article\" \/>\n<meta property=\"og:title\" content=\"El campo palentino organizar\u00e1 el pr\u00f3ximo 29 de enero una tractorada infantil - ASAJA Palencia\" \/>\n<meta property=\"og:description\" content=\"Con el lema &#039;Por vuestro futuro y el nuestro&#039;, los hijos de los agricultores y ganaderos de ASAJA-Palencia y de las dem\u00e1s OPAs palentinas encabezar\u00e1n una El campo palentino organizar\u00e1 el pr\u00f3ximo 29 de enero una tractorada infantil\" \/>\n<meta property=\"og:url\" content=\"https:\/\/www.asajacyl.com\/palencia\/asaja-palencia-informa\/el-campo-palentino-organizara-el-proximo-29-de-enero-una-tractorada-infantil\" \/>\n<meta property=\"og:site_name\" content=\"ASAJA Palencia\" \/>\n<meta property=\"article:published_time\" content=\"2026-01-23T11:33:44+00:00\" \/>\n<meta property=\"article:modified_time\" content=\"2026-01-24T08:54:56+00:00\" \/>\n<meta property=\"og:image\" content=\"https:\/\/www.asajacyl.com\/palencia\/wp-content\/uploads\/sites\/3\/2026\/01\/Rueda-OPAs-mani-29.jpg\" \/>\n\t<meta property=\"og:image:width\" content=\"2500\" \/>\n\t<meta property=\"og:image:height\" content=\"1875\" \/>\n\t<meta property=\"og:image:type\" content=\"image\/jpeg\" \/>\n<meta name=\"author\" content=\"Administrador\" \/>\n<meta name=\"twitter:card\" content=\"summary_large_image\" \/>\n<meta name=\"twitter:label1\" content=\"Escrito por\" \/>\n\t<meta name=\"twitter:data1\" content=\"Administrador\" \/>\n\t<meta name=\"twitter:label2\" content=\"Tiempo de lectura\" \/>\n\t<meta name=\"twitter:data2\" content=\"6 minutos\" \/>\n<script type=\"application\/ld+json\" class=\"yoast-schema-graph\">{\"@context\":\"https:\/\/schema.org\",\"@graph\":[{\"@type\":\"WebPage\",\"@id\":\"https:\/\/www.asajacyl.com\/palencia\/asaja-palencia-informa\/el-campo-palentino-organizara-el-proximo-29-de-enero-una-tractorada-infantil\",\"url\":\"https:\/\/www.asajacyl.com\/palencia\/asaja-palencia-informa\/el-campo-palentino-organizara-el-proximo-29-de-enero-una-tractorada-infantil\",\"name\":\"El campo palentino organizar\u00e1 el pr\u00f3ximo 29 de enero una tractorada infantil - ASAJA Palencia\",\"isPartOf\":{\"@id\":\"https:\/\/www.asajacyl.com\/palencia\/#website\"},\"primaryImageOfPage\":{\"@id\":\"https:\/\/www.asajacyl.com\/palencia\/asaja-palencia-informa\/el-campo-palentino-organizara-el-proximo-29-de-enero-una-tractorada-infantil#primaryimage\"},\"image\":{\"@id\":\"https:\/\/www.asajacyl.com\/palencia\/asaja-palencia-informa\/el-campo-palentino-organizara-el-proximo-29-de-enero-una-tractorada-infantil#primaryimage\"},\"thumbnailUrl\":\"https:\/\/www.asajacyl.com\/palencia\/wp-content\/uploads\/sites\/3\/2026\/01\/Rueda-OPAs-mani-29.jpg\",\"datePublished\":\"2026-01-23T11:33:44+00:00\",\"dateModified\":\"2026-01-24T08:54:56+00:00\",\"author\":{\"@id\":\"https:\/\/www.asajacyl.com\/palencia\/#\/schema\/person\/3ab17aeb03527485c317557fae64aab1\"},\"description\":\"Con el lema 'Por vuestro futuro y el nuestro', los hijos de los agricultores y ganaderos de ASAJA-Palencia y de las dem\u00e1s OPAs palentinas encabezar\u00e1n una El campo palentino organizar\u00e1 el pr\u00f3ximo 29 de enero una tractorada infantil\",\"breadcrumb\":{\"@id\":\"https:\/\/www.asajacyl.com\/palencia\/asaja-palencia-informa\/el-campo-palentino-organizara-el-proximo-29-de-enero-una-tractorada-infantil#breadcrumb\"},\"inLanguage\":\"es\",\"potentialAction\":[{\"@type\":\"ReadAction\",\"target\":[\"https:\/\/www.asajacyl.com\/palencia\/asaja-palencia-informa\/el-campo-palentino-organizara-el-proximo-29-de-enero-una-tractorada-infantil\"]}]},{\"@type\":\"ImageObject\",\"inLanguage\":\"es\",\"@id\":\"https:\/\/www.asajacyl.com\/palencia\/asaja-palencia-informa\/el-campo-palentino-organizara-el-proximo-29-de-enero-una-tractorada-infantil#primaryimage\",\"url\":\"https:\/\/www.asajacyl.com\/palencia\/wp-content\/uploads\/sites\/3\/2026\/01\/Rueda-OPAs-mani-29.jpg\",\"contentUrl\":\"https:\/\/www.asajacyl.com\/palencia\/wp-content\/uploads\/sites\/3\/2026\/01\/Rueda-OPAs-mani-29.jpg\",\"width\":2500,\"height\":1875},{\"@type\":\"BreadcrumbList\",\"@id\":\"https:\/\/www.asajacyl.com\/palencia\/asaja-palencia-informa\/el-campo-palentino-organizara-el-proximo-29-de-enero-una-tractorada-infantil#breadcrumb\",\"itemListElement\":[{\"@type\":\"ListItem\",\"position\":1,\"name\":\"Portada\",\"item\":\"https:\/\/www.asajacyl.com\/palencia\/\"},{\"@type\":\"ListItem\",\"position\":2,\"name\":\"El campo palentino organizar\u00e1 el pr\u00f3ximo 29 de enero una tractorada infantil\"}]},{\"@type\":\"WebSite\",\"@id\":\"https:\/\/www.asajacyl.com\/palencia\/#website\",\"url\":\"https:\/\/www.asajacyl.com\/palencia\/\",\"name\":\"ASAJA Palencia\",\"description\":\"Otro sitio m\u00e1s de Provincias ASAJA Castilla y Le\u00f3n\",\"potentialAction\":[{\"@type\":\"SearchAction\",\"target\":{\"@type\":\"EntryPoint\",\"urlTemplate\":\"https:\/\/www.asajacyl.com\/palencia\/?s={search_term_string}\"},\"query-input\":{\"@type\":\"PropertyValueSpecification\",\"valueRequired\":true,\"valueName\":\"search_term_string\"}}],\"inLanguage\":\"es\"},{\"@type\":\"Person\",\"@id\":\"https:\/\/www.asajacyl.com\/palencia\/#\/schema\/person\/3ab17aeb03527485c317557fae64aab1\",\"name\":\"Administrador\",\"image\":{\"@type\":\"ImageObject\",\"inLanguage\":\"es\",\"@id\":\"https:\/\/www.asajacyl.com\/palencia\/#\/schema\/person\/image\/\",\"url\":\"https:\/\/secure.gravatar.com\/avatar\/517384810d242ca9e38c180f3c9fb973?s=96&d=mm&r=g\",\"contentUrl\":\"https:\/\/secure.gravatar.com\/avatar\/517384810d242ca9e38c180f3c9fb973?s=96&d=mm&r=g\",\"caption\":\"Administrador\"},\"url\":\"https:\/\/www.asajacyl.com\/palencia\/author\/carlosrm\"}]}<\/script>\n<!-- \/ Yoast SEO plugin. -->","yoast_head_json":{"title":"El campo palentino organizar\u00e1 el pr\u00f3ximo 29 de enero una tractorada infantil - ASAJA Palencia","description":"Con el lema 'Por vuestro futuro y el nuestro', los hijos de los agricultores y ganaderos de ASAJA-Palencia y de las dem\u00e1s OPAs palentinas encabezar\u00e1n una El campo palentino organizar\u00e1 el pr\u00f3ximo 29 de enero una tractorada infantil","robots":{"index":"index","follow":"follow","max-snippet":"max-snippet:-1","max-image-preview":"max-image-preview:large","max-video-preview":"max-video-preview:-1"},"canonical":"https:\/\/www.asajacyl.com\/palencia\/asaja-palencia-informa\/el-campo-palentino-organizara-el-proximo-29-de-enero-una-tractorada-infantil","og_locale":"es_ES","og_type":"article","og_title":"El campo palentino organizar\u00e1 el pr\u00f3ximo 29 de enero una tractorada infantil - ASAJA Palencia","og_description":"Con el lema 'Por vuestro futuro y el nuestro', los hijos de los agricultores y ganaderos de ASAJA-Palencia y de las dem\u00e1s OPAs palentinas encabezar\u00e1n una El campo palentino organizar\u00e1 el pr\u00f3ximo 29 de enero una tractorada infantil","og_url":"https:\/\/www.asajacyl.com\/palencia\/asaja-palencia-informa\/el-campo-palentino-organizara-el-proximo-29-de-enero-una-tractorada-infantil","og_site_name":"ASAJA Palencia","article_published_time":"2026-01-23T11:33:44+00:00","article_modified_time":"2026-01-24T08:54:56+00:00","og_image":[{"width":2500,"height":1875,"url":"https:\/\/www.asajacyl.com\/palencia\/wp-content\/uploads\/sites\/3\/2026\/01\/Rueda-OPAs-mani-29.jpg","type":"image\/jpeg"}],"author":"Administrador","twitter_card":"summary_large_image","twitter_misc":{"Escrito por":"Administrador","Tiempo de lectura":"6 minutos"},"schema":{"@context":"https:\/\/schema.org","@graph":[{"@type":"WebPage","@id":"https:\/\/www.asajacyl.com\/palencia\/asaja-palencia-informa\/el-campo-palentino-organizara-el-proximo-29-de-enero-una-tractorada-infantil","url":"https:\/\/www.asajacyl.com\/palencia\/asaja-palencia-informa\/el-campo-palentino-organizara-el-proximo-29-de-enero-una-tractorada-infantil","name":"El campo palentino organizar\u00e1 el pr\u00f3ximo 29 de enero una tractorada infantil - ASAJA Palencia","isPartOf":{"@id":"https:\/\/www.asajacyl.com\/palencia\/#website"},"primaryImageOfPage":{"@id":"https:\/\/www.asajacyl.com\/palencia\/asaja-palencia-informa\/el-campo-palentino-organizara-el-proximo-29-de-enero-una-tractorada-infantil#primaryimage"},"image":{"@id":"https:\/\/www.asajacyl.com\/palencia\/asaja-palencia-informa\/el-campo-palentino-organizara-el-proximo-29-de-enero-una-tractorada-infantil#primaryimage"},"thumbnailUrl":"https:\/\/www.asajacyl.com\/palencia\/wp-content\/uploads\/sites\/3\/2026\/01\/Rueda-OPAs-mani-29.jpg","datePublished":"2026-01-23T11:33:44+00:00","dateModified":"2026-01-24T08:54:56+00:00","author":{"@id":"https:\/\/www.asajacyl.com\/palencia\/#\/schema\/person\/3ab17aeb03527485c317557fae64aab1"},"description":"Con el lema 'Por vuestro futuro y el nuestro', los hijos de los agricultores y ganaderos de ASAJA-Palencia y de las dem\u00e1s OPAs palentinas encabezar\u00e1n una El campo palentino organizar\u00e1 el pr\u00f3ximo 29 de enero una tractorada infantil","breadcrumb":{"@id":"https:\/\/www.asajacyl.com\/palencia\/asaja-palencia-informa\/el-campo-palentino-organizara-el-proximo-29-de-enero-una-tractorada-infantil#breadcrumb"},"inLanguage":"es","potentialAction":[{"@type":"ReadAction","target":["https:\/\/www.asajacyl.com\/palencia\/asaja-palencia-informa\/el-campo-palentino-organizara-el-proximo-29-de-enero-una-tractorada-infantil"]}]},{"@type":"ImageObject","inLanguage":"es","@id":"https:\/\/www.asajacyl.com\/palencia\/asaja-palencia-informa\/el-campo-palentino-organizara-el-proximo-29-de-enero-una-tractorada-infantil#primaryimage","url":"https:\/\/www.asajacyl.com\/palencia\/wp-content\/uploads\/sites\/3\/2026\/01\/Rueda-OPAs-mani-29.jpg","contentUrl":"https:\/\/www.asajacyl.com\/palencia\/wp-content\/uploads\/sites\/3\/2026\/01\/Rueda-OPAs-mani-29.jpg","width":2500,"height":1875},{"@type":"BreadcrumbList","@id":"https:\/\/www.asajacyl.com\/palencia\/asaja-palencia-informa\/el-campo-palentino-organizara-el-proximo-29-de-enero-una-tractorada-infantil#breadcrumb","itemListElement":[{"@type":"ListItem","position":1,"name":"Portada","item":"https:\/\/www.asajacyl.com\/palencia\/"},{"@type":"ListItem","position":2,"name":"El campo palentino organizar\u00e1 el pr\u00f3ximo 29 de enero una tractorada infantil"}]},{"@type":"WebSite","@id":"https:\/\/www.asajacyl.com\/palencia\/#website","url":"https:\/\/www.asajacyl.com\/palencia\/","name":"ASAJA Palencia","description":"Otro sitio m\u00e1s de Provincias ASAJA Castilla y Le\u00f3n","potentialAction":[{"@type":"SearchAction","target":{"@type":"EntryPoint","urlTemplate":"https:\/\/www.asajacyl.com\/palencia\/?s={search_term_string}"},"query-input":{"@type":"PropertyValueSpecification","valueRequired":true,"valueName":"search_term_string"}}],"inLanguage":"es"},{"@type":"Person","@id":"https:\/\/www.asajacyl.com\/palencia\/#\/schema\/person\/3ab17aeb03527485c317557fae64aab1","name":"Administrador","image":{"@type":"ImageObject","inLanguage":"es","@id":"https:\/\/www.asajacyl.com\/palencia\/#\/schema\/person\/image\/","url":"https:\/\/secure.gravatar.com\/avatar\/517384810d242ca9e38c180f3c9fb973?s=96&d=mm&r=g","contentUrl":"https:\/\/secure.gravatar.com\/avatar\/517384810d242ca9e38c180f3c9fb973?s=96&d=mm&r=g","caption":"Administrador"},"url":"https:\/\/www.asajacyl.com\/palencia\/author\/carlosrm"}]}},"_links":{"self":[{"href":"https:\/\/www.asajacyl.com\/palencia\/wp-json\/wp\/v2\/posts\/22080"}],"collection":[{"href":"https:\/\/www.asajacyl.com\/palencia\/wp-json\/wp\/v2\/posts"}],"about":[{"href":"https:\/\/www.asajacyl.com\/palencia\/wp-json\/wp\/v2\/types\/post"}],"author":[{"embeddable":true,"href":"https:\/\/www.asajacyl.com\/palencia\/wp-json\/wp\/v2\/users\/9"}],"replies":[{"embeddable":true,"href":"https:\/\/www.asajacyl.com\/palencia\/wp-json\/wp\/v2\/comments?post=22080"}],"version-history":[{"count":8,"href":"https:\/\/www.asajacyl.com\/palencia\/wp-json\/wp\/v2\/posts\/22080\/revisions"}],"predecessor-version":[{"id":22104,"href":"https:\/\/www.asajacyl.com\/palencia\/wp-json\/wp\/v2\/posts\/22080\/revisions\/22104"}],"wp:featuredmedia":[{"embeddable":true,"href":"https:\/\/www.asajacyl.com\/palencia\/wp-json\/wp\/v2\/media\/22082"}],"wp:attachment":[{"href":"https:\/\/www.asajacyl.com\/palencia\/wp-json\/wp\/v2\/media?parent=22080"}],"wp:term":[{"taxonomy":"category","embeddable":true,"href":"https:\/\/www.asajacyl.com\/palencia\/wp-json\/wp\/v2\/categories?post=22080"},{"taxonomy":"post_tag","embeddable":true,"href":"https:\/\/www.asajacyl.com\/palencia\/wp-json\/wp\/v2\/tags?post=22080"}],"curies":[{"name":"wp","href":"https:\/\/api.w.org\/{rel}","templated":true}]}}