{"id":22105,"date":"2026-01-23T15:18:00","date_gmt":"2026-01-23T14:18:00","guid":{"rendered":"https:\/\/www.asajacyl.com\/palencia\/?p=22105"},"modified":"2026-01-28T18:17:56","modified_gmt":"2026-01-28T17:17:56","slug":"el-campo-palentino-se-manifiesta-el-proximo-29-de-enero-contra-mercosur-y-la-reforma-de-la-pac","status":"publish","type":"post","link":"https:\/\/www.asajacyl.com\/palencia\/asaja-palencia-informa\/el-campo-palentino-se-manifiesta-el-proximo-29-de-enero-contra-mercosur-y-la-reforma-de-la-pac","title":{"rendered":"El campo palentino se manifiesta el pr\u00f3ximo 29 de enero contra MERCOSUR y la reforma de la PAC"},"content":{"rendered":"\n<p><strong>Con el lema &#8216;En defensa del consumidor y del sector agrario&#8217; los productores palentinos mostrar\u00e1n su rechazo al Tratado UE-MERCOSUR, &nbsp;a la reducci\u00f3n del presupuesto de la PAC, a la excesiva burocracia de las Administraciones y por la falta de rentabilidad de las explotaciones.<\/strong><\/p>\n\n\n\n<p><strong>Tambi\u00e9n se mostrar\u00e1 una pancarta con el lema &#8216;Por vuestro futuro y el nuestro&#8217;, con la que los hijos de los agricultores y ganaderos de las OPAs palentinas encabezar\u00e1n con tractores de juguete la manifestaci\u00f3n conjunta, por una realidad del sector que redunda en un menor atractivo para garantizar el necesario relevo generacional.<\/strong><\/p>\n\n\n\n<p>Las cuatro principales organizaciones profesionales agrarias (OPAs) de Palencia, ASAJA, UPA, COAG y UCCL, convocan a toda la sociedad palentina a apoyar la <strong>manifestaci\u00f3n <\/strong>que, con el eslogan <strong>&#8216;En defensa del consumidor y del sector agrario&#8217;<\/strong>, se ha programado por el <strong>d\u00eda 29 en la capital,<\/strong> y que partir\u00e1 <strong>a las 17h<\/strong> desde la plaza P\u00edo XII y transcurrir\u00e1 por la calle Mayor hasta la plaza Mayor.<\/p>\n\n\n\n<p>La manifestaci\u00f3n -que tambi\u00e9n portar\u00e1 el lema &#8216;Por vuestro futuro y el nuestro&#8217; encabezando la<strong> tractorada infantil<\/strong>&#8211; se convoca, principalmente, por el malestar de un sector agrario que se muestra contrario a la firma del Tratado UE-MERCOSUR en sus actuales t\u00e9rminos, y que no entiende porque hay que reducir entre un 18 y un 20% el presupuesto de la Pol\u00edtica Agraria Com\u00fan (PAC) -unos 900 millones para Espa\u00f1a-, cuando hasta ahora ha sido un pilar vertebrador de la UE, apoyado por todos los pa\u00edses.<\/p>\n\n\n\n<figure class=\"wp-block-image size-large\"><img loading=\"lazy\" decoding=\"async\" width=\"683\" height=\"1024\" src=\"https:\/\/www.asajacyl.com\/palencia\/wp-content\/uploads\/sites\/3\/2026\/01\/Cartel-manifestaciones-29-enero-2026-683x1024.jpg\" alt=\"\" class=\"wp-image-22110\" srcset=\"https:\/\/www.asajacyl.com\/palencia\/wp-content\/uploads\/sites\/3\/2026\/01\/Cartel-manifestaciones-29-enero-2026-683x1024.jpg 683w, https:\/\/www.asajacyl.com\/palencia\/wp-content\/uploads\/sites\/3\/2026\/01\/Cartel-manifestaciones-29-enero-2026-200x300.jpg 200w, https:\/\/www.asajacyl.com\/palencia\/wp-content\/uploads\/sites\/3\/2026\/01\/Cartel-manifestaciones-29-enero-2026-768x1152.jpg 768w, https:\/\/www.asajacyl.com\/palencia\/wp-content\/uploads\/sites\/3\/2026\/01\/Cartel-manifestaciones-29-enero-2026-280x420.jpg 280w, https:\/\/www.asajacyl.com\/palencia\/wp-content\/uploads\/sites\/3\/2026\/01\/Cartel-manifestaciones-29-enero-2026-696x1044.jpg 696w, https:\/\/www.asajacyl.com\/palencia\/wp-content\/uploads\/sites\/3\/2026\/01\/Cartel-manifestaciones-29-enero-2026.jpg 1024w\" sizes=\"(max-width: 683px) 100vw, 683px\" \/><\/figure>\n\n\n\n<p><strong>REPARTO DE PATATAS Y AZ\u00daCAR<\/strong>. La manifestaci\u00f3n, que estar\u00e1 encabezada por los hijos de los agricultores y los ganaderos palentinos con sus tractores de juguete, concluir\u00e1 en la plaza Mayor de la capital palentina en donde <strong>unos ni\u00f1os leer\u00e1n el manifiesto firmado por todas las OPAs<\/strong>.<\/p>\n\n\n\n<p>Despu\u00e9s de la lectura del manifiesto se proceder\u00e1 al reparto de patatas y az\u00facar entre todas las personas asistentes en apoyo del sector agrario y ganadero palentino.<\/p>\n\n\n\n<p>Seg\u00fan dijo <strong>Jos\u00e9 Luis Marcos, presidente de ASAJA-Palencia<\/strong>, durante la presentaci\u00f3n conjunta de la movilizaci\u00f3n, se ha acordado repartir patatas y az\u00facar porque son productos que han sido muy importantes para el sector agrario palentino y porque ahora pasan por dificultades y, con la firma del Tratado UE-MERCOSUR, a\u00fan van a tener m\u00e1s dificultades.<\/p>\n\n\n\n<p><strong>MERCOSUR<\/strong>. Marcos, por su parte, expuso el rechazo de los agricultores y los ganaderos palentinos y espa\u00f1oles a la ratificaci\u00f3n del Tratado UE-MERCOSUR porque todo hace indicar que, a pesar de que se diga que se van a poner controles, es posible que lleguen a Espa\u00f1a productos de Sudam\u00e9rica con restos de pesticidas prohibidos en Europa.<\/p>\n\n\n\n<p>\u00abSomos agricultores profesionales, seguramente mejores que muchos de esos pa\u00edses, pero claro, <strong>necesitamos jugar con las mismas herramientas. Ellos no pueden arar con tractores y nosotros con mulas y con vacas<\/strong>\u00ab, dijo gr\u00e1ficamente Jos\u00e9 Luis Marcos en su intervenci\u00f3n.<\/p>\n\n\n\n<p>Por su parte, <strong>David Tejerina de COAG<\/strong> dijo que quiz\u00e1 para otros sectores -industria o turismo- el Tratado UE-MERCOSUR puede ser interesante, pero que los pol\u00edticos comunitarios podr\u00edan dejar fuera a la agricultura, que para Europa es claramente perjudicial. Tejerina a\u00f1adi\u00f3 hay dos modelos de producci\u00f3n; de una parte, el de los pa\u00edses de MERCOSUR que <strong>producen con pesticidas prohibidos en Europa y sin garant\u00edas de trazabilidad de los alimentos<\/strong>; y de otra, los pa\u00edses de la UE que deben cumplir con un modelo en el que priman las garant\u00edas sanitarias y el bienestar de los animales.<\/p>\n\n\n\n<p>Aunque se habla del perjuicio del acuerdo para el sector agrario, <strong>Eduardo de las S\u00edas, de UCCL<\/strong>, apunt\u00f3 que \u00abla gran perjudicada va a ser la sociedad europea, que va a recibir productos de \u00ednfima calidad\u00bb.<\/p>\n\n\n\n<p><strong>PAC FUERTE Y CON MENOS BUROCRACIA<\/strong>. Sobre el futuro de la Pol\u00edtica Agraria Com\u00fan (PAC), que est\u00e1 ahora en discusi\u00f3n en la UE, las OPAs palentinas quieren que siga teniendo m\u00fasculo econ\u00f3mico fuerte, que mantenga el poder adquisitivo de los productores y que no se consume la reducci\u00f3n de presupuesto anunciada por la UE. \u00abSi se reduce el presupuesto de la PAC habr\u00eda que repercutirlo en el consumidor y supondr\u00eda el incremento de un 2,35% en el precio de los alimentos\u00bb, asegur\u00f3 David Tejerina.<\/p>\n\n\n\n<p>Los bur\u00f3cratas de Bruselas proponen un presupuesto \u00fanico y, adem\u00e1s, con rebaja para la pol\u00edtica agraria y, lo que propuso <strong>Blas Donis, secretario provincial de UPA<\/strong>, -haci\u00e9ndose eco del sentir de todas las OPAs- es <strong>que se mantengan los dos pilares de la PAC como hasta ahora<\/strong>. Por un lado, las <strong>ayudas directas<\/strong> por la p\u00e9rdida de rentabilidad al producir con reglas muy estrictas y, por otro, el <strong>desarrollo rural<\/strong> en la que se incluyen la ayudas a la modernizaci\u00f3n, a las grandes inversiones o a los regad\u00edos, tan importantes en la provincia de Palencia.<\/p>\n\n\n\n<p>Asimismo, el sector solicita \u2013continu\u00f3 Donis- eliminar el exceso de burocracia, que deje a agricultores y ganaderos producir con sencillez, que evite p\u00e9rdidas de tiempo excesivas para introducir datos, y tambi\u00e9n que se cumpla la Ley Cadena de Valor para que no se pague por debajo de los costes de producci\u00f3n.<\/p>\n\n\n\n<p>Los convocantes advierten que, si no hay rentabilidad en los cereales -Palencia es la segunda provincia de Espa\u00f1a en producci\u00f3n- y si, adem\u00e1s, se importan m\u00e1s cereales de Argentina y Brasil que tiren para abajo a\u00fan m\u00e1s los precios, es muy posible que no haya relevo generacional.<\/p>\n\n\n\n<p><strong>MUCHAS DUDAS EN LOS CONTROLES DE MERCOSUR<\/strong>. El sector agrario palentino y europeo tiene muchas dudas en que se apliquen las clausulas espejo, para que se produzcan los alimentos en las mismas condiciones de garant\u00edas sanitarias pero, adem\u00e1s, dudan de que los controles y la trazabilidad, tanto en origen como en destino, sean efectivos.<\/p>\n\n\n\n<p>Los sectores m\u00e1s afectados por el tratado ser\u00e1n las carnes de vacuno, el porcino, el cereal, la remolacha o la miel, que pueden producir en MERCOSUR con unas normas muy permisivas en cuanto a uso de pesticidas, transg\u00e9nicos, antibi\u00f3ticos, sin normas para cuidar el bienestar animal o medir la huella de carbono y con legislaciones laborales muy diferentes a las de la UE, que redundan en unos costes laborales mucho menores a los europeos.<\/p>\n\n\n\n<p>Por ejemplo, ahora Castilla y Le\u00f3n es el primer productor de carne de vacuno de Espa\u00f1a y la UE va a recibir sin aranceles 900.000 toneladas de carne de los principales productores del mundo, como son Argentina y Brasil. En porcino Espa\u00f1a es el tercer productor mundial de carne y casi no se importaba nada, pero ahora vamos a competir sin aranceles contra el cuarto productor mundial que es Brasil.<\/p>\n\n\n\n<p><\/p>\n","protected":false},"excerpt":{"rendered":"<p>Con el lema &#8216;En defensa del consumidor y del sector agrario&#8217; los productores palentinos mostrar\u00e1n su rechazo al Tratado UE-MERCOSUR, &nbsp;a la reducci\u00f3n del presupuesto de la PAC, a la excesiva burocracia de las Administraciones y por la falta de rentabilidad de las explotaciones. Tambi\u00e9n se mostrar\u00e1 una pancarta con el lema &#8216;Por vuestro futuro [&hellip;]<\/p>\n","protected":false},"author":9,"featured_media":22110,"comment_status":"open","ping_status":"open","sticky":false,"template":"","format":"standard","meta":{"footnotes":""},"categories":[9,29,28],"tags":[1698,1708,1714,1707,58,77],"yoast_head":"<!-- This site is optimized with the Yoast SEO plugin v24.5 - https:\/\/yoast.com\/wordpress\/plugins\/seo\/ -->\n<title>El campo palentino se manifiesta el pr\u00f3ximo 29 de enero contra MERCOSUR y la reforma de la PAC - ASAJA Palencia<\/title>\n<meta name=\"description\" content=\"Con el lema &#039;En defensa del consumidor y del sector agrario&#039; los productores palentinos mostrar\u00e1n su rechazo al Tratado UE-MERCOSUR, &nbsp;a la reducci\u00f3n El campo palentino se manifiesta el pr\u00f3ximo 29 de enero contra MERCOSUR y la reforma de la PAC. Contra MERCOSUR y la reforma de la PAC.\" \/>\n<meta name=\"robots\" content=\"index, follow, max-snippet:-1, max-image-preview:large, max-video-preview:-1\" \/>\n<link rel=\"canonical\" href=\"https:\/\/www.asajacyl.com\/palencia\/asaja-palencia-informa\/el-campo-palentino-se-manifiesta-el-proximo-29-de-enero-contra-mercosur-y-la-reforma-de-la-pac\" \/>\n<meta property=\"og:locale\" content=\"es_ES\" \/>\n<meta property=\"og:type\" content=\"article\" \/>\n<meta property=\"og:title\" content=\"El campo palentino se manifiesta el pr\u00f3ximo 29 de enero contra MERCOSUR y la reforma de la PAC - ASAJA Palencia\" \/>\n<meta property=\"og:description\" content=\"Con el lema &#039;En defensa del consumidor y del sector agrario&#039; los productores palentinos mostrar\u00e1n su rechazo al Tratado UE-MERCOSUR, &nbsp;a la reducci\u00f3n El campo palentino se manifiesta el pr\u00f3ximo 29 de enero contra MERCOSUR y la reforma de la PAC. Contra MERCOSUR y la reforma de la PAC.\" \/>\n<meta property=\"og:url\" content=\"https:\/\/www.asajacyl.com\/palencia\/asaja-palencia-informa\/el-campo-palentino-se-manifiesta-el-proximo-29-de-enero-contra-mercosur-y-la-reforma-de-la-pac\" \/>\n<meta property=\"og:site_name\" content=\"ASAJA Palencia\" \/>\n<meta property=\"article:published_time\" content=\"2026-01-23T14:18:00+00:00\" \/>\n<meta property=\"article:modified_time\" content=\"2026-01-28T17:17:56+00:00\" \/>\n<meta property=\"og:image\" content=\"https:\/\/www.asajacyl.com\/palencia\/wp-content\/uploads\/sites\/3\/2026\/01\/Cartel-manifestaciones-29-enero-2026.jpg\" \/>\n\t<meta property=\"og:image:width\" content=\"1024\" \/>\n\t<meta property=\"og:image:height\" content=\"1536\" \/>\n\t<meta property=\"og:image:type\" content=\"image\/jpeg\" \/>\n<meta name=\"author\" content=\"Administrador\" \/>\n<meta name=\"twitter:card\" content=\"summary_large_image\" \/>\n<meta name=\"twitter:label1\" content=\"Escrito por\" \/>\n\t<meta name=\"twitter:data1\" content=\"Administrador\" \/>\n\t<meta name=\"twitter:label2\" content=\"Tiempo de lectura\" \/>\n\t<meta name=\"twitter:data2\" content=\"6 minutos\" \/>\n<script type=\"application\/ld+json\" class=\"yoast-schema-graph\">{\"@context\":\"https:\/\/schema.org\",\"@graph\":[{\"@type\":\"WebPage\",\"@id\":\"https:\/\/www.asajacyl.com\/palencia\/asaja-palencia-informa\/el-campo-palentino-se-manifiesta-el-proximo-29-de-enero-contra-mercosur-y-la-reforma-de-la-pac\",\"url\":\"https:\/\/www.asajacyl.com\/palencia\/asaja-palencia-informa\/el-campo-palentino-se-manifiesta-el-proximo-29-de-enero-contra-mercosur-y-la-reforma-de-la-pac\",\"name\":\"El campo palentino se manifiesta el pr\u00f3ximo 29 de enero contra MERCOSUR y la reforma de la PAC - ASAJA Palencia\",\"isPartOf\":{\"@id\":\"https:\/\/www.asajacyl.com\/palencia\/#website\"},\"primaryImageOfPage\":{\"@id\":\"https:\/\/www.asajacyl.com\/palencia\/asaja-palencia-informa\/el-campo-palentino-se-manifiesta-el-proximo-29-de-enero-contra-mercosur-y-la-reforma-de-la-pac#primaryimage\"},\"image\":{\"@id\":\"https:\/\/www.asajacyl.com\/palencia\/asaja-palencia-informa\/el-campo-palentino-se-manifiesta-el-proximo-29-de-enero-contra-mercosur-y-la-reforma-de-la-pac#primaryimage\"},\"thumbnailUrl\":\"https:\/\/www.asajacyl.com\/palencia\/wp-content\/uploads\/sites\/3\/2026\/01\/Cartel-manifestaciones-29-enero-2026.jpg\",\"datePublished\":\"2026-01-23T14:18:00+00:00\",\"dateModified\":\"2026-01-28T17:17:56+00:00\",\"author\":{\"@id\":\"https:\/\/www.asajacyl.com\/palencia\/#\/schema\/person\/3ab17aeb03527485c317557fae64aab1\"},\"description\":\"Con el lema 'En defensa del consumidor y del sector agrario' los productores palentinos mostrar\u00e1n su rechazo al Tratado UE-MERCOSUR, &nbsp;a la reducci\u00f3n El campo palentino se manifiesta el pr\u00f3ximo 29 de enero contra MERCOSUR y la reforma de la PAC. Contra MERCOSUR y la reforma de la PAC.\",\"breadcrumb\":{\"@id\":\"https:\/\/www.asajacyl.com\/palencia\/asaja-palencia-informa\/el-campo-palentino-se-manifiesta-el-proximo-29-de-enero-contra-mercosur-y-la-reforma-de-la-pac#breadcrumb\"},\"inLanguage\":\"es\",\"potentialAction\":[{\"@type\":\"ReadAction\",\"target\":[\"https:\/\/www.asajacyl.com\/palencia\/asaja-palencia-informa\/el-campo-palentino-se-manifiesta-el-proximo-29-de-enero-contra-mercosur-y-la-reforma-de-la-pac\"]}]},{\"@type\":\"ImageObject\",\"inLanguage\":\"es\",\"@id\":\"https:\/\/www.asajacyl.com\/palencia\/asaja-palencia-informa\/el-campo-palentino-se-manifiesta-el-proximo-29-de-enero-contra-mercosur-y-la-reforma-de-la-pac#primaryimage\",\"url\":\"https:\/\/www.asajacyl.com\/palencia\/wp-content\/uploads\/sites\/3\/2026\/01\/Cartel-manifestaciones-29-enero-2026.jpg\",\"contentUrl\":\"https:\/\/www.asajacyl.com\/palencia\/wp-content\/uploads\/sites\/3\/2026\/01\/Cartel-manifestaciones-29-enero-2026.jpg\",\"width\":1024,\"height\":1536},{\"@type\":\"BreadcrumbList\",\"@id\":\"https:\/\/www.asajacyl.com\/palencia\/asaja-palencia-informa\/el-campo-palentino-se-manifiesta-el-proximo-29-de-enero-contra-mercosur-y-la-reforma-de-la-pac#breadcrumb\",\"itemListElement\":[{\"@type\":\"ListItem\",\"position\":1,\"name\":\"Portada\",\"item\":\"https:\/\/www.asajacyl.com\/palencia\/\"},{\"@type\":\"ListItem\",\"position\":2,\"name\":\"El campo palentino se manifiesta el pr\u00f3ximo 29 de enero contra MERCOSUR y la reforma de la PAC\"}]},{\"@type\":\"WebSite\",\"@id\":\"https:\/\/www.asajacyl.com\/palencia\/#website\",\"url\":\"https:\/\/www.asajacyl.com\/palencia\/\",\"name\":\"ASAJA Palencia\",\"description\":\"Otro sitio m\u00e1s de Provincias ASAJA Castilla y Le\u00f3n\",\"potentialAction\":[{\"@type\":\"SearchAction\",\"target\":{\"@type\":\"EntryPoint\",\"urlTemplate\":\"https:\/\/www.asajacyl.com\/palencia\/?s={search_term_string}\"},\"query-input\":{\"@type\":\"PropertyValueSpecification\",\"valueRequired\":true,\"valueName\":\"search_term_string\"}}],\"inLanguage\":\"es\"},{\"@type\":\"Person\",\"@id\":\"https:\/\/www.asajacyl.com\/palencia\/#\/schema\/person\/3ab17aeb03527485c317557fae64aab1\",\"name\":\"Administrador\",\"image\":{\"@type\":\"ImageObject\",\"inLanguage\":\"es\",\"@id\":\"https:\/\/www.asajacyl.com\/palencia\/#\/schema\/person\/image\/\",\"url\":\"https:\/\/secure.gravatar.com\/avatar\/517384810d242ca9e38c180f3c9fb973?s=96&d=mm&r=g\",\"contentUrl\":\"https:\/\/secure.gravatar.com\/avatar\/517384810d242ca9e38c180f3c9fb973?s=96&d=mm&r=g\",\"caption\":\"Administrador\"},\"url\":\"https:\/\/www.asajacyl.com\/palencia\/author\/carlosrm\"}]}<\/script>\n<!-- \/ Yoast SEO plugin. -->","yoast_head_json":{"title":"El campo palentino se manifiesta el pr\u00f3ximo 29 de enero contra MERCOSUR y la reforma de la PAC - ASAJA Palencia","description":"Con el lema 'En defensa del consumidor y del sector agrario' los productores palentinos mostrar\u00e1n su rechazo al Tratado UE-MERCOSUR, &nbsp;a la reducci\u00f3n El campo palentino se manifiesta el pr\u00f3ximo 29 de enero contra MERCOSUR y la reforma de la PAC. Contra MERCOSUR y la reforma de la PAC.","robots":{"index":"index","follow":"follow","max-snippet":"max-snippet:-1","max-image-preview":"max-image-preview:large","max-video-preview":"max-video-preview:-1"},"canonical":"https:\/\/www.asajacyl.com\/palencia\/asaja-palencia-informa\/el-campo-palentino-se-manifiesta-el-proximo-29-de-enero-contra-mercosur-y-la-reforma-de-la-pac","og_locale":"es_ES","og_type":"article","og_title":"El campo palentino se manifiesta el pr\u00f3ximo 29 de enero contra MERCOSUR y la reforma de la PAC - ASAJA Palencia","og_description":"Con el lema 'En defensa del consumidor y del sector agrario' los productores palentinos mostrar\u00e1n su rechazo al Tratado UE-MERCOSUR, &nbsp;a la reducci\u00f3n El campo palentino se manifiesta el pr\u00f3ximo 29 de enero contra MERCOSUR y la reforma de la PAC. Contra MERCOSUR y la reforma de la PAC.","og_url":"https:\/\/www.asajacyl.com\/palencia\/asaja-palencia-informa\/el-campo-palentino-se-manifiesta-el-proximo-29-de-enero-contra-mercosur-y-la-reforma-de-la-pac","og_site_name":"ASAJA Palencia","article_published_time":"2026-01-23T14:18:00+00:00","article_modified_time":"2026-01-28T17:17:56+00:00","og_image":[{"width":1024,"height":1536,"url":"https:\/\/www.asajacyl.com\/palencia\/wp-content\/uploads\/sites\/3\/2026\/01\/Cartel-manifestaciones-29-enero-2026.jpg","type":"image\/jpeg"}],"author":"Administrador","twitter_card":"summary_large_image","twitter_misc":{"Escrito por":"Administrador","Tiempo de lectura":"6 minutos"},"schema":{"@context":"https:\/\/schema.org","@graph":[{"@type":"WebPage","@id":"https:\/\/www.asajacyl.com\/palencia\/asaja-palencia-informa\/el-campo-palentino-se-manifiesta-el-proximo-29-de-enero-contra-mercosur-y-la-reforma-de-la-pac","url":"https:\/\/www.asajacyl.com\/palencia\/asaja-palencia-informa\/el-campo-palentino-se-manifiesta-el-proximo-29-de-enero-contra-mercosur-y-la-reforma-de-la-pac","name":"El campo palentino se manifiesta el pr\u00f3ximo 29 de enero contra MERCOSUR y la reforma de la PAC - ASAJA Palencia","isPartOf":{"@id":"https:\/\/www.asajacyl.com\/palencia\/#website"},"primaryImageOfPage":{"@id":"https:\/\/www.asajacyl.com\/palencia\/asaja-palencia-informa\/el-campo-palentino-se-manifiesta-el-proximo-29-de-enero-contra-mercosur-y-la-reforma-de-la-pac#primaryimage"},"image":{"@id":"https:\/\/www.asajacyl.com\/palencia\/asaja-palencia-informa\/el-campo-palentino-se-manifiesta-el-proximo-29-de-enero-contra-mercosur-y-la-reforma-de-la-pac#primaryimage"},"thumbnailUrl":"https:\/\/www.asajacyl.com\/palencia\/wp-content\/uploads\/sites\/3\/2026\/01\/Cartel-manifestaciones-29-enero-2026.jpg","datePublished":"2026-01-23T14:18:00+00:00","dateModified":"2026-01-28T17:17:56+00:00","author":{"@id":"https:\/\/www.asajacyl.com\/palencia\/#\/schema\/person\/3ab17aeb03527485c317557fae64aab1"},"description":"Con el lema 'En defensa del consumidor y del sector agrario' los productores palentinos mostrar\u00e1n su rechazo al Tratado UE-MERCOSUR, &nbsp;a la reducci\u00f3n El campo palentino se manifiesta el pr\u00f3ximo 29 de enero contra MERCOSUR y la reforma de la PAC. Contra MERCOSUR y la reforma de la PAC.","breadcrumb":{"@id":"https:\/\/www.asajacyl.com\/palencia\/asaja-palencia-informa\/el-campo-palentino-se-manifiesta-el-proximo-29-de-enero-contra-mercosur-y-la-reforma-de-la-pac#breadcrumb"},"inLanguage":"es","potentialAction":[{"@type":"ReadAction","target":["https:\/\/www.asajacyl.com\/palencia\/asaja-palencia-informa\/el-campo-palentino-se-manifiesta-el-proximo-29-de-enero-contra-mercosur-y-la-reforma-de-la-pac"]}]},{"@type":"ImageObject","inLanguage":"es","@id":"https:\/\/www.asajacyl.com\/palencia\/asaja-palencia-informa\/el-campo-palentino-se-manifiesta-el-proximo-29-de-enero-contra-mercosur-y-la-reforma-de-la-pac#primaryimage","url":"https:\/\/www.asajacyl.com\/palencia\/wp-content\/uploads\/sites\/3\/2026\/01\/Cartel-manifestaciones-29-enero-2026.jpg","contentUrl":"https:\/\/www.asajacyl.com\/palencia\/wp-content\/uploads\/sites\/3\/2026\/01\/Cartel-manifestaciones-29-enero-2026.jpg","width":1024,"height":1536},{"@type":"BreadcrumbList","@id":"https:\/\/www.asajacyl.com\/palencia\/asaja-palencia-informa\/el-campo-palentino-se-manifiesta-el-proximo-29-de-enero-contra-mercosur-y-la-reforma-de-la-pac#breadcrumb","itemListElement":[{"@type":"ListItem","position":1,"name":"Portada","item":"https:\/\/www.asajacyl.com\/palencia\/"},{"@type":"ListItem","position":2,"name":"El campo palentino se manifiesta el pr\u00f3ximo 29 de enero contra MERCOSUR y la reforma de la PAC"}]},{"@type":"WebSite","@id":"https:\/\/www.asajacyl.com\/palencia\/#website","url":"https:\/\/www.asajacyl.com\/palencia\/","name":"ASAJA Palencia","description":"Otro sitio m\u00e1s de Provincias ASAJA Castilla y Le\u00f3n","potentialAction":[{"@type":"SearchAction","target":{"@type":"EntryPoint","urlTemplate":"https:\/\/www.asajacyl.com\/palencia\/?s={search_term_string}"},"query-input":{"@type":"PropertyValueSpecification","valueRequired":true,"valueName":"search_term_string"}}],"inLanguage":"es"},{"@type":"Person","@id":"https:\/\/www.asajacyl.com\/palencia\/#\/schema\/person\/3ab17aeb03527485c317557fae64aab1","name":"Administrador","image":{"@type":"ImageObject","inLanguage":"es","@id":"https:\/\/www.asajacyl.com\/palencia\/#\/schema\/person\/image\/","url":"https:\/\/secure.gravatar.com\/avatar\/517384810d242ca9e38c180f3c9fb973?s=96&d=mm&r=g","contentUrl":"https:\/\/secure.gravatar.com\/avatar\/517384810d242ca9e38c180f3c9fb973?s=96&d=mm&r=g","caption":"Administrador"},"url":"https:\/\/www.asajacyl.com\/palencia\/author\/carlosrm"}]}},"_links":{"self":[{"href":"https:\/\/www.asajacyl.com\/palencia\/wp-json\/wp\/v2\/posts\/22105"}],"collection":[{"href":"https:\/\/www.asajacyl.com\/palencia\/wp-json\/wp\/v2\/posts"}],"about":[{"href":"https:\/\/www.asajacyl.com\/palencia\/wp-json\/wp\/v2\/types\/post"}],"author":[{"embeddable":true,"href":"https:\/\/www.asajacyl.com\/palencia\/wp-json\/wp\/v2\/users\/9"}],"replies":[{"embeddable":true,"href":"https:\/\/www.asajacyl.com\/palencia\/wp-json\/wp\/v2\/comments?post=22105"}],"version-history":[{"count":2,"href":"https:\/\/www.asajacyl.com\/palencia\/wp-json\/wp\/v2\/posts\/22105\/revisions"}],"predecessor-version":[{"id":22111,"href":"https:\/\/www.asajacyl.com\/palencia\/wp-json\/wp\/v2\/posts\/22105\/revisions\/22111"}],"wp:featuredmedia":[{"embeddable":true,"href":"https:\/\/www.asajacyl.com\/palencia\/wp-json\/wp\/v2\/media\/22110"}],"wp:attachment":[{"href":"https:\/\/www.asajacyl.com\/palencia\/wp-json\/wp\/v2\/media?parent=22105"}],"wp:term":[{"taxonomy":"category","embeddable":true,"href":"https:\/\/www.asajacyl.com\/palencia\/wp-json\/wp\/v2\/categories?post=22105"},{"taxonomy":"post_tag","embeddable":true,"href":"https:\/\/www.asajacyl.com\/palencia\/wp-json\/wp\/v2\/tags?post=22105"}],"curies":[{"name":"wp","href":"https:\/\/api.w.org\/{rel}","templated":true}]}}