{"id":22116,"date":"2026-01-23T17:14:03","date_gmt":"2026-01-23T16:14:03","guid":{"rendered":"https:\/\/www.asajacyl.com\/palencia\/?p=22116"},"modified":"2026-01-28T18:18:29","modified_gmt":"2026-01-28T17:18:29","slug":"monzon-acoge-el-30-de-enero-una-jornada-sobre-nabos-y-cultivos-de-regadio","status":"publish","type":"post","link":"https:\/\/www.asajacyl.com\/palencia\/asaja-palencia-informa\/monzon-acoge-el-30-de-enero-una-jornada-sobre-nabos-y-cultivos-de-regadio","title":{"rendered":"Monz\u00f3n acoge el 30 de enero una &#8216;Jornada sobre nabos y cultivos de regad\u00edo&#8217;"},"content":{"rendered":"\n<h2 class=\"wp-block-heading\">Monz\u00f3n de Campos acoge el pr\u00f3ximo viernes, 30 de enero, una &#8216;Jornada sobre nabos y otros cultivos de regad\u00edo&#8217; en la que, aparte de los detalles agron\u00f3micos, tambi\u00e9n se hablar\u00e1 de las novedades de la PAC para 2026 o del plan de abonado en el programa &#8216;Sativum&#8217; del Itacyl, para terminar con una repaso a las elaboraciones gastron\u00f3micas basadas en los nabos.<\/h2>\n\n\n\n<h2 class=\"wp-block-heading\">El encuentro, dirigido a agricultores y profesionales y t\u00e9cnicos del sector agrario, est\u00e1 organizado por JAM Comunicaci\u00f3n y por la Comunidad de Regantes del Bajo Carri\u00f3n, con la colaboraci\u00f3n del Ayuntamiento de Monz\u00f3n de Campos y la Diputaci\u00f3n de Palencia.<\/h2>\n\n\n\n<p>La apertura de puertas en la sede de la jornada, el Sal\u00f3n de Actos\/Centro Cultural del Ayuntamiento de Monz\u00f3n, comenzar\u00e1 a las 9,30h para recepci\u00f3n e inscripci\u00f3n de asistentes.<\/p>\n\n\n\n<p>Mariano Mart\u00ednez, alcalde de Monz\u00f3n, har\u00e1 inauguraci\u00f3n de la jornada a las 10,30h, tras la cual se proceder\u00e1 a dar paso a la primera ponencia sobre &#8216;<strong>El cultivo del nabo y otras hort\u00edcolas en la finca Dehesa de Tablares<\/strong>&#8216;, a cargo de Almudena Mart\u00edn, t\u00e9cnico de la Diputaci\u00f3n de Palencia. Tanto el Ayuntamiento de Monz\u00f3n de Campos como la Diputaci\u00f3n palentina quieren relanzar y poner en valor el cultivo de los nabos, anta\u00f1o muy populares en la zona y que, fruto del auge de la remolacha, qued\u00f3 muy relegado.<\/p>\n\n\n\n<p>Posteriormente, el <strong>director general de la PAC de la Junta de Castilla y Le\u00f3n<\/strong>, \u00c1ngel M\u00aa G\u00f3mez, informar\u00e1 de &#8216;<strong>Las novedades en la PAC para 2026<\/strong>&#8216;, un tema que siempre interesa a los agricultores en momentos previos a hacer las declaraciones para la presente campa\u00f1a.<\/p>\n\n\n\n<figure class=\"wp-block-image size-large\"><img loading=\"lazy\" decoding=\"async\" width=\"724\" height=\"1024\" src=\"https:\/\/www.asajacyl.com\/palencia\/wp-content\/uploads\/sites\/3\/2026\/01\/MONZON-programa-Nabos-2026-v5-724x1024.jpg\" alt=\"\" class=\"wp-image-22118\" srcset=\"https:\/\/www.asajacyl.com\/palencia\/wp-content\/uploads\/sites\/3\/2026\/01\/MONZON-programa-Nabos-2026-v5-724x1024.jpg 724w, https:\/\/www.asajacyl.com\/palencia\/wp-content\/uploads\/sites\/3\/2026\/01\/MONZON-programa-Nabos-2026-v5-212x300.jpg 212w, https:\/\/www.asajacyl.com\/palencia\/wp-content\/uploads\/sites\/3\/2026\/01\/MONZON-programa-Nabos-2026-v5-768x1086.jpg 768w, https:\/\/www.asajacyl.com\/palencia\/wp-content\/uploads\/sites\/3\/2026\/01\/MONZON-programa-Nabos-2026-v5-1086x1536.jpg 1086w, https:\/\/www.asajacyl.com\/palencia\/wp-content\/uploads\/sites\/3\/2026\/01\/MONZON-programa-Nabos-2026-v5-297x420.jpg 297w, https:\/\/www.asajacyl.com\/palencia\/wp-content\/uploads\/sites\/3\/2026\/01\/MONZON-programa-Nabos-2026-v5-696x984.jpg 696w, https:\/\/www.asajacyl.com\/palencia\/wp-content\/uploads\/sites\/3\/2026\/01\/MONZON-programa-Nabos-2026-v5-1068x1511.jpg 1068w, https:\/\/www.asajacyl.com\/palencia\/wp-content\/uploads\/sites\/3\/2026\/01\/MONZON-programa-Nabos-2026-v5.jpg 1414w\" sizes=\"(max-width: 724px) 100vw, 724px\" \/><\/figure>\n\n\n\n<p><strong>SATIVUM Y GASTRONOM\u00cdA BASADA EN LOS NABOS.<\/strong> Tras la pausa para el caf\u00e9, Vanesa Paredes, t\u00e9cnico del Itacyl, hablar\u00e1 de una forma pr\u00e1ctica sobre una novedad en el programa &#8216;Sativum: la mejora del Plan de Abonado&#8217;, un apartado obligatorio para los agricultores que, con estas mejoras en la aplicaci\u00f3n del Instituto Tecnol\u00f3gico Agrario, facilitar\u00e1n la tarea burocr\u00e1tica a los profesionales.<\/p>\n\n\n\n<p>Finalmente, el ingeniero agr\u00f3nomo y escritor palentino Fernando Franco Jubete, impartir\u00e1 una ponencia sobre &#8216;Los nabos en la gastronom\u00eda moderna&#8217;, tomando parte de sus \u00faltimos trabajos literarios en los que tambi\u00e9n habla de las elaboraciones culinarias basadas en estas ra\u00edces.<\/p>\n\n\n\n<p>Para concluir la jornada, los asistentes podr\u00e1n participar en un vino espa\u00f1ol en el que degustar cazuelitas con elaboraciones a base de nabos.<\/p>\n\n\n\n<p>Para una mejor organizaci\u00f3n, las personas interesadas en asistir pueden remitir un correo electr\u00f3nico a jamcomunicacion@yahoo.com, o bien enviar un mensaje de WhatsApp a JAM Comunicaci\u00f3n (605 535 256)\u2014, indicando nombre, correo electr\u00f3nico, localidad y tel\u00e9fono de contacto.<\/p>\n\n\n\n<p><\/p>\n","protected":false},"excerpt":{"rendered":"<p>Monz\u00f3n de Campos acoge el pr\u00f3ximo viernes, 30 de enero, una &#8216;Jornada sobre nabos y otros cultivos de regad\u00edo&#8217; en la que, aparte de los detalles agron\u00f3micos, tambi\u00e9n se hablar\u00e1 de las novedades de la PAC para 2026 o del plan de abonado en el programa &#8216;Sativum&#8217; del Itacyl, para terminar con una repaso a [&hellip;]<\/p>\n","protected":false},"author":9,"featured_media":22118,"comment_status":"open","ping_status":"open","sticky":false,"template":"","format":"standard","meta":{"footnotes":""},"categories":[9,29,28],"tags":[1698,58],"yoast_head":"<!-- This site is optimized with the Yoast SEO plugin v24.5 - https:\/\/yoast.com\/wordpress\/plugins\/seo\/ -->\n<title>Monz\u00f3n acoge el 30 de enero una &#039;Jornada sobre nabos y cultivos de regad\u00edo&#039; - ASAJA Palencia<\/title>\n<meta name=\"description\" content=\"Monz\u00f3n de Campos acoge el pr\u00f3ximo viernes, 30 de enero, una &#039;Jornada sobre nabos y otros cultivos de regad\u00edo&#039; en la que, aparte de los detalles Monz\u00f3n acoge el 30 de enero una &#039;Jornada sobre nabos y cultivos de regad\u00edo&#039;\" \/>\n<meta name=\"robots\" content=\"index, follow, max-snippet:-1, max-image-preview:large, max-video-preview:-1\" \/>\n<link rel=\"canonical\" href=\"https:\/\/www.asajacyl.com\/palencia\/asaja-palencia-informa\/monzon-acoge-el-30-de-enero-una-jornada-sobre-nabos-y-cultivos-de-regadio\" \/>\n<meta property=\"og:locale\" content=\"es_ES\" \/>\n<meta property=\"og:type\" content=\"article\" \/>\n<meta property=\"og:title\" content=\"Monz\u00f3n acoge el 30 de enero una &#039;Jornada sobre nabos y cultivos de regad\u00edo&#039; - ASAJA Palencia\" \/>\n<meta property=\"og:description\" content=\"Monz\u00f3n de Campos acoge el pr\u00f3ximo viernes, 30 de enero, una &#039;Jornada sobre nabos y otros cultivos de regad\u00edo&#039; en la que, aparte de los detalles Monz\u00f3n acoge el 30 de enero una &#039;Jornada sobre nabos y cultivos de regad\u00edo&#039;\" \/>\n<meta property=\"og:url\" content=\"https:\/\/www.asajacyl.com\/palencia\/asaja-palencia-informa\/monzon-acoge-el-30-de-enero-una-jornada-sobre-nabos-y-cultivos-de-regadio\" \/>\n<meta property=\"og:site_name\" content=\"ASAJA Palencia\" \/>\n<meta property=\"article:published_time\" content=\"2026-01-23T16:14:03+00:00\" \/>\n<meta property=\"article:modified_time\" content=\"2026-01-28T17:18:29+00:00\" \/>\n<meta property=\"og:image\" content=\"https:\/\/www.asajacyl.com\/palencia\/wp-content\/uploads\/sites\/3\/2026\/01\/MONZON-programa-Nabos-2026-v5.jpg\" \/>\n\t<meta property=\"og:image:width\" content=\"1414\" \/>\n\t<meta property=\"og:image:height\" content=\"2000\" \/>\n\t<meta property=\"og:image:type\" content=\"image\/jpeg\" \/>\n<meta name=\"author\" content=\"Administrador\" \/>\n<meta name=\"twitter:card\" content=\"summary_large_image\" \/>\n<meta name=\"twitter:label1\" content=\"Escrito por\" \/>\n\t<meta name=\"twitter:data1\" content=\"Administrador\" \/>\n\t<meta name=\"twitter:label2\" content=\"Tiempo de lectura\" \/>\n\t<meta name=\"twitter:data2\" content=\"3 minutos\" \/>\n<script type=\"application\/ld+json\" class=\"yoast-schema-graph\">{\"@context\":\"https:\/\/schema.org\",\"@graph\":[{\"@type\":\"WebPage\",\"@id\":\"https:\/\/www.asajacyl.com\/palencia\/asaja-palencia-informa\/monzon-acoge-el-30-de-enero-una-jornada-sobre-nabos-y-cultivos-de-regadio\",\"url\":\"https:\/\/www.asajacyl.com\/palencia\/asaja-palencia-informa\/monzon-acoge-el-30-de-enero-una-jornada-sobre-nabos-y-cultivos-de-regadio\",\"name\":\"Monz\u00f3n acoge el 30 de enero una 'Jornada sobre nabos y cultivos de regad\u00edo' - ASAJA Palencia\",\"isPartOf\":{\"@id\":\"https:\/\/www.asajacyl.com\/palencia\/#website\"},\"primaryImageOfPage\":{\"@id\":\"https:\/\/www.asajacyl.com\/palencia\/asaja-palencia-informa\/monzon-acoge-el-30-de-enero-una-jornada-sobre-nabos-y-cultivos-de-regadio#primaryimage\"},\"image\":{\"@id\":\"https:\/\/www.asajacyl.com\/palencia\/asaja-palencia-informa\/monzon-acoge-el-30-de-enero-una-jornada-sobre-nabos-y-cultivos-de-regadio#primaryimage\"},\"thumbnailUrl\":\"https:\/\/www.asajacyl.com\/palencia\/wp-content\/uploads\/sites\/3\/2026\/01\/MONZON-programa-Nabos-2026-v5.jpg\",\"datePublished\":\"2026-01-23T16:14:03+00:00\",\"dateModified\":\"2026-01-28T17:18:29+00:00\",\"author\":{\"@id\":\"https:\/\/www.asajacyl.com\/palencia\/#\/schema\/person\/3ab17aeb03527485c317557fae64aab1\"},\"description\":\"Monz\u00f3n de Campos acoge el pr\u00f3ximo viernes, 30 de enero, una 'Jornada sobre nabos y otros cultivos de regad\u00edo' en la que, aparte de los detalles Monz\u00f3n acoge el 30 de enero una 'Jornada sobre nabos y cultivos de regad\u00edo'\",\"breadcrumb\":{\"@id\":\"https:\/\/www.asajacyl.com\/palencia\/asaja-palencia-informa\/monzon-acoge-el-30-de-enero-una-jornada-sobre-nabos-y-cultivos-de-regadio#breadcrumb\"},\"inLanguage\":\"es\",\"potentialAction\":[{\"@type\":\"ReadAction\",\"target\":[\"https:\/\/www.asajacyl.com\/palencia\/asaja-palencia-informa\/monzon-acoge-el-30-de-enero-una-jornada-sobre-nabos-y-cultivos-de-regadio\"]}]},{\"@type\":\"ImageObject\",\"inLanguage\":\"es\",\"@id\":\"https:\/\/www.asajacyl.com\/palencia\/asaja-palencia-informa\/monzon-acoge-el-30-de-enero-una-jornada-sobre-nabos-y-cultivos-de-regadio#primaryimage\",\"url\":\"https:\/\/www.asajacyl.com\/palencia\/wp-content\/uploads\/sites\/3\/2026\/01\/MONZON-programa-Nabos-2026-v5.jpg\",\"contentUrl\":\"https:\/\/www.asajacyl.com\/palencia\/wp-content\/uploads\/sites\/3\/2026\/01\/MONZON-programa-Nabos-2026-v5.jpg\",\"width\":1414,\"height\":2000},{\"@type\":\"BreadcrumbList\",\"@id\":\"https:\/\/www.asajacyl.com\/palencia\/asaja-palencia-informa\/monzon-acoge-el-30-de-enero-una-jornada-sobre-nabos-y-cultivos-de-regadio#breadcrumb\",\"itemListElement\":[{\"@type\":\"ListItem\",\"position\":1,\"name\":\"Portada\",\"item\":\"https:\/\/www.asajacyl.com\/palencia\/\"},{\"@type\":\"ListItem\",\"position\":2,\"name\":\"Monz\u00f3n acoge el 30 de enero una &#8216;Jornada sobre nabos y cultivos de regad\u00edo&#8217;\"}]},{\"@type\":\"WebSite\",\"@id\":\"https:\/\/www.asajacyl.com\/palencia\/#website\",\"url\":\"https:\/\/www.asajacyl.com\/palencia\/\",\"name\":\"ASAJA Palencia\",\"description\":\"Otro sitio m\u00e1s de Provincias ASAJA Castilla y Le\u00f3n\",\"potentialAction\":[{\"@type\":\"SearchAction\",\"target\":{\"@type\":\"EntryPoint\",\"urlTemplate\":\"https:\/\/www.asajacyl.com\/palencia\/?s={search_term_string}\"},\"query-input\":{\"@type\":\"PropertyValueSpecification\",\"valueRequired\":true,\"valueName\":\"search_term_string\"}}],\"inLanguage\":\"es\"},{\"@type\":\"Person\",\"@id\":\"https:\/\/www.asajacyl.com\/palencia\/#\/schema\/person\/3ab17aeb03527485c317557fae64aab1\",\"name\":\"Administrador\",\"image\":{\"@type\":\"ImageObject\",\"inLanguage\":\"es\",\"@id\":\"https:\/\/www.asajacyl.com\/palencia\/#\/schema\/person\/image\/\",\"url\":\"https:\/\/secure.gravatar.com\/avatar\/517384810d242ca9e38c180f3c9fb973?s=96&d=mm&r=g\",\"contentUrl\":\"https:\/\/secure.gravatar.com\/avatar\/517384810d242ca9e38c180f3c9fb973?s=96&d=mm&r=g\",\"caption\":\"Administrador\"},\"url\":\"https:\/\/www.asajacyl.com\/palencia\/author\/carlosrm\"}]}<\/script>\n<!-- \/ Yoast SEO plugin. -->","yoast_head_json":{"title":"Monz\u00f3n acoge el 30 de enero una 'Jornada sobre nabos y cultivos de regad\u00edo' - ASAJA Palencia","description":"Monz\u00f3n de Campos acoge el pr\u00f3ximo viernes, 30 de enero, una 'Jornada sobre nabos y otros cultivos de regad\u00edo' en la que, aparte de los detalles Monz\u00f3n acoge el 30 de enero una 'Jornada sobre nabos y cultivos de regad\u00edo'","robots":{"index":"index","follow":"follow","max-snippet":"max-snippet:-1","max-image-preview":"max-image-preview:large","max-video-preview":"max-video-preview:-1"},"canonical":"https:\/\/www.asajacyl.com\/palencia\/asaja-palencia-informa\/monzon-acoge-el-30-de-enero-una-jornada-sobre-nabos-y-cultivos-de-regadio","og_locale":"es_ES","og_type":"article","og_title":"Monz\u00f3n acoge el 30 de enero una 'Jornada sobre nabos y cultivos de regad\u00edo' - ASAJA Palencia","og_description":"Monz\u00f3n de Campos acoge el pr\u00f3ximo viernes, 30 de enero, una 'Jornada sobre nabos y otros cultivos de regad\u00edo' en la que, aparte de los detalles Monz\u00f3n acoge el 30 de enero una 'Jornada sobre nabos y cultivos de regad\u00edo'","og_url":"https:\/\/www.asajacyl.com\/palencia\/asaja-palencia-informa\/monzon-acoge-el-30-de-enero-una-jornada-sobre-nabos-y-cultivos-de-regadio","og_site_name":"ASAJA Palencia","article_published_time":"2026-01-23T16:14:03+00:00","article_modified_time":"2026-01-28T17:18:29+00:00","og_image":[{"width":1414,"height":2000,"url":"https:\/\/www.asajacyl.com\/palencia\/wp-content\/uploads\/sites\/3\/2026\/01\/MONZON-programa-Nabos-2026-v5.jpg","type":"image\/jpeg"}],"author":"Administrador","twitter_card":"summary_large_image","twitter_misc":{"Escrito por":"Administrador","Tiempo de lectura":"3 minutos"},"schema":{"@context":"https:\/\/schema.org","@graph":[{"@type":"WebPage","@id":"https:\/\/www.asajacyl.com\/palencia\/asaja-palencia-informa\/monzon-acoge-el-30-de-enero-una-jornada-sobre-nabos-y-cultivos-de-regadio","url":"https:\/\/www.asajacyl.com\/palencia\/asaja-palencia-informa\/monzon-acoge-el-30-de-enero-una-jornada-sobre-nabos-y-cultivos-de-regadio","name":"Monz\u00f3n acoge el 30 de enero una 'Jornada sobre nabos y cultivos de regad\u00edo' - ASAJA Palencia","isPartOf":{"@id":"https:\/\/www.asajacyl.com\/palencia\/#website"},"primaryImageOfPage":{"@id":"https:\/\/www.asajacyl.com\/palencia\/asaja-palencia-informa\/monzon-acoge-el-30-de-enero-una-jornada-sobre-nabos-y-cultivos-de-regadio#primaryimage"},"image":{"@id":"https:\/\/www.asajacyl.com\/palencia\/asaja-palencia-informa\/monzon-acoge-el-30-de-enero-una-jornada-sobre-nabos-y-cultivos-de-regadio#primaryimage"},"thumbnailUrl":"https:\/\/www.asajacyl.com\/palencia\/wp-content\/uploads\/sites\/3\/2026\/01\/MONZON-programa-Nabos-2026-v5.jpg","datePublished":"2026-01-23T16:14:03+00:00","dateModified":"2026-01-28T17:18:29+00:00","author":{"@id":"https:\/\/www.asajacyl.com\/palencia\/#\/schema\/person\/3ab17aeb03527485c317557fae64aab1"},"description":"Monz\u00f3n de Campos acoge el pr\u00f3ximo viernes, 30 de enero, una 'Jornada sobre nabos y otros cultivos de regad\u00edo' en la que, aparte de los detalles Monz\u00f3n acoge el 30 de enero una 'Jornada sobre nabos y cultivos de regad\u00edo'","breadcrumb":{"@id":"https:\/\/www.asajacyl.com\/palencia\/asaja-palencia-informa\/monzon-acoge-el-30-de-enero-una-jornada-sobre-nabos-y-cultivos-de-regadio#breadcrumb"},"inLanguage":"es","potentialAction":[{"@type":"ReadAction","target":["https:\/\/www.asajacyl.com\/palencia\/asaja-palencia-informa\/monzon-acoge-el-30-de-enero-una-jornada-sobre-nabos-y-cultivos-de-regadio"]}]},{"@type":"ImageObject","inLanguage":"es","@id":"https:\/\/www.asajacyl.com\/palencia\/asaja-palencia-informa\/monzon-acoge-el-30-de-enero-una-jornada-sobre-nabos-y-cultivos-de-regadio#primaryimage","url":"https:\/\/www.asajacyl.com\/palencia\/wp-content\/uploads\/sites\/3\/2026\/01\/MONZON-programa-Nabos-2026-v5.jpg","contentUrl":"https:\/\/www.asajacyl.com\/palencia\/wp-content\/uploads\/sites\/3\/2026\/01\/MONZON-programa-Nabos-2026-v5.jpg","width":1414,"height":2000},{"@type":"BreadcrumbList","@id":"https:\/\/www.asajacyl.com\/palencia\/asaja-palencia-informa\/monzon-acoge-el-30-de-enero-una-jornada-sobre-nabos-y-cultivos-de-regadio#breadcrumb","itemListElement":[{"@type":"ListItem","position":1,"name":"Portada","item":"https:\/\/www.asajacyl.com\/palencia\/"},{"@type":"ListItem","position":2,"name":"Monz\u00f3n acoge el 30 de enero una &#8216;Jornada sobre nabos y cultivos de regad\u00edo&#8217;"}]},{"@type":"WebSite","@id":"https:\/\/www.asajacyl.com\/palencia\/#website","url":"https:\/\/www.asajacyl.com\/palencia\/","name":"ASAJA Palencia","description":"Otro sitio m\u00e1s de Provincias ASAJA Castilla y Le\u00f3n","potentialAction":[{"@type":"SearchAction","target":{"@type":"EntryPoint","urlTemplate":"https:\/\/www.asajacyl.com\/palencia\/?s={search_term_string}"},"query-input":{"@type":"PropertyValueSpecification","valueRequired":true,"valueName":"search_term_string"}}],"inLanguage":"es"},{"@type":"Person","@id":"https:\/\/www.asajacyl.com\/palencia\/#\/schema\/person\/3ab17aeb03527485c317557fae64aab1","name":"Administrador","image":{"@type":"ImageObject","inLanguage":"es","@id":"https:\/\/www.asajacyl.com\/palencia\/#\/schema\/person\/image\/","url":"https:\/\/secure.gravatar.com\/avatar\/517384810d242ca9e38c180f3c9fb973?s=96&d=mm&r=g","contentUrl":"https:\/\/secure.gravatar.com\/avatar\/517384810d242ca9e38c180f3c9fb973?s=96&d=mm&r=g","caption":"Administrador"},"url":"https:\/\/www.asajacyl.com\/palencia\/author\/carlosrm"}]}},"_links":{"self":[{"href":"https:\/\/www.asajacyl.com\/palencia\/wp-json\/wp\/v2\/posts\/22116"}],"collection":[{"href":"https:\/\/www.asajacyl.com\/palencia\/wp-json\/wp\/v2\/posts"}],"about":[{"href":"https:\/\/www.asajacyl.com\/palencia\/wp-json\/wp\/v2\/types\/post"}],"author":[{"embeddable":true,"href":"https:\/\/www.asajacyl.com\/palencia\/wp-json\/wp\/v2\/users\/9"}],"replies":[{"embeddable":true,"href":"https:\/\/www.asajacyl.com\/palencia\/wp-json\/wp\/v2\/comments?post=22116"}],"version-history":[{"count":5,"href":"https:\/\/www.asajacyl.com\/palencia\/wp-json\/wp\/v2\/posts\/22116\/revisions"}],"predecessor-version":[{"id":22123,"href":"https:\/\/www.asajacyl.com\/palencia\/wp-json\/wp\/v2\/posts\/22116\/revisions\/22123"}],"wp:featuredmedia":[{"embeddable":true,"href":"https:\/\/www.asajacyl.com\/palencia\/wp-json\/wp\/v2\/media\/22118"}],"wp:attachment":[{"href":"https:\/\/www.asajacyl.com\/palencia\/wp-json\/wp\/v2\/media?parent=22116"}],"wp:term":[{"taxonomy":"category","embeddable":true,"href":"https:\/\/www.asajacyl.com\/palencia\/wp-json\/wp\/v2\/categories?post=22116"},{"taxonomy":"post_tag","embeddable":true,"href":"https:\/\/www.asajacyl.com\/palencia\/wp-json\/wp\/v2\/tags?post=22116"}],"curies":[{"name":"wp","href":"https:\/\/api.w.org\/{rel}","templated":true}]}}