{"id":22124,"date":"2026-01-23T16:35:57","date_gmt":"2026-01-23T15:35:57","guid":{"rendered":"https:\/\/www.asajacyl.com\/palencia\/?p=22124"},"modified":"2026-01-28T18:18:17","modified_gmt":"2026-01-28T17:18:17","slug":"asaja-valora-el-acuerdo-ue-india-y-destaca-que-la-presion-del-campo-europeo-ha-logrado-proteger-los-productos-sensibles","status":"publish","type":"post","link":"https:\/\/www.asajacyl.com\/palencia\/asaja-palencia-informa\/asaja-valora-el-acuerdo-ue-india-y-destaca-que-la-presion-del-campo-europeo-ha-logrado-proteger-los-productos-sensibles","title":{"rendered":"ASAJA valora el acuerdo UE-India y destaca que la presi\u00f3n del campo europeo ha logrado proteger los productos sensibles"},"content":{"rendered":"\n<h2 class=\"wp-block-heading\">La Asociaci\u00f3n Agraria J\u00f3venes Agricultores (<strong>ASAJA<\/strong>) valora con cautela el Acuerdo de Libre Comercio entre la Uni\u00f3n Europea y la India y subraya que la exclusi\u00f3n de los productos agr\u00edcolas m\u00e1s sensibles es consecuencia directa de la presi\u00f3n ejercida por las movilizaciones del campo europeo en Bruselas y Estrasburgo en las \u00faltimas semanas.<\/h2>\n\n\n\n<p>El acuerdo abre oportunidades para sectores concretos, como el vino y el aceite de oliva, que ver\u00e1n reducidos de forma significativa unos aranceles que hasta ahora superaban el 150 % en el caso del vino y el 45 % en el del aceite de oliva. ASAJA reconoce el inter\u00e9s de este acceso a un mercado de m\u00e1s de 1.400 millones de consumidores, especialmente para producciones de alto valor a\u00f1adido.<\/p>\n\n\n\n<p>Sin embargo, la organizaci\u00f3n pone el acento en un hecho clave: los productos m\u00e1s sensibles para la agricultura europea \u2014arroz, az\u00facar, tabaco, carne de vacuno y aves\u2014 han quedado fuera de las concesiones comerciales. Una decisi\u00f3n que, seg\u00fan ASAJA, refleja un cambio de sensibilidad por parte de la Comisi\u00f3n Europea tras las protestas y concentraciones del sector agrario ante las instituciones comunitarias, <strong>as\u00ed como el intenso trabajo desarrollado desde la presidencia del Grupo de Trabajo de Tabaco en el seno de Copa-Cogeca<\/strong>.<\/p>\n\n\n\n<p>El propio comisario europeo de Agricultura, <strong>Christophe Hansen<\/strong>, ha confirmado que estos productos permanecer\u00e1n protegidos, una l\u00ednea que ASAJA considera imprescindible para evitar impactos graves en sectores estrat\u00e9gicos del campo espa\u00f1ol.<\/p>\n\n\n\n<p>ASAJA insiste en que este giro demuestra que la movilizaci\u00f3n del sector funciona y que solo desde la presi\u00f3n y la unidad se puede evitar que la agricultura vuelva a ser la moneda de cambio de los grandes acuerdos comerciales. En este sentido, la organizaci\u00f3n seguir\u00e1 vigilante para que las exclusiones se acompa\u00f1en de cl\u00e1usulas de salvaguardia eficaces, reciprocidad real en materia fitosanitaria y controles rigurosos en frontera.<\/p>\n\n\n\n<p>Para ASAJA, el acuerdo UE-India solo podr\u00e1 considerarse positivo si consolida este cambio de enfoque y garantiza la protecci\u00f3n del modelo agroalimentario europeo, la viabilidad de las explotaciones y la seguridad alimentaria de los consumidores.<\/p>\n\n\n\n<p>Desde ASAJA advertimos de que este cambio de enfoque debe ir acompa\u00f1ado de hechos concretos. La organizaci\u00f3n seguir\u00e1 vigilante para que los controles en frontera sean reales y eficaces, especialmente tras conocerse que, seg\u00fan un informe interno de la <strong>Comisi\u00f3n Europea<\/strong>, solo se controla de forma f\u00edsica el <strong>0,0082 %<\/strong> de las importaciones agroalimentarias. Asimismo, ASAJA exige que se respete estrictamente el cumplimiento de los L\u00edmites M\u00e1ximos de Residuos (LMR) y que no entren en la Uni\u00f3n Europea productos tratados con sustancias prohibidas para los agricultores europeos.<\/p>\n\n\n\n<p>En un entorno comercial mundial dif\u00edcil, el acuerdo entre la UE y la India demuestra que una pol\u00edtica comercial ambiciosa puede ser compatible con la protecci\u00f3n de las principales sensibilidades agr\u00edcolas. ASAJA y Copa y Cogeca seguir\u00e1n muy comprometidos, a la espera de la publicaci\u00f3n de los textos del acuerdo y de nuevos avances hacia su ratificaci\u00f3n y aplicaci\u00f3n, para garantizar que se aprovechen las oportunidades, al tiempo que se siguen salvaguardando plenamente los intereses de los agricultores y las cooperativas de la UE.<\/p>\n\n\n\n<p><\/p>\n","protected":false},"excerpt":{"rendered":"<p>La Asociaci\u00f3n Agraria J\u00f3venes Agricultores (ASAJA) valora con cautela el Acuerdo de Libre Comercio entre la Uni\u00f3n Europea y la India y subraya que la exclusi\u00f3n de los productos agr\u00edcolas m\u00e1s sensibles es consecuencia directa de la presi\u00f3n ejercida por las movilizaciones del campo europeo en Bruselas y Estrasburgo en las \u00faltimas semanas. El acuerdo [&hellip;]<\/p>\n","protected":false},"author":9,"featured_media":22127,"comment_status":"open","ping_status":"open","sticky":false,"template":"","format":"standard","meta":{"footnotes":""},"categories":[9,29,28],"tags":[58,351,1058,77,1715],"yoast_head":"<!-- This site is optimized with the Yoast SEO plugin v24.5 - https:\/\/yoast.com\/wordpress\/plugins\/seo\/ -->\n<title>ASAJA valora el acuerdo UE-India y destaca que la presi\u00f3n del campo europeo ha logrado proteger los productos sensibles - ASAJA Palencia<\/title>\n<meta name=\"description\" content=\"La Asociaci\u00f3n Agraria J\u00f3venes Agricultores (ASAJA) valora con cautela el Acuerdo de Libre Comercio entre la Uni\u00f3n Europea y la India y subraya que la\" \/>\n<meta name=\"robots\" content=\"index, follow, max-snippet:-1, max-image-preview:large, max-video-preview:-1\" \/>\n<link rel=\"canonical\" href=\"https:\/\/www.asajacyl.com\/palencia\/asaja-palencia-informa\/asaja-valora-el-acuerdo-ue-india-y-destaca-que-la-presion-del-campo-europeo-ha-logrado-proteger-los-productos-sensibles\" \/>\n<meta property=\"og:locale\" content=\"es_ES\" \/>\n<meta property=\"og:type\" content=\"article\" \/>\n<meta property=\"og:title\" content=\"ASAJA valora el acuerdo UE-India y destaca que la presi\u00f3n del campo europeo ha logrado proteger los productos sensibles - ASAJA Palencia\" \/>\n<meta property=\"og:description\" content=\"La Asociaci\u00f3n Agraria J\u00f3venes Agricultores (ASAJA) valora con cautela el Acuerdo de Libre Comercio entre la Uni\u00f3n Europea y la India y subraya que la\" \/>\n<meta property=\"og:url\" content=\"https:\/\/www.asajacyl.com\/palencia\/asaja-palencia-informa\/asaja-valora-el-acuerdo-ue-india-y-destaca-que-la-presion-del-campo-europeo-ha-logrado-proteger-los-productos-sensibles\" \/>\n<meta property=\"og:site_name\" content=\"ASAJA Palencia\" \/>\n<meta property=\"article:published_time\" content=\"2026-01-23T15:35:57+00:00\" \/>\n<meta property=\"article:modified_time\" content=\"2026-01-28T17:18:17+00:00\" \/>\n<meta property=\"og:image\" content=\"https:\/\/www.asajacyl.com\/palencia\/wp-content\/uploads\/sites\/3\/2026\/01\/The_Flag_of_India_on_Republic_Day.jpg\" \/>\n\t<meta property=\"og:image:width\" content=\"2500\" \/>\n\t<meta property=\"og:image:height\" content=\"1667\" \/>\n\t<meta property=\"og:image:type\" content=\"image\/jpeg\" \/>\n<meta name=\"author\" content=\"Administrador\" \/>\n<meta name=\"twitter:card\" content=\"summary_large_image\" \/>\n<meta name=\"twitter:label1\" content=\"Escrito por\" \/>\n\t<meta name=\"twitter:data1\" content=\"Administrador\" \/>\n\t<meta name=\"twitter:label2\" content=\"Tiempo de lectura\" \/>\n\t<meta name=\"twitter:data2\" content=\"3 minutos\" \/>\n<script type=\"application\/ld+json\" class=\"yoast-schema-graph\">{\"@context\":\"https:\/\/schema.org\",\"@graph\":[{\"@type\":\"WebPage\",\"@id\":\"https:\/\/www.asajacyl.com\/palencia\/asaja-palencia-informa\/asaja-valora-el-acuerdo-ue-india-y-destaca-que-la-presion-del-campo-europeo-ha-logrado-proteger-los-productos-sensibles\",\"url\":\"https:\/\/www.asajacyl.com\/palencia\/asaja-palencia-informa\/asaja-valora-el-acuerdo-ue-india-y-destaca-que-la-presion-del-campo-europeo-ha-logrado-proteger-los-productos-sensibles\",\"name\":\"ASAJA valora el acuerdo UE-India y destaca que la presi\u00f3n del campo europeo ha logrado proteger los productos sensibles - ASAJA Palencia\",\"isPartOf\":{\"@id\":\"https:\/\/www.asajacyl.com\/palencia\/#website\"},\"primaryImageOfPage\":{\"@id\":\"https:\/\/www.asajacyl.com\/palencia\/asaja-palencia-informa\/asaja-valora-el-acuerdo-ue-india-y-destaca-que-la-presion-del-campo-europeo-ha-logrado-proteger-los-productos-sensibles#primaryimage\"},\"image\":{\"@id\":\"https:\/\/www.asajacyl.com\/palencia\/asaja-palencia-informa\/asaja-valora-el-acuerdo-ue-india-y-destaca-que-la-presion-del-campo-europeo-ha-logrado-proteger-los-productos-sensibles#primaryimage\"},\"thumbnailUrl\":\"https:\/\/www.asajacyl.com\/palencia\/wp-content\/uploads\/sites\/3\/2026\/01\/The_Flag_of_India_on_Republic_Day.jpg\",\"datePublished\":\"2026-01-23T15:35:57+00:00\",\"dateModified\":\"2026-01-28T17:18:17+00:00\",\"author\":{\"@id\":\"https:\/\/www.asajacyl.com\/palencia\/#\/schema\/person\/3ab17aeb03527485c317557fae64aab1\"},\"description\":\"La Asociaci\u00f3n Agraria J\u00f3venes Agricultores (ASAJA) valora con cautela el Acuerdo de Libre Comercio entre la Uni\u00f3n Europea y la India y subraya que la\",\"breadcrumb\":{\"@id\":\"https:\/\/www.asajacyl.com\/palencia\/asaja-palencia-informa\/asaja-valora-el-acuerdo-ue-india-y-destaca-que-la-presion-del-campo-europeo-ha-logrado-proteger-los-productos-sensibles#breadcrumb\"},\"inLanguage\":\"es\",\"potentialAction\":[{\"@type\":\"ReadAction\",\"target\":[\"https:\/\/www.asajacyl.com\/palencia\/asaja-palencia-informa\/asaja-valora-el-acuerdo-ue-india-y-destaca-que-la-presion-del-campo-europeo-ha-logrado-proteger-los-productos-sensibles\"]}]},{\"@type\":\"ImageObject\",\"inLanguage\":\"es\",\"@id\":\"https:\/\/www.asajacyl.com\/palencia\/asaja-palencia-informa\/asaja-valora-el-acuerdo-ue-india-y-destaca-que-la-presion-del-campo-europeo-ha-logrado-proteger-los-productos-sensibles#primaryimage\",\"url\":\"https:\/\/www.asajacyl.com\/palencia\/wp-content\/uploads\/sites\/3\/2026\/01\/The_Flag_of_India_on_Republic_Day.jpg\",\"contentUrl\":\"https:\/\/www.asajacyl.com\/palencia\/wp-content\/uploads\/sites\/3\/2026\/01\/The_Flag_of_India_on_Republic_Day.jpg\",\"width\":2500,\"height\":1667},{\"@type\":\"BreadcrumbList\",\"@id\":\"https:\/\/www.asajacyl.com\/palencia\/asaja-palencia-informa\/asaja-valora-el-acuerdo-ue-india-y-destaca-que-la-presion-del-campo-europeo-ha-logrado-proteger-los-productos-sensibles#breadcrumb\",\"itemListElement\":[{\"@type\":\"ListItem\",\"position\":1,\"name\":\"Portada\",\"item\":\"https:\/\/www.asajacyl.com\/palencia\/\"},{\"@type\":\"ListItem\",\"position\":2,\"name\":\"ASAJA valora el acuerdo UE-India y destaca que la presi\u00f3n del campo europeo ha logrado proteger los productos sensibles\"}]},{\"@type\":\"WebSite\",\"@id\":\"https:\/\/www.asajacyl.com\/palencia\/#website\",\"url\":\"https:\/\/www.asajacyl.com\/palencia\/\",\"name\":\"ASAJA Palencia\",\"description\":\"Otro sitio m\u00e1s de Provincias ASAJA Castilla y Le\u00f3n\",\"potentialAction\":[{\"@type\":\"SearchAction\",\"target\":{\"@type\":\"EntryPoint\",\"urlTemplate\":\"https:\/\/www.asajacyl.com\/palencia\/?s={search_term_string}\"},\"query-input\":{\"@type\":\"PropertyValueSpecification\",\"valueRequired\":true,\"valueName\":\"search_term_string\"}}],\"inLanguage\":\"es\"},{\"@type\":\"Person\",\"@id\":\"https:\/\/www.asajacyl.com\/palencia\/#\/schema\/person\/3ab17aeb03527485c317557fae64aab1\",\"name\":\"Administrador\",\"image\":{\"@type\":\"ImageObject\",\"inLanguage\":\"es\",\"@id\":\"https:\/\/www.asajacyl.com\/palencia\/#\/schema\/person\/image\/\",\"url\":\"https:\/\/secure.gravatar.com\/avatar\/517384810d242ca9e38c180f3c9fb973?s=96&d=mm&r=g\",\"contentUrl\":\"https:\/\/secure.gravatar.com\/avatar\/517384810d242ca9e38c180f3c9fb973?s=96&d=mm&r=g\",\"caption\":\"Administrador\"},\"url\":\"https:\/\/www.asajacyl.com\/palencia\/author\/carlosrm\"}]}<\/script>\n<!-- \/ Yoast SEO plugin. -->","yoast_head_json":{"title":"ASAJA valora el acuerdo UE-India y destaca que la presi\u00f3n del campo europeo ha logrado proteger los productos sensibles - ASAJA Palencia","description":"La Asociaci\u00f3n Agraria J\u00f3venes Agricultores (ASAJA) valora con cautela el Acuerdo de Libre Comercio entre la Uni\u00f3n Europea y la India y subraya que la","robots":{"index":"index","follow":"follow","max-snippet":"max-snippet:-1","max-image-preview":"max-image-preview:large","max-video-preview":"max-video-preview:-1"},"canonical":"https:\/\/www.asajacyl.com\/palencia\/asaja-palencia-informa\/asaja-valora-el-acuerdo-ue-india-y-destaca-que-la-presion-del-campo-europeo-ha-logrado-proteger-los-productos-sensibles","og_locale":"es_ES","og_type":"article","og_title":"ASAJA valora el acuerdo UE-India y destaca que la presi\u00f3n del campo europeo ha logrado proteger los productos sensibles - ASAJA Palencia","og_description":"La Asociaci\u00f3n Agraria J\u00f3venes Agricultores (ASAJA) valora con cautela el Acuerdo de Libre Comercio entre la Uni\u00f3n Europea y la India y subraya que la","og_url":"https:\/\/www.asajacyl.com\/palencia\/asaja-palencia-informa\/asaja-valora-el-acuerdo-ue-india-y-destaca-que-la-presion-del-campo-europeo-ha-logrado-proteger-los-productos-sensibles","og_site_name":"ASAJA Palencia","article_published_time":"2026-01-23T15:35:57+00:00","article_modified_time":"2026-01-28T17:18:17+00:00","og_image":[{"width":2500,"height":1667,"url":"https:\/\/www.asajacyl.com\/palencia\/wp-content\/uploads\/sites\/3\/2026\/01\/The_Flag_of_India_on_Republic_Day.jpg","type":"image\/jpeg"}],"author":"Administrador","twitter_card":"summary_large_image","twitter_misc":{"Escrito por":"Administrador","Tiempo de lectura":"3 minutos"},"schema":{"@context":"https:\/\/schema.org","@graph":[{"@type":"WebPage","@id":"https:\/\/www.asajacyl.com\/palencia\/asaja-palencia-informa\/asaja-valora-el-acuerdo-ue-india-y-destaca-que-la-presion-del-campo-europeo-ha-logrado-proteger-los-productos-sensibles","url":"https:\/\/www.asajacyl.com\/palencia\/asaja-palencia-informa\/asaja-valora-el-acuerdo-ue-india-y-destaca-que-la-presion-del-campo-europeo-ha-logrado-proteger-los-productos-sensibles","name":"ASAJA valora el acuerdo UE-India y destaca que la presi\u00f3n del campo europeo ha logrado proteger los productos sensibles - ASAJA Palencia","isPartOf":{"@id":"https:\/\/www.asajacyl.com\/palencia\/#website"},"primaryImageOfPage":{"@id":"https:\/\/www.asajacyl.com\/palencia\/asaja-palencia-informa\/asaja-valora-el-acuerdo-ue-india-y-destaca-que-la-presion-del-campo-europeo-ha-logrado-proteger-los-productos-sensibles#primaryimage"},"image":{"@id":"https:\/\/www.asajacyl.com\/palencia\/asaja-palencia-informa\/asaja-valora-el-acuerdo-ue-india-y-destaca-que-la-presion-del-campo-europeo-ha-logrado-proteger-los-productos-sensibles#primaryimage"},"thumbnailUrl":"https:\/\/www.asajacyl.com\/palencia\/wp-content\/uploads\/sites\/3\/2026\/01\/The_Flag_of_India_on_Republic_Day.jpg","datePublished":"2026-01-23T15:35:57+00:00","dateModified":"2026-01-28T17:18:17+00:00","author":{"@id":"https:\/\/www.asajacyl.com\/palencia\/#\/schema\/person\/3ab17aeb03527485c317557fae64aab1"},"description":"La Asociaci\u00f3n Agraria J\u00f3venes Agricultores (ASAJA) valora con cautela el Acuerdo de Libre Comercio entre la Uni\u00f3n Europea y la India y subraya que la","breadcrumb":{"@id":"https:\/\/www.asajacyl.com\/palencia\/asaja-palencia-informa\/asaja-valora-el-acuerdo-ue-india-y-destaca-que-la-presion-del-campo-europeo-ha-logrado-proteger-los-productos-sensibles#breadcrumb"},"inLanguage":"es","potentialAction":[{"@type":"ReadAction","target":["https:\/\/www.asajacyl.com\/palencia\/asaja-palencia-informa\/asaja-valora-el-acuerdo-ue-india-y-destaca-que-la-presion-del-campo-europeo-ha-logrado-proteger-los-productos-sensibles"]}]},{"@type":"ImageObject","inLanguage":"es","@id":"https:\/\/www.asajacyl.com\/palencia\/asaja-palencia-informa\/asaja-valora-el-acuerdo-ue-india-y-destaca-que-la-presion-del-campo-europeo-ha-logrado-proteger-los-productos-sensibles#primaryimage","url":"https:\/\/www.asajacyl.com\/palencia\/wp-content\/uploads\/sites\/3\/2026\/01\/The_Flag_of_India_on_Republic_Day.jpg","contentUrl":"https:\/\/www.asajacyl.com\/palencia\/wp-content\/uploads\/sites\/3\/2026\/01\/The_Flag_of_India_on_Republic_Day.jpg","width":2500,"height":1667},{"@type":"BreadcrumbList","@id":"https:\/\/www.asajacyl.com\/palencia\/asaja-palencia-informa\/asaja-valora-el-acuerdo-ue-india-y-destaca-que-la-presion-del-campo-europeo-ha-logrado-proteger-los-productos-sensibles#breadcrumb","itemListElement":[{"@type":"ListItem","position":1,"name":"Portada","item":"https:\/\/www.asajacyl.com\/palencia\/"},{"@type":"ListItem","position":2,"name":"ASAJA valora el acuerdo UE-India y destaca que la presi\u00f3n del campo europeo ha logrado proteger los productos sensibles"}]},{"@type":"WebSite","@id":"https:\/\/www.asajacyl.com\/palencia\/#website","url":"https:\/\/www.asajacyl.com\/palencia\/","name":"ASAJA Palencia","description":"Otro sitio m\u00e1s de Provincias ASAJA Castilla y Le\u00f3n","potentialAction":[{"@type":"SearchAction","target":{"@type":"EntryPoint","urlTemplate":"https:\/\/www.asajacyl.com\/palencia\/?s={search_term_string}"},"query-input":{"@type":"PropertyValueSpecification","valueRequired":true,"valueName":"search_term_string"}}],"inLanguage":"es"},{"@type":"Person","@id":"https:\/\/www.asajacyl.com\/palencia\/#\/schema\/person\/3ab17aeb03527485c317557fae64aab1","name":"Administrador","image":{"@type":"ImageObject","inLanguage":"es","@id":"https:\/\/www.asajacyl.com\/palencia\/#\/schema\/person\/image\/","url":"https:\/\/secure.gravatar.com\/avatar\/517384810d242ca9e38c180f3c9fb973?s=96&d=mm&r=g","contentUrl":"https:\/\/secure.gravatar.com\/avatar\/517384810d242ca9e38c180f3c9fb973?s=96&d=mm&r=g","caption":"Administrador"},"url":"https:\/\/www.asajacyl.com\/palencia\/author\/carlosrm"}]}},"_links":{"self":[{"href":"https:\/\/www.asajacyl.com\/palencia\/wp-json\/wp\/v2\/posts\/22124"}],"collection":[{"href":"https:\/\/www.asajacyl.com\/palencia\/wp-json\/wp\/v2\/posts"}],"about":[{"href":"https:\/\/www.asajacyl.com\/palencia\/wp-json\/wp\/v2\/types\/post"}],"author":[{"embeddable":true,"href":"https:\/\/www.asajacyl.com\/palencia\/wp-json\/wp\/v2\/users\/9"}],"replies":[{"embeddable":true,"href":"https:\/\/www.asajacyl.com\/palencia\/wp-json\/wp\/v2\/comments?post=22124"}],"version-history":[{"count":1,"href":"https:\/\/www.asajacyl.com\/palencia\/wp-json\/wp\/v2\/posts\/22124\/revisions"}],"predecessor-version":[{"id":22128,"href":"https:\/\/www.asajacyl.com\/palencia\/wp-json\/wp\/v2\/posts\/22124\/revisions\/22128"}],"wp:featuredmedia":[{"embeddable":true,"href":"https:\/\/www.asajacyl.com\/palencia\/wp-json\/wp\/v2\/media\/22127"}],"wp:attachment":[{"href":"https:\/\/www.asajacyl.com\/palencia\/wp-json\/wp\/v2\/media?parent=22124"}],"wp:term":[{"taxonomy":"category","embeddable":true,"href":"https:\/\/www.asajacyl.com\/palencia\/wp-json\/wp\/v2\/categories?post=22124"},{"taxonomy":"post_tag","embeddable":true,"href":"https:\/\/www.asajacyl.com\/palencia\/wp-json\/wp\/v2\/tags?post=22124"}],"curies":[{"name":"wp","href":"https:\/\/api.w.org\/{rel}","templated":true}]}}