{"id":22129,"date":"2026-01-23T13:18:29","date_gmt":"2026-01-23T12:18:29","guid":{"rendered":"https:\/\/www.asajacyl.com\/palencia\/?p=22129"},"modified":"2026-01-28T18:17:21","modified_gmt":"2026-01-28T17:17:21","slug":"la-junta-adaptara-las-medidas-de-prevencion-frente-a-la-dermatosis-nodular-contagiosa-desde-el-1-de-febrero","status":"publish","type":"post","link":"https:\/\/www.asajacyl.com\/palencia\/asaja-palencia-informa\/la-junta-adaptara-las-medidas-de-prevencion-frente-a-la-dermatosis-nodular-contagiosa-desde-el-1-de-febrero","title":{"rendered":"La Junta adaptar\u00e1 las medidas de prevenci\u00f3n frente a la dermatosis nodular contagiosa desde el 1 de febrero"},"content":{"rendered":"\n<h2 class=\"wp-block-heading\"><strong>Debido a la evoluci\u00f3n favorable de la situaci\u00f3n epidemiol\u00f3gica en Catalu\u00f1a, a partir del pr\u00f3ximo mes se permitir\u00e1 la celebraci\u00f3n de ferias, concursos y mercados, incluidos los nacionales, con animales bovinos siempre y cuando se adopten las medidas de bioseguridad establecidas en la normativa.<\/strong><\/h2>\n\n\n\n<p>El Bolet\u00edn Oficial de Castilla y Le\u00f3n\u00a0publicar\u00e1 la pr\u00f3xima semana una resoluci\u00f3n que\u00a0adaptar\u00e1\u00a0desde el\u00a01 de febrero\u00a0las medidas de prevenci\u00f3n frente a la Dermatosis Nodular Contagiosa (DNC)\u00a0por\u00a0la evoluci\u00f3n\u00a0favorable\u00a0de la situaci\u00f3n epidemiol\u00f3gica,\u00a0de la que se inform\u00f3 en la reuni\u00f3n del Comit\u00e9\u00a0Nacional\u00a0de\u00a0la Red de Alerta Sanitaria Veterinaria (RASVE).\u00a0\u00a0<\/p>\n\n\n\n<p>El texto&nbsp;mantendr\u00e1 su vigencia hasta el 31 de marzo&nbsp;siempre y cuando se mantenga&nbsp;esta&nbsp;evoluci\u00f3n epidemiol\u00f3gica&nbsp;favorable&nbsp;y&nbsp;autorizar\u00e1 la celebraci\u00f3n de ferias, concursos, cert\u00e1menes, subastas, romer\u00edas, mercados&nbsp;(incluidos los nacionales)&nbsp;y cualquier evento de animales de la especie bovina&nbsp;con la obligaci\u00f3n de realizar&nbsp;las&nbsp;tareas de limpieza&nbsp;y&nbsp;desinfecci\u00f3n&nbsp;reglamentarias,&nbsp;as\u00ed como la&nbsp;desinsectaci\u00f3n de&nbsp;animales, veh\u00edculos&nbsp;e instalaciones.&nbsp;&nbsp;<\/p>\n\n\n\n<figure class=\"wp-block-image size-large\"><img loading=\"lazy\" decoding=\"async\" width=\"1024\" height=\"896\" src=\"https:\/\/www.asajacyl.com\/palencia\/wp-content\/uploads\/sites\/3\/2026\/01\/Bovino-Villada-1024x896.jpg\" alt=\"\" class=\"wp-image-21943\" srcset=\"https:\/\/www.asajacyl.com\/palencia\/wp-content\/uploads\/sites\/3\/2026\/01\/Bovino-Villada-1024x896.jpg 1024w, https:\/\/www.asajacyl.com\/palencia\/wp-content\/uploads\/sites\/3\/2026\/01\/Bovino-Villada-300x263.jpg 300w, https:\/\/www.asajacyl.com\/palencia\/wp-content\/uploads\/sites\/3\/2026\/01\/Bovino-Villada-768x672.jpg 768w, https:\/\/www.asajacyl.com\/palencia\/wp-content\/uploads\/sites\/3\/2026\/01\/Bovino-Villada-1536x1344.jpg 1536w, https:\/\/www.asajacyl.com\/palencia\/wp-content\/uploads\/sites\/3\/2026\/01\/Bovino-Villada-480x420.jpg 480w, https:\/\/www.asajacyl.com\/palencia\/wp-content\/uploads\/sites\/3\/2026\/01\/Bovino-Villada-696x609.jpg 696w, https:\/\/www.asajacyl.com\/palencia\/wp-content\/uploads\/sites\/3\/2026\/01\/Bovino-Villada-1068x935.jpg 1068w, https:\/\/www.asajacyl.com\/palencia\/wp-content\/uploads\/sites\/3\/2026\/01\/Bovino-Villada.jpg 1890w\" sizes=\"(max-width: 1024px) 100vw, 1024px\" \/><\/figure>\n\n\n\n<p><strong>SE MANTIENEN MEDIDAS<\/strong>. Por lo dem\u00e1s,&nbsp;se mantendr\u00e1n&nbsp;el resto de&nbsp;las medidas&nbsp;vigentes&nbsp;para todas las explotaciones, entre ellas, la obligaci\u00f3n de&nbsp;desinsectar los veh\u00edculos de transporte de animales de las diferentes especies con car\u00e1cter previo a la salida de la explotaci\u00f3n ganadera con destino a vida.\u202f\u202f&nbsp;<\/p>\n\n\n\n<p>Adem\u00e1s, en los casos de <strong>explotaciones de Castilla y Le\u00f3n que reciban\u202fanimales<\/strong> procedentes de zonas consideradas de riesgo (\u00e1reas\u202fdonde\u202fya se ha vacunado y\u202fse puede\u202fautorizar\u202fla salida de animales) ser\u00e1n sometidas\u202fa vigilancia veterinaria oficial&nbsp;y la desinsectaci\u00f3n de todos los bovinos presentes en&nbsp;la explotaci\u00f3n.\u202f\u202f&nbsp;<\/p>\n\n\n\n<p>La nueva resoluci\u00f3n se&nbsp;adopta&nbsp;tras&nbsp;el an\u00e1lisis&nbsp;de la situaci\u00f3n&nbsp;de la enfermedad&nbsp;a nivel&nbsp;europeo. Hasta la fecha, todos los focos&nbsp;espa\u00f1oles&nbsp;(18)&nbsp;\u00fanicamente&nbsp;han sido notificados&nbsp;en la&nbsp;misma comarca de la&nbsp;provincia de Gerona,&nbsp;en las proximidades de la frontera con Francia.&nbsp;Igualmente se ha&nbsp;tenido en cuenta&nbsp;el&nbsp;ritmo&nbsp;positivo&nbsp;de vacunaci\u00f3n&nbsp;en las \u00faltimas semanas&nbsp;tanto en el sur de Francia como en&nbsp;Catalu\u00f1a y Arag\u00f3n, y&nbsp;ahora tambi\u00e9n en&nbsp;Navarra y Pa\u00eds Vasco,&nbsp;y la disminuci\u00f3n de la actividad del vector&nbsp;transmisor&nbsp;de la enfermedad&nbsp;durante&nbsp;el&nbsp;invierno.&nbsp;&nbsp;<\/p>\n\n\n\n<p><strong>MEDIDAS DE BIOSEGURIDAD<\/strong>. Desde la Junta de Castilla y Le\u00f3n se recuerda a los titulares de explotaciones, operadores y transportistas la necesidad de reforzar la aplicaci\u00f3n de\u202flas medidas de\u202fbioseguridad,\u202fla vigilancia del registro de entradas y salidas, as\u00ed como de la cl\u00ednica de los animales&nbsp;y la obligaci\u00f3n de\u202fnotificar\u202fcualquier sospecha a los Servicios Veterinarios Oficiales (SVO).\u202f&nbsp;<\/p>\n\n\n\n<p>La Dermatosis Nodular Contagiosa dermatosis nodular contagiosa es una enfermedad v\u00edrica de difusi\u00f3n principalmente vectorial por insectos.\u202fLa DNC no afecta a los seres humanos ni por contacto con los animales ni por ingesti\u00f3n de productos derivados de ellos.&nbsp;<\/p>\n","protected":false},"excerpt":{"rendered":"<p>Debido a la evoluci\u00f3n favorable de la situaci\u00f3n epidemiol\u00f3gica en Catalu\u00f1a, a partir del pr\u00f3ximo mes se permitir\u00e1 la celebraci\u00f3n de ferias, concursos y mercados, incluidos los nacionales, con animales bovinos siempre y cuando se adopten las medidas de bioseguridad establecidas en la normativa. El Bolet\u00edn Oficial de Castilla y Le\u00f3n\u00a0publicar\u00e1 la pr\u00f3xima semana una [&hellip;]<\/p>\n","protected":false},"author":9,"featured_media":22099,"comment_status":"open","ping_status":"open","sticky":false,"template":"","format":"standard","meta":{"footnotes":""},"categories":[9,29,28],"tags":[1698,1712,1713,77,66],"yoast_head":"<!-- This site is optimized with the Yoast SEO plugin v24.5 - https:\/\/yoast.com\/wordpress\/plugins\/seo\/ -->\n<title>La Junta adaptar\u00e1 las medidas de prevenci\u00f3n frente a la dermatosis nodular contagiosa desde el 1 de febrero - ASAJA Palencia<\/title>\n<meta name=\"description\" content=\"Debido a la evoluci\u00f3n favorable de la situaci\u00f3n epidemiol\u00f3gica en Catalu\u00f1a, a partir del pr\u00f3ximo mes se permitir\u00e1 la celebraci\u00f3n de ferias, concursos y\" \/>\n<meta name=\"robots\" content=\"index, follow, max-snippet:-1, max-image-preview:large, max-video-preview:-1\" \/>\n<link rel=\"canonical\" href=\"https:\/\/www.asajacyl.com\/palencia\/asaja-palencia-informa\/la-junta-adaptara-las-medidas-de-prevencion-frente-a-la-dermatosis-nodular-contagiosa-desde-el-1-de-febrero\" \/>\n<meta property=\"og:locale\" content=\"es_ES\" \/>\n<meta property=\"og:type\" content=\"article\" \/>\n<meta property=\"og:title\" content=\"La Junta adaptar\u00e1 las medidas de prevenci\u00f3n frente a la dermatosis nodular contagiosa desde el 1 de febrero - ASAJA Palencia\" \/>\n<meta property=\"og:description\" content=\"Debido a la evoluci\u00f3n favorable de la situaci\u00f3n epidemiol\u00f3gica en Catalu\u00f1a, a partir del pr\u00f3ximo mes se permitir\u00e1 la celebraci\u00f3n de ferias, concursos y\" \/>\n<meta property=\"og:url\" content=\"https:\/\/www.asajacyl.com\/palencia\/asaja-palencia-informa\/la-junta-adaptara-las-medidas-de-prevencion-frente-a-la-dermatosis-nodular-contagiosa-desde-el-1-de-febrero\" \/>\n<meta property=\"og:site_name\" content=\"ASAJA Palencia\" \/>\n<meta property=\"article:published_time\" content=\"2026-01-23T12:18:29+00:00\" \/>\n<meta property=\"article:modified_time\" content=\"2026-01-28T17:17:21+00:00\" \/>\n<meta property=\"og:image\" content=\"https:\/\/www.asajacyl.com\/palencia\/wp-content\/uploads\/sites\/3\/2026\/01\/05.-Nodulos-en-cuello-fotografia-de-Tsviatko-Alexandrov.jpg\" \/>\n\t<meta property=\"og:image:width\" content=\"558\" \/>\n\t<meta property=\"og:image:height\" content=\"314\" \/>\n\t<meta property=\"og:image:type\" content=\"image\/jpeg\" \/>\n<meta name=\"author\" content=\"Administrador\" \/>\n<meta name=\"twitter:card\" content=\"summary_large_image\" \/>\n<meta name=\"twitter:label1\" content=\"Escrito por\" \/>\n\t<meta name=\"twitter:data1\" content=\"Administrador\" \/>\n\t<meta name=\"twitter:label2\" content=\"Tiempo de lectura\" \/>\n\t<meta name=\"twitter:data2\" content=\"3 minutos\" \/>\n<script type=\"application\/ld+json\" class=\"yoast-schema-graph\">{\"@context\":\"https:\/\/schema.org\",\"@graph\":[{\"@type\":\"WebPage\",\"@id\":\"https:\/\/www.asajacyl.com\/palencia\/asaja-palencia-informa\/la-junta-adaptara-las-medidas-de-prevencion-frente-a-la-dermatosis-nodular-contagiosa-desde-el-1-de-febrero\",\"url\":\"https:\/\/www.asajacyl.com\/palencia\/asaja-palencia-informa\/la-junta-adaptara-las-medidas-de-prevencion-frente-a-la-dermatosis-nodular-contagiosa-desde-el-1-de-febrero\",\"name\":\"La Junta adaptar\u00e1 las medidas de prevenci\u00f3n frente a la dermatosis nodular contagiosa desde el 1 de febrero - ASAJA Palencia\",\"isPartOf\":{\"@id\":\"https:\/\/www.asajacyl.com\/palencia\/#website\"},\"primaryImageOfPage\":{\"@id\":\"https:\/\/www.asajacyl.com\/palencia\/asaja-palencia-informa\/la-junta-adaptara-las-medidas-de-prevencion-frente-a-la-dermatosis-nodular-contagiosa-desde-el-1-de-febrero#primaryimage\"},\"image\":{\"@id\":\"https:\/\/www.asajacyl.com\/palencia\/asaja-palencia-informa\/la-junta-adaptara-las-medidas-de-prevencion-frente-a-la-dermatosis-nodular-contagiosa-desde-el-1-de-febrero#primaryimage\"},\"thumbnailUrl\":\"https:\/\/www.asajacyl.com\/palencia\/wp-content\/uploads\/sites\/3\/2026\/01\/05.-Nodulos-en-cuello-fotografia-de-Tsviatko-Alexandrov.jpg\",\"datePublished\":\"2026-01-23T12:18:29+00:00\",\"dateModified\":\"2026-01-28T17:17:21+00:00\",\"author\":{\"@id\":\"https:\/\/www.asajacyl.com\/palencia\/#\/schema\/person\/3ab17aeb03527485c317557fae64aab1\"},\"description\":\"Debido a la evoluci\u00f3n favorable de la situaci\u00f3n epidemiol\u00f3gica en Catalu\u00f1a, a partir del pr\u00f3ximo mes se permitir\u00e1 la celebraci\u00f3n de ferias, concursos y\",\"breadcrumb\":{\"@id\":\"https:\/\/www.asajacyl.com\/palencia\/asaja-palencia-informa\/la-junta-adaptara-las-medidas-de-prevencion-frente-a-la-dermatosis-nodular-contagiosa-desde-el-1-de-febrero#breadcrumb\"},\"inLanguage\":\"es\",\"potentialAction\":[{\"@type\":\"ReadAction\",\"target\":[\"https:\/\/www.asajacyl.com\/palencia\/asaja-palencia-informa\/la-junta-adaptara-las-medidas-de-prevencion-frente-a-la-dermatosis-nodular-contagiosa-desde-el-1-de-febrero\"]}]},{\"@type\":\"ImageObject\",\"inLanguage\":\"es\",\"@id\":\"https:\/\/www.asajacyl.com\/palencia\/asaja-palencia-informa\/la-junta-adaptara-las-medidas-de-prevencion-frente-a-la-dermatosis-nodular-contagiosa-desde-el-1-de-febrero#primaryimage\",\"url\":\"https:\/\/www.asajacyl.com\/palencia\/wp-content\/uploads\/sites\/3\/2026\/01\/05.-Nodulos-en-cuello-fotografia-de-Tsviatko-Alexandrov.jpg\",\"contentUrl\":\"https:\/\/www.asajacyl.com\/palencia\/wp-content\/uploads\/sites\/3\/2026\/01\/05.-Nodulos-en-cuello-fotografia-de-Tsviatko-Alexandrov.jpg\",\"width\":558,\"height\":314},{\"@type\":\"BreadcrumbList\",\"@id\":\"https:\/\/www.asajacyl.com\/palencia\/asaja-palencia-informa\/la-junta-adaptara-las-medidas-de-prevencion-frente-a-la-dermatosis-nodular-contagiosa-desde-el-1-de-febrero#breadcrumb\",\"itemListElement\":[{\"@type\":\"ListItem\",\"position\":1,\"name\":\"Portada\",\"item\":\"https:\/\/www.asajacyl.com\/palencia\/\"},{\"@type\":\"ListItem\",\"position\":2,\"name\":\"La Junta adaptar\u00e1 las medidas de prevenci\u00f3n frente a la dermatosis nodular contagiosa desde el 1 de febrero\"}]},{\"@type\":\"WebSite\",\"@id\":\"https:\/\/www.asajacyl.com\/palencia\/#website\",\"url\":\"https:\/\/www.asajacyl.com\/palencia\/\",\"name\":\"ASAJA Palencia\",\"description\":\"Otro sitio m\u00e1s de Provincias ASAJA Castilla y Le\u00f3n\",\"potentialAction\":[{\"@type\":\"SearchAction\",\"target\":{\"@type\":\"EntryPoint\",\"urlTemplate\":\"https:\/\/www.asajacyl.com\/palencia\/?s={search_term_string}\"},\"query-input\":{\"@type\":\"PropertyValueSpecification\",\"valueRequired\":true,\"valueName\":\"search_term_string\"}}],\"inLanguage\":\"es\"},{\"@type\":\"Person\",\"@id\":\"https:\/\/www.asajacyl.com\/palencia\/#\/schema\/person\/3ab17aeb03527485c317557fae64aab1\",\"name\":\"Administrador\",\"image\":{\"@type\":\"ImageObject\",\"inLanguage\":\"es\",\"@id\":\"https:\/\/www.asajacyl.com\/palencia\/#\/schema\/person\/image\/\",\"url\":\"https:\/\/secure.gravatar.com\/avatar\/517384810d242ca9e38c180f3c9fb973?s=96&d=mm&r=g\",\"contentUrl\":\"https:\/\/secure.gravatar.com\/avatar\/517384810d242ca9e38c180f3c9fb973?s=96&d=mm&r=g\",\"caption\":\"Administrador\"},\"url\":\"https:\/\/www.asajacyl.com\/palencia\/author\/carlosrm\"}]}<\/script>\n<!-- \/ Yoast SEO plugin. -->","yoast_head_json":{"title":"La Junta adaptar\u00e1 las medidas de prevenci\u00f3n frente a la dermatosis nodular contagiosa desde el 1 de febrero - ASAJA Palencia","description":"Debido a la evoluci\u00f3n favorable de la situaci\u00f3n epidemiol\u00f3gica en Catalu\u00f1a, a partir del pr\u00f3ximo mes se permitir\u00e1 la celebraci\u00f3n de ferias, concursos y","robots":{"index":"index","follow":"follow","max-snippet":"max-snippet:-1","max-image-preview":"max-image-preview:large","max-video-preview":"max-video-preview:-1"},"canonical":"https:\/\/www.asajacyl.com\/palencia\/asaja-palencia-informa\/la-junta-adaptara-las-medidas-de-prevencion-frente-a-la-dermatosis-nodular-contagiosa-desde-el-1-de-febrero","og_locale":"es_ES","og_type":"article","og_title":"La Junta adaptar\u00e1 las medidas de prevenci\u00f3n frente a la dermatosis nodular contagiosa desde el 1 de febrero - ASAJA Palencia","og_description":"Debido a la evoluci\u00f3n favorable de la situaci\u00f3n epidemiol\u00f3gica en Catalu\u00f1a, a partir del pr\u00f3ximo mes se permitir\u00e1 la celebraci\u00f3n de ferias, concursos y","og_url":"https:\/\/www.asajacyl.com\/palencia\/asaja-palencia-informa\/la-junta-adaptara-las-medidas-de-prevencion-frente-a-la-dermatosis-nodular-contagiosa-desde-el-1-de-febrero","og_site_name":"ASAJA Palencia","article_published_time":"2026-01-23T12:18:29+00:00","article_modified_time":"2026-01-28T17:17:21+00:00","og_image":[{"width":558,"height":314,"url":"https:\/\/www.asajacyl.com\/palencia\/wp-content\/uploads\/sites\/3\/2026\/01\/05.-Nodulos-en-cuello-fotografia-de-Tsviatko-Alexandrov.jpg","type":"image\/jpeg"}],"author":"Administrador","twitter_card":"summary_large_image","twitter_misc":{"Escrito por":"Administrador","Tiempo de lectura":"3 minutos"},"schema":{"@context":"https:\/\/schema.org","@graph":[{"@type":"WebPage","@id":"https:\/\/www.asajacyl.com\/palencia\/asaja-palencia-informa\/la-junta-adaptara-las-medidas-de-prevencion-frente-a-la-dermatosis-nodular-contagiosa-desde-el-1-de-febrero","url":"https:\/\/www.asajacyl.com\/palencia\/asaja-palencia-informa\/la-junta-adaptara-las-medidas-de-prevencion-frente-a-la-dermatosis-nodular-contagiosa-desde-el-1-de-febrero","name":"La Junta adaptar\u00e1 las medidas de prevenci\u00f3n frente a la dermatosis nodular contagiosa desde el 1 de febrero - ASAJA Palencia","isPartOf":{"@id":"https:\/\/www.asajacyl.com\/palencia\/#website"},"primaryImageOfPage":{"@id":"https:\/\/www.asajacyl.com\/palencia\/asaja-palencia-informa\/la-junta-adaptara-las-medidas-de-prevencion-frente-a-la-dermatosis-nodular-contagiosa-desde-el-1-de-febrero#primaryimage"},"image":{"@id":"https:\/\/www.asajacyl.com\/palencia\/asaja-palencia-informa\/la-junta-adaptara-las-medidas-de-prevencion-frente-a-la-dermatosis-nodular-contagiosa-desde-el-1-de-febrero#primaryimage"},"thumbnailUrl":"https:\/\/www.asajacyl.com\/palencia\/wp-content\/uploads\/sites\/3\/2026\/01\/05.-Nodulos-en-cuello-fotografia-de-Tsviatko-Alexandrov.jpg","datePublished":"2026-01-23T12:18:29+00:00","dateModified":"2026-01-28T17:17:21+00:00","author":{"@id":"https:\/\/www.asajacyl.com\/palencia\/#\/schema\/person\/3ab17aeb03527485c317557fae64aab1"},"description":"Debido a la evoluci\u00f3n favorable de la situaci\u00f3n epidemiol\u00f3gica en Catalu\u00f1a, a partir del pr\u00f3ximo mes se permitir\u00e1 la celebraci\u00f3n de ferias, concursos y","breadcrumb":{"@id":"https:\/\/www.asajacyl.com\/palencia\/asaja-palencia-informa\/la-junta-adaptara-las-medidas-de-prevencion-frente-a-la-dermatosis-nodular-contagiosa-desde-el-1-de-febrero#breadcrumb"},"inLanguage":"es","potentialAction":[{"@type":"ReadAction","target":["https:\/\/www.asajacyl.com\/palencia\/asaja-palencia-informa\/la-junta-adaptara-las-medidas-de-prevencion-frente-a-la-dermatosis-nodular-contagiosa-desde-el-1-de-febrero"]}]},{"@type":"ImageObject","inLanguage":"es","@id":"https:\/\/www.asajacyl.com\/palencia\/asaja-palencia-informa\/la-junta-adaptara-las-medidas-de-prevencion-frente-a-la-dermatosis-nodular-contagiosa-desde-el-1-de-febrero#primaryimage","url":"https:\/\/www.asajacyl.com\/palencia\/wp-content\/uploads\/sites\/3\/2026\/01\/05.-Nodulos-en-cuello-fotografia-de-Tsviatko-Alexandrov.jpg","contentUrl":"https:\/\/www.asajacyl.com\/palencia\/wp-content\/uploads\/sites\/3\/2026\/01\/05.-Nodulos-en-cuello-fotografia-de-Tsviatko-Alexandrov.jpg","width":558,"height":314},{"@type":"BreadcrumbList","@id":"https:\/\/www.asajacyl.com\/palencia\/asaja-palencia-informa\/la-junta-adaptara-las-medidas-de-prevencion-frente-a-la-dermatosis-nodular-contagiosa-desde-el-1-de-febrero#breadcrumb","itemListElement":[{"@type":"ListItem","position":1,"name":"Portada","item":"https:\/\/www.asajacyl.com\/palencia\/"},{"@type":"ListItem","position":2,"name":"La Junta adaptar\u00e1 las medidas de prevenci\u00f3n frente a la dermatosis nodular contagiosa desde el 1 de febrero"}]},{"@type":"WebSite","@id":"https:\/\/www.asajacyl.com\/palencia\/#website","url":"https:\/\/www.asajacyl.com\/palencia\/","name":"ASAJA Palencia","description":"Otro sitio m\u00e1s de Provincias ASAJA Castilla y Le\u00f3n","potentialAction":[{"@type":"SearchAction","target":{"@type":"EntryPoint","urlTemplate":"https:\/\/www.asajacyl.com\/palencia\/?s={search_term_string}"},"query-input":{"@type":"PropertyValueSpecification","valueRequired":true,"valueName":"search_term_string"}}],"inLanguage":"es"},{"@type":"Person","@id":"https:\/\/www.asajacyl.com\/palencia\/#\/schema\/person\/3ab17aeb03527485c317557fae64aab1","name":"Administrador","image":{"@type":"ImageObject","inLanguage":"es","@id":"https:\/\/www.asajacyl.com\/palencia\/#\/schema\/person\/image\/","url":"https:\/\/secure.gravatar.com\/avatar\/517384810d242ca9e38c180f3c9fb973?s=96&d=mm&r=g","contentUrl":"https:\/\/secure.gravatar.com\/avatar\/517384810d242ca9e38c180f3c9fb973?s=96&d=mm&r=g","caption":"Administrador"},"url":"https:\/\/www.asajacyl.com\/palencia\/author\/carlosrm"}]}},"_links":{"self":[{"href":"https:\/\/www.asajacyl.com\/palencia\/wp-json\/wp\/v2\/posts\/22129"}],"collection":[{"href":"https:\/\/www.asajacyl.com\/palencia\/wp-json\/wp\/v2\/posts"}],"about":[{"href":"https:\/\/www.asajacyl.com\/palencia\/wp-json\/wp\/v2\/types\/post"}],"author":[{"embeddable":true,"href":"https:\/\/www.asajacyl.com\/palencia\/wp-json\/wp\/v2\/users\/9"}],"replies":[{"embeddable":true,"href":"https:\/\/www.asajacyl.com\/palencia\/wp-json\/wp\/v2\/comments?post=22129"}],"version-history":[{"count":2,"href":"https:\/\/www.asajacyl.com\/palencia\/wp-json\/wp\/v2\/posts\/22129\/revisions"}],"predecessor-version":[{"id":22143,"href":"https:\/\/www.asajacyl.com\/palencia\/wp-json\/wp\/v2\/posts\/22129\/revisions\/22143"}],"wp:featuredmedia":[{"embeddable":true,"href":"https:\/\/www.asajacyl.com\/palencia\/wp-json\/wp\/v2\/media\/22099"}],"wp:attachment":[{"href":"https:\/\/www.asajacyl.com\/palencia\/wp-json\/wp\/v2\/media?parent=22129"}],"wp:term":[{"taxonomy":"category","embeddable":true,"href":"https:\/\/www.asajacyl.com\/palencia\/wp-json\/wp\/v2\/categories?post=22129"},{"taxonomy":"post_tag","embeddable":true,"href":"https:\/\/www.asajacyl.com\/palencia\/wp-json\/wp\/v2\/tags?post=22129"}],"curies":[{"name":"wp","href":"https:\/\/api.w.org\/{rel}","templated":true}]}}