{"id":22140,"date":"2026-01-28T18:01:57","date_gmt":"2026-01-28T17:01:57","guid":{"rendered":"https:\/\/www.asajacyl.com\/palencia\/?p=22140"},"modified":"2026-02-04T10:10:51","modified_gmt":"2026-02-04T09:10:51","slug":"acto-de-protesta-de-asaja-upa-coag-y-uccl-el-jueves-29-en-palencia","status":"publish","type":"post","link":"https:\/\/www.asajacyl.com\/palencia\/asaja-palencia-informa\/acto-de-protesta-de-asaja-upa-coag-y-uccl-el-jueves-29-en-palencia","title":{"rendered":"Acto de protesta de ASAJA, UPA, COAG y UCCL el jueves 29 en Palencia"},"content":{"rendered":"\n<h2 class=\"wp-block-heading\">En solidaridad, las oficinas de ASAJA en Palencia permanecer\u00e1n cerradas.<\/h2>\n\n\n\n<h2 class=\"wp-block-heading\">Los lemas elegidos para este acto ser\u00e1n:\u00a0 `Por vuestro futuro y el nuestro\u2019 y \u2018En defensa del consumidor y del sector agrario\u2019, que sintetizan la reivindicaci\u00f3n de los profesionales agrarios ante la situaci\u00f3n de hartazgo que sufren los agricultores y ganaderos, que son los garantes de la producci\u00f3n de alimentos saludables pero que lamentablemente nos hemos convertido en moneda de cambio de otro tipo de pol\u00edticas europeas.<\/h2>\n\n\n\n<p>Las organizaciones agrarias <strong>ASAJA, UPA, COAG y UCCL<\/strong> de PALENCIA llevar\u00e1n a cabo el jueves 29 de enero un acto de protesta muy visual por alguna de las calles m\u00e1s c\u00e9ntricas de la capital, con la participaci\u00f3n de agricultores, ganaderos y consumidores; adem\u00e1s, habr\u00e1 una tractorada infantil, simbolizando la incertidumbre que sufre actualmente el sector agrario. &nbsp;<\/p>\n\n\n\n<p>La manifestaci\u00f3n <strong>partir\u00e1 a las 17,00 horas desde la plaza de P\u00edo XII<\/strong>, recorrer\u00e1 la calle Mayor y concluir\u00e1 en la Plaza Mayor, donde se proceder\u00e1 a la <strong>lectura de un manifiesto a cargo de dos ni\u00f1os<\/strong>. El acto <strong>finalizar\u00e1, a las 19,00 horas con el reparto de patatas y az\u00facar en la Plaza Mayor<\/strong>, dos de los productos m\u00e1s emblem\u00e1ticos de la agricultura palentina.<\/p>\n\n\n\n<figure class=\"wp-block-image size-large is-resized\"><img loading=\"lazy\" decoding=\"async\" width=\"683\" height=\"1024\" src=\"https:\/\/www.asajacyl.com\/palencia\/wp-content\/uploads\/sites\/3\/2026\/01\/CARTEL-2-manifestacion-29-enero-683x1024.jpeg\" alt=\"\" class=\"wp-image-22132\" style=\"width:428px;height:auto\" srcset=\"https:\/\/www.asajacyl.com\/palencia\/wp-content\/uploads\/sites\/3\/2026\/01\/CARTEL-2-manifestacion-29-enero-683x1024.jpeg 683w, https:\/\/www.asajacyl.com\/palencia\/wp-content\/uploads\/sites\/3\/2026\/01\/CARTEL-2-manifestacion-29-enero-200x300.jpeg 200w, https:\/\/www.asajacyl.com\/palencia\/wp-content\/uploads\/sites\/3\/2026\/01\/CARTEL-2-manifestacion-29-enero-768x1152.jpeg 768w, https:\/\/www.asajacyl.com\/palencia\/wp-content\/uploads\/sites\/3\/2026\/01\/CARTEL-2-manifestacion-29-enero-280x420.jpeg 280w, https:\/\/www.asajacyl.com\/palencia\/wp-content\/uploads\/sites\/3\/2026\/01\/CARTEL-2-manifestacion-29-enero-696x1044.jpeg 696w, https:\/\/www.asajacyl.com\/palencia\/wp-content\/uploads\/sites\/3\/2026\/01\/CARTEL-2-manifestacion-29-enero.jpeg 1024w\" sizes=\"(max-width: 683px) 100vw, 683px\" \/><\/figure>\n\n\n\n<p>Las OPAS, en unidad de acci\u00f3n, han decidido llevar a cabo este acto de <strong>protesta, sin cortes de tr\u00e1fico<\/strong>, y apelando a la participaci\u00f3n ciudadana puesto que el <strong>recorte significativo de los fondos para la PAC<\/strong>, los <strong>acuerdos comerciales sin garant\u00edas<\/strong> para nuestros profesionales y para la sociedad europea, la <strong>excesiva burocracia<\/strong> administrativa y la <strong>dificultad del relevo generacional<\/strong> en el sector\u2026 afectan no solo a los profesionales agrarios sino al resto de la poblaci\u00f3n.&nbsp;<\/p>\n\n\n\n<p>En este sentido, los convocantes queremos poner especial hincapi\u00e9 el jueves&nbsp;en que los &nbsp;principales perjudicados seremos agricultores y ganaderos, pero tambi\u00e9n los consumidores. <em>\u201cPor eso es muy importante que los pol\u00edticos tomen nota de lo que ocurra el 29 de enero con esta movilizaci\u00f3n de Palencia y otras muchas que habr\u00e1 en Espa\u00f1a, y por eso es tan importante que la sociedad participe y haga como suyo <strong>un problema que nos va a afectar a todos<\/strong>\u201d.<\/em><\/p>\n\n\n\n<p><strong>ASAJA, UPA, COAG y UCCL<\/strong> de Palencia exigir\u00e1n con toda firmeza que nuestros pol\u00edticos exijan una normativa comercial Europea que se sustente en acuerdos justos que tengan como base una estrategia de cooperaci\u00f3n y beneficio mutuo para todas las partes. E insistimos en algo que ser\u00e1 clave: <strong>la PAC<\/strong>, cuyos fondos quieren reducirlos desde Europa, cuesti\u00f3n \u00e9sta que no podemos consentir, <strong>no es una pol\u00edtica para el campo, sino para toda la ciudadan\u00eda europea<\/strong> que compra y disfruta de los mejores alimentos del mundo a un precio asequible, puesto que sin esa pol\u00edtica agraria los precios finalistas ser\u00edan mucho m\u00e1s elevados para los consumidores.<\/p>\n\n\n\n<p><\/p>\n\n\n\n<p><\/p>\n\n\n\n<p><\/p>\n","protected":false},"excerpt":{"rendered":"<p>En solidaridad, las oficinas de ASAJA en Palencia permanecer\u00e1n cerradas. Los lemas elegidos para este acto ser\u00e1n:\u00a0 `Por vuestro futuro y el nuestro\u2019 y \u2018En defensa del consumidor y del sector agrario\u2019, que sintetizan la reivindicaci\u00f3n de los profesionales agrarios ante la situaci\u00f3n de hartazgo que sufren los agricultores y ganaderos, que son los garantes [&hellip;]<\/p>\n","protected":false},"author":9,"featured_media":22132,"comment_status":"open","ping_status":"open","sticky":false,"template":"","format":"standard","meta":{"footnotes":""},"categories":[9,29,28],"tags":[1698,1708,1714,58,77],"yoast_head":"<!-- This site is optimized with the Yoast SEO plugin v24.5 - https:\/\/yoast.com\/wordpress\/plugins\/seo\/ -->\n<title>Acto de protesta de ASAJA, UPA, COAG y UCCL el jueves 29 en Palencia - ASAJA Palencia<\/title>\n<meta name=\"description\" content=\"En solidaridad, las oficinas de ASAJA en Palencia permanecer\u00e1n cerradas. Los lemas elegidos para este acto ser\u00e1n:\u00a0 `Por vuestro futuro y el nuestro\u2019 y \u2018En\" \/>\n<meta name=\"robots\" content=\"index, follow, max-snippet:-1, max-image-preview:large, max-video-preview:-1\" \/>\n<link rel=\"canonical\" href=\"https:\/\/www.asajacyl.com\/palencia\/asaja-palencia-informa\/acto-de-protesta-de-asaja-upa-coag-y-uccl-el-jueves-29-en-palencia\" \/>\n<meta property=\"og:locale\" content=\"es_ES\" \/>\n<meta property=\"og:type\" content=\"article\" \/>\n<meta property=\"og:title\" content=\"Acto de protesta de ASAJA, UPA, COAG y UCCL el jueves 29 en Palencia - ASAJA Palencia\" \/>\n<meta property=\"og:description\" content=\"En solidaridad, las oficinas de ASAJA en Palencia permanecer\u00e1n cerradas. Los lemas elegidos para este acto ser\u00e1n:\u00a0 `Por vuestro futuro y el nuestro\u2019 y \u2018En\" \/>\n<meta property=\"og:url\" content=\"https:\/\/www.asajacyl.com\/palencia\/asaja-palencia-informa\/acto-de-protesta-de-asaja-upa-coag-y-uccl-el-jueves-29-en-palencia\" \/>\n<meta property=\"og:site_name\" content=\"ASAJA Palencia\" \/>\n<meta property=\"article:published_time\" content=\"2026-01-28T17:01:57+00:00\" \/>\n<meta property=\"article:modified_time\" content=\"2026-02-04T09:10:51+00:00\" \/>\n<meta property=\"og:image\" content=\"https:\/\/www.asajacyl.com\/palencia\/wp-content\/uploads\/sites\/3\/2026\/01\/CARTEL-2-manifestacion-29-enero.jpeg\" \/>\n\t<meta property=\"og:image:width\" content=\"1024\" \/>\n\t<meta property=\"og:image:height\" content=\"1536\" \/>\n\t<meta property=\"og:image:type\" content=\"image\/jpeg\" \/>\n<meta name=\"author\" content=\"Administrador\" \/>\n<meta name=\"twitter:card\" content=\"summary_large_image\" \/>\n<meta name=\"twitter:label1\" content=\"Escrito por\" \/>\n\t<meta name=\"twitter:data1\" content=\"Administrador\" \/>\n\t<meta name=\"twitter:label2\" content=\"Tiempo de lectura\" \/>\n\t<meta name=\"twitter:data2\" content=\"3 minutos\" \/>\n<script type=\"application\/ld+json\" class=\"yoast-schema-graph\">{\"@context\":\"https:\/\/schema.org\",\"@graph\":[{\"@type\":\"WebPage\",\"@id\":\"https:\/\/www.asajacyl.com\/palencia\/asaja-palencia-informa\/acto-de-protesta-de-asaja-upa-coag-y-uccl-el-jueves-29-en-palencia\",\"url\":\"https:\/\/www.asajacyl.com\/palencia\/asaja-palencia-informa\/acto-de-protesta-de-asaja-upa-coag-y-uccl-el-jueves-29-en-palencia\",\"name\":\"Acto de protesta de ASAJA, UPA, COAG y UCCL el jueves 29 en Palencia - ASAJA Palencia\",\"isPartOf\":{\"@id\":\"https:\/\/www.asajacyl.com\/palencia\/#website\"},\"primaryImageOfPage\":{\"@id\":\"https:\/\/www.asajacyl.com\/palencia\/asaja-palencia-informa\/acto-de-protesta-de-asaja-upa-coag-y-uccl-el-jueves-29-en-palencia#primaryimage\"},\"image\":{\"@id\":\"https:\/\/www.asajacyl.com\/palencia\/asaja-palencia-informa\/acto-de-protesta-de-asaja-upa-coag-y-uccl-el-jueves-29-en-palencia#primaryimage\"},\"thumbnailUrl\":\"https:\/\/www.asajacyl.com\/palencia\/wp-content\/uploads\/sites\/3\/2026\/01\/CARTEL-2-manifestacion-29-enero.jpeg\",\"datePublished\":\"2026-01-28T17:01:57+00:00\",\"dateModified\":\"2026-02-04T09:10:51+00:00\",\"author\":{\"@id\":\"https:\/\/www.asajacyl.com\/palencia\/#\/schema\/person\/3ab17aeb03527485c317557fae64aab1\"},\"description\":\"En solidaridad, las oficinas de ASAJA en Palencia permanecer\u00e1n cerradas. Los lemas elegidos para este acto ser\u00e1n:\u00a0 `Por vuestro futuro y el nuestro\u2019 y \u2018En\",\"breadcrumb\":{\"@id\":\"https:\/\/www.asajacyl.com\/palencia\/asaja-palencia-informa\/acto-de-protesta-de-asaja-upa-coag-y-uccl-el-jueves-29-en-palencia#breadcrumb\"},\"inLanguage\":\"es\",\"potentialAction\":[{\"@type\":\"ReadAction\",\"target\":[\"https:\/\/www.asajacyl.com\/palencia\/asaja-palencia-informa\/acto-de-protesta-de-asaja-upa-coag-y-uccl-el-jueves-29-en-palencia\"]}]},{\"@type\":\"ImageObject\",\"inLanguage\":\"es\",\"@id\":\"https:\/\/www.asajacyl.com\/palencia\/asaja-palencia-informa\/acto-de-protesta-de-asaja-upa-coag-y-uccl-el-jueves-29-en-palencia#primaryimage\",\"url\":\"https:\/\/www.asajacyl.com\/palencia\/wp-content\/uploads\/sites\/3\/2026\/01\/CARTEL-2-manifestacion-29-enero.jpeg\",\"contentUrl\":\"https:\/\/www.asajacyl.com\/palencia\/wp-content\/uploads\/sites\/3\/2026\/01\/CARTEL-2-manifestacion-29-enero.jpeg\",\"width\":1024,\"height\":1536},{\"@type\":\"BreadcrumbList\",\"@id\":\"https:\/\/www.asajacyl.com\/palencia\/asaja-palencia-informa\/acto-de-protesta-de-asaja-upa-coag-y-uccl-el-jueves-29-en-palencia#breadcrumb\",\"itemListElement\":[{\"@type\":\"ListItem\",\"position\":1,\"name\":\"Portada\",\"item\":\"https:\/\/www.asajacyl.com\/palencia\/\"},{\"@type\":\"ListItem\",\"position\":2,\"name\":\"Acto de protesta de ASAJA, UPA, COAG y UCCL el jueves 29 en Palencia\"}]},{\"@type\":\"WebSite\",\"@id\":\"https:\/\/www.asajacyl.com\/palencia\/#website\",\"url\":\"https:\/\/www.asajacyl.com\/palencia\/\",\"name\":\"ASAJA Palencia\",\"description\":\"Otro sitio m\u00e1s de Provincias ASAJA Castilla y Le\u00f3n\",\"potentialAction\":[{\"@type\":\"SearchAction\",\"target\":{\"@type\":\"EntryPoint\",\"urlTemplate\":\"https:\/\/www.asajacyl.com\/palencia\/?s={search_term_string}\"},\"query-input\":{\"@type\":\"PropertyValueSpecification\",\"valueRequired\":true,\"valueName\":\"search_term_string\"}}],\"inLanguage\":\"es\"},{\"@type\":\"Person\",\"@id\":\"https:\/\/www.asajacyl.com\/palencia\/#\/schema\/person\/3ab17aeb03527485c317557fae64aab1\",\"name\":\"Administrador\",\"image\":{\"@type\":\"ImageObject\",\"inLanguage\":\"es\",\"@id\":\"https:\/\/www.asajacyl.com\/palencia\/#\/schema\/person\/image\/\",\"url\":\"https:\/\/secure.gravatar.com\/avatar\/517384810d242ca9e38c180f3c9fb973?s=96&d=mm&r=g\",\"contentUrl\":\"https:\/\/secure.gravatar.com\/avatar\/517384810d242ca9e38c180f3c9fb973?s=96&d=mm&r=g\",\"caption\":\"Administrador\"},\"url\":\"https:\/\/www.asajacyl.com\/palencia\/author\/carlosrm\"}]}<\/script>\n<!-- \/ Yoast SEO plugin. -->","yoast_head_json":{"title":"Acto de protesta de ASAJA, UPA, COAG y UCCL el jueves 29 en Palencia - ASAJA Palencia","description":"En solidaridad, las oficinas de ASAJA en Palencia permanecer\u00e1n cerradas. Los lemas elegidos para este acto ser\u00e1n:\u00a0 `Por vuestro futuro y el nuestro\u2019 y \u2018En","robots":{"index":"index","follow":"follow","max-snippet":"max-snippet:-1","max-image-preview":"max-image-preview:large","max-video-preview":"max-video-preview:-1"},"canonical":"https:\/\/www.asajacyl.com\/palencia\/asaja-palencia-informa\/acto-de-protesta-de-asaja-upa-coag-y-uccl-el-jueves-29-en-palencia","og_locale":"es_ES","og_type":"article","og_title":"Acto de protesta de ASAJA, UPA, COAG y UCCL el jueves 29 en Palencia - ASAJA Palencia","og_description":"En solidaridad, las oficinas de ASAJA en Palencia permanecer\u00e1n cerradas. Los lemas elegidos para este acto ser\u00e1n:\u00a0 `Por vuestro futuro y el nuestro\u2019 y \u2018En","og_url":"https:\/\/www.asajacyl.com\/palencia\/asaja-palencia-informa\/acto-de-protesta-de-asaja-upa-coag-y-uccl-el-jueves-29-en-palencia","og_site_name":"ASAJA Palencia","article_published_time":"2026-01-28T17:01:57+00:00","article_modified_time":"2026-02-04T09:10:51+00:00","og_image":[{"width":1024,"height":1536,"url":"https:\/\/www.asajacyl.com\/palencia\/wp-content\/uploads\/sites\/3\/2026\/01\/CARTEL-2-manifestacion-29-enero.jpeg","type":"image\/jpeg"}],"author":"Administrador","twitter_card":"summary_large_image","twitter_misc":{"Escrito por":"Administrador","Tiempo de lectura":"3 minutos"},"schema":{"@context":"https:\/\/schema.org","@graph":[{"@type":"WebPage","@id":"https:\/\/www.asajacyl.com\/palencia\/asaja-palencia-informa\/acto-de-protesta-de-asaja-upa-coag-y-uccl-el-jueves-29-en-palencia","url":"https:\/\/www.asajacyl.com\/palencia\/asaja-palencia-informa\/acto-de-protesta-de-asaja-upa-coag-y-uccl-el-jueves-29-en-palencia","name":"Acto de protesta de ASAJA, UPA, COAG y UCCL el jueves 29 en Palencia - ASAJA Palencia","isPartOf":{"@id":"https:\/\/www.asajacyl.com\/palencia\/#website"},"primaryImageOfPage":{"@id":"https:\/\/www.asajacyl.com\/palencia\/asaja-palencia-informa\/acto-de-protesta-de-asaja-upa-coag-y-uccl-el-jueves-29-en-palencia#primaryimage"},"image":{"@id":"https:\/\/www.asajacyl.com\/palencia\/asaja-palencia-informa\/acto-de-protesta-de-asaja-upa-coag-y-uccl-el-jueves-29-en-palencia#primaryimage"},"thumbnailUrl":"https:\/\/www.asajacyl.com\/palencia\/wp-content\/uploads\/sites\/3\/2026\/01\/CARTEL-2-manifestacion-29-enero.jpeg","datePublished":"2026-01-28T17:01:57+00:00","dateModified":"2026-02-04T09:10:51+00:00","author":{"@id":"https:\/\/www.asajacyl.com\/palencia\/#\/schema\/person\/3ab17aeb03527485c317557fae64aab1"},"description":"En solidaridad, las oficinas de ASAJA en Palencia permanecer\u00e1n cerradas. Los lemas elegidos para este acto ser\u00e1n:\u00a0 `Por vuestro futuro y el nuestro\u2019 y \u2018En","breadcrumb":{"@id":"https:\/\/www.asajacyl.com\/palencia\/asaja-palencia-informa\/acto-de-protesta-de-asaja-upa-coag-y-uccl-el-jueves-29-en-palencia#breadcrumb"},"inLanguage":"es","potentialAction":[{"@type":"ReadAction","target":["https:\/\/www.asajacyl.com\/palencia\/asaja-palencia-informa\/acto-de-protesta-de-asaja-upa-coag-y-uccl-el-jueves-29-en-palencia"]}]},{"@type":"ImageObject","inLanguage":"es","@id":"https:\/\/www.asajacyl.com\/palencia\/asaja-palencia-informa\/acto-de-protesta-de-asaja-upa-coag-y-uccl-el-jueves-29-en-palencia#primaryimage","url":"https:\/\/www.asajacyl.com\/palencia\/wp-content\/uploads\/sites\/3\/2026\/01\/CARTEL-2-manifestacion-29-enero.jpeg","contentUrl":"https:\/\/www.asajacyl.com\/palencia\/wp-content\/uploads\/sites\/3\/2026\/01\/CARTEL-2-manifestacion-29-enero.jpeg","width":1024,"height":1536},{"@type":"BreadcrumbList","@id":"https:\/\/www.asajacyl.com\/palencia\/asaja-palencia-informa\/acto-de-protesta-de-asaja-upa-coag-y-uccl-el-jueves-29-en-palencia#breadcrumb","itemListElement":[{"@type":"ListItem","position":1,"name":"Portada","item":"https:\/\/www.asajacyl.com\/palencia\/"},{"@type":"ListItem","position":2,"name":"Acto de protesta de ASAJA, UPA, COAG y UCCL el jueves 29 en Palencia"}]},{"@type":"WebSite","@id":"https:\/\/www.asajacyl.com\/palencia\/#website","url":"https:\/\/www.asajacyl.com\/palencia\/","name":"ASAJA Palencia","description":"Otro sitio m\u00e1s de Provincias ASAJA Castilla y Le\u00f3n","potentialAction":[{"@type":"SearchAction","target":{"@type":"EntryPoint","urlTemplate":"https:\/\/www.asajacyl.com\/palencia\/?s={search_term_string}"},"query-input":{"@type":"PropertyValueSpecification","valueRequired":true,"valueName":"search_term_string"}}],"inLanguage":"es"},{"@type":"Person","@id":"https:\/\/www.asajacyl.com\/palencia\/#\/schema\/person\/3ab17aeb03527485c317557fae64aab1","name":"Administrador","image":{"@type":"ImageObject","inLanguage":"es","@id":"https:\/\/www.asajacyl.com\/palencia\/#\/schema\/person\/image\/","url":"https:\/\/secure.gravatar.com\/avatar\/517384810d242ca9e38c180f3c9fb973?s=96&d=mm&r=g","contentUrl":"https:\/\/secure.gravatar.com\/avatar\/517384810d242ca9e38c180f3c9fb973?s=96&d=mm&r=g","caption":"Administrador"},"url":"https:\/\/www.asajacyl.com\/palencia\/author\/carlosrm"}]}},"_links":{"self":[{"href":"https:\/\/www.asajacyl.com\/palencia\/wp-json\/wp\/v2\/posts\/22140"}],"collection":[{"href":"https:\/\/www.asajacyl.com\/palencia\/wp-json\/wp\/v2\/posts"}],"about":[{"href":"https:\/\/www.asajacyl.com\/palencia\/wp-json\/wp\/v2\/types\/post"}],"author":[{"embeddable":true,"href":"https:\/\/www.asajacyl.com\/palencia\/wp-json\/wp\/v2\/users\/9"}],"replies":[{"embeddable":true,"href":"https:\/\/www.asajacyl.com\/palencia\/wp-json\/wp\/v2\/comments?post=22140"}],"version-history":[{"count":4,"href":"https:\/\/www.asajacyl.com\/palencia\/wp-json\/wp\/v2\/posts\/22140\/revisions"}],"predecessor-version":[{"id":22146,"href":"https:\/\/www.asajacyl.com\/palencia\/wp-json\/wp\/v2\/posts\/22140\/revisions\/22146"}],"wp:featuredmedia":[{"embeddable":true,"href":"https:\/\/www.asajacyl.com\/palencia\/wp-json\/wp\/v2\/media\/22132"}],"wp:attachment":[{"href":"https:\/\/www.asajacyl.com\/palencia\/wp-json\/wp\/v2\/media?parent=22140"}],"wp:term":[{"taxonomy":"category","embeddable":true,"href":"https:\/\/www.asajacyl.com\/palencia\/wp-json\/wp\/v2\/categories?post=22140"},{"taxonomy":"post_tag","embeddable":true,"href":"https:\/\/www.asajacyl.com\/palencia\/wp-json\/wp\/v2\/tags?post=22140"}],"curies":[{"name":"wp","href":"https:\/\/api.w.org\/{rel}","templated":true}]}}