{"id":22151,"date":"2026-01-29T19:30:00","date_gmt":"2026-01-29T18:30:00","guid":{"rendered":"https:\/\/www.asajacyl.com\/palencia\/?p=22151"},"modified":"2026-01-29T12:38:15","modified_gmt":"2026-01-29T11:38:15","slug":"estabilidad-en-los-precios-agricolas","status":"publish","type":"post","link":"https:\/\/www.asajacyl.com\/palencia\/asaja-palencia-informa\/estabilidad-en-los-precios-agricolas","title":{"rendered":"Estabilidad en los precios agr\u00edcolas de la lonja de Le\u00f3n"},"content":{"rendered":"\n<h2 class=\"wp-block-heading\">A pesar de las fluctuaciones euro\/d\u00f3lar, las cotizaciones de los cereales var\u00edan poco en Espa\u00f1a<\/h2>\n\n\n\n<p>Estabilidad en los precios de los cereales de la sesi\u00f3n semanal de la <a href=\"http:\/\/www.lonjadeleon.es\">lonja de Le\u00f3n<\/a>, a pesar de que el euro se ha impulsado en el tipo de cambio -ahora <strong>est\u00e1 a 1,20 euros por d\u00f3lar<\/strong>-, el valor m\u00e1s alto desde 2021.<\/p>\n\n\n\n<p>Esto, seg\u00fan los t\u00e9cnicos de la lonja leonesa, provoca que el cereal europeo sea menos competitivo y obligue a corregir precios, aunque no ha afectado por el momento en los precios de Le\u00f3n, con la excepci\u00f3n del repunte de 1 euro en el kilo de trigo (subiendo a 193 euros\/kilo).<\/p>\n\n\n\n<figure class=\"wp-block-image size-full is-resized\"><img loading=\"lazy\" decoding=\"async\" width=\"1024\" height=\"768\" src=\"https:\/\/www.asajacyl.com\/palencia\/wp-content\/uploads\/sites\/3\/2026\/01\/Tabla-precios-agricultura-28-1-26.jpg\" alt=\"\" class=\"wp-image-22152\" style=\"width:776px;height:auto\" srcset=\"https:\/\/www.asajacyl.com\/palencia\/wp-content\/uploads\/sites\/3\/2026\/01\/Tabla-precios-agricultura-28-1-26.jpg 1024w, https:\/\/www.asajacyl.com\/palencia\/wp-content\/uploads\/sites\/3\/2026\/01\/Tabla-precios-agricultura-28-1-26-300x225.jpg 300w, https:\/\/www.asajacyl.com\/palencia\/wp-content\/uploads\/sites\/3\/2026\/01\/Tabla-precios-agricultura-28-1-26-768x576.jpg 768w, https:\/\/www.asajacyl.com\/palencia\/wp-content\/uploads\/sites\/3\/2026\/01\/Tabla-precios-agricultura-28-1-26-560x420.jpg 560w, https:\/\/www.asajacyl.com\/palencia\/wp-content\/uploads\/sites\/3\/2026\/01\/Tabla-precios-agricultura-28-1-26-80x60.jpg 80w, https:\/\/www.asajacyl.com\/palencia\/wp-content\/uploads\/sites\/3\/2026\/01\/Tabla-precios-agricultura-28-1-26-696x522.jpg 696w\" sizes=\"(max-width: 1024px) 100vw, 1024px\" \/><\/figure>\n\n\n\n<p>En cuando al ma\u00edz, los mercados est\u00e1n muy pendientes del discurso que da Donal Trump en Iowa, principal estado productor de este cereal, puesto que <strong>una de sus promesas electorales era aumentar al 15% el uso de bioetanol<\/strong> en los cortes de gasolina durante todo el a\u00f1o.<\/p>\n\n\n\n<p>En la actualidad y, sobre todo en verano, el est\u00e1ndar es un corte del 10% de bioetanol.Si se aumenta al 15%, l\u00f3gicamente, aumentar\u00eda la cantidad de ma\u00edz que se utilizar\u00eda para este uso, sacando del mercado parte de la producci\u00f3n r\u00e9cord de este a\u00f1o en Estados Unidos y que ahora est\u00e1 en los almacenes.<\/p>\n\n\n\n<p><strong>PATATA<\/strong>. Por su parte, en el sector de la patata ha habido repetici\u00f3n de precios en el mercado leon\u00e9s, con la campa\u00f1a ya pr\u00e1cticamente cerrada para el agricultor, en un a\u00f1o que no se han cubierto los costes de producci\u00f3n.<\/p>\n\n\n\n<p><strong>FORRAJES.<\/strong> Finalmente, esta semana no hubo cotizaci\u00f3n de los precios de los forrajes, con lo que se mantienen los precios dados hace siete d\u00edas.<\/p>\n","protected":false},"excerpt":{"rendered":"<p>A pesar de las fluctuaciones euro\/d\u00f3lar, las cotizaciones de los cereales var\u00edan poco en Espa\u00f1a Estabilidad en los precios de los cereales de la sesi\u00f3n semanal de la lonja de Le\u00f3n, a pesar de que el euro se ha impulsado en el tipo de cambio -ahora est\u00e1 a 1,20 euros por d\u00f3lar-, el valor m\u00e1s [&hellip;]<\/p>\n","protected":false},"author":9,"featured_media":22152,"comment_status":"open","ping_status":"open","sticky":false,"template":"","format":"standard","meta":{"footnotes":""},"categories":[9,29,28],"tags":[1698,1720,1371,1719,58,46],"yoast_head":"<!-- This site is optimized with the Yoast SEO plugin v24.5 - https:\/\/yoast.com\/wordpress\/plugins\/seo\/ -->\n<title>Estabilidad en los precios agr\u00edcolas de la lonja de Le\u00f3n - ASAJA Palencia<\/title>\n<meta name=\"description\" content=\"A pesar de las fluctuaciones euro\/d\u00f3lar, las cotizaciones de los cereales var\u00edan poco en Espa\u00f1a Estabilidad en los precios de los cereales de la sesi\u00f3n Estabilidad en los precios agr\u00edcolas de la lonja de Le\u00f3n. A pesar de las fluctuaciones euro\/d\u00f3lar.\" \/>\n<meta name=\"robots\" content=\"index, follow, max-snippet:-1, max-image-preview:large, max-video-preview:-1\" \/>\n<link rel=\"canonical\" href=\"https:\/\/www.asajacyl.com\/palencia\/asaja-palencia-informa\/estabilidad-en-los-precios-agricolas\" \/>\n<meta property=\"og:locale\" content=\"es_ES\" \/>\n<meta property=\"og:type\" content=\"article\" \/>\n<meta property=\"og:title\" content=\"Estabilidad en los precios agr\u00edcolas de la lonja de Le\u00f3n - ASAJA Palencia\" \/>\n<meta property=\"og:description\" content=\"A pesar de las fluctuaciones euro\/d\u00f3lar, las cotizaciones de los cereales var\u00edan poco en Espa\u00f1a Estabilidad en los precios de los cereales de la sesi\u00f3n Estabilidad en los precios agr\u00edcolas de la lonja de Le\u00f3n. A pesar de las fluctuaciones euro\/d\u00f3lar.\" \/>\n<meta property=\"og:url\" content=\"https:\/\/www.asajacyl.com\/palencia\/asaja-palencia-informa\/estabilidad-en-los-precios-agricolas\" \/>\n<meta property=\"og:site_name\" content=\"ASAJA Palencia\" \/>\n<meta property=\"article:published_time\" content=\"2026-01-29T18:30:00+00:00\" \/>\n<meta property=\"og:image\" content=\"https:\/\/www.asajacyl.com\/palencia\/wp-content\/uploads\/sites\/3\/2026\/01\/Tabla-precios-agricultura-28-1-26.jpg\" \/>\n\t<meta property=\"og:image:width\" content=\"1024\" \/>\n\t<meta property=\"og:image:height\" content=\"768\" \/>\n\t<meta property=\"og:image:type\" content=\"image\/jpeg\" \/>\n<meta name=\"author\" content=\"Administrador\" \/>\n<meta name=\"twitter:card\" content=\"summary_large_image\" \/>\n<meta name=\"twitter:label1\" content=\"Escrito por\" \/>\n\t<meta name=\"twitter:data1\" content=\"Administrador\" \/>\n\t<meta name=\"twitter:label2\" content=\"Tiempo de lectura\" \/>\n\t<meta name=\"twitter:data2\" content=\"2 minutos\" \/>\n<script type=\"application\/ld+json\" class=\"yoast-schema-graph\">{\"@context\":\"https:\/\/schema.org\",\"@graph\":[{\"@type\":\"WebPage\",\"@id\":\"https:\/\/www.asajacyl.com\/palencia\/asaja-palencia-informa\/estabilidad-en-los-precios-agricolas\",\"url\":\"https:\/\/www.asajacyl.com\/palencia\/asaja-palencia-informa\/estabilidad-en-los-precios-agricolas\",\"name\":\"Estabilidad en los precios agr\u00edcolas de la lonja de Le\u00f3n - ASAJA Palencia\",\"isPartOf\":{\"@id\":\"https:\/\/www.asajacyl.com\/palencia\/#website\"},\"primaryImageOfPage\":{\"@id\":\"https:\/\/www.asajacyl.com\/palencia\/asaja-palencia-informa\/estabilidad-en-los-precios-agricolas#primaryimage\"},\"image\":{\"@id\":\"https:\/\/www.asajacyl.com\/palencia\/asaja-palencia-informa\/estabilidad-en-los-precios-agricolas#primaryimage\"},\"thumbnailUrl\":\"https:\/\/www.asajacyl.com\/palencia\/wp-content\/uploads\/sites\/3\/2026\/01\/Tabla-precios-agricultura-28-1-26.jpg\",\"datePublished\":\"2026-01-29T18:30:00+00:00\",\"author\":{\"@id\":\"https:\/\/www.asajacyl.com\/palencia\/#\/schema\/person\/3ab17aeb03527485c317557fae64aab1\"},\"description\":\"A pesar de las fluctuaciones euro\/d\u00f3lar, las cotizaciones de los cereales var\u00edan poco en Espa\u00f1a Estabilidad en los precios de los cereales de la sesi\u00f3n Estabilidad en los precios agr\u00edcolas de la lonja de Le\u00f3n. A pesar de las fluctuaciones euro\/d\u00f3lar.\",\"breadcrumb\":{\"@id\":\"https:\/\/www.asajacyl.com\/palencia\/asaja-palencia-informa\/estabilidad-en-los-precios-agricolas#breadcrumb\"},\"inLanguage\":\"es\",\"potentialAction\":[{\"@type\":\"ReadAction\",\"target\":[\"https:\/\/www.asajacyl.com\/palencia\/asaja-palencia-informa\/estabilidad-en-los-precios-agricolas\"]}]},{\"@type\":\"ImageObject\",\"inLanguage\":\"es\",\"@id\":\"https:\/\/www.asajacyl.com\/palencia\/asaja-palencia-informa\/estabilidad-en-los-precios-agricolas#primaryimage\",\"url\":\"https:\/\/www.asajacyl.com\/palencia\/wp-content\/uploads\/sites\/3\/2026\/01\/Tabla-precios-agricultura-28-1-26.jpg\",\"contentUrl\":\"https:\/\/www.asajacyl.com\/palencia\/wp-content\/uploads\/sites\/3\/2026\/01\/Tabla-precios-agricultura-28-1-26.jpg\",\"width\":1024,\"height\":768},{\"@type\":\"BreadcrumbList\",\"@id\":\"https:\/\/www.asajacyl.com\/palencia\/asaja-palencia-informa\/estabilidad-en-los-precios-agricolas#breadcrumb\",\"itemListElement\":[{\"@type\":\"ListItem\",\"position\":1,\"name\":\"Portada\",\"item\":\"https:\/\/www.asajacyl.com\/palencia\/\"},{\"@type\":\"ListItem\",\"position\":2,\"name\":\"Estabilidad en los precios agr\u00edcolas de la lonja de Le\u00f3n\"}]},{\"@type\":\"WebSite\",\"@id\":\"https:\/\/www.asajacyl.com\/palencia\/#website\",\"url\":\"https:\/\/www.asajacyl.com\/palencia\/\",\"name\":\"ASAJA Palencia\",\"description\":\"Otro sitio m\u00e1s de Provincias ASAJA Castilla y Le\u00f3n\",\"potentialAction\":[{\"@type\":\"SearchAction\",\"target\":{\"@type\":\"EntryPoint\",\"urlTemplate\":\"https:\/\/www.asajacyl.com\/palencia\/?s={search_term_string}\"},\"query-input\":{\"@type\":\"PropertyValueSpecification\",\"valueRequired\":true,\"valueName\":\"search_term_string\"}}],\"inLanguage\":\"es\"},{\"@type\":\"Person\",\"@id\":\"https:\/\/www.asajacyl.com\/palencia\/#\/schema\/person\/3ab17aeb03527485c317557fae64aab1\",\"name\":\"Administrador\",\"image\":{\"@type\":\"ImageObject\",\"inLanguage\":\"es\",\"@id\":\"https:\/\/www.asajacyl.com\/palencia\/#\/schema\/person\/image\/\",\"url\":\"https:\/\/secure.gravatar.com\/avatar\/517384810d242ca9e38c180f3c9fb973?s=96&d=mm&r=g\",\"contentUrl\":\"https:\/\/secure.gravatar.com\/avatar\/517384810d242ca9e38c180f3c9fb973?s=96&d=mm&r=g\",\"caption\":\"Administrador\"},\"url\":\"https:\/\/www.asajacyl.com\/palencia\/author\/carlosrm\"}]}<\/script>\n<!-- \/ Yoast SEO plugin. -->","yoast_head_json":{"title":"Estabilidad en los precios agr\u00edcolas de la lonja de Le\u00f3n - ASAJA Palencia","description":"A pesar de las fluctuaciones euro\/d\u00f3lar, las cotizaciones de los cereales var\u00edan poco en Espa\u00f1a Estabilidad en los precios de los cereales de la sesi\u00f3n Estabilidad en los precios agr\u00edcolas de la lonja de Le\u00f3n. A pesar de las fluctuaciones euro\/d\u00f3lar.","robots":{"index":"index","follow":"follow","max-snippet":"max-snippet:-1","max-image-preview":"max-image-preview:large","max-video-preview":"max-video-preview:-1"},"canonical":"https:\/\/www.asajacyl.com\/palencia\/asaja-palencia-informa\/estabilidad-en-los-precios-agricolas","og_locale":"es_ES","og_type":"article","og_title":"Estabilidad en los precios agr\u00edcolas de la lonja de Le\u00f3n - ASAJA Palencia","og_description":"A pesar de las fluctuaciones euro\/d\u00f3lar, las cotizaciones de los cereales var\u00edan poco en Espa\u00f1a Estabilidad en los precios de los cereales de la sesi\u00f3n Estabilidad en los precios agr\u00edcolas de la lonja de Le\u00f3n. A pesar de las fluctuaciones euro\/d\u00f3lar.","og_url":"https:\/\/www.asajacyl.com\/palencia\/asaja-palencia-informa\/estabilidad-en-los-precios-agricolas","og_site_name":"ASAJA Palencia","article_published_time":"2026-01-29T18:30:00+00:00","og_image":[{"width":1024,"height":768,"url":"https:\/\/www.asajacyl.com\/palencia\/wp-content\/uploads\/sites\/3\/2026\/01\/Tabla-precios-agricultura-28-1-26.jpg","type":"image\/jpeg"}],"author":"Administrador","twitter_card":"summary_large_image","twitter_misc":{"Escrito por":"Administrador","Tiempo de lectura":"2 minutos"},"schema":{"@context":"https:\/\/schema.org","@graph":[{"@type":"WebPage","@id":"https:\/\/www.asajacyl.com\/palencia\/asaja-palencia-informa\/estabilidad-en-los-precios-agricolas","url":"https:\/\/www.asajacyl.com\/palencia\/asaja-palencia-informa\/estabilidad-en-los-precios-agricolas","name":"Estabilidad en los precios agr\u00edcolas de la lonja de Le\u00f3n - ASAJA Palencia","isPartOf":{"@id":"https:\/\/www.asajacyl.com\/palencia\/#website"},"primaryImageOfPage":{"@id":"https:\/\/www.asajacyl.com\/palencia\/asaja-palencia-informa\/estabilidad-en-los-precios-agricolas#primaryimage"},"image":{"@id":"https:\/\/www.asajacyl.com\/palencia\/asaja-palencia-informa\/estabilidad-en-los-precios-agricolas#primaryimage"},"thumbnailUrl":"https:\/\/www.asajacyl.com\/palencia\/wp-content\/uploads\/sites\/3\/2026\/01\/Tabla-precios-agricultura-28-1-26.jpg","datePublished":"2026-01-29T18:30:00+00:00","author":{"@id":"https:\/\/www.asajacyl.com\/palencia\/#\/schema\/person\/3ab17aeb03527485c317557fae64aab1"},"description":"A pesar de las fluctuaciones euro\/d\u00f3lar, las cotizaciones de los cereales var\u00edan poco en Espa\u00f1a Estabilidad en los precios de los cereales de la sesi\u00f3n Estabilidad en los precios agr\u00edcolas de la lonja de Le\u00f3n. A pesar de las fluctuaciones euro\/d\u00f3lar.","breadcrumb":{"@id":"https:\/\/www.asajacyl.com\/palencia\/asaja-palencia-informa\/estabilidad-en-los-precios-agricolas#breadcrumb"},"inLanguage":"es","potentialAction":[{"@type":"ReadAction","target":["https:\/\/www.asajacyl.com\/palencia\/asaja-palencia-informa\/estabilidad-en-los-precios-agricolas"]}]},{"@type":"ImageObject","inLanguage":"es","@id":"https:\/\/www.asajacyl.com\/palencia\/asaja-palencia-informa\/estabilidad-en-los-precios-agricolas#primaryimage","url":"https:\/\/www.asajacyl.com\/palencia\/wp-content\/uploads\/sites\/3\/2026\/01\/Tabla-precios-agricultura-28-1-26.jpg","contentUrl":"https:\/\/www.asajacyl.com\/palencia\/wp-content\/uploads\/sites\/3\/2026\/01\/Tabla-precios-agricultura-28-1-26.jpg","width":1024,"height":768},{"@type":"BreadcrumbList","@id":"https:\/\/www.asajacyl.com\/palencia\/asaja-palencia-informa\/estabilidad-en-los-precios-agricolas#breadcrumb","itemListElement":[{"@type":"ListItem","position":1,"name":"Portada","item":"https:\/\/www.asajacyl.com\/palencia\/"},{"@type":"ListItem","position":2,"name":"Estabilidad en los precios agr\u00edcolas de la lonja de Le\u00f3n"}]},{"@type":"WebSite","@id":"https:\/\/www.asajacyl.com\/palencia\/#website","url":"https:\/\/www.asajacyl.com\/palencia\/","name":"ASAJA Palencia","description":"Otro sitio m\u00e1s de Provincias ASAJA Castilla y Le\u00f3n","potentialAction":[{"@type":"SearchAction","target":{"@type":"EntryPoint","urlTemplate":"https:\/\/www.asajacyl.com\/palencia\/?s={search_term_string}"},"query-input":{"@type":"PropertyValueSpecification","valueRequired":true,"valueName":"search_term_string"}}],"inLanguage":"es"},{"@type":"Person","@id":"https:\/\/www.asajacyl.com\/palencia\/#\/schema\/person\/3ab17aeb03527485c317557fae64aab1","name":"Administrador","image":{"@type":"ImageObject","inLanguage":"es","@id":"https:\/\/www.asajacyl.com\/palencia\/#\/schema\/person\/image\/","url":"https:\/\/secure.gravatar.com\/avatar\/517384810d242ca9e38c180f3c9fb973?s=96&d=mm&r=g","contentUrl":"https:\/\/secure.gravatar.com\/avatar\/517384810d242ca9e38c180f3c9fb973?s=96&d=mm&r=g","caption":"Administrador"},"url":"https:\/\/www.asajacyl.com\/palencia\/author\/carlosrm"}]}},"_links":{"self":[{"href":"https:\/\/www.asajacyl.com\/palencia\/wp-json\/wp\/v2\/posts\/22151"}],"collection":[{"href":"https:\/\/www.asajacyl.com\/palencia\/wp-json\/wp\/v2\/posts"}],"about":[{"href":"https:\/\/www.asajacyl.com\/palencia\/wp-json\/wp\/v2\/types\/post"}],"author":[{"embeddable":true,"href":"https:\/\/www.asajacyl.com\/palencia\/wp-json\/wp\/v2\/users\/9"}],"replies":[{"embeddable":true,"href":"https:\/\/www.asajacyl.com\/palencia\/wp-json\/wp\/v2\/comments?post=22151"}],"version-history":[{"count":1,"href":"https:\/\/www.asajacyl.com\/palencia\/wp-json\/wp\/v2\/posts\/22151\/revisions"}],"predecessor-version":[{"id":22153,"href":"https:\/\/www.asajacyl.com\/palencia\/wp-json\/wp\/v2\/posts\/22151\/revisions\/22153"}],"wp:featuredmedia":[{"embeddable":true,"href":"https:\/\/www.asajacyl.com\/palencia\/wp-json\/wp\/v2\/media\/22152"}],"wp:attachment":[{"href":"https:\/\/www.asajacyl.com\/palencia\/wp-json\/wp\/v2\/media?parent=22151"}],"wp:term":[{"taxonomy":"category","embeddable":true,"href":"https:\/\/www.asajacyl.com\/palencia\/wp-json\/wp\/v2\/categories?post=22151"},{"taxonomy":"post_tag","embeddable":true,"href":"https:\/\/www.asajacyl.com\/palencia\/wp-json\/wp\/v2\/tags?post=22151"}],"curies":[{"name":"wp","href":"https:\/\/api.w.org\/{rel}","templated":true}]}}