{"id":22154,"date":"2026-01-29T20:30:11","date_gmt":"2026-01-29T19:30:11","guid":{"rendered":"https:\/\/www.asajacyl.com\/palencia\/?p=22154"},"modified":"2026-01-29T21:22:31","modified_gmt":"2026-01-29T20:22:31","slug":"casi-2-000-personas-en-la-manifestacion-agraria-de-palencia","status":"publish","type":"post","link":"https:\/\/www.asajacyl.com\/palencia\/asaja-palencia-informa\/casi-2-000-personas-en-la-manifestacion-agraria-de-palencia","title":{"rendered":"Casi 2.000 personas en la manifestaci\u00f3n agraria de Palencia contra MERCOSUR y el recorte de la PAC"},"content":{"rendered":"\n<p><strong>Con el lema &#8216;En defensa del consumidor y del sector agrario&#8217; los productores palentinos mostraron su rechazo al Tratado UE-MERCOSUR,\u00a0a la reducci\u00f3n del presupuesto de la PAC, a la excesiva burocracia de las Administraciones y por la falta de rentabilidad de las explotaciones.<\/strong><\/p>\n\n\n\n<p><strong>Tambi\u00e9n se mostr\u00f3 una pancarta con el lema &#8216;Por vuestro futuro y el nuestro&#8217;, con la que cerca de 250 hijos de los agricultores y ganaderos de las OPAs palentinas, montados en sus tractores de juguete, encabezaron la original manifestaci\u00f3n conjunta, que congreg\u00f3 en la plaza Mayor de Palencia a cerca de 2.000 personas<\/strong><\/p>\n\n\n\n<figure class=\"wp-block-image size-large\"><img loading=\"lazy\" decoding=\"async\" width=\"1024\" height=\"768\" src=\"https:\/\/www.asajacyl.com\/palencia\/wp-content\/uploads\/sites\/3\/2026\/01\/Pancarta-infantil-por-Villandrando-1024x768.jpg\" alt=\"\" class=\"wp-image-22159\" srcset=\"https:\/\/www.asajacyl.com\/palencia\/wp-content\/uploads\/sites\/3\/2026\/01\/Pancarta-infantil-por-Villandrando-1024x768.jpg 1024w, https:\/\/www.asajacyl.com\/palencia\/wp-content\/uploads\/sites\/3\/2026\/01\/Pancarta-infantil-por-Villandrando-300x225.jpg 300w, https:\/\/www.asajacyl.com\/palencia\/wp-content\/uploads\/sites\/3\/2026\/01\/Pancarta-infantil-por-Villandrando-768x576.jpg 768w, https:\/\/www.asajacyl.com\/palencia\/wp-content\/uploads\/sites\/3\/2026\/01\/Pancarta-infantil-por-Villandrando-1536x1152.jpg 1536w, https:\/\/www.asajacyl.com\/palencia\/wp-content\/uploads\/sites\/3\/2026\/01\/Pancarta-infantil-por-Villandrando-560x420.jpg 560w, https:\/\/www.asajacyl.com\/palencia\/wp-content\/uploads\/sites\/3\/2026\/01\/Pancarta-infantil-por-Villandrando-80x60.jpg 80w, https:\/\/www.asajacyl.com\/palencia\/wp-content\/uploads\/sites\/3\/2026\/01\/Pancarta-infantil-por-Villandrando-696x522.jpg 696w, https:\/\/www.asajacyl.com\/palencia\/wp-content\/uploads\/sites\/3\/2026\/01\/Pancarta-infantil-por-Villandrando-1068x801.jpg 1068w, https:\/\/www.asajacyl.com\/palencia\/wp-content\/uploads\/sites\/3\/2026\/01\/Pancarta-infantil-por-Villandrando-1920x1440.jpg 1920w, https:\/\/www.asajacyl.com\/palencia\/wp-content\/uploads\/sites\/3\/2026\/01\/Pancarta-infantil-por-Villandrando.jpg 2000w\" sizes=\"(max-width: 1024px) 100vw, 1024px\" \/><\/figure>\n\n\n\n<p><strong>Los ni\u00f1os, con pancartas que dec\u00edan &#8216;Sin campo no hay futuro&#8217;, &#8216;No a la competencia desleal&#8217;, &#8216;Una PAC fuerte&#8217;, &#8216;Precios justos \u00a1ya!&#8217;, &#8216;De mayor quiero ser agricultor, \u00bfpodr\u00e9?&#8217; o &#8216;Sembremos esperanza para cosechar un futuro&#8217;, protestaban por una realidad del sector que redunda en un menor atractivo para garantizar el necesario relevo generacional.<\/strong><\/p>\n\n\n\n<figure class=\"wp-block-video\"><video controls src=\"https:\/\/www.asajacyl.com\/palencia\/wp-content\/uploads\/sites\/3\/2026\/01\/Video-manifestacion-Palencia-29-1-26.mp4\"><\/video><\/figure>\n\n\n\n<p>Las cuatro principales organizaciones profesionales agrarias (OPAs) de Palencia, ASAJA, UPA, COAG y UCCL, obtuvieron el respaldo de toda la sociedad palentina, que se uni\u00f3 a la manifestaci\u00f3n del sector agrario cuyos dirigentes portaban una pancarta con el eslogan <strong>&#8216;En defensa del consumidor y del sector agrario&#8217;<\/strong>.<\/p>\n\n\n\n<figure class=\"wp-block-image size-large\"><img loading=\"lazy\" decoding=\"async\" width=\"1024\" height=\"768\" src=\"https:\/\/www.asajacyl.com\/palencia\/wp-content\/uploads\/sites\/3\/2026\/01\/Inicio-manifestacion-con-las-2-pancartas-1024x768.jpg\" alt=\"\" class=\"wp-image-22158\" srcset=\"https:\/\/www.asajacyl.com\/palencia\/wp-content\/uploads\/sites\/3\/2026\/01\/Inicio-manifestacion-con-las-2-pancartas-1024x768.jpg 1024w, https:\/\/www.asajacyl.com\/palencia\/wp-content\/uploads\/sites\/3\/2026\/01\/Inicio-manifestacion-con-las-2-pancartas-300x225.jpg 300w, https:\/\/www.asajacyl.com\/palencia\/wp-content\/uploads\/sites\/3\/2026\/01\/Inicio-manifestacion-con-las-2-pancartas-768x576.jpg 768w, https:\/\/www.asajacyl.com\/palencia\/wp-content\/uploads\/sites\/3\/2026\/01\/Inicio-manifestacion-con-las-2-pancartas-1536x1152.jpg 1536w, https:\/\/www.asajacyl.com\/palencia\/wp-content\/uploads\/sites\/3\/2026\/01\/Inicio-manifestacion-con-las-2-pancartas-560x420.jpg 560w, https:\/\/www.asajacyl.com\/palencia\/wp-content\/uploads\/sites\/3\/2026\/01\/Inicio-manifestacion-con-las-2-pancartas-80x60.jpg 80w, https:\/\/www.asajacyl.com\/palencia\/wp-content\/uploads\/sites\/3\/2026\/01\/Inicio-manifestacion-con-las-2-pancartas-696x522.jpg 696w, https:\/\/www.asajacyl.com\/palencia\/wp-content\/uploads\/sites\/3\/2026\/01\/Inicio-manifestacion-con-las-2-pancartas-1068x801.jpg 1068w, https:\/\/www.asajacyl.com\/palencia\/wp-content\/uploads\/sites\/3\/2026\/01\/Inicio-manifestacion-con-las-2-pancartas-1920x1440.jpg 1920w, https:\/\/www.asajacyl.com\/palencia\/wp-content\/uploads\/sites\/3\/2026\/01\/Inicio-manifestacion-con-las-2-pancartas.jpg 2000w\" sizes=\"(max-width: 1024px) 100vw, 1024px\" \/><\/figure>\n\n\n\n<p>La manifestaci\u00f3n parti\u00f3 pasadas las 17&#8217;30h desde la plaza P\u00edo XII y transcurri\u00f3 por la calle Mayor hasta la plaza Mayor, donde dos ni\u00f1os leyeron un manifiesto de apoyo al sector agrario que terminaba con exclamaciones muy directas y aplaudidas por todos los presentes: \u00a1Queremos defender el campo y nuestra comida! \u00a1Queremos defender nuestra agricultura y nuestra ganader\u00eda! y, por \u00faltimo, \u00a1Viva el sector agrario y viva Palencia!<\/p>\n\n\n\n<figure class=\"wp-block-image size-large\"><img loading=\"lazy\" decoding=\"async\" width=\"1024\" height=\"768\" src=\"https:\/\/www.asajacyl.com\/palencia\/wp-content\/uploads\/sites\/3\/2026\/01\/multitud-en-plaza-Mayor-1024x768.jpg\" alt=\"\" class=\"wp-image-22160\" srcset=\"https:\/\/www.asajacyl.com\/palencia\/wp-content\/uploads\/sites\/3\/2026\/01\/multitud-en-plaza-Mayor-1024x768.jpg 1024w, https:\/\/www.asajacyl.com\/palencia\/wp-content\/uploads\/sites\/3\/2026\/01\/multitud-en-plaza-Mayor-300x225.jpg 300w, https:\/\/www.asajacyl.com\/palencia\/wp-content\/uploads\/sites\/3\/2026\/01\/multitud-en-plaza-Mayor-768x576.jpg 768w, https:\/\/www.asajacyl.com\/palencia\/wp-content\/uploads\/sites\/3\/2026\/01\/multitud-en-plaza-Mayor-1536x1152.jpg 1536w, https:\/\/www.asajacyl.com\/palencia\/wp-content\/uploads\/sites\/3\/2026\/01\/multitud-en-plaza-Mayor-560x420.jpg 560w, https:\/\/www.asajacyl.com\/palencia\/wp-content\/uploads\/sites\/3\/2026\/01\/multitud-en-plaza-Mayor-80x60.jpg 80w, https:\/\/www.asajacyl.com\/palencia\/wp-content\/uploads\/sites\/3\/2026\/01\/multitud-en-plaza-Mayor-696x522.jpg 696w, https:\/\/www.asajacyl.com\/palencia\/wp-content\/uploads\/sites\/3\/2026\/01\/multitud-en-plaza-Mayor-1068x801.jpg 1068w, https:\/\/www.asajacyl.com\/palencia\/wp-content\/uploads\/sites\/3\/2026\/01\/multitud-en-plaza-Mayor-1920x1440.jpg 1920w, https:\/\/www.asajacyl.com\/palencia\/wp-content\/uploads\/sites\/3\/2026\/01\/multitud-en-plaza-Mayor.jpg 2000w\" sizes=\"(max-width: 1024px) 100vw, 1024px\" \/><\/figure>\n\n\n\n<p>La protesta, aunque con una parte l\u00fadica por la &#8216;tractorada de juguetes&#8217;, mostr\u00f3 el claro rechazo a la firma del Tratado UE-MERCOSUR en sus actuales t\u00e9rminos, y al recorte de entre un 18 y un 20% del presupuesto de la Pol\u00edtica Agraria Com\u00fan (PAC) para el periodo 2027-2032, lo que pueden suponer unos 900 millones para Espa\u00f1a.<\/p>\n\n\n\n<figure class=\"wp-block-image size-large\"><img loading=\"lazy\" decoding=\"async\" width=\"1024\" height=\"768\" src=\"https:\/\/www.asajacyl.com\/palencia\/wp-content\/uploads\/sites\/3\/2026\/01\/Tractorada-infantil-en-plaza-Mayor-1024x768.jpg\" alt=\"\" class=\"wp-image-22161\" srcset=\"https:\/\/www.asajacyl.com\/palencia\/wp-content\/uploads\/sites\/3\/2026\/01\/Tractorada-infantil-en-plaza-Mayor-1024x768.jpg 1024w, https:\/\/www.asajacyl.com\/palencia\/wp-content\/uploads\/sites\/3\/2026\/01\/Tractorada-infantil-en-plaza-Mayor-300x225.jpg 300w, https:\/\/www.asajacyl.com\/palencia\/wp-content\/uploads\/sites\/3\/2026\/01\/Tractorada-infantil-en-plaza-Mayor-768x576.jpg 768w, https:\/\/www.asajacyl.com\/palencia\/wp-content\/uploads\/sites\/3\/2026\/01\/Tractorada-infantil-en-plaza-Mayor-1536x1152.jpg 1536w, https:\/\/www.asajacyl.com\/palencia\/wp-content\/uploads\/sites\/3\/2026\/01\/Tractorada-infantil-en-plaza-Mayor-560x420.jpg 560w, https:\/\/www.asajacyl.com\/palencia\/wp-content\/uploads\/sites\/3\/2026\/01\/Tractorada-infantil-en-plaza-Mayor-80x60.jpg 80w, https:\/\/www.asajacyl.com\/palencia\/wp-content\/uploads\/sites\/3\/2026\/01\/Tractorada-infantil-en-plaza-Mayor-696x522.jpg 696w, https:\/\/www.asajacyl.com\/palencia\/wp-content\/uploads\/sites\/3\/2026\/01\/Tractorada-infantil-en-plaza-Mayor-1068x801.jpg 1068w, https:\/\/www.asajacyl.com\/palencia\/wp-content\/uploads\/sites\/3\/2026\/01\/Tractorada-infantil-en-plaza-Mayor-1920x1440.jpg 1920w, https:\/\/www.asajacyl.com\/palencia\/wp-content\/uploads\/sites\/3\/2026\/01\/Tractorada-infantil-en-plaza-Mayor.jpg 2000w\" sizes=\"(max-width: 1024px) 100vw, 1024px\" \/><\/figure>\n\n\n\n<p><strong>REPARTO DE PATATAS Y AZ\u00daCAR<\/strong>. Despu\u00e9s de la lectura del manifiesto se procedi\u00f3 al reparto de patatas y az\u00facar entre todas las personas asistentes en apoyo del sector agrario y ganadero palentino. Estos dos productos de primera necesidad son muy importantes para el campo palentino y, en esta campa\u00f1a, pasan por dificultades debido a los recortes de precios en los mercados nacionales e internacionales.<\/p>\n\n\n\n<figure class=\"wp-block-image size-large\"><img loading=\"lazy\" decoding=\"async\" width=\"1024\" height=\"768\" src=\"https:\/\/www.asajacyl.com\/palencia\/wp-content\/uploads\/sites\/3\/2026\/01\/Reparto-azucar-y-patata-1024x768.jpg\" alt=\"\" class=\"wp-image-22162\" srcset=\"https:\/\/www.asajacyl.com\/palencia\/wp-content\/uploads\/sites\/3\/2026\/01\/Reparto-azucar-y-patata-1024x768.jpg 1024w, https:\/\/www.asajacyl.com\/palencia\/wp-content\/uploads\/sites\/3\/2026\/01\/Reparto-azucar-y-patata-300x225.jpg 300w, https:\/\/www.asajacyl.com\/palencia\/wp-content\/uploads\/sites\/3\/2026\/01\/Reparto-azucar-y-patata-768x576.jpg 768w, https:\/\/www.asajacyl.com\/palencia\/wp-content\/uploads\/sites\/3\/2026\/01\/Reparto-azucar-y-patata-1536x1152.jpg 1536w, https:\/\/www.asajacyl.com\/palencia\/wp-content\/uploads\/sites\/3\/2026\/01\/Reparto-azucar-y-patata-560x420.jpg 560w, https:\/\/www.asajacyl.com\/palencia\/wp-content\/uploads\/sites\/3\/2026\/01\/Reparto-azucar-y-patata-80x60.jpg 80w, https:\/\/www.asajacyl.com\/palencia\/wp-content\/uploads\/sites\/3\/2026\/01\/Reparto-azucar-y-patata-696x522.jpg 696w, https:\/\/www.asajacyl.com\/palencia\/wp-content\/uploads\/sites\/3\/2026\/01\/Reparto-azucar-y-patata-1068x801.jpg 1068w, https:\/\/www.asajacyl.com\/palencia\/wp-content\/uploads\/sites\/3\/2026\/01\/Reparto-azucar-y-patata-1920x1440.jpg 1920w, https:\/\/www.asajacyl.com\/palencia\/wp-content\/uploads\/sites\/3\/2026\/01\/Reparto-azucar-y-patata.jpg 2000w\" sizes=\"(max-width: 1024px) 100vw, 1024px\" \/><\/figure>\n\n\n\n<p><\/p>\n","protected":false},"excerpt":{"rendered":"<p>Con el lema &#8216;En defensa del consumidor y del sector agrario&#8217; los productores palentinos mostraron su rechazo al Tratado UE-MERCOSUR,\u00a0a la reducci\u00f3n del presupuesto de la PAC, a la excesiva burocracia de las Administraciones y por la falta de rentabilidad de las explotaciones. Tambi\u00e9n se mostr\u00f3 una pancarta con el lema &#8216;Por vuestro futuro y [&hellip;]<\/p>\n","protected":false},"author":9,"featured_media":22169,"comment_status":"open","ping_status":"open","sticky":false,"template":"","format":"standard","meta":{"footnotes":""},"categories":[9,29,28,10],"tags":[1698,1721,1722,58,77],"yoast_head":"<!-- This site is optimized with the Yoast SEO plugin v24.5 - https:\/\/yoast.com\/wordpress\/plugins\/seo\/ -->\n<title>Casi 2.000 personas en la manifestaci\u00f3n agraria de Palencia contra MERCOSUR y el recorte de la PAC - ASAJA Palencia<\/title>\n<meta name=\"description\" content=\"Con el lema &#039;En defensa del consumidor y del sector agrario&#039; los productores palentinos mostraron su rechazo al Tratado UE-MERCOSUR,\u00a0a la reducci\u00f3n del Casi 2.000 personas en la manifestaci\u00f3n agraria de Palencia. Con 250 hijos de los agricultores y ganaderos de las OPAs palentinas.\" \/>\n<meta name=\"robots\" content=\"index, follow, max-snippet:-1, max-image-preview:large, max-video-preview:-1\" \/>\n<link rel=\"canonical\" href=\"https:\/\/www.asajacyl.com\/palencia\/asaja-palencia-informa\/casi-2-000-personas-en-la-manifestacion-agraria-de-palencia\" \/>\n<meta property=\"og:locale\" content=\"es_ES\" \/>\n<meta property=\"og:type\" content=\"article\" \/>\n<meta property=\"og:title\" content=\"Casi 2.000 personas en la manifestaci\u00f3n agraria de Palencia contra MERCOSUR y el recorte de la PAC - ASAJA Palencia\" \/>\n<meta property=\"og:description\" content=\"Con el lema &#039;En defensa del consumidor y del sector agrario&#039; los productores palentinos mostraron su rechazo al Tratado UE-MERCOSUR,\u00a0a la reducci\u00f3n del Casi 2.000 personas en la manifestaci\u00f3n agraria de Palencia. Con 250 hijos de los agricultores y ganaderos de las OPAs palentinas.\" \/>\n<meta property=\"og:url\" content=\"https:\/\/www.asajacyl.com\/palencia\/asaja-palencia-informa\/casi-2-000-personas-en-la-manifestacion-agraria-de-palencia\" \/>\n<meta property=\"og:site_name\" content=\"ASAJA Palencia\" \/>\n<meta property=\"article:published_time\" content=\"2026-01-29T19:30:11+00:00\" \/>\n<meta property=\"article:modified_time\" content=\"2026-01-29T20:22:31+00:00\" \/>\n<meta property=\"og:image\" content=\"https:\/\/www.asajacyl.com\/palencia\/wp-content\/uploads\/sites\/3\/2026\/01\/Pancarta-mayores-con-Jose-Luis-Marcos-1.jpg\" \/>\n\t<meta property=\"og:image:width\" content=\"1604\" \/>\n\t<meta property=\"og:image:height\" content=\"1045\" \/>\n\t<meta property=\"og:image:type\" content=\"image\/jpeg\" \/>\n<meta name=\"author\" content=\"Administrador\" \/>\n<meta name=\"twitter:card\" content=\"summary_large_image\" \/>\n<meta name=\"twitter:label1\" content=\"Escrito por\" \/>\n\t<meta name=\"twitter:data1\" content=\"Administrador\" \/>\n\t<meta name=\"twitter:label2\" content=\"Tiempo de lectura\" \/>\n\t<meta name=\"twitter:data2\" content=\"3 minutos\" \/>\n<script type=\"application\/ld+json\" class=\"yoast-schema-graph\">{\"@context\":\"https:\/\/schema.org\",\"@graph\":[{\"@type\":\"WebPage\",\"@id\":\"https:\/\/www.asajacyl.com\/palencia\/asaja-palencia-informa\/casi-2-000-personas-en-la-manifestacion-agraria-de-palencia\",\"url\":\"https:\/\/www.asajacyl.com\/palencia\/asaja-palencia-informa\/casi-2-000-personas-en-la-manifestacion-agraria-de-palencia\",\"name\":\"Casi 2.000 personas en la manifestaci\u00f3n agraria de Palencia contra MERCOSUR y el recorte de la PAC - ASAJA Palencia\",\"isPartOf\":{\"@id\":\"https:\/\/www.asajacyl.com\/palencia\/#website\"},\"primaryImageOfPage\":{\"@id\":\"https:\/\/www.asajacyl.com\/palencia\/asaja-palencia-informa\/casi-2-000-personas-en-la-manifestacion-agraria-de-palencia#primaryimage\"},\"image\":{\"@id\":\"https:\/\/www.asajacyl.com\/palencia\/asaja-palencia-informa\/casi-2-000-personas-en-la-manifestacion-agraria-de-palencia#primaryimage\"},\"thumbnailUrl\":\"https:\/\/www.asajacyl.com\/palencia\/wp-content\/uploads\/sites\/3\/2026\/01\/Pancarta-mayores-con-Jose-Luis-Marcos-1.jpg\",\"datePublished\":\"2026-01-29T19:30:11+00:00\",\"dateModified\":\"2026-01-29T20:22:31+00:00\",\"author\":{\"@id\":\"https:\/\/www.asajacyl.com\/palencia\/#\/schema\/person\/3ab17aeb03527485c317557fae64aab1\"},\"description\":\"Con el lema 'En defensa del consumidor y del sector agrario' los productores palentinos mostraron su rechazo al Tratado UE-MERCOSUR,\u00a0a la reducci\u00f3n del Casi 2.000 personas en la manifestaci\u00f3n agraria de Palencia. Con 250 hijos de los agricultores y ganaderos de las OPAs palentinas.\",\"breadcrumb\":{\"@id\":\"https:\/\/www.asajacyl.com\/palencia\/asaja-palencia-informa\/casi-2-000-personas-en-la-manifestacion-agraria-de-palencia#breadcrumb\"},\"inLanguage\":\"es\",\"potentialAction\":[{\"@type\":\"ReadAction\",\"target\":[\"https:\/\/www.asajacyl.com\/palencia\/asaja-palencia-informa\/casi-2-000-personas-en-la-manifestacion-agraria-de-palencia\"]}]},{\"@type\":\"ImageObject\",\"inLanguage\":\"es\",\"@id\":\"https:\/\/www.asajacyl.com\/palencia\/asaja-palencia-informa\/casi-2-000-personas-en-la-manifestacion-agraria-de-palencia#primaryimage\",\"url\":\"https:\/\/www.asajacyl.com\/palencia\/wp-content\/uploads\/sites\/3\/2026\/01\/Pancarta-mayores-con-Jose-Luis-Marcos-1.jpg\",\"contentUrl\":\"https:\/\/www.asajacyl.com\/palencia\/wp-content\/uploads\/sites\/3\/2026\/01\/Pancarta-mayores-con-Jose-Luis-Marcos-1.jpg\",\"width\":1604,\"height\":1045},{\"@type\":\"BreadcrumbList\",\"@id\":\"https:\/\/www.asajacyl.com\/palencia\/asaja-palencia-informa\/casi-2-000-personas-en-la-manifestacion-agraria-de-palencia#breadcrumb\",\"itemListElement\":[{\"@type\":\"ListItem\",\"position\":1,\"name\":\"Portada\",\"item\":\"https:\/\/www.asajacyl.com\/palencia\/\"},{\"@type\":\"ListItem\",\"position\":2,\"name\":\"Casi 2.000 personas en la manifestaci\u00f3n agraria de Palencia contra MERCOSUR y el recorte de la PAC\"}]},{\"@type\":\"WebSite\",\"@id\":\"https:\/\/www.asajacyl.com\/palencia\/#website\",\"url\":\"https:\/\/www.asajacyl.com\/palencia\/\",\"name\":\"ASAJA Palencia\",\"description\":\"Otro sitio m\u00e1s de Provincias ASAJA Castilla y Le\u00f3n\",\"potentialAction\":[{\"@type\":\"SearchAction\",\"target\":{\"@type\":\"EntryPoint\",\"urlTemplate\":\"https:\/\/www.asajacyl.com\/palencia\/?s={search_term_string}\"},\"query-input\":{\"@type\":\"PropertyValueSpecification\",\"valueRequired\":true,\"valueName\":\"search_term_string\"}}],\"inLanguage\":\"es\"},{\"@type\":\"Person\",\"@id\":\"https:\/\/www.asajacyl.com\/palencia\/#\/schema\/person\/3ab17aeb03527485c317557fae64aab1\",\"name\":\"Administrador\",\"image\":{\"@type\":\"ImageObject\",\"inLanguage\":\"es\",\"@id\":\"https:\/\/www.asajacyl.com\/palencia\/#\/schema\/person\/image\/\",\"url\":\"https:\/\/secure.gravatar.com\/avatar\/517384810d242ca9e38c180f3c9fb973?s=96&d=mm&r=g\",\"contentUrl\":\"https:\/\/secure.gravatar.com\/avatar\/517384810d242ca9e38c180f3c9fb973?s=96&d=mm&r=g\",\"caption\":\"Administrador\"},\"url\":\"https:\/\/www.asajacyl.com\/palencia\/author\/carlosrm\"}]}<\/script>\n<!-- \/ Yoast SEO plugin. -->","yoast_head_json":{"title":"Casi 2.000 personas en la manifestaci\u00f3n agraria de Palencia contra MERCOSUR y el recorte de la PAC - ASAJA Palencia","description":"Con el lema 'En defensa del consumidor y del sector agrario' los productores palentinos mostraron su rechazo al Tratado UE-MERCOSUR,\u00a0a la reducci\u00f3n del Casi 2.000 personas en la manifestaci\u00f3n agraria de Palencia. Con 250 hijos de los agricultores y ganaderos de las OPAs palentinas.","robots":{"index":"index","follow":"follow","max-snippet":"max-snippet:-1","max-image-preview":"max-image-preview:large","max-video-preview":"max-video-preview:-1"},"canonical":"https:\/\/www.asajacyl.com\/palencia\/asaja-palencia-informa\/casi-2-000-personas-en-la-manifestacion-agraria-de-palencia","og_locale":"es_ES","og_type":"article","og_title":"Casi 2.000 personas en la manifestaci\u00f3n agraria de Palencia contra MERCOSUR y el recorte de la PAC - ASAJA Palencia","og_description":"Con el lema 'En defensa del consumidor y del sector agrario' los productores palentinos mostraron su rechazo al Tratado UE-MERCOSUR,\u00a0a la reducci\u00f3n del Casi 2.000 personas en la manifestaci\u00f3n agraria de Palencia. Con 250 hijos de los agricultores y ganaderos de las OPAs palentinas.","og_url":"https:\/\/www.asajacyl.com\/palencia\/asaja-palencia-informa\/casi-2-000-personas-en-la-manifestacion-agraria-de-palencia","og_site_name":"ASAJA Palencia","article_published_time":"2026-01-29T19:30:11+00:00","article_modified_time":"2026-01-29T20:22:31+00:00","og_image":[{"width":1604,"height":1045,"url":"https:\/\/www.asajacyl.com\/palencia\/wp-content\/uploads\/sites\/3\/2026\/01\/Pancarta-mayores-con-Jose-Luis-Marcos-1.jpg","type":"image\/jpeg"}],"author":"Administrador","twitter_card":"summary_large_image","twitter_misc":{"Escrito por":"Administrador","Tiempo de lectura":"3 minutos"},"schema":{"@context":"https:\/\/schema.org","@graph":[{"@type":"WebPage","@id":"https:\/\/www.asajacyl.com\/palencia\/asaja-palencia-informa\/casi-2-000-personas-en-la-manifestacion-agraria-de-palencia","url":"https:\/\/www.asajacyl.com\/palencia\/asaja-palencia-informa\/casi-2-000-personas-en-la-manifestacion-agraria-de-palencia","name":"Casi 2.000 personas en la manifestaci\u00f3n agraria de Palencia contra MERCOSUR y el recorte de la PAC - ASAJA Palencia","isPartOf":{"@id":"https:\/\/www.asajacyl.com\/palencia\/#website"},"primaryImageOfPage":{"@id":"https:\/\/www.asajacyl.com\/palencia\/asaja-palencia-informa\/casi-2-000-personas-en-la-manifestacion-agraria-de-palencia#primaryimage"},"image":{"@id":"https:\/\/www.asajacyl.com\/palencia\/asaja-palencia-informa\/casi-2-000-personas-en-la-manifestacion-agraria-de-palencia#primaryimage"},"thumbnailUrl":"https:\/\/www.asajacyl.com\/palencia\/wp-content\/uploads\/sites\/3\/2026\/01\/Pancarta-mayores-con-Jose-Luis-Marcos-1.jpg","datePublished":"2026-01-29T19:30:11+00:00","dateModified":"2026-01-29T20:22:31+00:00","author":{"@id":"https:\/\/www.asajacyl.com\/palencia\/#\/schema\/person\/3ab17aeb03527485c317557fae64aab1"},"description":"Con el lema 'En defensa del consumidor y del sector agrario' los productores palentinos mostraron su rechazo al Tratado UE-MERCOSUR,\u00a0a la reducci\u00f3n del Casi 2.000 personas en la manifestaci\u00f3n agraria de Palencia. Con 250 hijos de los agricultores y ganaderos de las OPAs palentinas.","breadcrumb":{"@id":"https:\/\/www.asajacyl.com\/palencia\/asaja-palencia-informa\/casi-2-000-personas-en-la-manifestacion-agraria-de-palencia#breadcrumb"},"inLanguage":"es","potentialAction":[{"@type":"ReadAction","target":["https:\/\/www.asajacyl.com\/palencia\/asaja-palencia-informa\/casi-2-000-personas-en-la-manifestacion-agraria-de-palencia"]}]},{"@type":"ImageObject","inLanguage":"es","@id":"https:\/\/www.asajacyl.com\/palencia\/asaja-palencia-informa\/casi-2-000-personas-en-la-manifestacion-agraria-de-palencia#primaryimage","url":"https:\/\/www.asajacyl.com\/palencia\/wp-content\/uploads\/sites\/3\/2026\/01\/Pancarta-mayores-con-Jose-Luis-Marcos-1.jpg","contentUrl":"https:\/\/www.asajacyl.com\/palencia\/wp-content\/uploads\/sites\/3\/2026\/01\/Pancarta-mayores-con-Jose-Luis-Marcos-1.jpg","width":1604,"height":1045},{"@type":"BreadcrumbList","@id":"https:\/\/www.asajacyl.com\/palencia\/asaja-palencia-informa\/casi-2-000-personas-en-la-manifestacion-agraria-de-palencia#breadcrumb","itemListElement":[{"@type":"ListItem","position":1,"name":"Portada","item":"https:\/\/www.asajacyl.com\/palencia\/"},{"@type":"ListItem","position":2,"name":"Casi 2.000 personas en la manifestaci\u00f3n agraria de Palencia contra MERCOSUR y el recorte de la PAC"}]},{"@type":"WebSite","@id":"https:\/\/www.asajacyl.com\/palencia\/#website","url":"https:\/\/www.asajacyl.com\/palencia\/","name":"ASAJA Palencia","description":"Otro sitio m\u00e1s de Provincias ASAJA Castilla y Le\u00f3n","potentialAction":[{"@type":"SearchAction","target":{"@type":"EntryPoint","urlTemplate":"https:\/\/www.asajacyl.com\/palencia\/?s={search_term_string}"},"query-input":{"@type":"PropertyValueSpecification","valueRequired":true,"valueName":"search_term_string"}}],"inLanguage":"es"},{"@type":"Person","@id":"https:\/\/www.asajacyl.com\/palencia\/#\/schema\/person\/3ab17aeb03527485c317557fae64aab1","name":"Administrador","image":{"@type":"ImageObject","inLanguage":"es","@id":"https:\/\/www.asajacyl.com\/palencia\/#\/schema\/person\/image\/","url":"https:\/\/secure.gravatar.com\/avatar\/517384810d242ca9e38c180f3c9fb973?s=96&d=mm&r=g","contentUrl":"https:\/\/secure.gravatar.com\/avatar\/517384810d242ca9e38c180f3c9fb973?s=96&d=mm&r=g","caption":"Administrador"},"url":"https:\/\/www.asajacyl.com\/palencia\/author\/carlosrm"}]}},"_links":{"self":[{"href":"https:\/\/www.asajacyl.com\/palencia\/wp-json\/wp\/v2\/posts\/22154"}],"collection":[{"href":"https:\/\/www.asajacyl.com\/palencia\/wp-json\/wp\/v2\/posts"}],"about":[{"href":"https:\/\/www.asajacyl.com\/palencia\/wp-json\/wp\/v2\/types\/post"}],"author":[{"embeddable":true,"href":"https:\/\/www.asajacyl.com\/palencia\/wp-json\/wp\/v2\/users\/9"}],"replies":[{"embeddable":true,"href":"https:\/\/www.asajacyl.com\/palencia\/wp-json\/wp\/v2\/comments?post=22154"}],"version-history":[{"count":4,"href":"https:\/\/www.asajacyl.com\/palencia\/wp-json\/wp\/v2\/posts\/22154\/revisions"}],"predecessor-version":[{"id":22166,"href":"https:\/\/www.asajacyl.com\/palencia\/wp-json\/wp\/v2\/posts\/22154\/revisions\/22166"}],"wp:featuredmedia":[{"embeddable":true,"href":"https:\/\/www.asajacyl.com\/palencia\/wp-json\/wp\/v2\/media\/22169"}],"wp:attachment":[{"href":"https:\/\/www.asajacyl.com\/palencia\/wp-json\/wp\/v2\/media?parent=22154"}],"wp:term":[{"taxonomy":"category","embeddable":true,"href":"https:\/\/www.asajacyl.com\/palencia\/wp-json\/wp\/v2\/categories?post=22154"},{"taxonomy":"post_tag","embeddable":true,"href":"https:\/\/www.asajacyl.com\/palencia\/wp-json\/wp\/v2\/tags?post=22154"}],"curies":[{"name":"wp","href":"https:\/\/api.w.org\/{rel}","templated":true}]}}