{"id":22269,"date":"2026-02-13T10:23:07","date_gmt":"2026-02-13T09:23:07","guid":{"rendered":"https:\/\/www.asajacyl.com\/palencia\/?p=22269"},"modified":"2026-02-13T10:23:12","modified_gmt":"2026-02-13T09:23:12","slug":"14-de-abril-fecha-limite-para-solicitar-la-ayuda-de-la-diputacion-al-ganadero-para-los-gastos-de-mastines-2","status":"publish","type":"post","link":"https:\/\/www.asajacyl.com\/palencia\/asaja-palencia-informa\/14-de-abril-fecha-limite-para-solicitar-la-ayuda-de-la-diputacion-al-ganadero-para-los-gastos-de-mastines-2","title":{"rendered":"Hasta el 3 de marzo se puede solicitar la ayuda al ganadero para los gastos de mastines"},"content":{"rendered":"\n<h2 class=\"wp-block-heading\">El martes 3 de marzo es la fecha tope para solicitar la ayuda de la Diputaci\u00f3n de Palencia a los ganaderos de la provincia para subvencionar una parte de los gastos por la tenencia de perros de raza mast\u00edn con el fin de prevenir el ataque de animales salvajes. Los titulares de explotaciones ganaderas que tengan perros de protecci\u00f3n ya pueden presentar la solicitud.<\/h2>\n\n\n\n<p>Podr\u00e1n ser beneficiarios de esta convocatoria los ganaderos de ovino, caprino, vacuno y equino cuya explotaci\u00f3n est\u00e9 inscrita en el REGA con domicilio en la provincia de Palencia. <\/p>\n\n\n\n<p>La Diputaci\u00f3n de Palencia destina este ejercicio sesenta mil euros para esta l\u00ednea de subvenciones, que la administraci\u00f3n provincial ya viene concediendo desde hace varios a\u00f1os.<\/p>\n\n\n\n<p>No podr\u00e1n ser beneficiarios de estas ayudas aquellos ganaderos que superen el umbral de acumulaci\u00f3n de ayudas en r\u00e9gimen de m\u00ednimis de cincuenta mil euros en un per\u00edodo de tres a\u00f1os, tal y como dispone la normativa europea.<\/p>\n\n\n\n<p><strong>CRITERIOS. <\/strong>Se subvencionar\u00e1 un m\u00e1ximo de un mast\u00edn por cada fracci\u00f3n de hasta 150 cabezas en el ganado ovino-caprino; y de hasta 50 cabezas de vacuno y\/o equino. Si no se especifica el n\u00famero de cabezas, no se conceder\u00e1 subvenci\u00f3n.<\/p>\n\n\n\n<p>Se primar\u00e1 a las explotaciones que acrediten ataques en los cinco \u00faltimos a\u00f1os, as\u00ed como a las de car\u00e1cter extensivo, semiextensivo o mixta.<\/p>\n\n\n\n<p>Se admitir\u00e1n gastos y certificaciones desde el 1 de enero de 2025 hasta la fecha de justificaci\u00f3n (10 de octubre de 2026). Las actuaciones a subvencionar deber\u00e1n referirse a estos conceptos:<\/p>\n\n\n\n<ul>\n<li>Adquisici\u00f3n de perros de raza mast\u00edn.<\/li>\n\n\n\n<li>Alimentaci\u00f3n de los mastines.<\/li>\n\n\n\n<li>Gastos veterinarios que se correspondan con la identificaci\u00f3n, vacunaci\u00f3n y desparasitaci\u00f3n obligatorias de los animales de raza mast\u00edn subvencionables.<\/li>\n\n\n\n<li>Gastos veterinarios tendentes a restituir la salud de estos animales como consecuencia del ataque por animales salvajes.<\/li>\n<\/ul>\n\n\n\n<p>Tendr\u00e1n la consideraci\u00f3n de gastos subvencionables los que respondan sin duda a la naturaleza de la actividad subvencionada. Los tributos ser\u00e1n gasto subvencionable si el beneficiario de la subvenci\u00f3n los abona efectivamente (en ning\u00fan caso se considera gasto subvencionable el IVA cuando sea deducible para el beneficiario).<strong>\/<\/strong><\/p>\n","protected":false},"excerpt":{"rendered":"<p>El martes 3 de marzo es la fecha tope para solicitar la ayuda de la Diputaci\u00f3n de Palencia a los ganaderos de la provincia para subvencionar una parte de los gastos por la tenencia de perros de raza mast\u00edn con el fin de prevenir el ataque de animales salvajes. Los titulares de explotaciones ganaderas que [&hellip;]<\/p>\n","protected":false},"author":9,"featured_media":19392,"comment_status":"open","ping_status":"open","sticky":false,"template":"","format":"standard","meta":{"footnotes":""},"categories":[9,31,29,28,35,13],"tags":[59,234,351,77,650,102,471,143,144],"yoast_head":"<!-- This site is optimized with the Yoast SEO plugin v24.5 - https:\/\/yoast.com\/wordpress\/plugins\/seo\/ -->\n<title>Hasta el 3 de marzo se puede solicitar la ayuda al ganadero para los gastos de mastines - ASAJA Palencia<\/title>\n<meta name=\"description\" content=\"El martes 3 de marzo es la fecha tope para solicitar la ayuda de la Diputaci\u00f3n de Palencia a los ganaderos de la provincia para subvencionar una parte de\" \/>\n<meta name=\"robots\" content=\"index, follow, max-snippet:-1, max-image-preview:large, max-video-preview:-1\" \/>\n<link rel=\"canonical\" href=\"https:\/\/www.asajacyl.com\/palencia\/asaja-palencia-informa\/14-de-abril-fecha-limite-para-solicitar-la-ayuda-de-la-diputacion-al-ganadero-para-los-gastos-de-mastines-2\" \/>\n<meta property=\"og:locale\" content=\"es_ES\" \/>\n<meta property=\"og:type\" content=\"article\" \/>\n<meta property=\"og:title\" content=\"Hasta el 3 de marzo se puede solicitar la ayuda al ganadero para los gastos de mastines - ASAJA Palencia\" \/>\n<meta property=\"og:description\" content=\"El martes 3 de marzo es la fecha tope para solicitar la ayuda de la Diputaci\u00f3n de Palencia a los ganaderos de la provincia para subvencionar una parte de\" \/>\n<meta property=\"og:url\" content=\"https:\/\/www.asajacyl.com\/palencia\/asaja-palencia-informa\/14-de-abril-fecha-limite-para-solicitar-la-ayuda-de-la-diputacion-al-ganadero-para-los-gastos-de-mastines-2\" \/>\n<meta property=\"og:site_name\" content=\"ASAJA Palencia\" \/>\n<meta property=\"article:published_time\" content=\"2026-02-13T09:23:07+00:00\" \/>\n<meta property=\"article:modified_time\" content=\"2026-02-13T09:23:12+00:00\" \/>\n<meta property=\"og:image\" content=\"https:\/\/www.asajacyl.com\/palencia\/wp-content\/uploads\/sites\/3\/2025\/03\/Rebano-ovino-mastin.jpg\" \/>\n\t<meta property=\"og:image:width\" content=\"1890\" \/>\n\t<meta property=\"og:image:height\" content=\"1654\" \/>\n\t<meta property=\"og:image:type\" content=\"image\/jpeg\" \/>\n<meta name=\"author\" content=\"Administrador\" \/>\n<meta name=\"twitter:card\" content=\"summary_large_image\" \/>\n<meta name=\"twitter:label1\" content=\"Escrito por\" \/>\n\t<meta name=\"twitter:data1\" content=\"Administrador\" \/>\n\t<meta name=\"twitter:label2\" content=\"Tiempo de lectura\" \/>\n\t<meta name=\"twitter:data2\" content=\"2 minutos\" \/>\n<script type=\"application\/ld+json\" class=\"yoast-schema-graph\">{\"@context\":\"https:\/\/schema.org\",\"@graph\":[{\"@type\":\"WebPage\",\"@id\":\"https:\/\/www.asajacyl.com\/palencia\/asaja-palencia-informa\/14-de-abril-fecha-limite-para-solicitar-la-ayuda-de-la-diputacion-al-ganadero-para-los-gastos-de-mastines-2\",\"url\":\"https:\/\/www.asajacyl.com\/palencia\/asaja-palencia-informa\/14-de-abril-fecha-limite-para-solicitar-la-ayuda-de-la-diputacion-al-ganadero-para-los-gastos-de-mastines-2\",\"name\":\"Hasta el 3 de marzo se puede solicitar la ayuda al ganadero para los gastos de mastines - ASAJA Palencia\",\"isPartOf\":{\"@id\":\"https:\/\/www.asajacyl.com\/palencia\/#website\"},\"primaryImageOfPage\":{\"@id\":\"https:\/\/www.asajacyl.com\/palencia\/asaja-palencia-informa\/14-de-abril-fecha-limite-para-solicitar-la-ayuda-de-la-diputacion-al-ganadero-para-los-gastos-de-mastines-2#primaryimage\"},\"image\":{\"@id\":\"https:\/\/www.asajacyl.com\/palencia\/asaja-palencia-informa\/14-de-abril-fecha-limite-para-solicitar-la-ayuda-de-la-diputacion-al-ganadero-para-los-gastos-de-mastines-2#primaryimage\"},\"thumbnailUrl\":\"https:\/\/www.asajacyl.com\/palencia\/wp-content\/uploads\/sites\/3\/2025\/03\/Rebano-ovino-mastin.jpg\",\"datePublished\":\"2026-02-13T09:23:07+00:00\",\"dateModified\":\"2026-02-13T09:23:12+00:00\",\"author\":{\"@id\":\"https:\/\/www.asajacyl.com\/palencia\/#\/schema\/person\/3ab17aeb03527485c317557fae64aab1\"},\"description\":\"El martes 3 de marzo es la fecha tope para solicitar la ayuda de la Diputaci\u00f3n de Palencia a los ganaderos de la provincia para subvencionar una parte de\",\"breadcrumb\":{\"@id\":\"https:\/\/www.asajacyl.com\/palencia\/asaja-palencia-informa\/14-de-abril-fecha-limite-para-solicitar-la-ayuda-de-la-diputacion-al-ganadero-para-los-gastos-de-mastines-2#breadcrumb\"},\"inLanguage\":\"es\",\"potentialAction\":[{\"@type\":\"ReadAction\",\"target\":[\"https:\/\/www.asajacyl.com\/palencia\/asaja-palencia-informa\/14-de-abril-fecha-limite-para-solicitar-la-ayuda-de-la-diputacion-al-ganadero-para-los-gastos-de-mastines-2\"]}]},{\"@type\":\"ImageObject\",\"inLanguage\":\"es\",\"@id\":\"https:\/\/www.asajacyl.com\/palencia\/asaja-palencia-informa\/14-de-abril-fecha-limite-para-solicitar-la-ayuda-de-la-diputacion-al-ganadero-para-los-gastos-de-mastines-2#primaryimage\",\"url\":\"https:\/\/www.asajacyl.com\/palencia\/wp-content\/uploads\/sites\/3\/2025\/03\/Rebano-ovino-mastin.jpg\",\"contentUrl\":\"https:\/\/www.asajacyl.com\/palencia\/wp-content\/uploads\/sites\/3\/2025\/03\/Rebano-ovino-mastin.jpg\",\"width\":1890,\"height\":1654},{\"@type\":\"BreadcrumbList\",\"@id\":\"https:\/\/www.asajacyl.com\/palencia\/asaja-palencia-informa\/14-de-abril-fecha-limite-para-solicitar-la-ayuda-de-la-diputacion-al-ganadero-para-los-gastos-de-mastines-2#breadcrumb\",\"itemListElement\":[{\"@type\":\"ListItem\",\"position\":1,\"name\":\"Portada\",\"item\":\"https:\/\/www.asajacyl.com\/palencia\/\"},{\"@type\":\"ListItem\",\"position\":2,\"name\":\"Hasta el 3 de marzo se puede solicitar la ayuda al ganadero para los gastos de mastines\"}]},{\"@type\":\"WebSite\",\"@id\":\"https:\/\/www.asajacyl.com\/palencia\/#website\",\"url\":\"https:\/\/www.asajacyl.com\/palencia\/\",\"name\":\"ASAJA Palencia\",\"description\":\"Otro sitio m\u00e1s de Provincias ASAJA Castilla y Le\u00f3n\",\"potentialAction\":[{\"@type\":\"SearchAction\",\"target\":{\"@type\":\"EntryPoint\",\"urlTemplate\":\"https:\/\/www.asajacyl.com\/palencia\/?s={search_term_string}\"},\"query-input\":{\"@type\":\"PropertyValueSpecification\",\"valueRequired\":true,\"valueName\":\"search_term_string\"}}],\"inLanguage\":\"es\"},{\"@type\":\"Person\",\"@id\":\"https:\/\/www.asajacyl.com\/palencia\/#\/schema\/person\/3ab17aeb03527485c317557fae64aab1\",\"name\":\"Administrador\",\"image\":{\"@type\":\"ImageObject\",\"inLanguage\":\"es\",\"@id\":\"https:\/\/www.asajacyl.com\/palencia\/#\/schema\/person\/image\/\",\"url\":\"https:\/\/secure.gravatar.com\/avatar\/517384810d242ca9e38c180f3c9fb973?s=96&d=mm&r=g\",\"contentUrl\":\"https:\/\/secure.gravatar.com\/avatar\/517384810d242ca9e38c180f3c9fb973?s=96&d=mm&r=g\",\"caption\":\"Administrador\"},\"url\":\"https:\/\/www.asajacyl.com\/palencia\/author\/carlosrm\"}]}<\/script>\n<!-- \/ Yoast SEO plugin. -->","yoast_head_json":{"title":"Hasta el 3 de marzo se puede solicitar la ayuda al ganadero para los gastos de mastines - ASAJA Palencia","description":"El martes 3 de marzo es la fecha tope para solicitar la ayuda de la Diputaci\u00f3n de Palencia a los ganaderos de la provincia para subvencionar una parte de","robots":{"index":"index","follow":"follow","max-snippet":"max-snippet:-1","max-image-preview":"max-image-preview:large","max-video-preview":"max-video-preview:-1"},"canonical":"https:\/\/www.asajacyl.com\/palencia\/asaja-palencia-informa\/14-de-abril-fecha-limite-para-solicitar-la-ayuda-de-la-diputacion-al-ganadero-para-los-gastos-de-mastines-2","og_locale":"es_ES","og_type":"article","og_title":"Hasta el 3 de marzo se puede solicitar la ayuda al ganadero para los gastos de mastines - ASAJA Palencia","og_description":"El martes 3 de marzo es la fecha tope para solicitar la ayuda de la Diputaci\u00f3n de Palencia a los ganaderos de la provincia para subvencionar una parte de","og_url":"https:\/\/www.asajacyl.com\/palencia\/asaja-palencia-informa\/14-de-abril-fecha-limite-para-solicitar-la-ayuda-de-la-diputacion-al-ganadero-para-los-gastos-de-mastines-2","og_site_name":"ASAJA Palencia","article_published_time":"2026-02-13T09:23:07+00:00","article_modified_time":"2026-02-13T09:23:12+00:00","og_image":[{"width":1890,"height":1654,"url":"https:\/\/www.asajacyl.com\/palencia\/wp-content\/uploads\/sites\/3\/2025\/03\/Rebano-ovino-mastin.jpg","type":"image\/jpeg"}],"author":"Administrador","twitter_card":"summary_large_image","twitter_misc":{"Escrito por":"Administrador","Tiempo de lectura":"2 minutos"},"schema":{"@context":"https:\/\/schema.org","@graph":[{"@type":"WebPage","@id":"https:\/\/www.asajacyl.com\/palencia\/asaja-palencia-informa\/14-de-abril-fecha-limite-para-solicitar-la-ayuda-de-la-diputacion-al-ganadero-para-los-gastos-de-mastines-2","url":"https:\/\/www.asajacyl.com\/palencia\/asaja-palencia-informa\/14-de-abril-fecha-limite-para-solicitar-la-ayuda-de-la-diputacion-al-ganadero-para-los-gastos-de-mastines-2","name":"Hasta el 3 de marzo se puede solicitar la ayuda al ganadero para los gastos de mastines - ASAJA Palencia","isPartOf":{"@id":"https:\/\/www.asajacyl.com\/palencia\/#website"},"primaryImageOfPage":{"@id":"https:\/\/www.asajacyl.com\/palencia\/asaja-palencia-informa\/14-de-abril-fecha-limite-para-solicitar-la-ayuda-de-la-diputacion-al-ganadero-para-los-gastos-de-mastines-2#primaryimage"},"image":{"@id":"https:\/\/www.asajacyl.com\/palencia\/asaja-palencia-informa\/14-de-abril-fecha-limite-para-solicitar-la-ayuda-de-la-diputacion-al-ganadero-para-los-gastos-de-mastines-2#primaryimage"},"thumbnailUrl":"https:\/\/www.asajacyl.com\/palencia\/wp-content\/uploads\/sites\/3\/2025\/03\/Rebano-ovino-mastin.jpg","datePublished":"2026-02-13T09:23:07+00:00","dateModified":"2026-02-13T09:23:12+00:00","author":{"@id":"https:\/\/www.asajacyl.com\/palencia\/#\/schema\/person\/3ab17aeb03527485c317557fae64aab1"},"description":"El martes 3 de marzo es la fecha tope para solicitar la ayuda de la Diputaci\u00f3n de Palencia a los ganaderos de la provincia para subvencionar una parte de","breadcrumb":{"@id":"https:\/\/www.asajacyl.com\/palencia\/asaja-palencia-informa\/14-de-abril-fecha-limite-para-solicitar-la-ayuda-de-la-diputacion-al-ganadero-para-los-gastos-de-mastines-2#breadcrumb"},"inLanguage":"es","potentialAction":[{"@type":"ReadAction","target":["https:\/\/www.asajacyl.com\/palencia\/asaja-palencia-informa\/14-de-abril-fecha-limite-para-solicitar-la-ayuda-de-la-diputacion-al-ganadero-para-los-gastos-de-mastines-2"]}]},{"@type":"ImageObject","inLanguage":"es","@id":"https:\/\/www.asajacyl.com\/palencia\/asaja-palencia-informa\/14-de-abril-fecha-limite-para-solicitar-la-ayuda-de-la-diputacion-al-ganadero-para-los-gastos-de-mastines-2#primaryimage","url":"https:\/\/www.asajacyl.com\/palencia\/wp-content\/uploads\/sites\/3\/2025\/03\/Rebano-ovino-mastin.jpg","contentUrl":"https:\/\/www.asajacyl.com\/palencia\/wp-content\/uploads\/sites\/3\/2025\/03\/Rebano-ovino-mastin.jpg","width":1890,"height":1654},{"@type":"BreadcrumbList","@id":"https:\/\/www.asajacyl.com\/palencia\/asaja-palencia-informa\/14-de-abril-fecha-limite-para-solicitar-la-ayuda-de-la-diputacion-al-ganadero-para-los-gastos-de-mastines-2#breadcrumb","itemListElement":[{"@type":"ListItem","position":1,"name":"Portada","item":"https:\/\/www.asajacyl.com\/palencia\/"},{"@type":"ListItem","position":2,"name":"Hasta el 3 de marzo se puede solicitar la ayuda al ganadero para los gastos de mastines"}]},{"@type":"WebSite","@id":"https:\/\/www.asajacyl.com\/palencia\/#website","url":"https:\/\/www.asajacyl.com\/palencia\/","name":"ASAJA Palencia","description":"Otro sitio m\u00e1s de Provincias ASAJA Castilla y Le\u00f3n","potentialAction":[{"@type":"SearchAction","target":{"@type":"EntryPoint","urlTemplate":"https:\/\/www.asajacyl.com\/palencia\/?s={search_term_string}"},"query-input":{"@type":"PropertyValueSpecification","valueRequired":true,"valueName":"search_term_string"}}],"inLanguage":"es"},{"@type":"Person","@id":"https:\/\/www.asajacyl.com\/palencia\/#\/schema\/person\/3ab17aeb03527485c317557fae64aab1","name":"Administrador","image":{"@type":"ImageObject","inLanguage":"es","@id":"https:\/\/www.asajacyl.com\/palencia\/#\/schema\/person\/image\/","url":"https:\/\/secure.gravatar.com\/avatar\/517384810d242ca9e38c180f3c9fb973?s=96&d=mm&r=g","contentUrl":"https:\/\/secure.gravatar.com\/avatar\/517384810d242ca9e38c180f3c9fb973?s=96&d=mm&r=g","caption":"Administrador"},"url":"https:\/\/www.asajacyl.com\/palencia\/author\/carlosrm"}]}},"_links":{"self":[{"href":"https:\/\/www.asajacyl.com\/palencia\/wp-json\/wp\/v2\/posts\/22269"}],"collection":[{"href":"https:\/\/www.asajacyl.com\/palencia\/wp-json\/wp\/v2\/posts"}],"about":[{"href":"https:\/\/www.asajacyl.com\/palencia\/wp-json\/wp\/v2\/types\/post"}],"author":[{"embeddable":true,"href":"https:\/\/www.asajacyl.com\/palencia\/wp-json\/wp\/v2\/users\/9"}],"replies":[{"embeddable":true,"href":"https:\/\/www.asajacyl.com\/palencia\/wp-json\/wp\/v2\/comments?post=22269"}],"version-history":[{"count":1,"href":"https:\/\/www.asajacyl.com\/palencia\/wp-json\/wp\/v2\/posts\/22269\/revisions"}],"predecessor-version":[{"id":22270,"href":"https:\/\/www.asajacyl.com\/palencia\/wp-json\/wp\/v2\/posts\/22269\/revisions\/22270"}],"wp:featuredmedia":[{"embeddable":true,"href":"https:\/\/www.asajacyl.com\/palencia\/wp-json\/wp\/v2\/media\/19392"}],"wp:attachment":[{"href":"https:\/\/www.asajacyl.com\/palencia\/wp-json\/wp\/v2\/media?parent=22269"}],"wp:term":[{"taxonomy":"category","embeddable":true,"href":"https:\/\/www.asajacyl.com\/palencia\/wp-json\/wp\/v2\/categories?post=22269"},{"taxonomy":"post_tag","embeddable":true,"href":"https:\/\/www.asajacyl.com\/palencia\/wp-json\/wp\/v2\/tags?post=22269"}],"curies":[{"name":"wp","href":"https:\/\/api.w.org\/{rel}","templated":true}]}}