{"id":22274,"date":"2026-02-15T13:14:10","date_gmt":"2026-02-15T12:14:10","guid":{"rendered":"https:\/\/www.asajacyl.com\/palencia\/?p=22274"},"modified":"2026-02-14T14:43:25","modified_gmt":"2026-02-14T13:43:25","slug":"asaja-pide-una-reunion-urgente-con-la-consejeria-para-aclarar-que-requisitos-de-la-pac-se-flexibilizaran-por-los-fenomenos-meteorologicos-adversos","status":"publish","type":"post","link":"https:\/\/www.asajacyl.com\/palencia\/asaja-palencia-informa\/asaja-pide-una-reunion-urgente-con-la-consejeria-para-aclarar-que-requisitos-de-la-pac-se-flexibilizaran-por-los-fenomenos-meteorologicos-adversos","title":{"rendered":"ASAJA pide una reuni\u00f3n urgente con la Consejer\u00eda para aclarar qu\u00e9 requisitos de la PAC se flexibilizar\u00e1n por los fen\u00f3menos meteorol\u00f3gicos adversos"},"content":{"rendered":"\n<h2 class=\"wp-block-heading\">ASAJA ha agradecido a la Junta de Castilla y Le\u00f3n la declaraci\u00f3n de excepcionalidad de la campa\u00f1a agr\u00edcola 2025-2026 por fen\u00f3menos meteorol\u00f3gicos adversos registrados desde el paso mes de noviembre, aprobada ayer por el Consejo de Gobierno. La Organizaci\u00f3n Profesional Agraria insta a la Consejer\u00eda de Agricultura, Ganader\u00eda y Desarrollo Rural a aprobar las medidas que se pondr\u00e1n en marcha para cubrir p\u00e9rdidas y, lo m\u00e1s urgente, concretar qu\u00e9 requisitos de la PAC se flexibilizar\u00e1n para que los agricultores puedan decidir las siembras que afrontar\u00e1n los pr\u00f3ximos meses, y eviten as\u00ed consecuencias negativas para su explotaci\u00f3n.<\/h2>\n\n\n<div class=\"wp-block-image\">\n<figure class=\"alignright is-resized\"><a href=\"https:\/\/www.asajacyl.com\/wp-content\/uploads\/2026\/02\/20260204_132642.jpg\"><img decoding=\"async\" src=\"https:\/\/www.asajacyl.com\/wp-content\/uploads\/2026\/02\/20260204_132642-1024x393.jpg\" alt=\"\" class=\"wp-image-26802\" style=\"width:405px;height:auto\" \/><\/a><\/figure><\/div>\n\n\n<p>ASAJA recuerda que el sector est\u00e1 afrontando una campa\u00f1a muy complicada, que arrastra superficie que no pudo trabajarse para las siembras de invierno, y tambi\u00e9n tierras en las que los agricultores no han podido entrar para preparar las siembras de primavera, como los cultivos de regad\u00edo, adem\u00e1s de producciones todav\u00eda pendientes de recoger, como remolacha, ma\u00edz y patata, en tierras que seguramente no podr\u00e1n ya sembrarse. <\/p>\n\n\n\n<p>Es por tanto esencial que en pocos d\u00edas se conozcan los requisitos que se flexibilizar\u00e1n para que los agricultores concluyan sus planes de siembra, dado que, en cuanto paren las lluvias y sequen las parcelas, el trabajo va a ser incesante.<\/p>\n\n\n\n<p><strong>MEDIDA EXCEPCIONAL<\/strong>. La declaraci\u00f3n de excepcionalidad de la actual campa\u00f1a agr\u00edcola se produce tras los continuos episodios de lluvia registrados desde noviembre, que todav\u00eda no han concluido, y que han provocado efectos directos sobre las fincas de cultivo como la saturaci\u00f3n del suelo; la imposibilidad de que la maquinar\u00eda pueda entrar en las parcelas, dificultando la realizaci\u00f3n de siembras, abonados y tratamientos; incremento del riesgo de compactaci\u00f3n, o mayor incidencia de asfixia radicular, entre otros.<\/p>\n\n\n\n<p>La declaraci\u00f3n formal es un primer paso para la adopci\u00f3n de medidas acordes a las necesidades del sector agrario. De este modo, ser\u00e1 posible implementar diversas acciones frente a los perjuicios y da\u00f1os ocasionados por episodios de lluvias. Entre ellas, el establecimiento de excepciones al cumplimiento de los requisitos de la PAC, pero tambi\u00e9n ayudas directas a las explotaciones que hayan sufrido p\u00e9rdidas.<\/p>\n","protected":false},"excerpt":{"rendered":"<p>ASAJA ha agradecido a la Junta de Castilla y Le\u00f3n la declaraci\u00f3n de excepcionalidad de la campa\u00f1a agr\u00edcola 2025-2026 por fen\u00f3menos meteorol\u00f3gicos adversos registrados desde el paso mes de noviembre, aprobada ayer por el Consejo de Gobierno. La Organizaci\u00f3n Profesional Agraria insta a la Consejer\u00eda de Agricultura, Ganader\u00eda y Desarrollo Rural a aprobar las medidas [&hellip;]<\/p>\n","protected":false},"author":9,"featured_media":22275,"comment_status":"open","ping_status":"open","sticky":false,"template":"","format":"standard","meta":{"footnotes":""},"categories":[9,29,28],"tags":[58,1744,351,1745,77,1730,1383],"yoast_head":"<!-- This site is optimized with the Yoast SEO plugin v24.5 - https:\/\/yoast.com\/wordpress\/plugins\/seo\/ -->\n<title>ASAJA pide una reuni\u00f3n urgente con la Consejer\u00eda para aclarar qu\u00e9 requisitos de la PAC se flexibilizar\u00e1n por los fen\u00f3menos meteorol\u00f3gicos adversos - ASAJA Palencia<\/title>\n<meta name=\"description\" content=\"ASAJA ha agradecido a la Junta de Castilla y Le\u00f3n la declaraci\u00f3n de excepcionalidad de la campa\u00f1a agr\u00edcola 2025-2026 por fen\u00f3menos meteorol\u00f3gicos adversos\" \/>\n<meta name=\"robots\" content=\"index, follow, max-snippet:-1, max-image-preview:large, max-video-preview:-1\" \/>\n<link rel=\"canonical\" href=\"https:\/\/www.asajacyl.com\/palencia\/asaja-palencia-informa\/asaja-pide-una-reunion-urgente-con-la-consejeria-para-aclarar-que-requisitos-de-la-pac-se-flexibilizaran-por-los-fenomenos-meteorologicos-adversos\" \/>\n<meta property=\"og:locale\" content=\"es_ES\" \/>\n<meta property=\"og:type\" content=\"article\" \/>\n<meta property=\"og:title\" content=\"ASAJA pide una reuni\u00f3n urgente con la Consejer\u00eda para aclarar qu\u00e9 requisitos de la PAC se flexibilizar\u00e1n por los fen\u00f3menos meteorol\u00f3gicos adversos - ASAJA Palencia\" \/>\n<meta property=\"og:description\" content=\"ASAJA ha agradecido a la Junta de Castilla y Le\u00f3n la declaraci\u00f3n de excepcionalidad de la campa\u00f1a agr\u00edcola 2025-2026 por fen\u00f3menos meteorol\u00f3gicos adversos\" \/>\n<meta property=\"og:url\" content=\"https:\/\/www.asajacyl.com\/palencia\/asaja-palencia-informa\/asaja-pide-una-reunion-urgente-con-la-consejeria-para-aclarar-que-requisitos-de-la-pac-se-flexibilizaran-por-los-fenomenos-meteorologicos-adversos\" \/>\n<meta property=\"og:site_name\" content=\"ASAJA Palencia\" \/>\n<meta property=\"article:published_time\" content=\"2026-02-15T12:14:10+00:00\" \/>\n<meta property=\"og:image\" content=\"https:\/\/www.asajacyl.com\/palencia\/wp-content\/uploads\/sites\/3\/2026\/02\/image-1-1.jpg\" \/>\n\t<meta property=\"og:image:width\" content=\"1840\" \/>\n\t<meta property=\"og:image:height\" content=\"706\" \/>\n\t<meta property=\"og:image:type\" content=\"image\/jpeg\" \/>\n<meta name=\"author\" content=\"Administrador\" \/>\n<meta name=\"twitter:card\" content=\"summary_large_image\" \/>\n<meta name=\"twitter:label1\" content=\"Escrito por\" \/>\n\t<meta name=\"twitter:data1\" content=\"Administrador\" \/>\n\t<meta name=\"twitter:label2\" content=\"Tiempo de lectura\" \/>\n\t<meta name=\"twitter:data2\" content=\"2 minutos\" \/>\n<script type=\"application\/ld+json\" class=\"yoast-schema-graph\">{\"@context\":\"https:\/\/schema.org\",\"@graph\":[{\"@type\":\"WebPage\",\"@id\":\"https:\/\/www.asajacyl.com\/palencia\/asaja-palencia-informa\/asaja-pide-una-reunion-urgente-con-la-consejeria-para-aclarar-que-requisitos-de-la-pac-se-flexibilizaran-por-los-fenomenos-meteorologicos-adversos\",\"url\":\"https:\/\/www.asajacyl.com\/palencia\/asaja-palencia-informa\/asaja-pide-una-reunion-urgente-con-la-consejeria-para-aclarar-que-requisitos-de-la-pac-se-flexibilizaran-por-los-fenomenos-meteorologicos-adversos\",\"name\":\"ASAJA pide una reuni\u00f3n urgente con la Consejer\u00eda para aclarar qu\u00e9 requisitos de la PAC se flexibilizar\u00e1n por los fen\u00f3menos meteorol\u00f3gicos adversos - ASAJA Palencia\",\"isPartOf\":{\"@id\":\"https:\/\/www.asajacyl.com\/palencia\/#website\"},\"primaryImageOfPage\":{\"@id\":\"https:\/\/www.asajacyl.com\/palencia\/asaja-palencia-informa\/asaja-pide-una-reunion-urgente-con-la-consejeria-para-aclarar-que-requisitos-de-la-pac-se-flexibilizaran-por-los-fenomenos-meteorologicos-adversos#primaryimage\"},\"image\":{\"@id\":\"https:\/\/www.asajacyl.com\/palencia\/asaja-palencia-informa\/asaja-pide-una-reunion-urgente-con-la-consejeria-para-aclarar-que-requisitos-de-la-pac-se-flexibilizaran-por-los-fenomenos-meteorologicos-adversos#primaryimage\"},\"thumbnailUrl\":\"https:\/\/www.asajacyl.com\/palencia\/wp-content\/uploads\/sites\/3\/2026\/02\/image-1-1.jpg\",\"datePublished\":\"2026-02-15T12:14:10+00:00\",\"author\":{\"@id\":\"https:\/\/www.asajacyl.com\/palencia\/#\/schema\/person\/3ab17aeb03527485c317557fae64aab1\"},\"description\":\"ASAJA ha agradecido a la Junta de Castilla y Le\u00f3n la declaraci\u00f3n de excepcionalidad de la campa\u00f1a agr\u00edcola 2025-2026 por fen\u00f3menos meteorol\u00f3gicos adversos\",\"breadcrumb\":{\"@id\":\"https:\/\/www.asajacyl.com\/palencia\/asaja-palencia-informa\/asaja-pide-una-reunion-urgente-con-la-consejeria-para-aclarar-que-requisitos-de-la-pac-se-flexibilizaran-por-los-fenomenos-meteorologicos-adversos#breadcrumb\"},\"inLanguage\":\"es\",\"potentialAction\":[{\"@type\":\"ReadAction\",\"target\":[\"https:\/\/www.asajacyl.com\/palencia\/asaja-palencia-informa\/asaja-pide-una-reunion-urgente-con-la-consejeria-para-aclarar-que-requisitos-de-la-pac-se-flexibilizaran-por-los-fenomenos-meteorologicos-adversos\"]}]},{\"@type\":\"ImageObject\",\"inLanguage\":\"es\",\"@id\":\"https:\/\/www.asajacyl.com\/palencia\/asaja-palencia-informa\/asaja-pide-una-reunion-urgente-con-la-consejeria-para-aclarar-que-requisitos-de-la-pac-se-flexibilizaran-por-los-fenomenos-meteorologicos-adversos#primaryimage\",\"url\":\"https:\/\/www.asajacyl.com\/palencia\/wp-content\/uploads\/sites\/3\/2026\/02\/image-1-1.jpg\",\"contentUrl\":\"https:\/\/www.asajacyl.com\/palencia\/wp-content\/uploads\/sites\/3\/2026\/02\/image-1-1.jpg\",\"width\":1840,\"height\":706},{\"@type\":\"BreadcrumbList\",\"@id\":\"https:\/\/www.asajacyl.com\/palencia\/asaja-palencia-informa\/asaja-pide-una-reunion-urgente-con-la-consejeria-para-aclarar-que-requisitos-de-la-pac-se-flexibilizaran-por-los-fenomenos-meteorologicos-adversos#breadcrumb\",\"itemListElement\":[{\"@type\":\"ListItem\",\"position\":1,\"name\":\"Portada\",\"item\":\"https:\/\/www.asajacyl.com\/palencia\/\"},{\"@type\":\"ListItem\",\"position\":2,\"name\":\"ASAJA pide una reuni\u00f3n urgente con la Consejer\u00eda para aclarar qu\u00e9 requisitos de la PAC se flexibilizar\u00e1n por los fen\u00f3menos meteorol\u00f3gicos adversos\"}]},{\"@type\":\"WebSite\",\"@id\":\"https:\/\/www.asajacyl.com\/palencia\/#website\",\"url\":\"https:\/\/www.asajacyl.com\/palencia\/\",\"name\":\"ASAJA Palencia\",\"description\":\"Otro sitio m\u00e1s de Provincias ASAJA Castilla y Le\u00f3n\",\"potentialAction\":[{\"@type\":\"SearchAction\",\"target\":{\"@type\":\"EntryPoint\",\"urlTemplate\":\"https:\/\/www.asajacyl.com\/palencia\/?s={search_term_string}\"},\"query-input\":{\"@type\":\"PropertyValueSpecification\",\"valueRequired\":true,\"valueName\":\"search_term_string\"}}],\"inLanguage\":\"es\"},{\"@type\":\"Person\",\"@id\":\"https:\/\/www.asajacyl.com\/palencia\/#\/schema\/person\/3ab17aeb03527485c317557fae64aab1\",\"name\":\"Administrador\",\"image\":{\"@type\":\"ImageObject\",\"inLanguage\":\"es\",\"@id\":\"https:\/\/www.asajacyl.com\/palencia\/#\/schema\/person\/image\/\",\"url\":\"https:\/\/secure.gravatar.com\/avatar\/517384810d242ca9e38c180f3c9fb973?s=96&d=mm&r=g\",\"contentUrl\":\"https:\/\/secure.gravatar.com\/avatar\/517384810d242ca9e38c180f3c9fb973?s=96&d=mm&r=g\",\"caption\":\"Administrador\"},\"url\":\"https:\/\/www.asajacyl.com\/palencia\/author\/carlosrm\"}]}<\/script>\n<!-- \/ Yoast SEO plugin. -->","yoast_head_json":{"title":"ASAJA pide una reuni\u00f3n urgente con la Consejer\u00eda para aclarar qu\u00e9 requisitos de la PAC se flexibilizar\u00e1n por los fen\u00f3menos meteorol\u00f3gicos adversos - ASAJA Palencia","description":"ASAJA ha agradecido a la Junta de Castilla y Le\u00f3n la declaraci\u00f3n de excepcionalidad de la campa\u00f1a agr\u00edcola 2025-2026 por fen\u00f3menos meteorol\u00f3gicos adversos","robots":{"index":"index","follow":"follow","max-snippet":"max-snippet:-1","max-image-preview":"max-image-preview:large","max-video-preview":"max-video-preview:-1"},"canonical":"https:\/\/www.asajacyl.com\/palencia\/asaja-palencia-informa\/asaja-pide-una-reunion-urgente-con-la-consejeria-para-aclarar-que-requisitos-de-la-pac-se-flexibilizaran-por-los-fenomenos-meteorologicos-adversos","og_locale":"es_ES","og_type":"article","og_title":"ASAJA pide una reuni\u00f3n urgente con la Consejer\u00eda para aclarar qu\u00e9 requisitos de la PAC se flexibilizar\u00e1n por los fen\u00f3menos meteorol\u00f3gicos adversos - ASAJA Palencia","og_description":"ASAJA ha agradecido a la Junta de Castilla y Le\u00f3n la declaraci\u00f3n de excepcionalidad de la campa\u00f1a agr\u00edcola 2025-2026 por fen\u00f3menos meteorol\u00f3gicos adversos","og_url":"https:\/\/www.asajacyl.com\/palencia\/asaja-palencia-informa\/asaja-pide-una-reunion-urgente-con-la-consejeria-para-aclarar-que-requisitos-de-la-pac-se-flexibilizaran-por-los-fenomenos-meteorologicos-adversos","og_site_name":"ASAJA Palencia","article_published_time":"2026-02-15T12:14:10+00:00","og_image":[{"width":1840,"height":706,"url":"https:\/\/www.asajacyl.com\/palencia\/wp-content\/uploads\/sites\/3\/2026\/02\/image-1-1.jpg","type":"image\/jpeg"}],"author":"Administrador","twitter_card":"summary_large_image","twitter_misc":{"Escrito por":"Administrador","Tiempo de lectura":"2 minutos"},"schema":{"@context":"https:\/\/schema.org","@graph":[{"@type":"WebPage","@id":"https:\/\/www.asajacyl.com\/palencia\/asaja-palencia-informa\/asaja-pide-una-reunion-urgente-con-la-consejeria-para-aclarar-que-requisitos-de-la-pac-se-flexibilizaran-por-los-fenomenos-meteorologicos-adversos","url":"https:\/\/www.asajacyl.com\/palencia\/asaja-palencia-informa\/asaja-pide-una-reunion-urgente-con-la-consejeria-para-aclarar-que-requisitos-de-la-pac-se-flexibilizaran-por-los-fenomenos-meteorologicos-adversos","name":"ASAJA pide una reuni\u00f3n urgente con la Consejer\u00eda para aclarar qu\u00e9 requisitos de la PAC se flexibilizar\u00e1n por los fen\u00f3menos meteorol\u00f3gicos adversos - ASAJA Palencia","isPartOf":{"@id":"https:\/\/www.asajacyl.com\/palencia\/#website"},"primaryImageOfPage":{"@id":"https:\/\/www.asajacyl.com\/palencia\/asaja-palencia-informa\/asaja-pide-una-reunion-urgente-con-la-consejeria-para-aclarar-que-requisitos-de-la-pac-se-flexibilizaran-por-los-fenomenos-meteorologicos-adversos#primaryimage"},"image":{"@id":"https:\/\/www.asajacyl.com\/palencia\/asaja-palencia-informa\/asaja-pide-una-reunion-urgente-con-la-consejeria-para-aclarar-que-requisitos-de-la-pac-se-flexibilizaran-por-los-fenomenos-meteorologicos-adversos#primaryimage"},"thumbnailUrl":"https:\/\/www.asajacyl.com\/palencia\/wp-content\/uploads\/sites\/3\/2026\/02\/image-1-1.jpg","datePublished":"2026-02-15T12:14:10+00:00","author":{"@id":"https:\/\/www.asajacyl.com\/palencia\/#\/schema\/person\/3ab17aeb03527485c317557fae64aab1"},"description":"ASAJA ha agradecido a la Junta de Castilla y Le\u00f3n la declaraci\u00f3n de excepcionalidad de la campa\u00f1a agr\u00edcola 2025-2026 por fen\u00f3menos meteorol\u00f3gicos adversos","breadcrumb":{"@id":"https:\/\/www.asajacyl.com\/palencia\/asaja-palencia-informa\/asaja-pide-una-reunion-urgente-con-la-consejeria-para-aclarar-que-requisitos-de-la-pac-se-flexibilizaran-por-los-fenomenos-meteorologicos-adversos#breadcrumb"},"inLanguage":"es","potentialAction":[{"@type":"ReadAction","target":["https:\/\/www.asajacyl.com\/palencia\/asaja-palencia-informa\/asaja-pide-una-reunion-urgente-con-la-consejeria-para-aclarar-que-requisitos-de-la-pac-se-flexibilizaran-por-los-fenomenos-meteorologicos-adversos"]}]},{"@type":"ImageObject","inLanguage":"es","@id":"https:\/\/www.asajacyl.com\/palencia\/asaja-palencia-informa\/asaja-pide-una-reunion-urgente-con-la-consejeria-para-aclarar-que-requisitos-de-la-pac-se-flexibilizaran-por-los-fenomenos-meteorologicos-adversos#primaryimage","url":"https:\/\/www.asajacyl.com\/palencia\/wp-content\/uploads\/sites\/3\/2026\/02\/image-1-1.jpg","contentUrl":"https:\/\/www.asajacyl.com\/palencia\/wp-content\/uploads\/sites\/3\/2026\/02\/image-1-1.jpg","width":1840,"height":706},{"@type":"BreadcrumbList","@id":"https:\/\/www.asajacyl.com\/palencia\/asaja-palencia-informa\/asaja-pide-una-reunion-urgente-con-la-consejeria-para-aclarar-que-requisitos-de-la-pac-se-flexibilizaran-por-los-fenomenos-meteorologicos-adversos#breadcrumb","itemListElement":[{"@type":"ListItem","position":1,"name":"Portada","item":"https:\/\/www.asajacyl.com\/palencia\/"},{"@type":"ListItem","position":2,"name":"ASAJA pide una reuni\u00f3n urgente con la Consejer\u00eda para aclarar qu\u00e9 requisitos de la PAC se flexibilizar\u00e1n por los fen\u00f3menos meteorol\u00f3gicos adversos"}]},{"@type":"WebSite","@id":"https:\/\/www.asajacyl.com\/palencia\/#website","url":"https:\/\/www.asajacyl.com\/palencia\/","name":"ASAJA Palencia","description":"Otro sitio m\u00e1s de Provincias ASAJA Castilla y Le\u00f3n","potentialAction":[{"@type":"SearchAction","target":{"@type":"EntryPoint","urlTemplate":"https:\/\/www.asajacyl.com\/palencia\/?s={search_term_string}"},"query-input":{"@type":"PropertyValueSpecification","valueRequired":true,"valueName":"search_term_string"}}],"inLanguage":"es"},{"@type":"Person","@id":"https:\/\/www.asajacyl.com\/palencia\/#\/schema\/person\/3ab17aeb03527485c317557fae64aab1","name":"Administrador","image":{"@type":"ImageObject","inLanguage":"es","@id":"https:\/\/www.asajacyl.com\/palencia\/#\/schema\/person\/image\/","url":"https:\/\/secure.gravatar.com\/avatar\/517384810d242ca9e38c180f3c9fb973?s=96&d=mm&r=g","contentUrl":"https:\/\/secure.gravatar.com\/avatar\/517384810d242ca9e38c180f3c9fb973?s=96&d=mm&r=g","caption":"Administrador"},"url":"https:\/\/www.asajacyl.com\/palencia\/author\/carlosrm"}]}},"_links":{"self":[{"href":"https:\/\/www.asajacyl.com\/palencia\/wp-json\/wp\/v2\/posts\/22274"}],"collection":[{"href":"https:\/\/www.asajacyl.com\/palencia\/wp-json\/wp\/v2\/posts"}],"about":[{"href":"https:\/\/www.asajacyl.com\/palencia\/wp-json\/wp\/v2\/types\/post"}],"author":[{"embeddable":true,"href":"https:\/\/www.asajacyl.com\/palencia\/wp-json\/wp\/v2\/users\/9"}],"replies":[{"embeddable":true,"href":"https:\/\/www.asajacyl.com\/palencia\/wp-json\/wp\/v2\/comments?post=22274"}],"version-history":[{"count":2,"href":"https:\/\/www.asajacyl.com\/palencia\/wp-json\/wp\/v2\/posts\/22274\/revisions"}],"predecessor-version":[{"id":22278,"href":"https:\/\/www.asajacyl.com\/palencia\/wp-json\/wp\/v2\/posts\/22274\/revisions\/22278"}],"wp:featuredmedia":[{"embeddable":true,"href":"https:\/\/www.asajacyl.com\/palencia\/wp-json\/wp\/v2\/media\/22275"}],"wp:attachment":[{"href":"https:\/\/www.asajacyl.com\/palencia\/wp-json\/wp\/v2\/media?parent=22274"}],"wp:term":[{"taxonomy":"category","embeddable":true,"href":"https:\/\/www.asajacyl.com\/palencia\/wp-json\/wp\/v2\/categories?post=22274"},{"taxonomy":"post_tag","embeddable":true,"href":"https:\/\/www.asajacyl.com\/palencia\/wp-json\/wp\/v2\/tags?post=22274"}],"curies":[{"name":"wp","href":"https:\/\/api.w.org\/{rel}","templated":true}]}}