{"id":22285,"date":"2026-02-17T09:15:09","date_gmt":"2026-02-17T08:15:09","guid":{"rendered":"https:\/\/www.asajacyl.com\/palencia\/?p=22285"},"modified":"2026-02-19T09:22:23","modified_gmt":"2026-02-19T08:22:23","slug":"suben-los-terneros-y-las-terneras-para-vida-en-salamanca","status":"publish","type":"post","link":"https:\/\/www.asajacyl.com\/palencia\/asaja-palencia-informa\/suben-los-terneros-y-las-terneras-para-vida-en-salamanca","title":{"rendered":"Suben los terneros y las terneras para vida en Salamanca"},"content":{"rendered":"\n<h2 class=\"wp-block-heading\">La sesi\u00f3n semanal de la Lonja de Salamanca destac\u00f3 porque suben los terneros y las terneras para vida, ya que el resto de referencias repitieron los precios de hace siete d\u00edas. <\/h2>\n\n\n\n<h2 class=\"wp-block-heading\">Por otro lado, la Mesa del Lechazo de Castilla y Le\u00f3n reunida el pasado viernes tambi\u00e9n repiti\u00f3 los precios de la sesi\u00f3n anterior.<\/h2>\n\n\n\n<p>Como cada lunes, ayer tuvo lugar la sesi\u00f3n de la Lonja de Salamanca en las intalaciones de feria. En dicha reuni\u00f3n se constat\u00f3 el bajo volumen de sacrificio de ganado, aunque suficiente para cubrir la demanda.<\/p>\n\n\n\n<p>El sector ganadero sigue creyendo que la tablilla de las cotizaciones es &#8216;papel mojado&#8217; y espera un aumento de los precios que, por ahora, no llega. La oferta no es mucha pero s\u00ed suficiente para cubrir la escasa demanda.<\/p>\n\n\n\n<p>Por otro lado, desde la lonja de Le\u00f3n se a\u00f1ade que, con el comienzo del <strong>Ramadan <\/strong>se suele incrementar el consumo de carne tanto de vaca, ovino y pollo en los pa\u00edses musulmanes como fuente de prote\u00ednas, al ser obligatorio el ayuno desde el amanecer hasta el anochecer, pero este a\u00f1o este dato est\u00e1 pasando pr\u00e1cticamente inadvertido. <\/p>\n\n\n\n<p>Las razones para la falta de demanda, seg\u00fan los t\u00e9cnicos leoneses, pueden estar, en el <strong>vacuno<\/strong>, en los aranceles impuestos por Marruecos y la escasa venta a Argelia, que est\u00e1n dejando las exportaciones en m\u00ednimos. Al parecer, solo las de destino Francia contin\u00faan estables y los precios se mantienen no por la demanda sino porque la oferta sigue siendo muy limitada.<\/p>\n\n\n\n<p>En cuando a los <strong>corderos<\/strong> tampoco se ha incrementado la demanda hacia estos destinos, si bien en este caso suele ser la Fiesta del Sacrificio del Cordero, que se celebrar\u00e1 el 27 de mayo, la que marca los precios m\u00e1s altos de venta hacia esos pa\u00edses.<\/p>\n\n\n\n<figure class=\"wp-block-image size-full is-resized\"><img loading=\"lazy\" decoding=\"async\" width=\"1024\" height=\"768\" src=\"https:\/\/www.asajacyl.com\/palencia\/wp-content\/uploads\/sites\/3\/2026\/02\/Tabla-precios-ganaderia-16-2-26.jpg\" alt=\"\" class=\"wp-image-22286\" style=\"width:976px;height:auto\" srcset=\"https:\/\/www.asajacyl.com\/palencia\/wp-content\/uploads\/sites\/3\/2026\/02\/Tabla-precios-ganaderia-16-2-26.jpg 1024w, https:\/\/www.asajacyl.com\/palencia\/wp-content\/uploads\/sites\/3\/2026\/02\/Tabla-precios-ganaderia-16-2-26-300x225.jpg 300w, https:\/\/www.asajacyl.com\/palencia\/wp-content\/uploads\/sites\/3\/2026\/02\/Tabla-precios-ganaderia-16-2-26-768x576.jpg 768w, https:\/\/www.asajacyl.com\/palencia\/wp-content\/uploads\/sites\/3\/2026\/02\/Tabla-precios-ganaderia-16-2-26-560x420.jpg 560w, https:\/\/www.asajacyl.com\/palencia\/wp-content\/uploads\/sites\/3\/2026\/02\/Tabla-precios-ganaderia-16-2-26-80x60.jpg 80w, https:\/\/www.asajacyl.com\/palencia\/wp-content\/uploads\/sites\/3\/2026\/02\/Tabla-precios-ganaderia-16-2-26-696x522.jpg 696w\" sizes=\"(max-width: 1024px) 100vw, 1024px\" \/><\/figure>\n\n\n\n<p>En el&nbsp;<strong>mercado de ganado<\/strong>&nbsp;se registraron este pasado lunes 204 animales, de los que 185 eran para cebo, 112 machos y 73 hembras; adem\u00e1s, hubo un toro y 18 vacas para sacrificio. <\/p>\n\n\n\n<p>El <strong>ganado de vida<\/strong> sube 6 euros de media los machos (0,03 \u20ac\/kg) y 4 euros las hembras (0,02 \u20ac\/kg), as\u00ed pues el ternero extra cotiz\u00f3 a 7,16 euros\/kg y la ternera extra lo hizo a 6,14 euros\/kg.<\/p>\n\n\n\n<p>Por otro lado, se mantuvieron las cotizaciones para el <strong>vacuno de carne<\/strong> donde la ternera extra, independientemente de su peso, repiti\u00f3 a 7,77 euros\/kg en canal. Por su parte el a\u00f1ojo de m\u00e1s de 350 kg en canal cotiz\u00f3 nuevamente a 7,63 euros\/kg y el de menos de 350 kg de canal lo hizo a 7,69 euros\/kg. <\/p>\n\n\n\n<p>En el caso del lechazo, en la sesi\u00f3n del 13 de febrero de la Mesa del Lechazo de Castilla y Le\u00f3n se mantuvieron las cotizaciones de la sesi\u00f3n anterior del viernes 30 de enero.<\/p>\n","protected":false},"excerpt":{"rendered":"<p>La sesi\u00f3n semanal de la Lonja de Salamanca destac\u00f3 porque suben los terneros y las terneras para vida, ya que el resto de referencias repitieron los precios de hace siete d\u00edas. Por otro lado, la Mesa del Lechazo de Castilla y Le\u00f3n reunida el pasado viernes tambi\u00e9n repiti\u00f3 los precios de la sesi\u00f3n anterior. Como [&hellip;]<\/p>\n","protected":false},"author":9,"featured_media":22224,"comment_status":"open","ping_status":"open","sticky":false,"template":"","format":"standard","meta":{"footnotes":""},"categories":[9,29,28],"tags":[1698,1748,1702,77],"yoast_head":"<!-- This site is optimized with the Yoast SEO plugin v24.5 - https:\/\/yoast.com\/wordpress\/plugins\/seo\/ -->\n<title>Suben los terneros y las terneras para vida en Salamanca - ASAJA Palencia<\/title>\n<meta name=\"description\" content=\"La sesi\u00f3n semanal de la Lonja de Salamanca destac\u00f3 porque suben los terneros y las terneras para vida, ya que el resto de referencias repitieron los Suben los terneros y las terneras para vida en Salamanca. El resto de referencias repitieron los precios.\" \/>\n<meta name=\"robots\" content=\"index, follow, max-snippet:-1, max-image-preview:large, max-video-preview:-1\" \/>\n<link rel=\"canonical\" href=\"https:\/\/www.asajacyl.com\/palencia\/asaja-palencia-informa\/suben-los-terneros-y-las-terneras-para-vida-en-salamanca\" \/>\n<meta property=\"og:locale\" content=\"es_ES\" \/>\n<meta property=\"og:type\" content=\"article\" \/>\n<meta property=\"og:title\" content=\"Suben los terneros y las terneras para vida en Salamanca - ASAJA Palencia\" \/>\n<meta property=\"og:description\" content=\"La sesi\u00f3n semanal de la Lonja de Salamanca destac\u00f3 porque suben los terneros y las terneras para vida, ya que el resto de referencias repitieron los Suben los terneros y las terneras para vida en Salamanca. El resto de referencias repitieron los precios.\" \/>\n<meta property=\"og:url\" content=\"https:\/\/www.asajacyl.com\/palencia\/asaja-palencia-informa\/suben-los-terneros-y-las-terneras-para-vida-en-salamanca\" \/>\n<meta property=\"og:site_name\" content=\"ASAJA Palencia\" \/>\n<meta property=\"article:published_time\" content=\"2026-02-17T08:15:09+00:00\" \/>\n<meta property=\"article:modified_time\" content=\"2026-02-19T08:22:23+00:00\" \/>\n<meta property=\"og:image\" content=\"https:\/\/www.asajacyl.com\/palencia\/wp-content\/uploads\/sites\/3\/2026\/02\/Vacuno-CEBOASAJA-CyL-web.jpg\" \/>\n\t<meta property=\"og:image:width\" content=\"1890\" \/>\n\t<meta property=\"og:image:height\" content=\"1654\" \/>\n\t<meta property=\"og:image:type\" content=\"image\/jpeg\" \/>\n<meta name=\"author\" content=\"Administrador\" \/>\n<meta name=\"twitter:card\" content=\"summary_large_image\" \/>\n<meta name=\"twitter:label1\" content=\"Escrito por\" \/>\n\t<meta name=\"twitter:data1\" content=\"Administrador\" \/>\n\t<meta name=\"twitter:label2\" content=\"Tiempo de lectura\" \/>\n\t<meta name=\"twitter:data2\" content=\"3 minutos\" \/>\n<script type=\"application\/ld+json\" class=\"yoast-schema-graph\">{\"@context\":\"https:\/\/schema.org\",\"@graph\":[{\"@type\":\"WebPage\",\"@id\":\"https:\/\/www.asajacyl.com\/palencia\/asaja-palencia-informa\/suben-los-terneros-y-las-terneras-para-vida-en-salamanca\",\"url\":\"https:\/\/www.asajacyl.com\/palencia\/asaja-palencia-informa\/suben-los-terneros-y-las-terneras-para-vida-en-salamanca\",\"name\":\"Suben los terneros y las terneras para vida en Salamanca - ASAJA Palencia\",\"isPartOf\":{\"@id\":\"https:\/\/www.asajacyl.com\/palencia\/#website\"},\"primaryImageOfPage\":{\"@id\":\"https:\/\/www.asajacyl.com\/palencia\/asaja-palencia-informa\/suben-los-terneros-y-las-terneras-para-vida-en-salamanca#primaryimage\"},\"image\":{\"@id\":\"https:\/\/www.asajacyl.com\/palencia\/asaja-palencia-informa\/suben-los-terneros-y-las-terneras-para-vida-en-salamanca#primaryimage\"},\"thumbnailUrl\":\"https:\/\/www.asajacyl.com\/palencia\/wp-content\/uploads\/sites\/3\/2026\/02\/Vacuno-CEBOASAJA-CyL-web.jpg\",\"datePublished\":\"2026-02-17T08:15:09+00:00\",\"dateModified\":\"2026-02-19T08:22:23+00:00\",\"author\":{\"@id\":\"https:\/\/www.asajacyl.com\/palencia\/#\/schema\/person\/3ab17aeb03527485c317557fae64aab1\"},\"description\":\"La sesi\u00f3n semanal de la Lonja de Salamanca destac\u00f3 porque suben los terneros y las terneras para vida, ya que el resto de referencias repitieron los Suben los terneros y las terneras para vida en Salamanca. El resto de referencias repitieron los precios.\",\"breadcrumb\":{\"@id\":\"https:\/\/www.asajacyl.com\/palencia\/asaja-palencia-informa\/suben-los-terneros-y-las-terneras-para-vida-en-salamanca#breadcrumb\"},\"inLanguage\":\"es\",\"potentialAction\":[{\"@type\":\"ReadAction\",\"target\":[\"https:\/\/www.asajacyl.com\/palencia\/asaja-palencia-informa\/suben-los-terneros-y-las-terneras-para-vida-en-salamanca\"]}]},{\"@type\":\"ImageObject\",\"inLanguage\":\"es\",\"@id\":\"https:\/\/www.asajacyl.com\/palencia\/asaja-palencia-informa\/suben-los-terneros-y-las-terneras-para-vida-en-salamanca#primaryimage\",\"url\":\"https:\/\/www.asajacyl.com\/palencia\/wp-content\/uploads\/sites\/3\/2026\/02\/Vacuno-CEBOASAJA-CyL-web.jpg\",\"contentUrl\":\"https:\/\/www.asajacyl.com\/palencia\/wp-content\/uploads\/sites\/3\/2026\/02\/Vacuno-CEBOASAJA-CyL-web.jpg\",\"width\":1890,\"height\":1654},{\"@type\":\"BreadcrumbList\",\"@id\":\"https:\/\/www.asajacyl.com\/palencia\/asaja-palencia-informa\/suben-los-terneros-y-las-terneras-para-vida-en-salamanca#breadcrumb\",\"itemListElement\":[{\"@type\":\"ListItem\",\"position\":1,\"name\":\"Portada\",\"item\":\"https:\/\/www.asajacyl.com\/palencia\/\"},{\"@type\":\"ListItem\",\"position\":2,\"name\":\"Suben los terneros y las terneras para vida en Salamanca\"}]},{\"@type\":\"WebSite\",\"@id\":\"https:\/\/www.asajacyl.com\/palencia\/#website\",\"url\":\"https:\/\/www.asajacyl.com\/palencia\/\",\"name\":\"ASAJA Palencia\",\"description\":\"Otro sitio m\u00e1s de Provincias ASAJA Castilla y Le\u00f3n\",\"potentialAction\":[{\"@type\":\"SearchAction\",\"target\":{\"@type\":\"EntryPoint\",\"urlTemplate\":\"https:\/\/www.asajacyl.com\/palencia\/?s={search_term_string}\"},\"query-input\":{\"@type\":\"PropertyValueSpecification\",\"valueRequired\":true,\"valueName\":\"search_term_string\"}}],\"inLanguage\":\"es\"},{\"@type\":\"Person\",\"@id\":\"https:\/\/www.asajacyl.com\/palencia\/#\/schema\/person\/3ab17aeb03527485c317557fae64aab1\",\"name\":\"Administrador\",\"image\":{\"@type\":\"ImageObject\",\"inLanguage\":\"es\",\"@id\":\"https:\/\/www.asajacyl.com\/palencia\/#\/schema\/person\/image\/\",\"url\":\"https:\/\/secure.gravatar.com\/avatar\/517384810d242ca9e38c180f3c9fb973?s=96&d=mm&r=g\",\"contentUrl\":\"https:\/\/secure.gravatar.com\/avatar\/517384810d242ca9e38c180f3c9fb973?s=96&d=mm&r=g\",\"caption\":\"Administrador\"},\"url\":\"https:\/\/www.asajacyl.com\/palencia\/author\/carlosrm\"}]}<\/script>\n<!-- \/ Yoast SEO plugin. -->","yoast_head_json":{"title":"Suben los terneros y las terneras para vida en Salamanca - ASAJA Palencia","description":"La sesi\u00f3n semanal de la Lonja de Salamanca destac\u00f3 porque suben los terneros y las terneras para vida, ya que el resto de referencias repitieron los Suben los terneros y las terneras para vida en Salamanca. El resto de referencias repitieron los precios.","robots":{"index":"index","follow":"follow","max-snippet":"max-snippet:-1","max-image-preview":"max-image-preview:large","max-video-preview":"max-video-preview:-1"},"canonical":"https:\/\/www.asajacyl.com\/palencia\/asaja-palencia-informa\/suben-los-terneros-y-las-terneras-para-vida-en-salamanca","og_locale":"es_ES","og_type":"article","og_title":"Suben los terneros y las terneras para vida en Salamanca - ASAJA Palencia","og_description":"La sesi\u00f3n semanal de la Lonja de Salamanca destac\u00f3 porque suben los terneros y las terneras para vida, ya que el resto de referencias repitieron los Suben los terneros y las terneras para vida en Salamanca. El resto de referencias repitieron los precios.","og_url":"https:\/\/www.asajacyl.com\/palencia\/asaja-palencia-informa\/suben-los-terneros-y-las-terneras-para-vida-en-salamanca","og_site_name":"ASAJA Palencia","article_published_time":"2026-02-17T08:15:09+00:00","article_modified_time":"2026-02-19T08:22:23+00:00","og_image":[{"width":1890,"height":1654,"url":"https:\/\/www.asajacyl.com\/palencia\/wp-content\/uploads\/sites\/3\/2026\/02\/Vacuno-CEBOASAJA-CyL-web.jpg","type":"image\/jpeg"}],"author":"Administrador","twitter_card":"summary_large_image","twitter_misc":{"Escrito por":"Administrador","Tiempo de lectura":"3 minutos"},"schema":{"@context":"https:\/\/schema.org","@graph":[{"@type":"WebPage","@id":"https:\/\/www.asajacyl.com\/palencia\/asaja-palencia-informa\/suben-los-terneros-y-las-terneras-para-vida-en-salamanca","url":"https:\/\/www.asajacyl.com\/palencia\/asaja-palencia-informa\/suben-los-terneros-y-las-terneras-para-vida-en-salamanca","name":"Suben los terneros y las terneras para vida en Salamanca - ASAJA Palencia","isPartOf":{"@id":"https:\/\/www.asajacyl.com\/palencia\/#website"},"primaryImageOfPage":{"@id":"https:\/\/www.asajacyl.com\/palencia\/asaja-palencia-informa\/suben-los-terneros-y-las-terneras-para-vida-en-salamanca#primaryimage"},"image":{"@id":"https:\/\/www.asajacyl.com\/palencia\/asaja-palencia-informa\/suben-los-terneros-y-las-terneras-para-vida-en-salamanca#primaryimage"},"thumbnailUrl":"https:\/\/www.asajacyl.com\/palencia\/wp-content\/uploads\/sites\/3\/2026\/02\/Vacuno-CEBOASAJA-CyL-web.jpg","datePublished":"2026-02-17T08:15:09+00:00","dateModified":"2026-02-19T08:22:23+00:00","author":{"@id":"https:\/\/www.asajacyl.com\/palencia\/#\/schema\/person\/3ab17aeb03527485c317557fae64aab1"},"description":"La sesi\u00f3n semanal de la Lonja de Salamanca destac\u00f3 porque suben los terneros y las terneras para vida, ya que el resto de referencias repitieron los Suben los terneros y las terneras para vida en Salamanca. El resto de referencias repitieron los precios.","breadcrumb":{"@id":"https:\/\/www.asajacyl.com\/palencia\/asaja-palencia-informa\/suben-los-terneros-y-las-terneras-para-vida-en-salamanca#breadcrumb"},"inLanguage":"es","potentialAction":[{"@type":"ReadAction","target":["https:\/\/www.asajacyl.com\/palencia\/asaja-palencia-informa\/suben-los-terneros-y-las-terneras-para-vida-en-salamanca"]}]},{"@type":"ImageObject","inLanguage":"es","@id":"https:\/\/www.asajacyl.com\/palencia\/asaja-palencia-informa\/suben-los-terneros-y-las-terneras-para-vida-en-salamanca#primaryimage","url":"https:\/\/www.asajacyl.com\/palencia\/wp-content\/uploads\/sites\/3\/2026\/02\/Vacuno-CEBOASAJA-CyL-web.jpg","contentUrl":"https:\/\/www.asajacyl.com\/palencia\/wp-content\/uploads\/sites\/3\/2026\/02\/Vacuno-CEBOASAJA-CyL-web.jpg","width":1890,"height":1654},{"@type":"BreadcrumbList","@id":"https:\/\/www.asajacyl.com\/palencia\/asaja-palencia-informa\/suben-los-terneros-y-las-terneras-para-vida-en-salamanca#breadcrumb","itemListElement":[{"@type":"ListItem","position":1,"name":"Portada","item":"https:\/\/www.asajacyl.com\/palencia\/"},{"@type":"ListItem","position":2,"name":"Suben los terneros y las terneras para vida en Salamanca"}]},{"@type":"WebSite","@id":"https:\/\/www.asajacyl.com\/palencia\/#website","url":"https:\/\/www.asajacyl.com\/palencia\/","name":"ASAJA Palencia","description":"Otro sitio m\u00e1s de Provincias ASAJA Castilla y Le\u00f3n","potentialAction":[{"@type":"SearchAction","target":{"@type":"EntryPoint","urlTemplate":"https:\/\/www.asajacyl.com\/palencia\/?s={search_term_string}"},"query-input":{"@type":"PropertyValueSpecification","valueRequired":true,"valueName":"search_term_string"}}],"inLanguage":"es"},{"@type":"Person","@id":"https:\/\/www.asajacyl.com\/palencia\/#\/schema\/person\/3ab17aeb03527485c317557fae64aab1","name":"Administrador","image":{"@type":"ImageObject","inLanguage":"es","@id":"https:\/\/www.asajacyl.com\/palencia\/#\/schema\/person\/image\/","url":"https:\/\/secure.gravatar.com\/avatar\/517384810d242ca9e38c180f3c9fb973?s=96&d=mm&r=g","contentUrl":"https:\/\/secure.gravatar.com\/avatar\/517384810d242ca9e38c180f3c9fb973?s=96&d=mm&r=g","caption":"Administrador"},"url":"https:\/\/www.asajacyl.com\/palencia\/author\/carlosrm"}]}},"_links":{"self":[{"href":"https:\/\/www.asajacyl.com\/palencia\/wp-json\/wp\/v2\/posts\/22285"}],"collection":[{"href":"https:\/\/www.asajacyl.com\/palencia\/wp-json\/wp\/v2\/posts"}],"about":[{"href":"https:\/\/www.asajacyl.com\/palencia\/wp-json\/wp\/v2\/types\/post"}],"author":[{"embeddable":true,"href":"https:\/\/www.asajacyl.com\/palencia\/wp-json\/wp\/v2\/users\/9"}],"replies":[{"embeddable":true,"href":"https:\/\/www.asajacyl.com\/palencia\/wp-json\/wp\/v2\/comments?post=22285"}],"version-history":[{"count":2,"href":"https:\/\/www.asajacyl.com\/palencia\/wp-json\/wp\/v2\/posts\/22285\/revisions"}],"predecessor-version":[{"id":22296,"href":"https:\/\/www.asajacyl.com\/palencia\/wp-json\/wp\/v2\/posts\/22285\/revisions\/22296"}],"wp:featuredmedia":[{"embeddable":true,"href":"https:\/\/www.asajacyl.com\/palencia\/wp-json\/wp\/v2\/media\/22224"}],"wp:attachment":[{"href":"https:\/\/www.asajacyl.com\/palencia\/wp-json\/wp\/v2\/media?parent=22285"}],"wp:term":[{"taxonomy":"category","embeddable":true,"href":"https:\/\/www.asajacyl.com\/palencia\/wp-json\/wp\/v2\/categories?post=22285"},{"taxonomy":"post_tag","embeddable":true,"href":"https:\/\/www.asajacyl.com\/palencia\/wp-json\/wp\/v2\/tags?post=22285"}],"curies":[{"name":"wp","href":"https:\/\/api.w.org\/{rel}","templated":true}]}}