{"id":22288,"date":"2026-02-18T13:19:26","date_gmt":"2026-02-18T12:19:26","guid":{"rendered":"https:\/\/www.asajacyl.com\/palencia\/?p=22288"},"modified":"2026-02-23T10:39:25","modified_gmt":"2026-02-23T09:39:25","slug":"asaja-reclama-para-el-campo-de-castilla-y-leon-las-mismas-ayudas-del-gobierno","status":"publish","type":"post","link":"https:\/\/www.asajacyl.com\/palencia\/asaja-palencia-informa\/asaja-reclama-para-el-campo-de-castilla-y-leon-las-mismas-ayudas-del-gobierno","title":{"rendered":"ASAJA reclama para el campo de Castilla y Le\u00f3n las mismas ayudas del Gobierno a Extremadura y Andaluc\u00eda"},"content":{"rendered":"\n<h2 class=\"wp-block-heading\">De hecho, la Junta de Castilla y Le\u00f3n ha declarado como excepcional la campa\u00f1a agr\u00edcola 2025-2026 debido a los fen\u00f3menos meteorol\u00f3gicos<\/h2>\n\n\n\n<p>ASAJA de Castilla y Le\u00f3n reclama para el campo de Castilla y Le\u00f3n las mismas ayudas del Gobierno a Extremadura y Andaluc\u00eda por las consecuencias que han provocado el &#8216;tren de borrascas&#8217; de estas \u00faltimas semanas.<\/p>\n\n\n\n<p>Sin entrar en la valoraci\u00f3n de las medidas, ASAJA de Castilla y Le\u00f3n considera que los agricultores de esta comunidad aut\u00f3noma deben de tener el mismo derecho a percibir las ayudas, ya que, en mayor o menor medida, seg\u00fan los casos, se han visto afectados por la climatolog\u00eda excepcional de las \u00faltimas semanas. De hecho, <strong>la Junta de Castilla y Le\u00f3n ha declarado como excepcional la campa\u00f1a agr\u00edcola 2025-2026 debido a los fen\u00f3menos meteorol\u00f3gicos adversos <\/strong>registrados en nuestra comunidad en los \u00faltimos meses.<\/p>\n\n\n\n<figure class=\"wp-block-image size-large\"><img loading=\"lazy\" decoding=\"async\" width=\"1024\" height=\"710\" src=\"https:\/\/www.asajacyl.com\/palencia\/wp-content\/uploads\/sites\/3\/2026\/02\/Patatas-encharcadas-zona-Aguilar-1-1024x710.jpg\" alt=\"\" class=\"wp-image-22290\" srcset=\"https:\/\/www.asajacyl.com\/palencia\/wp-content\/uploads\/sites\/3\/2026\/02\/Patatas-encharcadas-zona-Aguilar-1-1024x710.jpg 1024w, https:\/\/www.asajacyl.com\/palencia\/wp-content\/uploads\/sites\/3\/2026\/02\/Patatas-encharcadas-zona-Aguilar-1-300x208.jpg 300w, https:\/\/www.asajacyl.com\/palencia\/wp-content\/uploads\/sites\/3\/2026\/02\/Patatas-encharcadas-zona-Aguilar-1-768x533.jpg 768w, https:\/\/www.asajacyl.com\/palencia\/wp-content\/uploads\/sites\/3\/2026\/02\/Patatas-encharcadas-zona-Aguilar-1-1536x1066.jpg 1536w, https:\/\/www.asajacyl.com\/palencia\/wp-content\/uploads\/sites\/3\/2026\/02\/Patatas-encharcadas-zona-Aguilar-1-605x420.jpg 605w, https:\/\/www.asajacyl.com\/palencia\/wp-content\/uploads\/sites\/3\/2026\/02\/Patatas-encharcadas-zona-Aguilar-1-218x150.jpg 218w, https:\/\/www.asajacyl.com\/palencia\/wp-content\/uploads\/sites\/3\/2026\/02\/Patatas-encharcadas-zona-Aguilar-1-696x483.jpg 696w, https:\/\/www.asajacyl.com\/palencia\/wp-content\/uploads\/sites\/3\/2026\/02\/Patatas-encharcadas-zona-Aguilar-1-1068x741.jpg 1068w, https:\/\/www.asajacyl.com\/palencia\/wp-content\/uploads\/sites\/3\/2026\/02\/Patatas-encharcadas-zona-Aguilar-1.jpg 1548w\" sizes=\"(max-width: 1024px) 100vw, 1024px\" \/><\/figure>\n\n\n\n<p><strong>P\u00c9RDIDAS EN COSECHAS E INFRAESTRUCTURAS Y MALA SEMENTERA<\/strong>. Este periodo de abundantes e incesantes lluvias han ocasionado p\u00e9rdidas en las cosechas que <strong>est\u00e1n sin recolectar<\/strong>, como el <strong>ma\u00edz<\/strong>, la <strong>remolacha<\/strong>, la <strong>patata<\/strong> y los <strong>cultivos hort\u00edcolas<\/strong>, y p\u00e9rdidas sobre todo en el cereal y otros cultivos herb\u00e1ceos. <\/p>\n\n\n\n<p>Castilla y Le\u00f3n, eminentemente cerealista, afronta una campa\u00f1a abocada inicialmente al desastre por los da\u00f1os ocasionados por las intensas borrascas, en unos casos, por no poder sembrar y, en otros, por el serio deterioro de la planta y la aparici\u00f3n de las malas hierbas, plagas y enfermedades.<\/p>\n\n\n\n<p>El campo castellanoleon\u00e9s, que cultiva productos por lo general de escaso valor a\u00f1adido y poco margen econ\u00f3mico, se enfrenta a un a\u00f1o en el que ser\u00e1n inevitables las p\u00e9rdidas debido a esta situaci\u00f3n sobrevenida de lluvias y es necesario el apoyo de las distintas administraciones, de la Junta y sobre todo del Estado. Por ello, <strong>no se puede consentir que se aprueben medidas discriminatorias con este territorio<\/strong> y que colocar\u00e1n en desventaja competitiva a nuestros productores con respecto a los de otras partes de Espa\u00f1a.<\/p>\n\n\n\n<p>Adem\u00e1s de los da\u00f1os en los cultivos, las lluvias y riadas han ocasionado tambi\u00e9n p\u00e9rdidas en infraestructuras, que se requiere que sean reparados. Da\u00f1os propiciados por la situaci\u00f3n de <strong>abandono de los r\u00edos arroyos y cauces por parte del organismo de cuenca<\/strong>, la Confederaci\u00f3n Hidrogr\u00e1fica del Duero, que ni los limpia, ni los deja limpiar por iniciativa privada.<\/p>\n","protected":false},"excerpt":{"rendered":"<p>De hecho, la Junta de Castilla y Le\u00f3n ha declarado como excepcional la campa\u00f1a agr\u00edcola 2025-2026 debido a los fen\u00f3menos meteorol\u00f3gicos ASAJA de Castilla y Le\u00f3n reclama para el campo de Castilla y Le\u00f3n las mismas ayudas del Gobierno a Extremadura y Andaluc\u00eda por las consecuencias que han provocado el &#8216;tren de borrascas&#8217; de estas [&hellip;]<\/p>\n","protected":false},"author":9,"featured_media":22289,"comment_status":"open","ping_status":"open","sticky":false,"template":"","format":"standard","meta":{"footnotes":""},"categories":[9,29,28],"tags":[1729,1698,142,92,110],"yoast_head":"<!-- This site is optimized with the Yoast SEO plugin v24.5 - https:\/\/yoast.com\/wordpress\/plugins\/seo\/ -->\n<title>ASAJA reclama para el campo de Castilla y Le\u00f3n las mismas ayudas del Gobierno a Extremadura y Andaluc\u00eda - ASAJA Palencia<\/title>\n<meta name=\"description\" content=\"De hecho, la Junta de Castilla y Le\u00f3n ha declarado como excepcional la campa\u00f1a agr\u00edcola 2025-2026 debido a los fen\u00f3menos meteorol\u00f3gicos ASAJA de Castilla ASAJA reclama para el campo de Castilla y Le\u00f3n las mismas ayudas del Gobierno a Extremadura y Andaluc\u00eda.\" \/>\n<meta name=\"robots\" content=\"index, follow, max-snippet:-1, max-image-preview:large, max-video-preview:-1\" \/>\n<link rel=\"canonical\" href=\"https:\/\/www.asajacyl.com\/palencia\/asaja-palencia-informa\/asaja-reclama-para-el-campo-de-castilla-y-leon-las-mismas-ayudas-del-gobierno\" \/>\n<meta property=\"og:locale\" content=\"es_ES\" \/>\n<meta property=\"og:type\" content=\"article\" \/>\n<meta property=\"og:title\" content=\"ASAJA reclama para el campo de Castilla y Le\u00f3n las mismas ayudas del Gobierno a Extremadura y Andaluc\u00eda - ASAJA Palencia\" \/>\n<meta property=\"og:description\" content=\"De hecho, la Junta de Castilla y Le\u00f3n ha declarado como excepcional la campa\u00f1a agr\u00edcola 2025-2026 debido a los fen\u00f3menos meteorol\u00f3gicos ASAJA de Castilla ASAJA reclama para el campo de Castilla y Le\u00f3n las mismas ayudas del Gobierno a Extremadura y Andaluc\u00eda.\" \/>\n<meta property=\"og:url\" content=\"https:\/\/www.asajacyl.com\/palencia\/asaja-palencia-informa\/asaja-reclama-para-el-campo-de-castilla-y-leon-las-mismas-ayudas-del-gobierno\" \/>\n<meta property=\"og:site_name\" content=\"ASAJA Palencia\" \/>\n<meta property=\"article:published_time\" content=\"2026-02-18T12:19:26+00:00\" \/>\n<meta property=\"article:modified_time\" content=\"2026-02-23T09:39:25+00:00\" \/>\n<meta property=\"og:image\" content=\"https:\/\/www.asajacyl.com\/palencia\/wp-content\/uploads\/sites\/3\/2026\/02\/Tierras-inundadas-en-La-Serna-Foto-de-Cristina-Jimenez-1.jpg\" \/>\n\t<meta property=\"og:image:width\" content=\"1890\" \/>\n\t<meta property=\"og:image:height\" content=\"1654\" \/>\n\t<meta property=\"og:image:type\" content=\"image\/jpeg\" \/>\n<meta name=\"author\" content=\"Administrador\" \/>\n<meta name=\"twitter:card\" content=\"summary_large_image\" \/>\n<meta name=\"twitter:label1\" content=\"Escrito por\" \/>\n\t<meta name=\"twitter:data1\" content=\"Administrador\" \/>\n\t<meta name=\"twitter:label2\" content=\"Tiempo de lectura\" \/>\n\t<meta name=\"twitter:data2\" content=\"3 minutos\" \/>\n<script type=\"application\/ld+json\" class=\"yoast-schema-graph\">{\"@context\":\"https:\/\/schema.org\",\"@graph\":[{\"@type\":\"WebPage\",\"@id\":\"https:\/\/www.asajacyl.com\/palencia\/asaja-palencia-informa\/asaja-reclama-para-el-campo-de-castilla-y-leon-las-mismas-ayudas-del-gobierno\",\"url\":\"https:\/\/www.asajacyl.com\/palencia\/asaja-palencia-informa\/asaja-reclama-para-el-campo-de-castilla-y-leon-las-mismas-ayudas-del-gobierno\",\"name\":\"ASAJA reclama para el campo de Castilla y Le\u00f3n las mismas ayudas del Gobierno a Extremadura y Andaluc\u00eda - ASAJA Palencia\",\"isPartOf\":{\"@id\":\"https:\/\/www.asajacyl.com\/palencia\/#website\"},\"primaryImageOfPage\":{\"@id\":\"https:\/\/www.asajacyl.com\/palencia\/asaja-palencia-informa\/asaja-reclama-para-el-campo-de-castilla-y-leon-las-mismas-ayudas-del-gobierno#primaryimage\"},\"image\":{\"@id\":\"https:\/\/www.asajacyl.com\/palencia\/asaja-palencia-informa\/asaja-reclama-para-el-campo-de-castilla-y-leon-las-mismas-ayudas-del-gobierno#primaryimage\"},\"thumbnailUrl\":\"https:\/\/www.asajacyl.com\/palencia\/wp-content\/uploads\/sites\/3\/2026\/02\/Tierras-inundadas-en-La-Serna-Foto-de-Cristina-Jimenez-1.jpg\",\"datePublished\":\"2026-02-18T12:19:26+00:00\",\"dateModified\":\"2026-02-23T09:39:25+00:00\",\"author\":{\"@id\":\"https:\/\/www.asajacyl.com\/palencia\/#\/schema\/person\/3ab17aeb03527485c317557fae64aab1\"},\"description\":\"De hecho, la Junta de Castilla y Le\u00f3n ha declarado como excepcional la campa\u00f1a agr\u00edcola 2025-2026 debido a los fen\u00f3menos meteorol\u00f3gicos ASAJA de Castilla ASAJA reclama para el campo de Castilla y Le\u00f3n las mismas ayudas del Gobierno a Extremadura y Andaluc\u00eda.\",\"breadcrumb\":{\"@id\":\"https:\/\/www.asajacyl.com\/palencia\/asaja-palencia-informa\/asaja-reclama-para-el-campo-de-castilla-y-leon-las-mismas-ayudas-del-gobierno#breadcrumb\"},\"inLanguage\":\"es\",\"potentialAction\":[{\"@type\":\"ReadAction\",\"target\":[\"https:\/\/www.asajacyl.com\/palencia\/asaja-palencia-informa\/asaja-reclama-para-el-campo-de-castilla-y-leon-las-mismas-ayudas-del-gobierno\"]}]},{\"@type\":\"ImageObject\",\"inLanguage\":\"es\",\"@id\":\"https:\/\/www.asajacyl.com\/palencia\/asaja-palencia-informa\/asaja-reclama-para-el-campo-de-castilla-y-leon-las-mismas-ayudas-del-gobierno#primaryimage\",\"url\":\"https:\/\/www.asajacyl.com\/palencia\/wp-content\/uploads\/sites\/3\/2026\/02\/Tierras-inundadas-en-La-Serna-Foto-de-Cristina-Jimenez-1.jpg\",\"contentUrl\":\"https:\/\/www.asajacyl.com\/palencia\/wp-content\/uploads\/sites\/3\/2026\/02\/Tierras-inundadas-en-La-Serna-Foto-de-Cristina-Jimenez-1.jpg\",\"width\":1890,\"height\":1654},{\"@type\":\"BreadcrumbList\",\"@id\":\"https:\/\/www.asajacyl.com\/palencia\/asaja-palencia-informa\/asaja-reclama-para-el-campo-de-castilla-y-leon-las-mismas-ayudas-del-gobierno#breadcrumb\",\"itemListElement\":[{\"@type\":\"ListItem\",\"position\":1,\"name\":\"Portada\",\"item\":\"https:\/\/www.asajacyl.com\/palencia\/\"},{\"@type\":\"ListItem\",\"position\":2,\"name\":\"ASAJA reclama para el campo de Castilla y Le\u00f3n las mismas ayudas del Gobierno a Extremadura y Andaluc\u00eda\"}]},{\"@type\":\"WebSite\",\"@id\":\"https:\/\/www.asajacyl.com\/palencia\/#website\",\"url\":\"https:\/\/www.asajacyl.com\/palencia\/\",\"name\":\"ASAJA Palencia\",\"description\":\"Otro sitio m\u00e1s de Provincias ASAJA Castilla y Le\u00f3n\",\"potentialAction\":[{\"@type\":\"SearchAction\",\"target\":{\"@type\":\"EntryPoint\",\"urlTemplate\":\"https:\/\/www.asajacyl.com\/palencia\/?s={search_term_string}\"},\"query-input\":{\"@type\":\"PropertyValueSpecification\",\"valueRequired\":true,\"valueName\":\"search_term_string\"}}],\"inLanguage\":\"es\"},{\"@type\":\"Person\",\"@id\":\"https:\/\/www.asajacyl.com\/palencia\/#\/schema\/person\/3ab17aeb03527485c317557fae64aab1\",\"name\":\"Administrador\",\"image\":{\"@type\":\"ImageObject\",\"inLanguage\":\"es\",\"@id\":\"https:\/\/www.asajacyl.com\/palencia\/#\/schema\/person\/image\/\",\"url\":\"https:\/\/secure.gravatar.com\/avatar\/517384810d242ca9e38c180f3c9fb973?s=96&d=mm&r=g\",\"contentUrl\":\"https:\/\/secure.gravatar.com\/avatar\/517384810d242ca9e38c180f3c9fb973?s=96&d=mm&r=g\",\"caption\":\"Administrador\"},\"url\":\"https:\/\/www.asajacyl.com\/palencia\/author\/carlosrm\"}]}<\/script>\n<!-- \/ Yoast SEO plugin. -->","yoast_head_json":{"title":"ASAJA reclama para el campo de Castilla y Le\u00f3n las mismas ayudas del Gobierno a Extremadura y Andaluc\u00eda - ASAJA Palencia","description":"De hecho, la Junta de Castilla y Le\u00f3n ha declarado como excepcional la campa\u00f1a agr\u00edcola 2025-2026 debido a los fen\u00f3menos meteorol\u00f3gicos ASAJA de Castilla ASAJA reclama para el campo de Castilla y Le\u00f3n las mismas ayudas del Gobierno a Extremadura y Andaluc\u00eda.","robots":{"index":"index","follow":"follow","max-snippet":"max-snippet:-1","max-image-preview":"max-image-preview:large","max-video-preview":"max-video-preview:-1"},"canonical":"https:\/\/www.asajacyl.com\/palencia\/asaja-palencia-informa\/asaja-reclama-para-el-campo-de-castilla-y-leon-las-mismas-ayudas-del-gobierno","og_locale":"es_ES","og_type":"article","og_title":"ASAJA reclama para el campo de Castilla y Le\u00f3n las mismas ayudas del Gobierno a Extremadura y Andaluc\u00eda - ASAJA Palencia","og_description":"De hecho, la Junta de Castilla y Le\u00f3n ha declarado como excepcional la campa\u00f1a agr\u00edcola 2025-2026 debido a los fen\u00f3menos meteorol\u00f3gicos ASAJA de Castilla ASAJA reclama para el campo de Castilla y Le\u00f3n las mismas ayudas del Gobierno a Extremadura y Andaluc\u00eda.","og_url":"https:\/\/www.asajacyl.com\/palencia\/asaja-palencia-informa\/asaja-reclama-para-el-campo-de-castilla-y-leon-las-mismas-ayudas-del-gobierno","og_site_name":"ASAJA Palencia","article_published_time":"2026-02-18T12:19:26+00:00","article_modified_time":"2026-02-23T09:39:25+00:00","og_image":[{"width":1890,"height":1654,"url":"https:\/\/www.asajacyl.com\/palencia\/wp-content\/uploads\/sites\/3\/2026\/02\/Tierras-inundadas-en-La-Serna-Foto-de-Cristina-Jimenez-1.jpg","type":"image\/jpeg"}],"author":"Administrador","twitter_card":"summary_large_image","twitter_misc":{"Escrito por":"Administrador","Tiempo de lectura":"3 minutos"},"schema":{"@context":"https:\/\/schema.org","@graph":[{"@type":"WebPage","@id":"https:\/\/www.asajacyl.com\/palencia\/asaja-palencia-informa\/asaja-reclama-para-el-campo-de-castilla-y-leon-las-mismas-ayudas-del-gobierno","url":"https:\/\/www.asajacyl.com\/palencia\/asaja-palencia-informa\/asaja-reclama-para-el-campo-de-castilla-y-leon-las-mismas-ayudas-del-gobierno","name":"ASAJA reclama para el campo de Castilla y Le\u00f3n las mismas ayudas del Gobierno a Extremadura y Andaluc\u00eda - ASAJA Palencia","isPartOf":{"@id":"https:\/\/www.asajacyl.com\/palencia\/#website"},"primaryImageOfPage":{"@id":"https:\/\/www.asajacyl.com\/palencia\/asaja-palencia-informa\/asaja-reclama-para-el-campo-de-castilla-y-leon-las-mismas-ayudas-del-gobierno#primaryimage"},"image":{"@id":"https:\/\/www.asajacyl.com\/palencia\/asaja-palencia-informa\/asaja-reclama-para-el-campo-de-castilla-y-leon-las-mismas-ayudas-del-gobierno#primaryimage"},"thumbnailUrl":"https:\/\/www.asajacyl.com\/palencia\/wp-content\/uploads\/sites\/3\/2026\/02\/Tierras-inundadas-en-La-Serna-Foto-de-Cristina-Jimenez-1.jpg","datePublished":"2026-02-18T12:19:26+00:00","dateModified":"2026-02-23T09:39:25+00:00","author":{"@id":"https:\/\/www.asajacyl.com\/palencia\/#\/schema\/person\/3ab17aeb03527485c317557fae64aab1"},"description":"De hecho, la Junta de Castilla y Le\u00f3n ha declarado como excepcional la campa\u00f1a agr\u00edcola 2025-2026 debido a los fen\u00f3menos meteorol\u00f3gicos ASAJA de Castilla ASAJA reclama para el campo de Castilla y Le\u00f3n las mismas ayudas del Gobierno a Extremadura y Andaluc\u00eda.","breadcrumb":{"@id":"https:\/\/www.asajacyl.com\/palencia\/asaja-palencia-informa\/asaja-reclama-para-el-campo-de-castilla-y-leon-las-mismas-ayudas-del-gobierno#breadcrumb"},"inLanguage":"es","potentialAction":[{"@type":"ReadAction","target":["https:\/\/www.asajacyl.com\/palencia\/asaja-palencia-informa\/asaja-reclama-para-el-campo-de-castilla-y-leon-las-mismas-ayudas-del-gobierno"]}]},{"@type":"ImageObject","inLanguage":"es","@id":"https:\/\/www.asajacyl.com\/palencia\/asaja-palencia-informa\/asaja-reclama-para-el-campo-de-castilla-y-leon-las-mismas-ayudas-del-gobierno#primaryimage","url":"https:\/\/www.asajacyl.com\/palencia\/wp-content\/uploads\/sites\/3\/2026\/02\/Tierras-inundadas-en-La-Serna-Foto-de-Cristina-Jimenez-1.jpg","contentUrl":"https:\/\/www.asajacyl.com\/palencia\/wp-content\/uploads\/sites\/3\/2026\/02\/Tierras-inundadas-en-La-Serna-Foto-de-Cristina-Jimenez-1.jpg","width":1890,"height":1654},{"@type":"BreadcrumbList","@id":"https:\/\/www.asajacyl.com\/palencia\/asaja-palencia-informa\/asaja-reclama-para-el-campo-de-castilla-y-leon-las-mismas-ayudas-del-gobierno#breadcrumb","itemListElement":[{"@type":"ListItem","position":1,"name":"Portada","item":"https:\/\/www.asajacyl.com\/palencia\/"},{"@type":"ListItem","position":2,"name":"ASAJA reclama para el campo de Castilla y Le\u00f3n las mismas ayudas del Gobierno a Extremadura y Andaluc\u00eda"}]},{"@type":"WebSite","@id":"https:\/\/www.asajacyl.com\/palencia\/#website","url":"https:\/\/www.asajacyl.com\/palencia\/","name":"ASAJA Palencia","description":"Otro sitio m\u00e1s de Provincias ASAJA Castilla y Le\u00f3n","potentialAction":[{"@type":"SearchAction","target":{"@type":"EntryPoint","urlTemplate":"https:\/\/www.asajacyl.com\/palencia\/?s={search_term_string}"},"query-input":{"@type":"PropertyValueSpecification","valueRequired":true,"valueName":"search_term_string"}}],"inLanguage":"es"},{"@type":"Person","@id":"https:\/\/www.asajacyl.com\/palencia\/#\/schema\/person\/3ab17aeb03527485c317557fae64aab1","name":"Administrador","image":{"@type":"ImageObject","inLanguage":"es","@id":"https:\/\/www.asajacyl.com\/palencia\/#\/schema\/person\/image\/","url":"https:\/\/secure.gravatar.com\/avatar\/517384810d242ca9e38c180f3c9fb973?s=96&d=mm&r=g","contentUrl":"https:\/\/secure.gravatar.com\/avatar\/517384810d242ca9e38c180f3c9fb973?s=96&d=mm&r=g","caption":"Administrador"},"url":"https:\/\/www.asajacyl.com\/palencia\/author\/carlosrm"}]}},"_links":{"self":[{"href":"https:\/\/www.asajacyl.com\/palencia\/wp-json\/wp\/v2\/posts\/22288"}],"collection":[{"href":"https:\/\/www.asajacyl.com\/palencia\/wp-json\/wp\/v2\/posts"}],"about":[{"href":"https:\/\/www.asajacyl.com\/palencia\/wp-json\/wp\/v2\/types\/post"}],"author":[{"embeddable":true,"href":"https:\/\/www.asajacyl.com\/palencia\/wp-json\/wp\/v2\/users\/9"}],"replies":[{"embeddable":true,"href":"https:\/\/www.asajacyl.com\/palencia\/wp-json\/wp\/v2\/comments?post=22288"}],"version-history":[{"count":1,"href":"https:\/\/www.asajacyl.com\/palencia\/wp-json\/wp\/v2\/posts\/22288\/revisions"}],"predecessor-version":[{"id":22291,"href":"https:\/\/www.asajacyl.com\/palencia\/wp-json\/wp\/v2\/posts\/22288\/revisions\/22291"}],"wp:featuredmedia":[{"embeddable":true,"href":"https:\/\/www.asajacyl.com\/palencia\/wp-json\/wp\/v2\/media\/22289"}],"wp:attachment":[{"href":"https:\/\/www.asajacyl.com\/palencia\/wp-json\/wp\/v2\/media?parent=22288"}],"wp:term":[{"taxonomy":"category","embeddable":true,"href":"https:\/\/www.asajacyl.com\/palencia\/wp-json\/wp\/v2\/categories?post=22288"},{"taxonomy":"post_tag","embeddable":true,"href":"https:\/\/www.asajacyl.com\/palencia\/wp-json\/wp\/v2\/tags?post=22288"}],"curies":[{"name":"wp","href":"https:\/\/api.w.org\/{rel}","templated":true}]}}