{"id":22292,"date":"2026-02-19T09:54:49","date_gmt":"2026-02-19T08:54:49","guid":{"rendered":"https:\/\/www.asajacyl.com\/palencia\/?p=22292"},"modified":"2026-02-20T09:47:16","modified_gmt":"2026-02-20T08:47:16","slug":"suben-la-veza-y-la-alfalfa-en-rama-en-la-lonja-de-leon","status":"publish","type":"post","link":"https:\/\/www.asajacyl.com\/palencia\/asaja-palencia-informa\/suben-la-veza-y-la-alfalfa-en-rama-en-la-lonja-de-leon","title":{"rendered":"Suben la veza y la alfalfa en rama en la lonja de Le\u00f3n"},"content":{"rendered":"\n<h2 class=\"wp-block-heading\">Repiten precios los cereales y las patatas<\/h2>\n\n\n\n<p>Suben la veza y la alfalfa en rama en la lonja de Le\u00f3n y repiten precios los cereales y las patatas en la sesi\u00f3n semanal de la <a href=\"http:\/\/www.lonjadeleon.es\">lonja de Le\u00f3n<\/a>.<\/p>\n\n\n\n<p>Serg\u00fan los t\u00e9cnicos leoneses, se ha mantenido la estabilidad en las cotizaciones cerealistas a la espera de que se aclaren, por un lado, los problemas geopol\u00edticos y, por otro, las consecuencias que a largo plazo habr\u00e1 tenido sobre los cultivos las intensas precipitaciones acaecidas en el \u00faltimo mes.<\/p>\n\n\n\n<figure class=\"wp-block-image size-full is-resized\"><img loading=\"lazy\" decoding=\"async\" width=\"1024\" height=\"768\" src=\"https:\/\/www.asajacyl.com\/palencia\/wp-content\/uploads\/sites\/3\/2026\/02\/Tabla-precios-agricultura-18-2-26.jpg\" alt=\"\" class=\"wp-image-22293\" style=\"width:855px;height:auto\" srcset=\"https:\/\/www.asajacyl.com\/palencia\/wp-content\/uploads\/sites\/3\/2026\/02\/Tabla-precios-agricultura-18-2-26.jpg 1024w, https:\/\/www.asajacyl.com\/palencia\/wp-content\/uploads\/sites\/3\/2026\/02\/Tabla-precios-agricultura-18-2-26-300x225.jpg 300w, https:\/\/www.asajacyl.com\/palencia\/wp-content\/uploads\/sites\/3\/2026\/02\/Tabla-precios-agricultura-18-2-26-768x576.jpg 768w, https:\/\/www.asajacyl.com\/palencia\/wp-content\/uploads\/sites\/3\/2026\/02\/Tabla-precios-agricultura-18-2-26-560x420.jpg 560w, https:\/\/www.asajacyl.com\/palencia\/wp-content\/uploads\/sites\/3\/2026\/02\/Tabla-precios-agricultura-18-2-26-80x60.jpg 80w, https:\/\/www.asajacyl.com\/palencia\/wp-content\/uploads\/sites\/3\/2026\/02\/Tabla-precios-agricultura-18-2-26-696x522.jpg 696w\" sizes=\"(max-width: 1024px) 100vw, 1024px\" \/><\/figure>\n\n\n\n<p><strong>MA\u00cdZ SIN COSECHAR<\/strong>. Los analistas de la lonja de Le\u00f3n a\u00f1aden con respecto al <strong>ma\u00edz<\/strong> que, a d\u00eda de hoy, el 15% de las 72.690 hect\u00e1reas sembradas en la provincia, a\u00fan est\u00e1n por cosechar ya presentan p\u00e9rdidas, en algunos casos importantes, que se cuantificar\u00e1n cuando se pueda acceder a su comercializaci\u00f3n.<\/p>\n\n\n\n<p><\/p>\n","protected":false},"excerpt":{"rendered":"<p>Repiten precios los cereales y las patatas Suben la veza y la alfalfa en rama en la lonja de Le\u00f3n y repiten precios los cereales y las patatas en la sesi\u00f3n semanal de la lonja de Le\u00f3n. Serg\u00fan los t\u00e9cnicos leoneses, se ha mantenido la estabilidad en las cotizaciones cerealistas a la espera de que [&hellip;]<\/p>\n","protected":false},"author":9,"featured_media":22293,"comment_status":"open","ping_status":"open","sticky":false,"template":"","format":"standard","meta":{"footnotes":""},"categories":[9,29,36,28],"tags":[1698,1704,1719,1749,58,46],"yoast_head":"<!-- This site is optimized with the Yoast SEO plugin v24.5 - https:\/\/yoast.com\/wordpress\/plugins\/seo\/ -->\n<title>Suben la veza y la alfalfa en rama en la lonja de Le\u00f3n - ASAJA Palencia<\/title>\n<meta name=\"description\" content=\"Repiten precios los cereales y las patatas Suben la veza y la alfalfa en rama en la lonja de Le\u00f3n y repiten precios los cereales y las patatas en la Suben la veza y la alfalfa en rama en la lonja de Le\u00f3n. Repiten precios los cereales y las patatas.\" \/>\n<meta name=\"robots\" content=\"index, follow, max-snippet:-1, max-image-preview:large, max-video-preview:-1\" \/>\n<link rel=\"canonical\" href=\"https:\/\/www.asajacyl.com\/palencia\/asaja-palencia-informa\/suben-la-veza-y-la-alfalfa-en-rama-en-la-lonja-de-leon\" \/>\n<meta property=\"og:locale\" content=\"es_ES\" \/>\n<meta property=\"og:type\" content=\"article\" \/>\n<meta property=\"og:title\" content=\"Suben la veza y la alfalfa en rama en la lonja de Le\u00f3n - ASAJA Palencia\" \/>\n<meta property=\"og:description\" content=\"Repiten precios los cereales y las patatas Suben la veza y la alfalfa en rama en la lonja de Le\u00f3n y repiten precios los cereales y las patatas en la Suben la veza y la alfalfa en rama en la lonja de Le\u00f3n. Repiten precios los cereales y las patatas.\" \/>\n<meta property=\"og:url\" content=\"https:\/\/www.asajacyl.com\/palencia\/asaja-palencia-informa\/suben-la-veza-y-la-alfalfa-en-rama-en-la-lonja-de-leon\" \/>\n<meta property=\"og:site_name\" content=\"ASAJA Palencia\" \/>\n<meta property=\"article:published_time\" content=\"2026-02-19T08:54:49+00:00\" \/>\n<meta property=\"article:modified_time\" content=\"2026-02-20T08:47:16+00:00\" \/>\n<meta property=\"og:image\" content=\"https:\/\/www.asajacyl.com\/palencia\/wp-content\/uploads\/sites\/3\/2026\/02\/Tabla-precios-agricultura-18-2-26.jpg\" \/>\n\t<meta property=\"og:image:width\" content=\"1024\" \/>\n\t<meta property=\"og:image:height\" content=\"768\" \/>\n\t<meta property=\"og:image:type\" content=\"image\/jpeg\" \/>\n<meta name=\"author\" content=\"Administrador\" \/>\n<meta name=\"twitter:card\" content=\"summary_large_image\" \/>\n<meta name=\"twitter:label1\" content=\"Escrito por\" \/>\n\t<meta name=\"twitter:data1\" content=\"Administrador\" \/>\n\t<meta name=\"twitter:label2\" content=\"Tiempo de lectura\" \/>\n\t<meta name=\"twitter:data2\" content=\"2 minutos\" \/>\n<script type=\"application\/ld+json\" class=\"yoast-schema-graph\">{\"@context\":\"https:\/\/schema.org\",\"@graph\":[{\"@type\":\"WebPage\",\"@id\":\"https:\/\/www.asajacyl.com\/palencia\/asaja-palencia-informa\/suben-la-veza-y-la-alfalfa-en-rama-en-la-lonja-de-leon\",\"url\":\"https:\/\/www.asajacyl.com\/palencia\/asaja-palencia-informa\/suben-la-veza-y-la-alfalfa-en-rama-en-la-lonja-de-leon\",\"name\":\"Suben la veza y la alfalfa en rama en la lonja de Le\u00f3n - ASAJA Palencia\",\"isPartOf\":{\"@id\":\"https:\/\/www.asajacyl.com\/palencia\/#website\"},\"primaryImageOfPage\":{\"@id\":\"https:\/\/www.asajacyl.com\/palencia\/asaja-palencia-informa\/suben-la-veza-y-la-alfalfa-en-rama-en-la-lonja-de-leon#primaryimage\"},\"image\":{\"@id\":\"https:\/\/www.asajacyl.com\/palencia\/asaja-palencia-informa\/suben-la-veza-y-la-alfalfa-en-rama-en-la-lonja-de-leon#primaryimage\"},\"thumbnailUrl\":\"https:\/\/www.asajacyl.com\/palencia\/wp-content\/uploads\/sites\/3\/2026\/02\/Tabla-precios-agricultura-18-2-26.jpg\",\"datePublished\":\"2026-02-19T08:54:49+00:00\",\"dateModified\":\"2026-02-20T08:47:16+00:00\",\"author\":{\"@id\":\"https:\/\/www.asajacyl.com\/palencia\/#\/schema\/person\/3ab17aeb03527485c317557fae64aab1\"},\"description\":\"Repiten precios los cereales y las patatas Suben la veza y la alfalfa en rama en la lonja de Le\u00f3n y repiten precios los cereales y las patatas en la Suben la veza y la alfalfa en rama en la lonja de Le\u00f3n. Repiten precios los cereales y las patatas.\",\"breadcrumb\":{\"@id\":\"https:\/\/www.asajacyl.com\/palencia\/asaja-palencia-informa\/suben-la-veza-y-la-alfalfa-en-rama-en-la-lonja-de-leon#breadcrumb\"},\"inLanguage\":\"es\",\"potentialAction\":[{\"@type\":\"ReadAction\",\"target\":[\"https:\/\/www.asajacyl.com\/palencia\/asaja-palencia-informa\/suben-la-veza-y-la-alfalfa-en-rama-en-la-lonja-de-leon\"]}]},{\"@type\":\"ImageObject\",\"inLanguage\":\"es\",\"@id\":\"https:\/\/www.asajacyl.com\/palencia\/asaja-palencia-informa\/suben-la-veza-y-la-alfalfa-en-rama-en-la-lonja-de-leon#primaryimage\",\"url\":\"https:\/\/www.asajacyl.com\/palencia\/wp-content\/uploads\/sites\/3\/2026\/02\/Tabla-precios-agricultura-18-2-26.jpg\",\"contentUrl\":\"https:\/\/www.asajacyl.com\/palencia\/wp-content\/uploads\/sites\/3\/2026\/02\/Tabla-precios-agricultura-18-2-26.jpg\",\"width\":1024,\"height\":768},{\"@type\":\"BreadcrumbList\",\"@id\":\"https:\/\/www.asajacyl.com\/palencia\/asaja-palencia-informa\/suben-la-veza-y-la-alfalfa-en-rama-en-la-lonja-de-leon#breadcrumb\",\"itemListElement\":[{\"@type\":\"ListItem\",\"position\":1,\"name\":\"Portada\",\"item\":\"https:\/\/www.asajacyl.com\/palencia\/\"},{\"@type\":\"ListItem\",\"position\":2,\"name\":\"Suben la veza y la alfalfa en rama en la lonja de Le\u00f3n\"}]},{\"@type\":\"WebSite\",\"@id\":\"https:\/\/www.asajacyl.com\/palencia\/#website\",\"url\":\"https:\/\/www.asajacyl.com\/palencia\/\",\"name\":\"ASAJA Palencia\",\"description\":\"Otro sitio m\u00e1s de Provincias ASAJA Castilla y Le\u00f3n\",\"potentialAction\":[{\"@type\":\"SearchAction\",\"target\":{\"@type\":\"EntryPoint\",\"urlTemplate\":\"https:\/\/www.asajacyl.com\/palencia\/?s={search_term_string}\"},\"query-input\":{\"@type\":\"PropertyValueSpecification\",\"valueRequired\":true,\"valueName\":\"search_term_string\"}}],\"inLanguage\":\"es\"},{\"@type\":\"Person\",\"@id\":\"https:\/\/www.asajacyl.com\/palencia\/#\/schema\/person\/3ab17aeb03527485c317557fae64aab1\",\"name\":\"Administrador\",\"image\":{\"@type\":\"ImageObject\",\"inLanguage\":\"es\",\"@id\":\"https:\/\/www.asajacyl.com\/palencia\/#\/schema\/person\/image\/\",\"url\":\"https:\/\/secure.gravatar.com\/avatar\/517384810d242ca9e38c180f3c9fb973?s=96&d=mm&r=g\",\"contentUrl\":\"https:\/\/secure.gravatar.com\/avatar\/517384810d242ca9e38c180f3c9fb973?s=96&d=mm&r=g\",\"caption\":\"Administrador\"},\"url\":\"https:\/\/www.asajacyl.com\/palencia\/author\/carlosrm\"}]}<\/script>\n<!-- \/ Yoast SEO plugin. -->","yoast_head_json":{"title":"Suben la veza y la alfalfa en rama en la lonja de Le\u00f3n - ASAJA Palencia","description":"Repiten precios los cereales y las patatas Suben la veza y la alfalfa en rama en la lonja de Le\u00f3n y repiten precios los cereales y las patatas en la Suben la veza y la alfalfa en rama en la lonja de Le\u00f3n. Repiten precios los cereales y las patatas.","robots":{"index":"index","follow":"follow","max-snippet":"max-snippet:-1","max-image-preview":"max-image-preview:large","max-video-preview":"max-video-preview:-1"},"canonical":"https:\/\/www.asajacyl.com\/palencia\/asaja-palencia-informa\/suben-la-veza-y-la-alfalfa-en-rama-en-la-lonja-de-leon","og_locale":"es_ES","og_type":"article","og_title":"Suben la veza y la alfalfa en rama en la lonja de Le\u00f3n - ASAJA Palencia","og_description":"Repiten precios los cereales y las patatas Suben la veza y la alfalfa en rama en la lonja de Le\u00f3n y repiten precios los cereales y las patatas en la Suben la veza y la alfalfa en rama en la lonja de Le\u00f3n. Repiten precios los cereales y las patatas.","og_url":"https:\/\/www.asajacyl.com\/palencia\/asaja-palencia-informa\/suben-la-veza-y-la-alfalfa-en-rama-en-la-lonja-de-leon","og_site_name":"ASAJA Palencia","article_published_time":"2026-02-19T08:54:49+00:00","article_modified_time":"2026-02-20T08:47:16+00:00","og_image":[{"width":1024,"height":768,"url":"https:\/\/www.asajacyl.com\/palencia\/wp-content\/uploads\/sites\/3\/2026\/02\/Tabla-precios-agricultura-18-2-26.jpg","type":"image\/jpeg"}],"author":"Administrador","twitter_card":"summary_large_image","twitter_misc":{"Escrito por":"Administrador","Tiempo de lectura":"2 minutos"},"schema":{"@context":"https:\/\/schema.org","@graph":[{"@type":"WebPage","@id":"https:\/\/www.asajacyl.com\/palencia\/asaja-palencia-informa\/suben-la-veza-y-la-alfalfa-en-rama-en-la-lonja-de-leon","url":"https:\/\/www.asajacyl.com\/palencia\/asaja-palencia-informa\/suben-la-veza-y-la-alfalfa-en-rama-en-la-lonja-de-leon","name":"Suben la veza y la alfalfa en rama en la lonja de Le\u00f3n - ASAJA Palencia","isPartOf":{"@id":"https:\/\/www.asajacyl.com\/palencia\/#website"},"primaryImageOfPage":{"@id":"https:\/\/www.asajacyl.com\/palencia\/asaja-palencia-informa\/suben-la-veza-y-la-alfalfa-en-rama-en-la-lonja-de-leon#primaryimage"},"image":{"@id":"https:\/\/www.asajacyl.com\/palencia\/asaja-palencia-informa\/suben-la-veza-y-la-alfalfa-en-rama-en-la-lonja-de-leon#primaryimage"},"thumbnailUrl":"https:\/\/www.asajacyl.com\/palencia\/wp-content\/uploads\/sites\/3\/2026\/02\/Tabla-precios-agricultura-18-2-26.jpg","datePublished":"2026-02-19T08:54:49+00:00","dateModified":"2026-02-20T08:47:16+00:00","author":{"@id":"https:\/\/www.asajacyl.com\/palencia\/#\/schema\/person\/3ab17aeb03527485c317557fae64aab1"},"description":"Repiten precios los cereales y las patatas Suben la veza y la alfalfa en rama en la lonja de Le\u00f3n y repiten precios los cereales y las patatas en la Suben la veza y la alfalfa en rama en la lonja de Le\u00f3n. Repiten precios los cereales y las patatas.","breadcrumb":{"@id":"https:\/\/www.asajacyl.com\/palencia\/asaja-palencia-informa\/suben-la-veza-y-la-alfalfa-en-rama-en-la-lonja-de-leon#breadcrumb"},"inLanguage":"es","potentialAction":[{"@type":"ReadAction","target":["https:\/\/www.asajacyl.com\/palencia\/asaja-palencia-informa\/suben-la-veza-y-la-alfalfa-en-rama-en-la-lonja-de-leon"]}]},{"@type":"ImageObject","inLanguage":"es","@id":"https:\/\/www.asajacyl.com\/palencia\/asaja-palencia-informa\/suben-la-veza-y-la-alfalfa-en-rama-en-la-lonja-de-leon#primaryimage","url":"https:\/\/www.asajacyl.com\/palencia\/wp-content\/uploads\/sites\/3\/2026\/02\/Tabla-precios-agricultura-18-2-26.jpg","contentUrl":"https:\/\/www.asajacyl.com\/palencia\/wp-content\/uploads\/sites\/3\/2026\/02\/Tabla-precios-agricultura-18-2-26.jpg","width":1024,"height":768},{"@type":"BreadcrumbList","@id":"https:\/\/www.asajacyl.com\/palencia\/asaja-palencia-informa\/suben-la-veza-y-la-alfalfa-en-rama-en-la-lonja-de-leon#breadcrumb","itemListElement":[{"@type":"ListItem","position":1,"name":"Portada","item":"https:\/\/www.asajacyl.com\/palencia\/"},{"@type":"ListItem","position":2,"name":"Suben la veza y la alfalfa en rama en la lonja de Le\u00f3n"}]},{"@type":"WebSite","@id":"https:\/\/www.asajacyl.com\/palencia\/#website","url":"https:\/\/www.asajacyl.com\/palencia\/","name":"ASAJA Palencia","description":"Otro sitio m\u00e1s de Provincias ASAJA Castilla y Le\u00f3n","potentialAction":[{"@type":"SearchAction","target":{"@type":"EntryPoint","urlTemplate":"https:\/\/www.asajacyl.com\/palencia\/?s={search_term_string}"},"query-input":{"@type":"PropertyValueSpecification","valueRequired":true,"valueName":"search_term_string"}}],"inLanguage":"es"},{"@type":"Person","@id":"https:\/\/www.asajacyl.com\/palencia\/#\/schema\/person\/3ab17aeb03527485c317557fae64aab1","name":"Administrador","image":{"@type":"ImageObject","inLanguage":"es","@id":"https:\/\/www.asajacyl.com\/palencia\/#\/schema\/person\/image\/","url":"https:\/\/secure.gravatar.com\/avatar\/517384810d242ca9e38c180f3c9fb973?s=96&d=mm&r=g","contentUrl":"https:\/\/secure.gravatar.com\/avatar\/517384810d242ca9e38c180f3c9fb973?s=96&d=mm&r=g","caption":"Administrador"},"url":"https:\/\/www.asajacyl.com\/palencia\/author\/carlosrm"}]}},"_links":{"self":[{"href":"https:\/\/www.asajacyl.com\/palencia\/wp-json\/wp\/v2\/posts\/22292"}],"collection":[{"href":"https:\/\/www.asajacyl.com\/palencia\/wp-json\/wp\/v2\/posts"}],"about":[{"href":"https:\/\/www.asajacyl.com\/palencia\/wp-json\/wp\/v2\/types\/post"}],"author":[{"embeddable":true,"href":"https:\/\/www.asajacyl.com\/palencia\/wp-json\/wp\/v2\/users\/9"}],"replies":[{"embeddable":true,"href":"https:\/\/www.asajacyl.com\/palencia\/wp-json\/wp\/v2\/comments?post=22292"}],"version-history":[{"count":3,"href":"https:\/\/www.asajacyl.com\/palencia\/wp-json\/wp\/v2\/posts\/22292\/revisions"}],"predecessor-version":[{"id":22306,"href":"https:\/\/www.asajacyl.com\/palencia\/wp-json\/wp\/v2\/posts\/22292\/revisions\/22306"}],"wp:featuredmedia":[{"embeddable":true,"href":"https:\/\/www.asajacyl.com\/palencia\/wp-json\/wp\/v2\/media\/22293"}],"wp:attachment":[{"href":"https:\/\/www.asajacyl.com\/palencia\/wp-json\/wp\/v2\/media?parent=22292"}],"wp:term":[{"taxonomy":"category","embeddable":true,"href":"https:\/\/www.asajacyl.com\/palencia\/wp-json\/wp\/v2\/categories?post=22292"},{"taxonomy":"post_tag","embeddable":true,"href":"https:\/\/www.asajacyl.com\/palencia\/wp-json\/wp\/v2\/tags?post=22292"}],"curies":[{"name":"wp","href":"https:\/\/api.w.org\/{rel}","templated":true}]}}