{"id":22300,"date":"2026-02-19T10:20:40","date_gmt":"2026-02-19T09:20:40","guid":{"rendered":"https:\/\/www.asajacyl.com\/palencia\/?p=22300"},"modified":"2026-02-23T10:38:52","modified_gmt":"2026-02-23T09:38:52","slug":"la-junta-flexibiliza-los-requisitos-en-determinadas-ayudas-pac-por-las-lluvias","status":"publish","type":"post","link":"https:\/\/www.asajacyl.com\/palencia\/asaja-palencia-informa\/la-junta-flexibiliza-los-requisitos-en-determinadas-ayudas-pac-por-las-lluvias","title":{"rendered":"La Junta flexibiliza los requisitos en determinadas ayudas PAC por las lluvias extremas"},"content":{"rendered":"\n<h2 class=\"wp-block-heading\"><strong>ASAJA<\/strong>\u00a0valora que se publiquen pronto estas excepciones que afectan, entre otros, a los ecorreg\u00edmenes de rotaci\u00f3n de cultivos y la siembra directa<\/h2>\n\n\n\n<p>La Junta de Castilla y Le\u00f3n flexibiliza los requisitos de las ayudas PAC por las lluvias extremas. <a href=\"https:\/\/www.asajacyl.com\/\">ASAJA\u00a0Castilla y Le\u00f3n<\/a> valora que se publiquen tan pronto estas excepciones que afectan, entre otros, a los ecorreg\u00edmenes de rotaci\u00f3n de cultivos y la siembra directa.<\/p>\n\n\n\n<p>La Administraci\u00f3n regional ha publicado una resoluci\u00f3n que flexibiliza el cumplimiento de los requisitos para optar a determinadas ayudas de la PAC debido a las adversidades meteorol\u00f3gicas extremas de la presente campa\u00f1a agr\u00edcola, declarada oficialmente como excepcional en el \u00faltimo Consejo de Gobierno.\u00a0<\/p>\n\n\n\n<figure class=\"wp-block-image size-full is-resized\"><img loading=\"lazy\" decoding=\"async\" width=\"464\" height=\"320\" src=\"https:\/\/www.asajacyl.com\/palencia\/wp-content\/uploads\/sites\/3\/2026\/02\/tierras-encarchadas-b.jpg\" alt=\"\" class=\"wp-image-22301\" style=\"width:874px;height:auto\" srcset=\"https:\/\/www.asajacyl.com\/palencia\/wp-content\/uploads\/sites\/3\/2026\/02\/tierras-encarchadas-b.jpg 464w, https:\/\/www.asajacyl.com\/palencia\/wp-content\/uploads\/sites\/3\/2026\/02\/tierras-encarchadas-b-300x207.jpg 300w, https:\/\/www.asajacyl.com\/palencia\/wp-content\/uploads\/sites\/3\/2026\/02\/tierras-encarchadas-b-218x150.jpg 218w\" sizes=\"(max-width: 464px) 100vw, 464px\" \/><\/figure>\n\n\n\n<p><strong>ASAJA<\/strong> <strong>CyL\u00a0<\/strong>valora que se publiquen excepciones para los <strong>ecorreg\u00edmenes de rotaci\u00f3n de cultivos y siembra directa, y para las intervenciones de agricultura ecol\u00f3gica y a la ayuda agroambiental de remolacha<\/strong>, ya que esta informaci\u00f3n es necesaria para que los agricultores completen sus planes de siembra en una campa\u00f1a que viene muy retrasada. <\/p>\n\n\n\n<p>No obstante, la Organizaci\u00f3n Profesional Agraria advierte que todav\u00eda es imposible entrar en muchas fincas por lo que es probable que en <strong>pr\u00f3ximas semanas se comprueben da\u00f1os y p\u00e9rdidas que deber\u00edan ser recogidas en una pr\u00f3xima revisi\u00f3n de esta primera resoluci\u00f3n de la Consejer\u00eda<\/strong>.<\/p>\n\n\n\n<p><strong>EXCEPCIONES.<\/strong> Ante la imposibilidad de realizar ciertas pr\u00e1cticas agr\u00edcolas\u00a0por las continuas lluvias, la nueva normativa\u00a0fija\u00a0diferentes excepciones en el cumplimiento de los reg\u00edmenes voluntarios en favor del clima, el medio ambiente y el bienestar animal (ecorreg\u00edmenes) y en las intervenciones medioambientales y clim\u00e1ticas de desarrollo rural (agricultura ecol\u00f3gica y cultivos industriales sostenibles).\u00a0\u00a0<\/p>\n\n\n\n<p>En el caso de los&nbsp;<strong>ecorreg\u00edmenes,&nbsp;<\/strong>se flexibilizan&nbsp;las pr\u00e1cticas de rotaci\u00f3n de cultivos con especies mejorantes y la de siembra directa:&nbsp;&nbsp;<\/p>\n\n\n\n<ul>\n<li>En rotaci\u00f3n de cultivos, se reduce la <strong>rotaci\u00f3n obligatoria del 50 al 25%<\/strong>. Adem\u00e1s, se permite la rotaci\u00f3n con barbecho tras un cultivo de leguminosas. El porcentaje de cultivos mejorantes se mantiene en el 10%, pero el porcentaje de <strong>leguminosas se reduce de forma general del 5 al 2,5%<\/strong>.\u00a0<\/li>\n\n\n\n<li>En la pr\u00e1ctica de <strong>siembra directa<\/strong>, se reduce el porcentaje de <strong>rotaci\u00f3n del 40 al 25% de la superficie acogida<\/strong> a la pr\u00e1ctica. Igualmente se permite la rotaci\u00f3n con barbecho tras un cultivo de leguminosas en 2025.\u00a0\u00a0<\/li>\n<\/ul>\n\n\n\n<p>Por su parte, en las&nbsp;<strong>intervenciones medioambientales<\/strong>&nbsp;y clim\u00e1ticas&nbsp;de desarrollo rural:&nbsp;&nbsp;<\/p>\n\n\n\n<ul>\n<li>En la intervenci\u00f3n de agricultura ecol\u00f3gica,\u00a0la certificaci\u00f3n de la producci\u00f3n obtenida se estimar\u00e1 en funci\u00f3n de la media de la zona.\u00a0<\/li>\n\n\n\n<li>En cultivos agroindustriales sostenibles (remolacha azucarera), si la\u00a0siembra\u00a0es menor\u00a0al 80% de la superficie de contrato, se cobrar\u00e1 la ayuda por la superficie cultivada y no se aplicar\u00e1n penalizaciones, si bien\u00a0se deber\u00e1\u00a0presentar\u00a0una alegaci\u00f3n y aportar <strong>dos fotograf\u00edas georreferenciadas\u00a0posteriores al 15 de marzo\u00a0con la situaci\u00f3n de la parcela donde se preve\u00eda la siembra de remolacha<\/strong>.\u00a0<\/li>\n<\/ul>\n\n\n\n<p>M\u00e1s informaci\u00f3n en la RESOLUCI\u00d3N CONSEJER\u00cdA:\u00a0<a href=\"https:\/\/www.asajacyl.com\/wp-content\/uploads\/2026\/02\/20260218ResolucionFlexibilidad2026.pdf\">20260218+Resoluci\u00f3n+Flexibilidad+2026<\/a><\/p>\n","protected":false},"excerpt":{"rendered":"<p>ASAJA\u00a0valora que se publiquen pronto estas excepciones que afectan, entre otros, a los ecorreg\u00edmenes de rotaci\u00f3n de cultivos y la siembra directa La Junta de Castilla y Le\u00f3n flexibiliza los requisitos de las ayudas PAC por las lluvias extremas. ASAJA\u00a0Castilla y Le\u00f3n valora que se publiquen tan pronto estas excepciones que afectan, entre otros, a [&hellip;]<\/p>\n","protected":false},"author":9,"featured_media":22301,"comment_status":"open","ping_status":"open","sticky":false,"template":"","format":"standard","meta":{"footnotes":""},"categories":[9,29,28],"tags":[58,92],"yoast_head":"<!-- This site is optimized with the Yoast SEO plugin v24.5 - https:\/\/yoast.com\/wordpress\/plugins\/seo\/ -->\n<title>La Junta flexibiliza los requisitos en determinadas ayudas PAC por las lluvias extremas - ASAJA Palencia<\/title>\n<meta name=\"description\" content=\"ASAJA\u00a0valora que se publiquen pronto estas excepciones que afectan, entre otros, a los ecorreg\u00edmenes de rotaci\u00f3n de cultivos y la siembra directa La Junta La Junta flexibiliza los requisitos en determinadas ayudas PAC por las lluvias. ASAJA\u00a0valora que se publiquen estas excepciones.\" \/>\n<meta name=\"robots\" content=\"index, follow, max-snippet:-1, max-image-preview:large, max-video-preview:-1\" \/>\n<link rel=\"canonical\" href=\"https:\/\/www.asajacyl.com\/palencia\/asaja-palencia-informa\/la-junta-flexibiliza-los-requisitos-en-determinadas-ayudas-pac-por-las-lluvias\" \/>\n<meta property=\"og:locale\" content=\"es_ES\" \/>\n<meta property=\"og:type\" content=\"article\" \/>\n<meta property=\"og:title\" content=\"La Junta flexibiliza los requisitos en determinadas ayudas PAC por las lluvias extremas - ASAJA Palencia\" \/>\n<meta property=\"og:description\" content=\"ASAJA\u00a0valora que se publiquen pronto estas excepciones que afectan, entre otros, a los ecorreg\u00edmenes de rotaci\u00f3n de cultivos y la siembra directa La Junta La Junta flexibiliza los requisitos en determinadas ayudas PAC por las lluvias. ASAJA\u00a0valora que se publiquen estas excepciones.\" \/>\n<meta property=\"og:url\" content=\"https:\/\/www.asajacyl.com\/palencia\/asaja-palencia-informa\/la-junta-flexibiliza-los-requisitos-en-determinadas-ayudas-pac-por-las-lluvias\" \/>\n<meta property=\"og:site_name\" content=\"ASAJA Palencia\" \/>\n<meta property=\"article:published_time\" content=\"2026-02-19T09:20:40+00:00\" \/>\n<meta property=\"article:modified_time\" content=\"2026-02-23T09:38:52+00:00\" \/>\n<meta property=\"og:image\" content=\"https:\/\/www.asajacyl.com\/palencia\/wp-content\/uploads\/sites\/3\/2026\/02\/tierras-encarchadas-b.jpg\" \/>\n\t<meta property=\"og:image:width\" content=\"464\" \/>\n\t<meta property=\"og:image:height\" content=\"320\" \/>\n\t<meta property=\"og:image:type\" content=\"image\/jpeg\" \/>\n<meta name=\"author\" content=\"Administrador\" \/>\n<meta name=\"twitter:card\" content=\"summary_large_image\" \/>\n<meta name=\"twitter:label1\" content=\"Escrito por\" \/>\n\t<meta name=\"twitter:data1\" content=\"Administrador\" \/>\n\t<meta name=\"twitter:label2\" content=\"Tiempo de lectura\" \/>\n\t<meta name=\"twitter:data2\" content=\"3 minutos\" \/>\n<script type=\"application\/ld+json\" class=\"yoast-schema-graph\">{\"@context\":\"https:\/\/schema.org\",\"@graph\":[{\"@type\":\"WebPage\",\"@id\":\"https:\/\/www.asajacyl.com\/palencia\/asaja-palencia-informa\/la-junta-flexibiliza-los-requisitos-en-determinadas-ayudas-pac-por-las-lluvias\",\"url\":\"https:\/\/www.asajacyl.com\/palencia\/asaja-palencia-informa\/la-junta-flexibiliza-los-requisitos-en-determinadas-ayudas-pac-por-las-lluvias\",\"name\":\"La Junta flexibiliza los requisitos en determinadas ayudas PAC por las lluvias extremas - ASAJA Palencia\",\"isPartOf\":{\"@id\":\"https:\/\/www.asajacyl.com\/palencia\/#website\"},\"primaryImageOfPage\":{\"@id\":\"https:\/\/www.asajacyl.com\/palencia\/asaja-palencia-informa\/la-junta-flexibiliza-los-requisitos-en-determinadas-ayudas-pac-por-las-lluvias#primaryimage\"},\"image\":{\"@id\":\"https:\/\/www.asajacyl.com\/palencia\/asaja-palencia-informa\/la-junta-flexibiliza-los-requisitos-en-determinadas-ayudas-pac-por-las-lluvias#primaryimage\"},\"thumbnailUrl\":\"https:\/\/www.asajacyl.com\/palencia\/wp-content\/uploads\/sites\/3\/2026\/02\/tierras-encarchadas-b.jpg\",\"datePublished\":\"2026-02-19T09:20:40+00:00\",\"dateModified\":\"2026-02-23T09:38:52+00:00\",\"author\":{\"@id\":\"https:\/\/www.asajacyl.com\/palencia\/#\/schema\/person\/3ab17aeb03527485c317557fae64aab1\"},\"description\":\"ASAJA\u00a0valora que se publiquen pronto estas excepciones que afectan, entre otros, a los ecorreg\u00edmenes de rotaci\u00f3n de cultivos y la siembra directa La Junta La Junta flexibiliza los requisitos en determinadas ayudas PAC por las lluvias. ASAJA\u00a0valora que se publiquen estas excepciones.\",\"breadcrumb\":{\"@id\":\"https:\/\/www.asajacyl.com\/palencia\/asaja-palencia-informa\/la-junta-flexibiliza-los-requisitos-en-determinadas-ayudas-pac-por-las-lluvias#breadcrumb\"},\"inLanguage\":\"es\",\"potentialAction\":[{\"@type\":\"ReadAction\",\"target\":[\"https:\/\/www.asajacyl.com\/palencia\/asaja-palencia-informa\/la-junta-flexibiliza-los-requisitos-en-determinadas-ayudas-pac-por-las-lluvias\"]}]},{\"@type\":\"ImageObject\",\"inLanguage\":\"es\",\"@id\":\"https:\/\/www.asajacyl.com\/palencia\/asaja-palencia-informa\/la-junta-flexibiliza-los-requisitos-en-determinadas-ayudas-pac-por-las-lluvias#primaryimage\",\"url\":\"https:\/\/www.asajacyl.com\/palencia\/wp-content\/uploads\/sites\/3\/2026\/02\/tierras-encarchadas-b.jpg\",\"contentUrl\":\"https:\/\/www.asajacyl.com\/palencia\/wp-content\/uploads\/sites\/3\/2026\/02\/tierras-encarchadas-b.jpg\",\"width\":464,\"height\":320},{\"@type\":\"BreadcrumbList\",\"@id\":\"https:\/\/www.asajacyl.com\/palencia\/asaja-palencia-informa\/la-junta-flexibiliza-los-requisitos-en-determinadas-ayudas-pac-por-las-lluvias#breadcrumb\",\"itemListElement\":[{\"@type\":\"ListItem\",\"position\":1,\"name\":\"Portada\",\"item\":\"https:\/\/www.asajacyl.com\/palencia\/\"},{\"@type\":\"ListItem\",\"position\":2,\"name\":\"La Junta flexibiliza los requisitos en determinadas ayudas PAC por las lluvias extremas\"}]},{\"@type\":\"WebSite\",\"@id\":\"https:\/\/www.asajacyl.com\/palencia\/#website\",\"url\":\"https:\/\/www.asajacyl.com\/palencia\/\",\"name\":\"ASAJA Palencia\",\"description\":\"Otro sitio m\u00e1s de Provincias ASAJA Castilla y Le\u00f3n\",\"potentialAction\":[{\"@type\":\"SearchAction\",\"target\":{\"@type\":\"EntryPoint\",\"urlTemplate\":\"https:\/\/www.asajacyl.com\/palencia\/?s={search_term_string}\"},\"query-input\":{\"@type\":\"PropertyValueSpecification\",\"valueRequired\":true,\"valueName\":\"search_term_string\"}}],\"inLanguage\":\"es\"},{\"@type\":\"Person\",\"@id\":\"https:\/\/www.asajacyl.com\/palencia\/#\/schema\/person\/3ab17aeb03527485c317557fae64aab1\",\"name\":\"Administrador\",\"image\":{\"@type\":\"ImageObject\",\"inLanguage\":\"es\",\"@id\":\"https:\/\/www.asajacyl.com\/palencia\/#\/schema\/person\/image\/\",\"url\":\"https:\/\/secure.gravatar.com\/avatar\/517384810d242ca9e38c180f3c9fb973?s=96&d=mm&r=g\",\"contentUrl\":\"https:\/\/secure.gravatar.com\/avatar\/517384810d242ca9e38c180f3c9fb973?s=96&d=mm&r=g\",\"caption\":\"Administrador\"},\"url\":\"https:\/\/www.asajacyl.com\/palencia\/author\/carlosrm\"}]}<\/script>\n<!-- \/ Yoast SEO plugin. -->","yoast_head_json":{"title":"La Junta flexibiliza los requisitos en determinadas ayudas PAC por las lluvias extremas - ASAJA Palencia","description":"ASAJA\u00a0valora que se publiquen pronto estas excepciones que afectan, entre otros, a los ecorreg\u00edmenes de rotaci\u00f3n de cultivos y la siembra directa La Junta La Junta flexibiliza los requisitos en determinadas ayudas PAC por las lluvias. ASAJA\u00a0valora que se publiquen estas excepciones.","robots":{"index":"index","follow":"follow","max-snippet":"max-snippet:-1","max-image-preview":"max-image-preview:large","max-video-preview":"max-video-preview:-1"},"canonical":"https:\/\/www.asajacyl.com\/palencia\/asaja-palencia-informa\/la-junta-flexibiliza-los-requisitos-en-determinadas-ayudas-pac-por-las-lluvias","og_locale":"es_ES","og_type":"article","og_title":"La Junta flexibiliza los requisitos en determinadas ayudas PAC por las lluvias extremas - ASAJA Palencia","og_description":"ASAJA\u00a0valora que se publiquen pronto estas excepciones que afectan, entre otros, a los ecorreg\u00edmenes de rotaci\u00f3n de cultivos y la siembra directa La Junta La Junta flexibiliza los requisitos en determinadas ayudas PAC por las lluvias. ASAJA\u00a0valora que se publiquen estas excepciones.","og_url":"https:\/\/www.asajacyl.com\/palencia\/asaja-palencia-informa\/la-junta-flexibiliza-los-requisitos-en-determinadas-ayudas-pac-por-las-lluvias","og_site_name":"ASAJA Palencia","article_published_time":"2026-02-19T09:20:40+00:00","article_modified_time":"2026-02-23T09:38:52+00:00","og_image":[{"width":464,"height":320,"url":"https:\/\/www.asajacyl.com\/palencia\/wp-content\/uploads\/sites\/3\/2026\/02\/tierras-encarchadas-b.jpg","type":"image\/jpeg"}],"author":"Administrador","twitter_card":"summary_large_image","twitter_misc":{"Escrito por":"Administrador","Tiempo de lectura":"3 minutos"},"schema":{"@context":"https:\/\/schema.org","@graph":[{"@type":"WebPage","@id":"https:\/\/www.asajacyl.com\/palencia\/asaja-palencia-informa\/la-junta-flexibiliza-los-requisitos-en-determinadas-ayudas-pac-por-las-lluvias","url":"https:\/\/www.asajacyl.com\/palencia\/asaja-palencia-informa\/la-junta-flexibiliza-los-requisitos-en-determinadas-ayudas-pac-por-las-lluvias","name":"La Junta flexibiliza los requisitos en determinadas ayudas PAC por las lluvias extremas - ASAJA Palencia","isPartOf":{"@id":"https:\/\/www.asajacyl.com\/palencia\/#website"},"primaryImageOfPage":{"@id":"https:\/\/www.asajacyl.com\/palencia\/asaja-palencia-informa\/la-junta-flexibiliza-los-requisitos-en-determinadas-ayudas-pac-por-las-lluvias#primaryimage"},"image":{"@id":"https:\/\/www.asajacyl.com\/palencia\/asaja-palencia-informa\/la-junta-flexibiliza-los-requisitos-en-determinadas-ayudas-pac-por-las-lluvias#primaryimage"},"thumbnailUrl":"https:\/\/www.asajacyl.com\/palencia\/wp-content\/uploads\/sites\/3\/2026\/02\/tierras-encarchadas-b.jpg","datePublished":"2026-02-19T09:20:40+00:00","dateModified":"2026-02-23T09:38:52+00:00","author":{"@id":"https:\/\/www.asajacyl.com\/palencia\/#\/schema\/person\/3ab17aeb03527485c317557fae64aab1"},"description":"ASAJA\u00a0valora que se publiquen pronto estas excepciones que afectan, entre otros, a los ecorreg\u00edmenes de rotaci\u00f3n de cultivos y la siembra directa La Junta La Junta flexibiliza los requisitos en determinadas ayudas PAC por las lluvias. ASAJA\u00a0valora que se publiquen estas excepciones.","breadcrumb":{"@id":"https:\/\/www.asajacyl.com\/palencia\/asaja-palencia-informa\/la-junta-flexibiliza-los-requisitos-en-determinadas-ayudas-pac-por-las-lluvias#breadcrumb"},"inLanguage":"es","potentialAction":[{"@type":"ReadAction","target":["https:\/\/www.asajacyl.com\/palencia\/asaja-palencia-informa\/la-junta-flexibiliza-los-requisitos-en-determinadas-ayudas-pac-por-las-lluvias"]}]},{"@type":"ImageObject","inLanguage":"es","@id":"https:\/\/www.asajacyl.com\/palencia\/asaja-palencia-informa\/la-junta-flexibiliza-los-requisitos-en-determinadas-ayudas-pac-por-las-lluvias#primaryimage","url":"https:\/\/www.asajacyl.com\/palencia\/wp-content\/uploads\/sites\/3\/2026\/02\/tierras-encarchadas-b.jpg","contentUrl":"https:\/\/www.asajacyl.com\/palencia\/wp-content\/uploads\/sites\/3\/2026\/02\/tierras-encarchadas-b.jpg","width":464,"height":320},{"@type":"BreadcrumbList","@id":"https:\/\/www.asajacyl.com\/palencia\/asaja-palencia-informa\/la-junta-flexibiliza-los-requisitos-en-determinadas-ayudas-pac-por-las-lluvias#breadcrumb","itemListElement":[{"@type":"ListItem","position":1,"name":"Portada","item":"https:\/\/www.asajacyl.com\/palencia\/"},{"@type":"ListItem","position":2,"name":"La Junta flexibiliza los requisitos en determinadas ayudas PAC por las lluvias extremas"}]},{"@type":"WebSite","@id":"https:\/\/www.asajacyl.com\/palencia\/#website","url":"https:\/\/www.asajacyl.com\/palencia\/","name":"ASAJA Palencia","description":"Otro sitio m\u00e1s de Provincias ASAJA Castilla y Le\u00f3n","potentialAction":[{"@type":"SearchAction","target":{"@type":"EntryPoint","urlTemplate":"https:\/\/www.asajacyl.com\/palencia\/?s={search_term_string}"},"query-input":{"@type":"PropertyValueSpecification","valueRequired":true,"valueName":"search_term_string"}}],"inLanguage":"es"},{"@type":"Person","@id":"https:\/\/www.asajacyl.com\/palencia\/#\/schema\/person\/3ab17aeb03527485c317557fae64aab1","name":"Administrador","image":{"@type":"ImageObject","inLanguage":"es","@id":"https:\/\/www.asajacyl.com\/palencia\/#\/schema\/person\/image\/","url":"https:\/\/secure.gravatar.com\/avatar\/517384810d242ca9e38c180f3c9fb973?s=96&d=mm&r=g","contentUrl":"https:\/\/secure.gravatar.com\/avatar\/517384810d242ca9e38c180f3c9fb973?s=96&d=mm&r=g","caption":"Administrador"},"url":"https:\/\/www.asajacyl.com\/palencia\/author\/carlosrm"}]}},"_links":{"self":[{"href":"https:\/\/www.asajacyl.com\/palencia\/wp-json\/wp\/v2\/posts\/22300"}],"collection":[{"href":"https:\/\/www.asajacyl.com\/palencia\/wp-json\/wp\/v2\/posts"}],"about":[{"href":"https:\/\/www.asajacyl.com\/palencia\/wp-json\/wp\/v2\/types\/post"}],"author":[{"embeddable":true,"href":"https:\/\/www.asajacyl.com\/palencia\/wp-json\/wp\/v2\/users\/9"}],"replies":[{"embeddable":true,"href":"https:\/\/www.asajacyl.com\/palencia\/wp-json\/wp\/v2\/comments?post=22300"}],"version-history":[{"count":2,"href":"https:\/\/www.asajacyl.com\/palencia\/wp-json\/wp\/v2\/posts\/22300\/revisions"}],"predecessor-version":[{"id":22305,"href":"https:\/\/www.asajacyl.com\/palencia\/wp-json\/wp\/v2\/posts\/22300\/revisions\/22305"}],"wp:featuredmedia":[{"embeddable":true,"href":"https:\/\/www.asajacyl.com\/palencia\/wp-json\/wp\/v2\/media\/22301"}],"wp:attachment":[{"href":"https:\/\/www.asajacyl.com\/palencia\/wp-json\/wp\/v2\/media?parent=22300"}],"wp:term":[{"taxonomy":"category","embeddable":true,"href":"https:\/\/www.asajacyl.com\/palencia\/wp-json\/wp\/v2\/categories?post=22300"},{"taxonomy":"post_tag","embeddable":true,"href":"https:\/\/www.asajacyl.com\/palencia\/wp-json\/wp\/v2\/tags?post=22300"}],"curies":[{"name":"wp","href":"https:\/\/api.w.org\/{rel}","templated":true}]}}