{"id":22312,"date":"2026-02-21T10:54:41","date_gmt":"2026-02-21T09:54:41","guid":{"rendered":"https:\/\/www.asajacyl.com\/palencia\/?p=22312"},"modified":"2026-02-23T10:37:33","modified_gmt":"2026-02-23T09:37:33","slug":"una-explotacion-modelo-de-pedraza-de-campos-palencia-para-el-programa-cultiva","status":"publish","type":"post","link":"https:\/\/www.asajacyl.com\/palencia\/asaja-palencia-informa\/una-explotacion-modelo-de-pedraza-de-campos-palencia-para-el-programa-cultiva","title":{"rendered":"AGRIMARCA, una explotaci\u00f3n modelo de Pedraza de Campos (Palencia) para el Programa CULTIVA"},"content":{"rendered":"\n<h2 class=\"wp-block-heading\">El alumno \u00c1lvaro Medina de Valladolid se ha formado en agricultura de precisi\u00f3n 4.0 de la mano de su gerente Jos\u00e9 M\u00aa Herrero, socio de ASAJA Palencia.<\/h2>\n\n\n\n<p><strong><a href=\"https:\/\/agrimarca.com\/\">AGRIMARCA<\/a><\/strong> es una explotaci\u00f3n modelo de Pedraza de Campos (Palencia) incluida en el <strong><a href=\"https:\/\/www.mapa.gob.es\/es\/desarrollo-rural\/temas\/relevo-generacional\/visitas-formativas\">Programa CULTIVA<\/a><\/strong>, donde el alumno \u00c1lvaro Medina de Valladolid se ha formado en agricultura de precisi\u00f3n 4.0 de la mano de su gerente Jos\u00e9 M\u00aa Herrero, socio de ASAJA Palencia.<\/p>\n\n\n\n<figure class=\"wp-block-image size-full is-resized\"><img loading=\"lazy\" decoding=\"async\" width=\"900\" height=\"758\" src=\"https:\/\/www.asajacyl.com\/palencia\/wp-content\/uploads\/sites\/3\/2026\/02\/Proyecto-Cultiva-Predaza-Campos-Palencia-2.jpg\" alt=\"\" class=\"wp-image-22314\" style=\"width:1068px;height:auto\" srcset=\"https:\/\/www.asajacyl.com\/palencia\/wp-content\/uploads\/sites\/3\/2026\/02\/Proyecto-Cultiva-Predaza-Campos-Palencia-2.jpg 900w, https:\/\/www.asajacyl.com\/palencia\/wp-content\/uploads\/sites\/3\/2026\/02\/Proyecto-Cultiva-Predaza-Campos-Palencia-2-300x253.jpg 300w, https:\/\/www.asajacyl.com\/palencia\/wp-content\/uploads\/sites\/3\/2026\/02\/Proyecto-Cultiva-Predaza-Campos-Palencia-2-768x647.jpg 768w, https:\/\/www.asajacyl.com\/palencia\/wp-content\/uploads\/sites\/3\/2026\/02\/Proyecto-Cultiva-Predaza-Campos-Palencia-2-499x420.jpg 499w, https:\/\/www.asajacyl.com\/palencia\/wp-content\/uploads\/sites\/3\/2026\/02\/Proyecto-Cultiva-Predaza-Campos-Palencia-2-696x586.jpg 696w\" sizes=\"(max-width: 900px) 100vw, 900px\" \/><\/figure>\n\n\n\n<figure class=\"wp-block-image size-large\"><img loading=\"lazy\" decoding=\"async\" width=\"1024\" height=\"104\" src=\"https:\/\/www.asajacyl.com\/palencia\/wp-content\/uploads\/sites\/3\/2026\/02\/Logos-cultiva-2024-bueno2-1024x104.jpg\" alt=\"\" class=\"wp-image-22315\" srcset=\"https:\/\/www.asajacyl.com\/palencia\/wp-content\/uploads\/sites\/3\/2026\/02\/Logos-cultiva-2024-bueno2-1024x104.jpg 1024w, https:\/\/www.asajacyl.com\/palencia\/wp-content\/uploads\/sites\/3\/2026\/02\/Logos-cultiva-2024-bueno2-300x30.jpg 300w, https:\/\/www.asajacyl.com\/palencia\/wp-content\/uploads\/sites\/3\/2026\/02\/Logos-cultiva-2024-bueno2-768x78.jpg 768w, https:\/\/www.asajacyl.com\/palencia\/wp-content\/uploads\/sites\/3\/2026\/02\/Logos-cultiva-2024-bueno2-1536x156.jpg 1536w, https:\/\/www.asajacyl.com\/palencia\/wp-content\/uploads\/sites\/3\/2026\/02\/Logos-cultiva-2024-bueno2-696x71.jpg 696w, https:\/\/www.asajacyl.com\/palencia\/wp-content\/uploads\/sites\/3\/2026\/02\/Logos-cultiva-2024-bueno2-1068x108.jpg 1068w, https:\/\/www.asajacyl.com\/palencia\/wp-content\/uploads\/sites\/3\/2026\/02\/Logos-cultiva-2024-bueno2.jpg 1814w\" sizes=\"(max-width: 1024px) 100vw, 1024px\" \/><\/figure>\n\n\n\n<p>Con\u00a0<strong>525 hect\u00e1reas<\/strong>\u00a0y un sistema productivo\u00a0<strong>extensivo en producci\u00f3n integrada<\/strong> que trabaja\u00a0<strong>cereales, forrajes, leguminosas y oleaginosas<\/strong>, AGRIMARCA es una de las explotaciones incluidas en el\u00a0<strong>Cat\u00e1logo de Estancias Formativas del Programa CULTIVA<\/strong> por el Ministerio de Agricultura y ganader\u00eda (<a href=\"http:\/\/www.mapa.gob.es\">MAPA<\/a>), que es el que financia el programa. <\/p>\n\n\n\n<p>El principal sello de esta explotaci\u00f3n es su enfoque de\u00a0<strong>Agrotecnolog\u00eda 4.0<\/strong>, con digitalizaci\u00f3n aplicada a todas las fases del trabajo, desde la siembra hasta la cosecha, pasando por el abonado y los tratamientos herbicidas y fitosanitarios.\u00a0<\/p>\n\n\n\n<figure class=\"wp-block-image size-full is-resized\"><img loading=\"lazy\" decoding=\"async\" width=\"1024\" height=\"946\" src=\"https:\/\/www.asajacyl.com\/palencia\/wp-content\/uploads\/sites\/3\/2026\/02\/Proyecto-Cultiva-Predaza-Campos-Palencia-4.jpg\" alt=\"\" class=\"wp-image-22313\" style=\"width:1069px;height:auto\" srcset=\"https:\/\/www.asajacyl.com\/palencia\/wp-content\/uploads\/sites\/3\/2026\/02\/Proyecto-Cultiva-Predaza-Campos-Palencia-4.jpg 1024w, https:\/\/www.asajacyl.com\/palencia\/wp-content\/uploads\/sites\/3\/2026\/02\/Proyecto-Cultiva-Predaza-Campos-Palencia-4-300x277.jpg 300w, https:\/\/www.asajacyl.com\/palencia\/wp-content\/uploads\/sites\/3\/2026\/02\/Proyecto-Cultiva-Predaza-Campos-Palencia-4-768x710.jpg 768w, https:\/\/www.asajacyl.com\/palencia\/wp-content\/uploads\/sites\/3\/2026\/02\/Proyecto-Cultiva-Predaza-Campos-Palencia-4-455x420.jpg 455w, https:\/\/www.asajacyl.com\/palencia\/wp-content\/uploads\/sites\/3\/2026\/02\/Proyecto-Cultiva-Predaza-Campos-Palencia-4-696x643.jpg 696w\" sizes=\"(max-width: 1024px) 100vw, 1024px\" \/><figcaption class=\"wp-element-caption\">Jos\u00e9 M\u00aa Herrero, gerente de AGRIMARCA, intruye al joven agricultor \u00c1lvaro Medina durante su estancia en Pedraza de Campos (Palencia) a trav\u00e9s del Programa CULTIVA.<\/figcaption><\/figure>\n\n\n\n<p><strong>AGRICULTURA 4.0<\/strong>. Entre las herramientas clave de la agricultura 4.0 destacan:<\/p>\n\n\n\n<ul>\n<li><strong>Cosechadoras digitales con mapas de rendimiento y c\u00e9lulas de pesaje<\/strong>, con datos hist\u00f3ricos recopilados desde\u00a0<strong>2017<\/strong>, que permiten conocer el comportamiento productivo de cada zona de parcela.\u00a0<\/li>\n\n\n\n<li><strong>An\u00e1lisis avanzado del suelo<\/strong>\u00a0mediante el laboratorio port\u00e1til\u00a0<strong>Stenon FarmLab<\/strong>, con el que han evaluado par\u00e1metros como\u00a0<strong>nitr\u00f3geno, f\u00f3sforo, potasa, pH y conductividad el\u00e9ctrica<\/strong>, para tomar decisiones agron\u00f3micas con base t\u00e9cnica.\u00a0<\/li>\n\n\n\n<li><strong>Maquinaria de dosis variable<\/strong>\u00a0(sembradora y pulverizador arrastrado), junto con pr\u00e1cticas como\u00a0<strong>siembra directa<\/strong>\u00a0y\u00a0<strong>m\u00ednimo laboreo<\/strong>, orientadas a ajustar insumos a las necesidades reales y mejorar la eficiencia del sistema.\u00a0<\/li>\n<\/ul>\n\n\n\n<p>La propia descripci\u00f3n del cat\u00e1logo de la explotaci\u00f3n resume su enfoque con claridad: una explotaci\u00f3n \u201creferente en el proceso productivo\u201d, donde \u201ctoda la tem\u00e1tica es digital 4.0\u201d.\u00a0<\/p>\n\n\n\n<figure class=\"wp-block-image size-full\"><img loading=\"lazy\" decoding=\"async\" width=\"768\" height=\"450\" src=\"https:\/\/www.asajacyl.com\/palencia\/wp-content\/uploads\/sites\/3\/2026\/02\/Banner-Agrimarca-Pedraza-Campos-para-Programa-Cultiva.jpg\" alt=\"\" class=\"wp-image-22316\" srcset=\"https:\/\/www.asajacyl.com\/palencia\/wp-content\/uploads\/sites\/3\/2026\/02\/Banner-Agrimarca-Pedraza-Campos-para-Programa-Cultiva.jpg 768w, https:\/\/www.asajacyl.com\/palencia\/wp-content\/uploads\/sites\/3\/2026\/02\/Banner-Agrimarca-Pedraza-Campos-para-Programa-Cultiva-300x176.jpg 300w, https:\/\/www.asajacyl.com\/palencia\/wp-content\/uploads\/sites\/3\/2026\/02\/Banner-Agrimarca-Pedraza-Campos-para-Programa-Cultiva-717x420.jpg 717w, https:\/\/www.asajacyl.com\/palencia\/wp-content\/uploads\/sites\/3\/2026\/02\/Banner-Agrimarca-Pedraza-Campos-para-Programa-Cultiva-696x408.jpg 696w\" sizes=\"(max-width: 768px) 100vw, 768px\" \/><\/figure>\n\n\n\n<p><strong>ESTANCIA FORMATIVA DEL PROGRAMA CULTIVA<\/strong>. Para la estancia formativa del Programa CULTIVA, AGRIMARCA ofrece <strong>estancias de\u00a05 d\u00edas (35 horas)<\/strong>, con\u00a0<strong>3 plazas por estancia<\/strong>, en distintas fechas (en octubre y noviembre de 2025 y febrero y marzo de 2026). <\/p>\n\n\n\n<p>La formaci\u00f3n, en este caso de Jos\u00e9 M\u00aa Herrero hacia el joven \u00c1lvaro Medina, se ha centrado en\u00a0la <strong>gesti\u00f3n econ\u00f3mica<\/strong>,\u00a0el <strong>uso de tecnolog\u00edas digitales<\/strong>,\u00a0la <strong>mecanizaci\u00f3n<\/strong>,\u00a0el <strong>manejo del cultivo y del suelo<\/strong>,\u00a0la <strong>sanidad vegetal<\/strong>\u00a0y\u00a0la <strong>mitigaci\u00f3n y adaptaci\u00f3n al cambio clim\u00e1tico<\/strong>, siempre desde el enfoque de la agricultura de precisi\u00f3n y la toma de decisiones basada en datos.<\/p>\n\n\n\n<p><strong>PROGRAMA CULTIVA<\/strong>. El\u00a0<strong><a href=\"https:\/\/www.mapa.gob.es\/es\/desarrollo-rural\/temas\/relevo-generacional\/visitas-formativas\">Programa CULTIVA<\/a><\/strong> es una iniciativa\u00a0<strong>desarrollada y financiada por el MAPA<\/strong>. Las estancias son\u00a0<strong>gratuitas<\/strong>\u00a0y el se <strong>cubre tambi\u00e9n alojamiento, manutenci\u00f3n y transporte<\/strong>; adem\u00e1s, contempla una compensaci\u00f3n por sustituci\u00f3n para los responsables de la explotaci\u00f3n, para la atenci\u00f3n del participante mientras dura la formaci\u00f3n.<\/p>\n\n\n\n<figure class=\"wp-block-gallery has-nested-images columns-default is-cropped wp-block-gallery-1 is-layout-flex wp-block-gallery-is-layout-flex\">\n<figure class=\"wp-block-image size-large\"><img loading=\"lazy\" decoding=\"async\" width=\"1024\" height=\"768\" data-id=\"22318\" src=\"https:\/\/www.asajacyl.com\/palencia\/wp-content\/uploads\/sites\/3\/2026\/02\/Proyecto-Cultiva-Predaza-Campos-Palencia-3.jpg\" alt=\"\" class=\"wp-image-22318\" srcset=\"https:\/\/www.asajacyl.com\/palencia\/wp-content\/uploads\/sites\/3\/2026\/02\/Proyecto-Cultiva-Predaza-Campos-Palencia-3.jpg 1024w, https:\/\/www.asajacyl.com\/palencia\/wp-content\/uploads\/sites\/3\/2026\/02\/Proyecto-Cultiva-Predaza-Campos-Palencia-3-300x225.jpg 300w, https:\/\/www.asajacyl.com\/palencia\/wp-content\/uploads\/sites\/3\/2026\/02\/Proyecto-Cultiva-Predaza-Campos-Palencia-3-768x576.jpg 768w, https:\/\/www.asajacyl.com\/palencia\/wp-content\/uploads\/sites\/3\/2026\/02\/Proyecto-Cultiva-Predaza-Campos-Palencia-3-560x420.jpg 560w, https:\/\/www.asajacyl.com\/palencia\/wp-content\/uploads\/sites\/3\/2026\/02\/Proyecto-Cultiva-Predaza-Campos-Palencia-3-80x60.jpg 80w, https:\/\/www.asajacyl.com\/palencia\/wp-content\/uploads\/sites\/3\/2026\/02\/Proyecto-Cultiva-Predaza-Campos-Palencia-3-696x522.jpg 696w\" sizes=\"(max-width: 1024px) 100vw, 1024px\" \/><\/figure>\n\n\n\n<figure class=\"wp-block-image size-large\"><img loading=\"lazy\" decoding=\"async\" width=\"1024\" height=\"576\" data-id=\"22317\" src=\"https:\/\/www.asajacyl.com\/palencia\/wp-content\/uploads\/sites\/3\/2026\/02\/Proyecto-Cultiva-Predaza-Campos-Palencia-5.jpg\" alt=\"\" class=\"wp-image-22317\" srcset=\"https:\/\/www.asajacyl.com\/palencia\/wp-content\/uploads\/sites\/3\/2026\/02\/Proyecto-Cultiva-Predaza-Campos-Palencia-5.jpg 1024w, https:\/\/www.asajacyl.com\/palencia\/wp-content\/uploads\/sites\/3\/2026\/02\/Proyecto-Cultiva-Predaza-Campos-Palencia-5-300x169.jpg 300w, https:\/\/www.asajacyl.com\/palencia\/wp-content\/uploads\/sites\/3\/2026\/02\/Proyecto-Cultiva-Predaza-Campos-Palencia-5-768x432.jpg 768w, https:\/\/www.asajacyl.com\/palencia\/wp-content\/uploads\/sites\/3\/2026\/02\/Proyecto-Cultiva-Predaza-Campos-Palencia-5-747x420.jpg 747w, https:\/\/www.asajacyl.com\/palencia\/wp-content\/uploads\/sites\/3\/2026\/02\/Proyecto-Cultiva-Predaza-Campos-Palencia-5-696x392.jpg 696w\" sizes=\"(max-width: 1024px) 100vw, 1024px\" \/><\/figure>\n<\/figure>\n","protected":false},"excerpt":{"rendered":"<p>El alumno \u00c1lvaro Medina de Valladolid se ha formado en agricultura de precisi\u00f3n 4.0 de la mano de su gerente Jos\u00e9 M\u00aa Herrero, socio de ASAJA Palencia. AGRIMARCA es una explotaci\u00f3n modelo de Pedraza de Campos (Palencia) incluida en el Programa CULTIVA, donde el alumno \u00c1lvaro Medina de Valladolid se ha formado en agricultura de [&hellip;]<\/p>\n","protected":false},"author":9,"featured_media":22319,"comment_status":"open","ping_status":"open","sticky":false,"template":"","format":"standard","meta":{"footnotes":""},"categories":[9,28],"tags":[1757,1698,1756,1755,58,46,77,110],"yoast_head":"<!-- This site is optimized with the Yoast SEO plugin v24.5 - https:\/\/yoast.com\/wordpress\/plugins\/seo\/ -->\n<title>AGRIMARCA, una explotaci\u00f3n modelo de Pedraza de Campos (Palencia) para el Programa CULTIVA - ASAJA Palencia<\/title>\n<meta name=\"description\" content=\"El alumno \u00c1lvaro Medina de Valladolid se ha formado en agricultura de precisi\u00f3n 4.0 de la mano de su gerente Jos\u00e9 M\u00aa Herrero, socio de ASAJA Palencia. Una explotaci\u00f3n modelo de Pedraza de Campos (Palencia) para el Programa CULTIVA.\" \/>\n<meta name=\"robots\" content=\"index, follow, max-snippet:-1, max-image-preview:large, max-video-preview:-1\" \/>\n<link rel=\"canonical\" href=\"https:\/\/www.asajacyl.com\/palencia\/asaja-palencia-informa\/una-explotacion-modelo-de-pedraza-de-campos-palencia-para-el-programa-cultiva\" \/>\n<meta property=\"og:locale\" content=\"es_ES\" \/>\n<meta property=\"og:type\" content=\"article\" \/>\n<meta property=\"og:title\" content=\"AGRIMARCA, una explotaci\u00f3n modelo de Pedraza de Campos (Palencia) para el Programa CULTIVA - ASAJA Palencia\" \/>\n<meta property=\"og:description\" content=\"El alumno \u00c1lvaro Medina de Valladolid se ha formado en agricultura de precisi\u00f3n 4.0 de la mano de su gerente Jos\u00e9 M\u00aa Herrero, socio de ASAJA Palencia. Una explotaci\u00f3n modelo de Pedraza de Campos (Palencia) para el Programa CULTIVA.\" \/>\n<meta property=\"og:url\" content=\"https:\/\/www.asajacyl.com\/palencia\/asaja-palencia-informa\/una-explotacion-modelo-de-pedraza-de-campos-palencia-para-el-programa-cultiva\" \/>\n<meta property=\"og:site_name\" content=\"ASAJA Palencia\" \/>\n<meta property=\"article:published_time\" content=\"2026-02-21T09:54:41+00:00\" \/>\n<meta property=\"article:modified_time\" content=\"2026-02-23T09:37:33+00:00\" \/>\n<meta property=\"og:image\" content=\"https:\/\/www.asajacyl.com\/palencia\/wp-content\/uploads\/sites\/3\/2026\/02\/Proyecto-Cultiva-Predaza-Campos-alumno-Alvaro-Medina-de-Valladolid-Palencia-1.jpg\" \/>\n\t<meta property=\"og:image:width\" content=\"1024\" \/>\n\t<meta property=\"og:image:height\" content=\"852\" \/>\n\t<meta property=\"og:image:type\" content=\"image\/jpeg\" \/>\n<meta name=\"author\" content=\"Administrador\" \/>\n<meta name=\"twitter:card\" content=\"summary_large_image\" \/>\n<meta name=\"twitter:label1\" content=\"Escrito por\" \/>\n\t<meta name=\"twitter:data1\" content=\"Administrador\" \/>\n\t<meta name=\"twitter:label2\" content=\"Tiempo de lectura\" \/>\n\t<meta name=\"twitter:data2\" content=\"4 minutos\" \/>\n<script type=\"application\/ld+json\" class=\"yoast-schema-graph\">{\"@context\":\"https:\/\/schema.org\",\"@graph\":[{\"@type\":\"WebPage\",\"@id\":\"https:\/\/www.asajacyl.com\/palencia\/asaja-palencia-informa\/una-explotacion-modelo-de-pedraza-de-campos-palencia-para-el-programa-cultiva\",\"url\":\"https:\/\/www.asajacyl.com\/palencia\/asaja-palencia-informa\/una-explotacion-modelo-de-pedraza-de-campos-palencia-para-el-programa-cultiva\",\"name\":\"AGRIMARCA, una explotaci\u00f3n modelo de Pedraza de Campos (Palencia) para el Programa CULTIVA - ASAJA Palencia\",\"isPartOf\":{\"@id\":\"https:\/\/www.asajacyl.com\/palencia\/#website\"},\"primaryImageOfPage\":{\"@id\":\"https:\/\/www.asajacyl.com\/palencia\/asaja-palencia-informa\/una-explotacion-modelo-de-pedraza-de-campos-palencia-para-el-programa-cultiva#primaryimage\"},\"image\":{\"@id\":\"https:\/\/www.asajacyl.com\/palencia\/asaja-palencia-informa\/una-explotacion-modelo-de-pedraza-de-campos-palencia-para-el-programa-cultiva#primaryimage\"},\"thumbnailUrl\":\"https:\/\/www.asajacyl.com\/palencia\/wp-content\/uploads\/sites\/3\/2026\/02\/Proyecto-Cultiva-Predaza-Campos-alumno-Alvaro-Medina-de-Valladolid-Palencia-1.jpg\",\"datePublished\":\"2026-02-21T09:54:41+00:00\",\"dateModified\":\"2026-02-23T09:37:33+00:00\",\"author\":{\"@id\":\"https:\/\/www.asajacyl.com\/palencia\/#\/schema\/person\/3ab17aeb03527485c317557fae64aab1\"},\"description\":\"El alumno \u00c1lvaro Medina de Valladolid se ha formado en agricultura de precisi\u00f3n 4.0 de la mano de su gerente Jos\u00e9 M\u00aa Herrero, socio de ASAJA Palencia. Una explotaci\u00f3n modelo de Pedraza de Campos (Palencia) para el Programa CULTIVA.\",\"breadcrumb\":{\"@id\":\"https:\/\/www.asajacyl.com\/palencia\/asaja-palencia-informa\/una-explotacion-modelo-de-pedraza-de-campos-palencia-para-el-programa-cultiva#breadcrumb\"},\"inLanguage\":\"es\",\"potentialAction\":[{\"@type\":\"ReadAction\",\"target\":[\"https:\/\/www.asajacyl.com\/palencia\/asaja-palencia-informa\/una-explotacion-modelo-de-pedraza-de-campos-palencia-para-el-programa-cultiva\"]}]},{\"@type\":\"ImageObject\",\"inLanguage\":\"es\",\"@id\":\"https:\/\/www.asajacyl.com\/palencia\/asaja-palencia-informa\/una-explotacion-modelo-de-pedraza-de-campos-palencia-para-el-programa-cultiva#primaryimage\",\"url\":\"https:\/\/www.asajacyl.com\/palencia\/wp-content\/uploads\/sites\/3\/2026\/02\/Proyecto-Cultiva-Predaza-Campos-alumno-Alvaro-Medina-de-Valladolid-Palencia-1.jpg\",\"contentUrl\":\"https:\/\/www.asajacyl.com\/palencia\/wp-content\/uploads\/sites\/3\/2026\/02\/Proyecto-Cultiva-Predaza-Campos-alumno-Alvaro-Medina-de-Valladolid-Palencia-1.jpg\",\"width\":1024,\"height\":852},{\"@type\":\"BreadcrumbList\",\"@id\":\"https:\/\/www.asajacyl.com\/palencia\/asaja-palencia-informa\/una-explotacion-modelo-de-pedraza-de-campos-palencia-para-el-programa-cultiva#breadcrumb\",\"itemListElement\":[{\"@type\":\"ListItem\",\"position\":1,\"name\":\"Portada\",\"item\":\"https:\/\/www.asajacyl.com\/palencia\/\"},{\"@type\":\"ListItem\",\"position\":2,\"name\":\"AGRIMARCA, una explotaci\u00f3n modelo de Pedraza de Campos (Palencia) para el Programa CULTIVA\"}]},{\"@type\":\"WebSite\",\"@id\":\"https:\/\/www.asajacyl.com\/palencia\/#website\",\"url\":\"https:\/\/www.asajacyl.com\/palencia\/\",\"name\":\"ASAJA Palencia\",\"description\":\"Otro sitio m\u00e1s de Provincias ASAJA Castilla y Le\u00f3n\",\"potentialAction\":[{\"@type\":\"SearchAction\",\"target\":{\"@type\":\"EntryPoint\",\"urlTemplate\":\"https:\/\/www.asajacyl.com\/palencia\/?s={search_term_string}\"},\"query-input\":{\"@type\":\"PropertyValueSpecification\",\"valueRequired\":true,\"valueName\":\"search_term_string\"}}],\"inLanguage\":\"es\"},{\"@type\":\"Person\",\"@id\":\"https:\/\/www.asajacyl.com\/palencia\/#\/schema\/person\/3ab17aeb03527485c317557fae64aab1\",\"name\":\"Administrador\",\"image\":{\"@type\":\"ImageObject\",\"inLanguage\":\"es\",\"@id\":\"https:\/\/www.asajacyl.com\/palencia\/#\/schema\/person\/image\/\",\"url\":\"https:\/\/secure.gravatar.com\/avatar\/517384810d242ca9e38c180f3c9fb973?s=96&d=mm&r=g\",\"contentUrl\":\"https:\/\/secure.gravatar.com\/avatar\/517384810d242ca9e38c180f3c9fb973?s=96&d=mm&r=g\",\"caption\":\"Administrador\"},\"url\":\"https:\/\/www.asajacyl.com\/palencia\/author\/carlosrm\"}]}<\/script>\n<!-- \/ Yoast SEO plugin. -->","yoast_head_json":{"title":"AGRIMARCA, una explotaci\u00f3n modelo de Pedraza de Campos (Palencia) para el Programa CULTIVA - ASAJA Palencia","description":"El alumno \u00c1lvaro Medina de Valladolid se ha formado en agricultura de precisi\u00f3n 4.0 de la mano de su gerente Jos\u00e9 M\u00aa Herrero, socio de ASAJA Palencia. Una explotaci\u00f3n modelo de Pedraza de Campos (Palencia) para el Programa CULTIVA.","robots":{"index":"index","follow":"follow","max-snippet":"max-snippet:-1","max-image-preview":"max-image-preview:large","max-video-preview":"max-video-preview:-1"},"canonical":"https:\/\/www.asajacyl.com\/palencia\/asaja-palencia-informa\/una-explotacion-modelo-de-pedraza-de-campos-palencia-para-el-programa-cultiva","og_locale":"es_ES","og_type":"article","og_title":"AGRIMARCA, una explotaci\u00f3n modelo de Pedraza de Campos (Palencia) para el Programa CULTIVA - ASAJA Palencia","og_description":"El alumno \u00c1lvaro Medina de Valladolid se ha formado en agricultura de precisi\u00f3n 4.0 de la mano de su gerente Jos\u00e9 M\u00aa Herrero, socio de ASAJA Palencia. Una explotaci\u00f3n modelo de Pedraza de Campos (Palencia) para el Programa CULTIVA.","og_url":"https:\/\/www.asajacyl.com\/palencia\/asaja-palencia-informa\/una-explotacion-modelo-de-pedraza-de-campos-palencia-para-el-programa-cultiva","og_site_name":"ASAJA Palencia","article_published_time":"2026-02-21T09:54:41+00:00","article_modified_time":"2026-02-23T09:37:33+00:00","og_image":[{"width":1024,"height":852,"url":"https:\/\/www.asajacyl.com\/palencia\/wp-content\/uploads\/sites\/3\/2026\/02\/Proyecto-Cultiva-Predaza-Campos-alumno-Alvaro-Medina-de-Valladolid-Palencia-1.jpg","type":"image\/jpeg"}],"author":"Administrador","twitter_card":"summary_large_image","twitter_misc":{"Escrito por":"Administrador","Tiempo de lectura":"4 minutos"},"schema":{"@context":"https:\/\/schema.org","@graph":[{"@type":"WebPage","@id":"https:\/\/www.asajacyl.com\/palencia\/asaja-palencia-informa\/una-explotacion-modelo-de-pedraza-de-campos-palencia-para-el-programa-cultiva","url":"https:\/\/www.asajacyl.com\/palencia\/asaja-palencia-informa\/una-explotacion-modelo-de-pedraza-de-campos-palencia-para-el-programa-cultiva","name":"AGRIMARCA, una explotaci\u00f3n modelo de Pedraza de Campos (Palencia) para el Programa CULTIVA - ASAJA Palencia","isPartOf":{"@id":"https:\/\/www.asajacyl.com\/palencia\/#website"},"primaryImageOfPage":{"@id":"https:\/\/www.asajacyl.com\/palencia\/asaja-palencia-informa\/una-explotacion-modelo-de-pedraza-de-campos-palencia-para-el-programa-cultiva#primaryimage"},"image":{"@id":"https:\/\/www.asajacyl.com\/palencia\/asaja-palencia-informa\/una-explotacion-modelo-de-pedraza-de-campos-palencia-para-el-programa-cultiva#primaryimage"},"thumbnailUrl":"https:\/\/www.asajacyl.com\/palencia\/wp-content\/uploads\/sites\/3\/2026\/02\/Proyecto-Cultiva-Predaza-Campos-alumno-Alvaro-Medina-de-Valladolid-Palencia-1.jpg","datePublished":"2026-02-21T09:54:41+00:00","dateModified":"2026-02-23T09:37:33+00:00","author":{"@id":"https:\/\/www.asajacyl.com\/palencia\/#\/schema\/person\/3ab17aeb03527485c317557fae64aab1"},"description":"El alumno \u00c1lvaro Medina de Valladolid se ha formado en agricultura de precisi\u00f3n 4.0 de la mano de su gerente Jos\u00e9 M\u00aa Herrero, socio de ASAJA Palencia. Una explotaci\u00f3n modelo de Pedraza de Campos (Palencia) para el Programa CULTIVA.","breadcrumb":{"@id":"https:\/\/www.asajacyl.com\/palencia\/asaja-palencia-informa\/una-explotacion-modelo-de-pedraza-de-campos-palencia-para-el-programa-cultiva#breadcrumb"},"inLanguage":"es","potentialAction":[{"@type":"ReadAction","target":["https:\/\/www.asajacyl.com\/palencia\/asaja-palencia-informa\/una-explotacion-modelo-de-pedraza-de-campos-palencia-para-el-programa-cultiva"]}]},{"@type":"ImageObject","inLanguage":"es","@id":"https:\/\/www.asajacyl.com\/palencia\/asaja-palencia-informa\/una-explotacion-modelo-de-pedraza-de-campos-palencia-para-el-programa-cultiva#primaryimage","url":"https:\/\/www.asajacyl.com\/palencia\/wp-content\/uploads\/sites\/3\/2026\/02\/Proyecto-Cultiva-Predaza-Campos-alumno-Alvaro-Medina-de-Valladolid-Palencia-1.jpg","contentUrl":"https:\/\/www.asajacyl.com\/palencia\/wp-content\/uploads\/sites\/3\/2026\/02\/Proyecto-Cultiva-Predaza-Campos-alumno-Alvaro-Medina-de-Valladolid-Palencia-1.jpg","width":1024,"height":852},{"@type":"BreadcrumbList","@id":"https:\/\/www.asajacyl.com\/palencia\/asaja-palencia-informa\/una-explotacion-modelo-de-pedraza-de-campos-palencia-para-el-programa-cultiva#breadcrumb","itemListElement":[{"@type":"ListItem","position":1,"name":"Portada","item":"https:\/\/www.asajacyl.com\/palencia\/"},{"@type":"ListItem","position":2,"name":"AGRIMARCA, una explotaci\u00f3n modelo de Pedraza de Campos (Palencia) para el Programa CULTIVA"}]},{"@type":"WebSite","@id":"https:\/\/www.asajacyl.com\/palencia\/#website","url":"https:\/\/www.asajacyl.com\/palencia\/","name":"ASAJA Palencia","description":"Otro sitio m\u00e1s de Provincias ASAJA Castilla y Le\u00f3n","potentialAction":[{"@type":"SearchAction","target":{"@type":"EntryPoint","urlTemplate":"https:\/\/www.asajacyl.com\/palencia\/?s={search_term_string}"},"query-input":{"@type":"PropertyValueSpecification","valueRequired":true,"valueName":"search_term_string"}}],"inLanguage":"es"},{"@type":"Person","@id":"https:\/\/www.asajacyl.com\/palencia\/#\/schema\/person\/3ab17aeb03527485c317557fae64aab1","name":"Administrador","image":{"@type":"ImageObject","inLanguage":"es","@id":"https:\/\/www.asajacyl.com\/palencia\/#\/schema\/person\/image\/","url":"https:\/\/secure.gravatar.com\/avatar\/517384810d242ca9e38c180f3c9fb973?s=96&d=mm&r=g","contentUrl":"https:\/\/secure.gravatar.com\/avatar\/517384810d242ca9e38c180f3c9fb973?s=96&d=mm&r=g","caption":"Administrador"},"url":"https:\/\/www.asajacyl.com\/palencia\/author\/carlosrm"}]}},"_links":{"self":[{"href":"https:\/\/www.asajacyl.com\/palencia\/wp-json\/wp\/v2\/posts\/22312"}],"collection":[{"href":"https:\/\/www.asajacyl.com\/palencia\/wp-json\/wp\/v2\/posts"}],"about":[{"href":"https:\/\/www.asajacyl.com\/palencia\/wp-json\/wp\/v2\/types\/post"}],"author":[{"embeddable":true,"href":"https:\/\/www.asajacyl.com\/palencia\/wp-json\/wp\/v2\/users\/9"}],"replies":[{"embeddable":true,"href":"https:\/\/www.asajacyl.com\/palencia\/wp-json\/wp\/v2\/comments?post=22312"}],"version-history":[{"count":2,"href":"https:\/\/www.asajacyl.com\/palencia\/wp-json\/wp\/v2\/posts\/22312\/revisions"}],"predecessor-version":[{"id":22321,"href":"https:\/\/www.asajacyl.com\/palencia\/wp-json\/wp\/v2\/posts\/22312\/revisions\/22321"}],"wp:featuredmedia":[{"embeddable":true,"href":"https:\/\/www.asajacyl.com\/palencia\/wp-json\/wp\/v2\/media\/22319"}],"wp:attachment":[{"href":"https:\/\/www.asajacyl.com\/palencia\/wp-json\/wp\/v2\/media?parent=22312"}],"wp:term":[{"taxonomy":"category","embeddable":true,"href":"https:\/\/www.asajacyl.com\/palencia\/wp-json\/wp\/v2\/categories?post=22312"},{"taxonomy":"post_tag","embeddable":true,"href":"https:\/\/www.asajacyl.com\/palencia\/wp-json\/wp\/v2\/tags?post=22312"}],"curies":[{"name":"wp","href":"https:\/\/api.w.org\/{rel}","templated":true}]}}