{"id":22329,"date":"2026-02-23T19:56:45","date_gmt":"2026-02-23T18:56:45","guid":{"rendered":"https:\/\/www.asajacyl.com\/palencia\/?p=22329"},"modified":"2026-02-23T19:58:43","modified_gmt":"2026-02-23T18:58:43","slug":"el-socio-de-asaja-sergio-delgado-recibe-el-segundo-premio-generando-valor-rural","status":"publish","type":"post","link":"https:\/\/www.asajacyl.com\/palencia\/asaja-palencia-informa\/el-socio-de-asaja-sergio-delgado-recibe-el-segundo-premio-generando-valor-rural","title":{"rendered":"El socio de ASAJA Sergio Delgado recibe el segundo premio \u2018Generando valor rural Provincia de Palencia\u2019"},"content":{"rendered":"\n<h2 class=\"wp-block-heading\">La Diputaci\u00f3n de Palencia convoca los galardones para fomentar la competitividad empresarial y el emprendimiento en el medio rural<\/h2>\n\n\n\n<p>El socio de <a href=\"https:\/\/www.asajacyl.com\/palencia\/seccion\/asaja-palencia-informa\/noticias\">ASAJA<\/a> Sergio Delgado recibe el segundo premio \u2018Generando valor rural Provincia de Palencia\u2019, convocado por la <a href=\"https:\/\/www.diputaciondepalencia.es\/\">Diputaci\u00f3n<\/a> palentina para fomentar la competitividad empresarial y el emprendimiento en el medio rural.<\/p>\n\n\n\n<p>La sexta edici\u00f3n de los Premios a Proyectos I+D+i 2025, en colaboraci\u00f3n con la Universidad de Valladolid, pretende motivar a las empresas y emprendedores sobre la necesidad de invertir en conocimiento y desarrollo tecnol\u00f3gico, para alcanzar un mayor grado de competitividad empresarial.<\/p>\n\n\n\n<figure class=\"wp-block-image size-large is-resized\"><img loading=\"lazy\" decoding=\"async\" width=\"1024\" height=\"682\" src=\"https:\/\/www.asajacyl.com\/palencia\/wp-content\/uploads\/sites\/3\/2026\/02\/Sergio-Delgado-con-el-premio-1-1024x682.jpg\" alt=\"\" class=\"wp-image-22331\" style=\"width:810px;height:auto\" srcset=\"https:\/\/www.asajacyl.com\/palencia\/wp-content\/uploads\/sites\/3\/2026\/02\/Sergio-Delgado-con-el-premio-1-1024x682.jpg 1024w, https:\/\/www.asajacyl.com\/palencia\/wp-content\/uploads\/sites\/3\/2026\/02\/Sergio-Delgado-con-el-premio-1-300x200.jpg 300w, https:\/\/www.asajacyl.com\/palencia\/wp-content\/uploads\/sites\/3\/2026\/02\/Sergio-Delgado-con-el-premio-1-768x511.jpg 768w, https:\/\/www.asajacyl.com\/palencia\/wp-content\/uploads\/sites\/3\/2026\/02\/Sergio-Delgado-con-el-premio-1-1536x1022.jpg 1536w, https:\/\/www.asajacyl.com\/palencia\/wp-content\/uploads\/sites\/3\/2026\/02\/Sergio-Delgado-con-el-premio-1-631x420.jpg 631w, https:\/\/www.asajacyl.com\/palencia\/wp-content\/uploads\/sites\/3\/2026\/02\/Sergio-Delgado-con-el-premio-1-696x463.jpg 696w, https:\/\/www.asajacyl.com\/palencia\/wp-content\/uploads\/sites\/3\/2026\/02\/Sergio-Delgado-con-el-premio-1-1068x711.jpg 1068w, https:\/\/www.asajacyl.com\/palencia\/wp-content\/uploads\/sites\/3\/2026\/02\/Sergio-Delgado-con-el-premio-1-1920x1278.jpg 1920w, https:\/\/www.asajacyl.com\/palencia\/wp-content\/uploads\/sites\/3\/2026\/02\/Sergio-Delgado-con-el-premio-1.jpg 2048w\" sizes=\"(max-width: 1024px) 100vw, 1024px\" \/><figcaption class=\"wp-element-caption\">El socio de ASAJA Palencia, Sergio Delgado, muestra su premio junto al rector de la Universidad de Valladolid, Antonio Largo.<\/figcaption><\/figure>\n\n\n\n<p><strong>PROYECTO INNOVADOR<\/strong>. El socio de ASAJA Palencia Sergio Delgado <strong>ha recibido 7.500 euros<\/strong> por el segundo premio con el <strong>proyecto \u201cSustituci\u00f3n progresiva de fertilizantes qu\u00edmicos por soluciones org\u00e1nicas l\u00edquidas de origen biol\u00f3gico\u201d<\/strong>, que se desarrolla en su explotaci\u00f3n agraria de Palenzuela.<\/p>\n\n\n\n<p>El proyecto se basa en la sustituci\u00f3n progresiva de fertilizantes qu\u00edmicos por soluciones org\u00e1nicas l\u00edquidas de origen biol\u00f3gico, integradas en los sistemas de fertirrigaci\u00f3n de alta precisi\u00f3n. <\/p>\n\n\n\n<p>Se pretende probar un tipo de fertilizante innovador -el <em>frass<\/em> del insecto <em>Tenebrio molitor<\/em>-, que es el excremento del escarabajo de la harina y que ha mostrado resultados prometedores en el cultivo de tomate, seg\u00fan ensayos realizados. <\/p>\n\n\n\n<p>Al contar con un sistema de fertirrigaci\u00f3n avanzado, es posible incorporar fertilizantes l\u00edquidos org\u00e1nicos en condiciones reales de cultivo, haciendo de la finca un laboratorio vivo de transici\u00f3n agroecol\u00f3gica.<\/p>\n\n\n\n<p><strong>GRUPO DE INVESTIGACI\u00d3N AGROBIOTECH<\/strong>. Jorge Mart\u00edn, Jorge Poveda, \u00d3scar Santamar\u00eda, Mar\u00eda Isabel Pozo y Baudilio Herrero forman el grupo de investigaci\u00f3n del proyecto Agrobiotech, cuyo <strong>objetivo general es evaluar la viabilidad agron\u00f3mica, fisiol\u00f3gica y medioambiental del uso de soluciones l\u00edquidas derivadas del <em>frass<\/em> del insecto <em>Tenebrio molitor<\/em>, como sustituto parcial de fertilizantes minerales<\/strong>, en los cultivos de tomate y pimiento bajo condiciones controladas de invernadero.<\/p>\n\n\n\n<figure class=\"wp-block-image size-large is-resized\"><img loading=\"lazy\" decoding=\"async\" width=\"1024\" height=\"682\" src=\"https:\/\/www.asajacyl.com\/palencia\/wp-content\/uploads\/sites\/3\/2026\/02\/Premiados-3-1-1024x682.jpg\" alt=\"\" class=\"wp-image-22333\" style=\"width:812px;height:auto\" srcset=\"https:\/\/www.asajacyl.com\/palencia\/wp-content\/uploads\/sites\/3\/2026\/02\/Premiados-3-1-1024x682.jpg 1024w, https:\/\/www.asajacyl.com\/palencia\/wp-content\/uploads\/sites\/3\/2026\/02\/Premiados-3-1-300x200.jpg 300w, https:\/\/www.asajacyl.com\/palencia\/wp-content\/uploads\/sites\/3\/2026\/02\/Premiados-3-1-768x511.jpg 768w, https:\/\/www.asajacyl.com\/palencia\/wp-content\/uploads\/sites\/3\/2026\/02\/Premiados-3-1-1536x1022.jpg 1536w, https:\/\/www.asajacyl.com\/palencia\/wp-content\/uploads\/sites\/3\/2026\/02\/Premiados-3-1-631x420.jpg 631w, https:\/\/www.asajacyl.com\/palencia\/wp-content\/uploads\/sites\/3\/2026\/02\/Premiados-3-1-696x463.jpg 696w, https:\/\/www.asajacyl.com\/palencia\/wp-content\/uploads\/sites\/3\/2026\/02\/Premiados-3-1-1068x711.jpg 1068w, https:\/\/www.asajacyl.com\/palencia\/wp-content\/uploads\/sites\/3\/2026\/02\/Premiados-3-1-1920x1278.jpg 1920w, https:\/\/www.asajacyl.com\/palencia\/wp-content\/uploads\/sites\/3\/2026\/02\/Premiados-3-1.jpg 2048w\" sizes=\"(max-width: 1024px) 100vw, 1024px\" \/><figcaption class=\"wp-element-caption\">Foto de los premiados junto a las autoridades de Diputaci\u00f3n de Palencia y Universidad de Valladolid.<\/figcaption><\/figure>\n\n\n\n<p><strong>OBJETIVOS ESPEC\u00cdFICOS<\/strong>. Los objetivos espec\u00edficos del proyecto son: caracterizaci\u00f3n de la composici\u00f3n qu\u00edmica y microbiol\u00f3gica del <em>frass<\/em> empleado, dise\u00f1ar y ejecutar ensayos de fertirrigaci\u00f3n en tomate y pimiento, evaluar el efecto de los tratamientos sobre par\u00e1metros fisiol\u00f3gicos de la planta, cuantificar la variaci\u00f3n den la actividad microbiana y fertilidad del suelo, elaborar un protocolo t\u00e9cnico reproducible para fertiirrigaci\u00f3n org\u00e1nica l\u00edquida con <em>frass<\/em>.<\/p>\n","protected":false},"excerpt":{"rendered":"<p>La Diputaci\u00f3n de Palencia convoca los galardones para fomentar la competitividad empresarial y el emprendimiento en el medio rural El socio de ASAJA Sergio Delgado recibe el segundo premio \u2018Generando valor rural Provincia de Palencia\u2019, convocado por la Diputaci\u00f3n palentina para fomentar la competitividad empresarial y el emprendimiento en el medio rural. La sexta edici\u00f3n [&hellip;]<\/p>\n","protected":false},"author":9,"featured_media":22330,"comment_status":"open","ping_status":"open","sticky":false,"template":"","format":"standard","meta":{"footnotes":""},"categories":[9,29,28],"tags":[1698,1760,1761,58],"yoast_head":"<!-- This site is optimized with the Yoast SEO plugin v24.5 - https:\/\/yoast.com\/wordpress\/plugins\/seo\/ -->\n<title>El socio de ASAJA Sergio Delgado recibe el segundo premio \u2018Generando valor rural Provincia de Palencia\u2019 - ASAJA Palencia<\/title>\n<meta name=\"description\" content=\"La Diputaci\u00f3n de Palencia convoca los galardones para fomentar la competitividad empresarial y el emprendimiento en el medio rural El socio de ASAJA El socio de ASAJA Sergio Delgado recibe el segundo premio \u2018Generando valor rural\" \/>\n<meta name=\"robots\" content=\"index, follow, max-snippet:-1, max-image-preview:large, max-video-preview:-1\" \/>\n<link rel=\"canonical\" href=\"https:\/\/www.asajacyl.com\/palencia\/asaja-palencia-informa\/el-socio-de-asaja-sergio-delgado-recibe-el-segundo-premio-generando-valor-rural\" \/>\n<meta property=\"og:locale\" content=\"es_ES\" \/>\n<meta property=\"og:type\" content=\"article\" \/>\n<meta property=\"og:title\" content=\"El socio de ASAJA Sergio Delgado recibe el segundo premio \u2018Generando valor rural Provincia de Palencia\u2019 - ASAJA Palencia\" \/>\n<meta property=\"og:description\" content=\"La Diputaci\u00f3n de Palencia convoca los galardones para fomentar la competitividad empresarial y el emprendimiento en el medio rural El socio de ASAJA El socio de ASAJA Sergio Delgado recibe el segundo premio \u2018Generando valor rural\" \/>\n<meta property=\"og:url\" content=\"https:\/\/www.asajacyl.com\/palencia\/asaja-palencia-informa\/el-socio-de-asaja-sergio-delgado-recibe-el-segundo-premio-generando-valor-rural\" \/>\n<meta property=\"og:site_name\" content=\"ASAJA Palencia\" \/>\n<meta property=\"article:published_time\" content=\"2026-02-23T18:56:45+00:00\" \/>\n<meta property=\"article:modified_time\" content=\"2026-02-23T18:58:43+00:00\" \/>\n<meta property=\"og:image\" content=\"https:\/\/www.asajacyl.com\/palencia\/wp-content\/uploads\/sites\/3\/2026\/02\/Sergio-Delgado-con-el-premio.jpg\" \/>\n\t<meta property=\"og:image:width\" content=\"2048\" \/>\n\t<meta property=\"og:image:height\" content=\"1363\" \/>\n\t<meta property=\"og:image:type\" content=\"image\/jpeg\" \/>\n<meta name=\"author\" content=\"Administrador\" \/>\n<meta name=\"twitter:card\" content=\"summary_large_image\" \/>\n<meta name=\"twitter:label1\" content=\"Escrito por\" \/>\n\t<meta name=\"twitter:data1\" content=\"Administrador\" \/>\n\t<meta name=\"twitter:label2\" content=\"Tiempo de lectura\" \/>\n\t<meta name=\"twitter:data2\" content=\"3 minutos\" \/>\n<script type=\"application\/ld+json\" class=\"yoast-schema-graph\">{\"@context\":\"https:\/\/schema.org\",\"@graph\":[{\"@type\":\"WebPage\",\"@id\":\"https:\/\/www.asajacyl.com\/palencia\/asaja-palencia-informa\/el-socio-de-asaja-sergio-delgado-recibe-el-segundo-premio-generando-valor-rural\",\"url\":\"https:\/\/www.asajacyl.com\/palencia\/asaja-palencia-informa\/el-socio-de-asaja-sergio-delgado-recibe-el-segundo-premio-generando-valor-rural\",\"name\":\"El socio de ASAJA Sergio Delgado recibe el segundo premio \u2018Generando valor rural Provincia de Palencia\u2019 - ASAJA Palencia\",\"isPartOf\":{\"@id\":\"https:\/\/www.asajacyl.com\/palencia\/#website\"},\"primaryImageOfPage\":{\"@id\":\"https:\/\/www.asajacyl.com\/palencia\/asaja-palencia-informa\/el-socio-de-asaja-sergio-delgado-recibe-el-segundo-premio-generando-valor-rural#primaryimage\"},\"image\":{\"@id\":\"https:\/\/www.asajacyl.com\/palencia\/asaja-palencia-informa\/el-socio-de-asaja-sergio-delgado-recibe-el-segundo-premio-generando-valor-rural#primaryimage\"},\"thumbnailUrl\":\"https:\/\/www.asajacyl.com\/palencia\/wp-content\/uploads\/sites\/3\/2026\/02\/Sergio-Delgado-con-el-premio.jpg\",\"datePublished\":\"2026-02-23T18:56:45+00:00\",\"dateModified\":\"2026-02-23T18:58:43+00:00\",\"author\":{\"@id\":\"https:\/\/www.asajacyl.com\/palencia\/#\/schema\/person\/3ab17aeb03527485c317557fae64aab1\"},\"description\":\"La Diputaci\u00f3n de Palencia convoca los galardones para fomentar la competitividad empresarial y el emprendimiento en el medio rural El socio de ASAJA El socio de ASAJA Sergio Delgado recibe el segundo premio \u2018Generando valor rural\",\"breadcrumb\":{\"@id\":\"https:\/\/www.asajacyl.com\/palencia\/asaja-palencia-informa\/el-socio-de-asaja-sergio-delgado-recibe-el-segundo-premio-generando-valor-rural#breadcrumb\"},\"inLanguage\":\"es\",\"potentialAction\":[{\"@type\":\"ReadAction\",\"target\":[\"https:\/\/www.asajacyl.com\/palencia\/asaja-palencia-informa\/el-socio-de-asaja-sergio-delgado-recibe-el-segundo-premio-generando-valor-rural\"]}]},{\"@type\":\"ImageObject\",\"inLanguage\":\"es\",\"@id\":\"https:\/\/www.asajacyl.com\/palencia\/asaja-palencia-informa\/el-socio-de-asaja-sergio-delgado-recibe-el-segundo-premio-generando-valor-rural#primaryimage\",\"url\":\"https:\/\/www.asajacyl.com\/palencia\/wp-content\/uploads\/sites\/3\/2026\/02\/Sergio-Delgado-con-el-premio.jpg\",\"contentUrl\":\"https:\/\/www.asajacyl.com\/palencia\/wp-content\/uploads\/sites\/3\/2026\/02\/Sergio-Delgado-con-el-premio.jpg\",\"width\":2048,\"height\":1363},{\"@type\":\"BreadcrumbList\",\"@id\":\"https:\/\/www.asajacyl.com\/palencia\/asaja-palencia-informa\/el-socio-de-asaja-sergio-delgado-recibe-el-segundo-premio-generando-valor-rural#breadcrumb\",\"itemListElement\":[{\"@type\":\"ListItem\",\"position\":1,\"name\":\"Portada\",\"item\":\"https:\/\/www.asajacyl.com\/palencia\/\"},{\"@type\":\"ListItem\",\"position\":2,\"name\":\"El socio de ASAJA Sergio Delgado recibe el segundo premio \u2018Generando valor rural Provincia de Palencia\u2019\"}]},{\"@type\":\"WebSite\",\"@id\":\"https:\/\/www.asajacyl.com\/palencia\/#website\",\"url\":\"https:\/\/www.asajacyl.com\/palencia\/\",\"name\":\"ASAJA Palencia\",\"description\":\"Otro sitio m\u00e1s de Provincias ASAJA Castilla y Le\u00f3n\",\"potentialAction\":[{\"@type\":\"SearchAction\",\"target\":{\"@type\":\"EntryPoint\",\"urlTemplate\":\"https:\/\/www.asajacyl.com\/palencia\/?s={search_term_string}\"},\"query-input\":{\"@type\":\"PropertyValueSpecification\",\"valueRequired\":true,\"valueName\":\"search_term_string\"}}],\"inLanguage\":\"es\"},{\"@type\":\"Person\",\"@id\":\"https:\/\/www.asajacyl.com\/palencia\/#\/schema\/person\/3ab17aeb03527485c317557fae64aab1\",\"name\":\"Administrador\",\"image\":{\"@type\":\"ImageObject\",\"inLanguage\":\"es\",\"@id\":\"https:\/\/www.asajacyl.com\/palencia\/#\/schema\/person\/image\/\",\"url\":\"https:\/\/secure.gravatar.com\/avatar\/517384810d242ca9e38c180f3c9fb973?s=96&d=mm&r=g\",\"contentUrl\":\"https:\/\/secure.gravatar.com\/avatar\/517384810d242ca9e38c180f3c9fb973?s=96&d=mm&r=g\",\"caption\":\"Administrador\"},\"url\":\"https:\/\/www.asajacyl.com\/palencia\/author\/carlosrm\"}]}<\/script>\n<!-- \/ Yoast SEO plugin. -->","yoast_head_json":{"title":"El socio de ASAJA Sergio Delgado recibe el segundo premio \u2018Generando valor rural Provincia de Palencia\u2019 - ASAJA Palencia","description":"La Diputaci\u00f3n de Palencia convoca los galardones para fomentar la competitividad empresarial y el emprendimiento en el medio rural El socio de ASAJA El socio de ASAJA Sergio Delgado recibe el segundo premio \u2018Generando valor rural","robots":{"index":"index","follow":"follow","max-snippet":"max-snippet:-1","max-image-preview":"max-image-preview:large","max-video-preview":"max-video-preview:-1"},"canonical":"https:\/\/www.asajacyl.com\/palencia\/asaja-palencia-informa\/el-socio-de-asaja-sergio-delgado-recibe-el-segundo-premio-generando-valor-rural","og_locale":"es_ES","og_type":"article","og_title":"El socio de ASAJA Sergio Delgado recibe el segundo premio \u2018Generando valor rural Provincia de Palencia\u2019 - ASAJA Palencia","og_description":"La Diputaci\u00f3n de Palencia convoca los galardones para fomentar la competitividad empresarial y el emprendimiento en el medio rural El socio de ASAJA El socio de ASAJA Sergio Delgado recibe el segundo premio \u2018Generando valor rural","og_url":"https:\/\/www.asajacyl.com\/palencia\/asaja-palencia-informa\/el-socio-de-asaja-sergio-delgado-recibe-el-segundo-premio-generando-valor-rural","og_site_name":"ASAJA Palencia","article_published_time":"2026-02-23T18:56:45+00:00","article_modified_time":"2026-02-23T18:58:43+00:00","og_image":[{"width":2048,"height":1363,"url":"https:\/\/www.asajacyl.com\/palencia\/wp-content\/uploads\/sites\/3\/2026\/02\/Sergio-Delgado-con-el-premio.jpg","type":"image\/jpeg"}],"author":"Administrador","twitter_card":"summary_large_image","twitter_misc":{"Escrito por":"Administrador","Tiempo de lectura":"3 minutos"},"schema":{"@context":"https:\/\/schema.org","@graph":[{"@type":"WebPage","@id":"https:\/\/www.asajacyl.com\/palencia\/asaja-palencia-informa\/el-socio-de-asaja-sergio-delgado-recibe-el-segundo-premio-generando-valor-rural","url":"https:\/\/www.asajacyl.com\/palencia\/asaja-palencia-informa\/el-socio-de-asaja-sergio-delgado-recibe-el-segundo-premio-generando-valor-rural","name":"El socio de ASAJA Sergio Delgado recibe el segundo premio \u2018Generando valor rural Provincia de Palencia\u2019 - ASAJA Palencia","isPartOf":{"@id":"https:\/\/www.asajacyl.com\/palencia\/#website"},"primaryImageOfPage":{"@id":"https:\/\/www.asajacyl.com\/palencia\/asaja-palencia-informa\/el-socio-de-asaja-sergio-delgado-recibe-el-segundo-premio-generando-valor-rural#primaryimage"},"image":{"@id":"https:\/\/www.asajacyl.com\/palencia\/asaja-palencia-informa\/el-socio-de-asaja-sergio-delgado-recibe-el-segundo-premio-generando-valor-rural#primaryimage"},"thumbnailUrl":"https:\/\/www.asajacyl.com\/palencia\/wp-content\/uploads\/sites\/3\/2026\/02\/Sergio-Delgado-con-el-premio.jpg","datePublished":"2026-02-23T18:56:45+00:00","dateModified":"2026-02-23T18:58:43+00:00","author":{"@id":"https:\/\/www.asajacyl.com\/palencia\/#\/schema\/person\/3ab17aeb03527485c317557fae64aab1"},"description":"La Diputaci\u00f3n de Palencia convoca los galardones para fomentar la competitividad empresarial y el emprendimiento en el medio rural El socio de ASAJA El socio de ASAJA Sergio Delgado recibe el segundo premio \u2018Generando valor rural","breadcrumb":{"@id":"https:\/\/www.asajacyl.com\/palencia\/asaja-palencia-informa\/el-socio-de-asaja-sergio-delgado-recibe-el-segundo-premio-generando-valor-rural#breadcrumb"},"inLanguage":"es","potentialAction":[{"@type":"ReadAction","target":["https:\/\/www.asajacyl.com\/palencia\/asaja-palencia-informa\/el-socio-de-asaja-sergio-delgado-recibe-el-segundo-premio-generando-valor-rural"]}]},{"@type":"ImageObject","inLanguage":"es","@id":"https:\/\/www.asajacyl.com\/palencia\/asaja-palencia-informa\/el-socio-de-asaja-sergio-delgado-recibe-el-segundo-premio-generando-valor-rural#primaryimage","url":"https:\/\/www.asajacyl.com\/palencia\/wp-content\/uploads\/sites\/3\/2026\/02\/Sergio-Delgado-con-el-premio.jpg","contentUrl":"https:\/\/www.asajacyl.com\/palencia\/wp-content\/uploads\/sites\/3\/2026\/02\/Sergio-Delgado-con-el-premio.jpg","width":2048,"height":1363},{"@type":"BreadcrumbList","@id":"https:\/\/www.asajacyl.com\/palencia\/asaja-palencia-informa\/el-socio-de-asaja-sergio-delgado-recibe-el-segundo-premio-generando-valor-rural#breadcrumb","itemListElement":[{"@type":"ListItem","position":1,"name":"Portada","item":"https:\/\/www.asajacyl.com\/palencia\/"},{"@type":"ListItem","position":2,"name":"El socio de ASAJA Sergio Delgado recibe el segundo premio \u2018Generando valor rural Provincia de Palencia\u2019"}]},{"@type":"WebSite","@id":"https:\/\/www.asajacyl.com\/palencia\/#website","url":"https:\/\/www.asajacyl.com\/palencia\/","name":"ASAJA Palencia","description":"Otro sitio m\u00e1s de Provincias ASAJA Castilla y Le\u00f3n","potentialAction":[{"@type":"SearchAction","target":{"@type":"EntryPoint","urlTemplate":"https:\/\/www.asajacyl.com\/palencia\/?s={search_term_string}"},"query-input":{"@type":"PropertyValueSpecification","valueRequired":true,"valueName":"search_term_string"}}],"inLanguage":"es"},{"@type":"Person","@id":"https:\/\/www.asajacyl.com\/palencia\/#\/schema\/person\/3ab17aeb03527485c317557fae64aab1","name":"Administrador","image":{"@type":"ImageObject","inLanguage":"es","@id":"https:\/\/www.asajacyl.com\/palencia\/#\/schema\/person\/image\/","url":"https:\/\/secure.gravatar.com\/avatar\/517384810d242ca9e38c180f3c9fb973?s=96&d=mm&r=g","contentUrl":"https:\/\/secure.gravatar.com\/avatar\/517384810d242ca9e38c180f3c9fb973?s=96&d=mm&r=g","caption":"Administrador"},"url":"https:\/\/www.asajacyl.com\/palencia\/author\/carlosrm"}]}},"_links":{"self":[{"href":"https:\/\/www.asajacyl.com\/palencia\/wp-json\/wp\/v2\/posts\/22329"}],"collection":[{"href":"https:\/\/www.asajacyl.com\/palencia\/wp-json\/wp\/v2\/posts"}],"about":[{"href":"https:\/\/www.asajacyl.com\/palencia\/wp-json\/wp\/v2\/types\/post"}],"author":[{"embeddable":true,"href":"https:\/\/www.asajacyl.com\/palencia\/wp-json\/wp\/v2\/users\/9"}],"replies":[{"embeddable":true,"href":"https:\/\/www.asajacyl.com\/palencia\/wp-json\/wp\/v2\/comments?post=22329"}],"version-history":[{"count":2,"href":"https:\/\/www.asajacyl.com\/palencia\/wp-json\/wp\/v2\/posts\/22329\/revisions"}],"predecessor-version":[{"id":22336,"href":"https:\/\/www.asajacyl.com\/palencia\/wp-json\/wp\/v2\/posts\/22329\/revisions\/22336"}],"wp:featuredmedia":[{"embeddable":true,"href":"https:\/\/www.asajacyl.com\/palencia\/wp-json\/wp\/v2\/media\/22330"}],"wp:attachment":[{"href":"https:\/\/www.asajacyl.com\/palencia\/wp-json\/wp\/v2\/media?parent=22329"}],"wp:term":[{"taxonomy":"category","embeddable":true,"href":"https:\/\/www.asajacyl.com\/palencia\/wp-json\/wp\/v2\/categories?post=22329"},{"taxonomy":"post_tag","embeddable":true,"href":"https:\/\/www.asajacyl.com\/palencia\/wp-json\/wp\/v2\/tags?post=22329"}],"curies":[{"name":"wp","href":"https:\/\/api.w.org\/{rel}","templated":true}]}}