{"id":22338,"date":"2026-02-24T22:09:42","date_gmt":"2026-02-24T21:09:42","guid":{"rendered":"https:\/\/www.asajacyl.com\/palencia\/?p=22338"},"modified":"2026-02-26T08:42:23","modified_gmt":"2026-02-26T07:42:23","slug":"inmobilismo-en-los-precios-en-la-lonja-de-salamanca","status":"publish","type":"post","link":"https:\/\/www.asajacyl.com\/palencia\/asaja-palencia-informa\/inmobilismo-en-los-precios-en-la-lonja-de-salamanca","title":{"rendered":"Inmovilismo en los precios en la lonja de Salamanca"},"content":{"rendered":"\n<h2 class=\"wp-block-heading\">La sesi\u00f3n semanal de la Lonja de Salamanca destac\u00f3 por el inmobilismo en todas las referencias.<\/h2>\n\n\n\n<figure class=\"wp-block-image size-full is-resized\"><img loading=\"lazy\" decoding=\"async\" width=\"1024\" height=\"768\" src=\"https:\/\/www.asajacyl.com\/palencia\/wp-content\/uploads\/sites\/3\/2026\/02\/Tabla-precios-ganaderia-22-2-26.jpg\" alt=\"\" class=\"wp-image-22339\" style=\"width:851px;height:auto\" srcset=\"https:\/\/www.asajacyl.com\/palencia\/wp-content\/uploads\/sites\/3\/2026\/02\/Tabla-precios-ganaderia-22-2-26.jpg 1024w, https:\/\/www.asajacyl.com\/palencia\/wp-content\/uploads\/sites\/3\/2026\/02\/Tabla-precios-ganaderia-22-2-26-300x225.jpg 300w, https:\/\/www.asajacyl.com\/palencia\/wp-content\/uploads\/sites\/3\/2026\/02\/Tabla-precios-ganaderia-22-2-26-768x576.jpg 768w, https:\/\/www.asajacyl.com\/palencia\/wp-content\/uploads\/sites\/3\/2026\/02\/Tabla-precios-ganaderia-22-2-26-560x420.jpg 560w, https:\/\/www.asajacyl.com\/palencia\/wp-content\/uploads\/sites\/3\/2026\/02\/Tabla-precios-ganaderia-22-2-26-80x60.jpg 80w, https:\/\/www.asajacyl.com\/palencia\/wp-content\/uploads\/sites\/3\/2026\/02\/Tabla-precios-ganaderia-22-2-26-696x522.jpg 696w\" sizes=\"(max-width: 1024px) 100vw, 1024px\" \/><\/figure>\n\n\n\n<h2 class=\"wp-block-heading\">Los precios del lechazo tampoco var\u00edan hasta la reuni\u00f3n de la Mesa del Lechazo del pr\u00f3ximo viernes.<\/h2>\n","protected":false},"excerpt":{"rendered":"<p>La sesi\u00f3n semanal de la Lonja de Salamanca destac\u00f3 por el inmobilismo en todas las referencias. Los precios del lechazo tampoco var\u00edan hasta la reuni\u00f3n de la Mesa del Lechazo del pr\u00f3ximo viernes.<\/p>\n","protected":false},"author":9,"featured_media":22339,"comment_status":"open","ping_status":"open","sticky":false,"template":"","format":"standard","meta":{"footnotes":""},"categories":[9,28],"tags":[1698,1702,1762,1713,77],"yoast_head":"<!-- This site is optimized with the Yoast SEO plugin v24.5 - https:\/\/yoast.com\/wordpress\/plugins\/seo\/ -->\n<title>Inmovilismo en los precios en la lonja de Salamanca - ASAJA Palencia<\/title>\n<meta name=\"description\" content=\"La sesi\u00f3n semanal de la Lonja de Salamanca destac\u00f3 por el inmobilismo en todas las referencias. Los precios del lechazo tampoco var\u00edan hasta la reuni\u00f3n de Inmobilismo en los precios en Salamanca\" \/>\n<meta name=\"robots\" content=\"index, follow, max-snippet:-1, max-image-preview:large, max-video-preview:-1\" \/>\n<link rel=\"canonical\" href=\"https:\/\/www.asajacyl.com\/palencia\/asaja-palencia-informa\/inmobilismo-en-los-precios-en-la-lonja-de-salamanca\" \/>\n<meta property=\"og:locale\" content=\"es_ES\" \/>\n<meta property=\"og:type\" content=\"article\" \/>\n<meta property=\"og:title\" content=\"Inmovilismo en los precios en la lonja de Salamanca - ASAJA Palencia\" \/>\n<meta property=\"og:description\" content=\"La sesi\u00f3n semanal de la Lonja de Salamanca destac\u00f3 por el inmobilismo en todas las referencias. Los precios del lechazo tampoco var\u00edan hasta la reuni\u00f3n de Inmobilismo en los precios en Salamanca\" \/>\n<meta property=\"og:url\" content=\"https:\/\/www.asajacyl.com\/palencia\/asaja-palencia-informa\/inmobilismo-en-los-precios-en-la-lonja-de-salamanca\" \/>\n<meta property=\"og:site_name\" content=\"ASAJA Palencia\" \/>\n<meta property=\"article:published_time\" content=\"2026-02-24T21:09:42+00:00\" \/>\n<meta property=\"article:modified_time\" content=\"2026-02-26T07:42:23+00:00\" \/>\n<meta property=\"og:image\" content=\"https:\/\/www.asajacyl.com\/palencia\/wp-content\/uploads\/sites\/3\/2026\/02\/Tabla-precios-ganaderia-22-2-26.jpg\" \/>\n\t<meta property=\"og:image:width\" content=\"1024\" \/>\n\t<meta property=\"og:image:height\" content=\"768\" \/>\n\t<meta property=\"og:image:type\" content=\"image\/jpeg\" \/>\n<meta name=\"author\" content=\"Administrador\" \/>\n<meta name=\"twitter:card\" content=\"summary_large_image\" \/>\n<meta name=\"twitter:label1\" content=\"Escrito por\" \/>\n\t<meta name=\"twitter:data1\" content=\"Administrador\" \/>\n\t<meta name=\"twitter:label2\" content=\"Tiempo de lectura\" \/>\n\t<meta name=\"twitter:data2\" content=\"1 minuto\" \/>\n<script type=\"application\/ld+json\" class=\"yoast-schema-graph\">{\"@context\":\"https:\/\/schema.org\",\"@graph\":[{\"@type\":\"WebPage\",\"@id\":\"https:\/\/www.asajacyl.com\/palencia\/asaja-palencia-informa\/inmobilismo-en-los-precios-en-la-lonja-de-salamanca\",\"url\":\"https:\/\/www.asajacyl.com\/palencia\/asaja-palencia-informa\/inmobilismo-en-los-precios-en-la-lonja-de-salamanca\",\"name\":\"Inmovilismo en los precios en la lonja de Salamanca - ASAJA Palencia\",\"isPartOf\":{\"@id\":\"https:\/\/www.asajacyl.com\/palencia\/#website\"},\"primaryImageOfPage\":{\"@id\":\"https:\/\/www.asajacyl.com\/palencia\/asaja-palencia-informa\/inmobilismo-en-los-precios-en-la-lonja-de-salamanca#primaryimage\"},\"image\":{\"@id\":\"https:\/\/www.asajacyl.com\/palencia\/asaja-palencia-informa\/inmobilismo-en-los-precios-en-la-lonja-de-salamanca#primaryimage\"},\"thumbnailUrl\":\"https:\/\/www.asajacyl.com\/palencia\/wp-content\/uploads\/sites\/3\/2026\/02\/Tabla-precios-ganaderia-22-2-26.jpg\",\"datePublished\":\"2026-02-24T21:09:42+00:00\",\"dateModified\":\"2026-02-26T07:42:23+00:00\",\"author\":{\"@id\":\"https:\/\/www.asajacyl.com\/palencia\/#\/schema\/person\/3ab17aeb03527485c317557fae64aab1\"},\"description\":\"La sesi\u00f3n semanal de la Lonja de Salamanca destac\u00f3 por el inmobilismo en todas las referencias. Los precios del lechazo tampoco var\u00edan hasta la reuni\u00f3n de Inmobilismo en los precios en Salamanca\",\"breadcrumb\":{\"@id\":\"https:\/\/www.asajacyl.com\/palencia\/asaja-palencia-informa\/inmobilismo-en-los-precios-en-la-lonja-de-salamanca#breadcrumb\"},\"inLanguage\":\"es\",\"potentialAction\":[{\"@type\":\"ReadAction\",\"target\":[\"https:\/\/www.asajacyl.com\/palencia\/asaja-palencia-informa\/inmobilismo-en-los-precios-en-la-lonja-de-salamanca\"]}]},{\"@type\":\"ImageObject\",\"inLanguage\":\"es\",\"@id\":\"https:\/\/www.asajacyl.com\/palencia\/asaja-palencia-informa\/inmobilismo-en-los-precios-en-la-lonja-de-salamanca#primaryimage\",\"url\":\"https:\/\/www.asajacyl.com\/palencia\/wp-content\/uploads\/sites\/3\/2026\/02\/Tabla-precios-ganaderia-22-2-26.jpg\",\"contentUrl\":\"https:\/\/www.asajacyl.com\/palencia\/wp-content\/uploads\/sites\/3\/2026\/02\/Tabla-precios-ganaderia-22-2-26.jpg\",\"width\":1024,\"height\":768},{\"@type\":\"BreadcrumbList\",\"@id\":\"https:\/\/www.asajacyl.com\/palencia\/asaja-palencia-informa\/inmobilismo-en-los-precios-en-la-lonja-de-salamanca#breadcrumb\",\"itemListElement\":[{\"@type\":\"ListItem\",\"position\":1,\"name\":\"Portada\",\"item\":\"https:\/\/www.asajacyl.com\/palencia\/\"},{\"@type\":\"ListItem\",\"position\":2,\"name\":\"Inmovilismo en los precios en la lonja de Salamanca\"}]},{\"@type\":\"WebSite\",\"@id\":\"https:\/\/www.asajacyl.com\/palencia\/#website\",\"url\":\"https:\/\/www.asajacyl.com\/palencia\/\",\"name\":\"ASAJA Palencia\",\"description\":\"Otro sitio m\u00e1s de Provincias ASAJA Castilla y Le\u00f3n\",\"potentialAction\":[{\"@type\":\"SearchAction\",\"target\":{\"@type\":\"EntryPoint\",\"urlTemplate\":\"https:\/\/www.asajacyl.com\/palencia\/?s={search_term_string}\"},\"query-input\":{\"@type\":\"PropertyValueSpecification\",\"valueRequired\":true,\"valueName\":\"search_term_string\"}}],\"inLanguage\":\"es\"},{\"@type\":\"Person\",\"@id\":\"https:\/\/www.asajacyl.com\/palencia\/#\/schema\/person\/3ab17aeb03527485c317557fae64aab1\",\"name\":\"Administrador\",\"image\":{\"@type\":\"ImageObject\",\"inLanguage\":\"es\",\"@id\":\"https:\/\/www.asajacyl.com\/palencia\/#\/schema\/person\/image\/\",\"url\":\"https:\/\/secure.gravatar.com\/avatar\/517384810d242ca9e38c180f3c9fb973?s=96&d=mm&r=g\",\"contentUrl\":\"https:\/\/secure.gravatar.com\/avatar\/517384810d242ca9e38c180f3c9fb973?s=96&d=mm&r=g\",\"caption\":\"Administrador\"},\"url\":\"https:\/\/www.asajacyl.com\/palencia\/author\/carlosrm\"}]}<\/script>\n<!-- \/ Yoast SEO plugin. -->","yoast_head_json":{"title":"Inmovilismo en los precios en la lonja de Salamanca - ASAJA Palencia","description":"La sesi\u00f3n semanal de la Lonja de Salamanca destac\u00f3 por el inmobilismo en todas las referencias. Los precios del lechazo tampoco var\u00edan hasta la reuni\u00f3n de Inmobilismo en los precios en Salamanca","robots":{"index":"index","follow":"follow","max-snippet":"max-snippet:-1","max-image-preview":"max-image-preview:large","max-video-preview":"max-video-preview:-1"},"canonical":"https:\/\/www.asajacyl.com\/palencia\/asaja-palencia-informa\/inmobilismo-en-los-precios-en-la-lonja-de-salamanca","og_locale":"es_ES","og_type":"article","og_title":"Inmovilismo en los precios en la lonja de Salamanca - ASAJA Palencia","og_description":"La sesi\u00f3n semanal de la Lonja de Salamanca destac\u00f3 por el inmobilismo en todas las referencias. Los precios del lechazo tampoco var\u00edan hasta la reuni\u00f3n de Inmobilismo en los precios en Salamanca","og_url":"https:\/\/www.asajacyl.com\/palencia\/asaja-palencia-informa\/inmobilismo-en-los-precios-en-la-lonja-de-salamanca","og_site_name":"ASAJA Palencia","article_published_time":"2026-02-24T21:09:42+00:00","article_modified_time":"2026-02-26T07:42:23+00:00","og_image":[{"width":1024,"height":768,"url":"https:\/\/www.asajacyl.com\/palencia\/wp-content\/uploads\/sites\/3\/2026\/02\/Tabla-precios-ganaderia-22-2-26.jpg","type":"image\/jpeg"}],"author":"Administrador","twitter_card":"summary_large_image","twitter_misc":{"Escrito por":"Administrador","Tiempo de lectura":"1 minuto"},"schema":{"@context":"https:\/\/schema.org","@graph":[{"@type":"WebPage","@id":"https:\/\/www.asajacyl.com\/palencia\/asaja-palencia-informa\/inmobilismo-en-los-precios-en-la-lonja-de-salamanca","url":"https:\/\/www.asajacyl.com\/palencia\/asaja-palencia-informa\/inmobilismo-en-los-precios-en-la-lonja-de-salamanca","name":"Inmovilismo en los precios en la lonja de Salamanca - ASAJA Palencia","isPartOf":{"@id":"https:\/\/www.asajacyl.com\/palencia\/#website"},"primaryImageOfPage":{"@id":"https:\/\/www.asajacyl.com\/palencia\/asaja-palencia-informa\/inmobilismo-en-los-precios-en-la-lonja-de-salamanca#primaryimage"},"image":{"@id":"https:\/\/www.asajacyl.com\/palencia\/asaja-palencia-informa\/inmobilismo-en-los-precios-en-la-lonja-de-salamanca#primaryimage"},"thumbnailUrl":"https:\/\/www.asajacyl.com\/palencia\/wp-content\/uploads\/sites\/3\/2026\/02\/Tabla-precios-ganaderia-22-2-26.jpg","datePublished":"2026-02-24T21:09:42+00:00","dateModified":"2026-02-26T07:42:23+00:00","author":{"@id":"https:\/\/www.asajacyl.com\/palencia\/#\/schema\/person\/3ab17aeb03527485c317557fae64aab1"},"description":"La sesi\u00f3n semanal de la Lonja de Salamanca destac\u00f3 por el inmobilismo en todas las referencias. Los precios del lechazo tampoco var\u00edan hasta la reuni\u00f3n de Inmobilismo en los precios en Salamanca","breadcrumb":{"@id":"https:\/\/www.asajacyl.com\/palencia\/asaja-palencia-informa\/inmobilismo-en-los-precios-en-la-lonja-de-salamanca#breadcrumb"},"inLanguage":"es","potentialAction":[{"@type":"ReadAction","target":["https:\/\/www.asajacyl.com\/palencia\/asaja-palencia-informa\/inmobilismo-en-los-precios-en-la-lonja-de-salamanca"]}]},{"@type":"ImageObject","inLanguage":"es","@id":"https:\/\/www.asajacyl.com\/palencia\/asaja-palencia-informa\/inmobilismo-en-los-precios-en-la-lonja-de-salamanca#primaryimage","url":"https:\/\/www.asajacyl.com\/palencia\/wp-content\/uploads\/sites\/3\/2026\/02\/Tabla-precios-ganaderia-22-2-26.jpg","contentUrl":"https:\/\/www.asajacyl.com\/palencia\/wp-content\/uploads\/sites\/3\/2026\/02\/Tabla-precios-ganaderia-22-2-26.jpg","width":1024,"height":768},{"@type":"BreadcrumbList","@id":"https:\/\/www.asajacyl.com\/palencia\/asaja-palencia-informa\/inmobilismo-en-los-precios-en-la-lonja-de-salamanca#breadcrumb","itemListElement":[{"@type":"ListItem","position":1,"name":"Portada","item":"https:\/\/www.asajacyl.com\/palencia\/"},{"@type":"ListItem","position":2,"name":"Inmovilismo en los precios en la lonja de Salamanca"}]},{"@type":"WebSite","@id":"https:\/\/www.asajacyl.com\/palencia\/#website","url":"https:\/\/www.asajacyl.com\/palencia\/","name":"ASAJA Palencia","description":"Otro sitio m\u00e1s de Provincias ASAJA Castilla y Le\u00f3n","potentialAction":[{"@type":"SearchAction","target":{"@type":"EntryPoint","urlTemplate":"https:\/\/www.asajacyl.com\/palencia\/?s={search_term_string}"},"query-input":{"@type":"PropertyValueSpecification","valueRequired":true,"valueName":"search_term_string"}}],"inLanguage":"es"},{"@type":"Person","@id":"https:\/\/www.asajacyl.com\/palencia\/#\/schema\/person\/3ab17aeb03527485c317557fae64aab1","name":"Administrador","image":{"@type":"ImageObject","inLanguage":"es","@id":"https:\/\/www.asajacyl.com\/palencia\/#\/schema\/person\/image\/","url":"https:\/\/secure.gravatar.com\/avatar\/517384810d242ca9e38c180f3c9fb973?s=96&d=mm&r=g","contentUrl":"https:\/\/secure.gravatar.com\/avatar\/517384810d242ca9e38c180f3c9fb973?s=96&d=mm&r=g","caption":"Administrador"},"url":"https:\/\/www.asajacyl.com\/palencia\/author\/carlosrm"}]}},"_links":{"self":[{"href":"https:\/\/www.asajacyl.com\/palencia\/wp-json\/wp\/v2\/posts\/22338"}],"collection":[{"href":"https:\/\/www.asajacyl.com\/palencia\/wp-json\/wp\/v2\/posts"}],"about":[{"href":"https:\/\/www.asajacyl.com\/palencia\/wp-json\/wp\/v2\/types\/post"}],"author":[{"embeddable":true,"href":"https:\/\/www.asajacyl.com\/palencia\/wp-json\/wp\/v2\/users\/9"}],"replies":[{"embeddable":true,"href":"https:\/\/www.asajacyl.com\/palencia\/wp-json\/wp\/v2\/comments?post=22338"}],"version-history":[{"count":2,"href":"https:\/\/www.asajacyl.com\/palencia\/wp-json\/wp\/v2\/posts\/22338\/revisions"}],"predecessor-version":[{"id":22351,"href":"https:\/\/www.asajacyl.com\/palencia\/wp-json\/wp\/v2\/posts\/22338\/revisions\/22351"}],"wp:featuredmedia":[{"embeddable":true,"href":"https:\/\/www.asajacyl.com\/palencia\/wp-json\/wp\/v2\/media\/22339"}],"wp:attachment":[{"href":"https:\/\/www.asajacyl.com\/palencia\/wp-json\/wp\/v2\/media?parent=22338"}],"wp:term":[{"taxonomy":"category","embeddable":true,"href":"https:\/\/www.asajacyl.com\/palencia\/wp-json\/wp\/v2\/categories?post=22338"},{"taxonomy":"post_tag","embeddable":true,"href":"https:\/\/www.asajacyl.com\/palencia\/wp-json\/wp\/v2\/tags?post=22338"}],"curies":[{"name":"wp","href":"https:\/\/api.w.org\/{rel}","templated":true}]}}