{"id":22342,"date":"2026-02-25T14:41:52","date_gmt":"2026-02-25T13:41:52","guid":{"rendered":"https:\/\/www.asajacyl.com\/palencia\/?p=22342"},"modified":"2026-02-26T09:15:06","modified_gmt":"2026-02-26T08:15:06","slug":"jose-luis-marcos-reelegido-presidente-de-asaja-palencia","status":"publish","type":"post","link":"https:\/\/www.asajacyl.com\/palencia\/asaja-palencia-informa\/jose-luis-marcos-reelegido-presidente-de-asaja-palencia","title":{"rendered":"Jos\u00e9 Luis Marcos reelegido presidente de ASAJA Palencia"},"content":{"rendered":"\n<h2 class=\"wp-block-heading\">Jos\u00e9 Luis Marcos ha sido reelegido presidente de ASAJA Palencia como cabeza de la \u00fanica lista presentada a las elecciones provinciales de ASAJA.<\/h2>\n\n\n\n<h2 class=\"wp-block-heading\">El comit\u00e9 ejecutivo que acompa\u00f1a a Marcos tambi\u00e9n repite. En \u00e9l est\u00e1n Lorenzo Garc\u00eda como vicepresidente, Luis Mar\u00eda Santiago como secretario, Roberto Fern\u00e1ndez como tesorero y Carlos Franco como interventor.<\/h2>\n\n\n\n<figure class=\"wp-block-image size-large is-resized\"><img loading=\"lazy\" decoding=\"async\" width=\"1024\" height=\"768\" src=\"https:\/\/www.asajacyl.com\/palencia\/wp-content\/uploads\/sites\/3\/2026\/02\/Jose-Luis-reelegido-con-el-comite-ejecutivo-1024x768.jpeg\" alt=\"\" class=\"wp-image-22344\" style=\"width:1010px;height:auto\" srcset=\"https:\/\/www.asajacyl.com\/palencia\/wp-content\/uploads\/sites\/3\/2026\/02\/Jose-Luis-reelegido-con-el-comite-ejecutivo-1024x768.jpeg 1024w, https:\/\/www.asajacyl.com\/palencia\/wp-content\/uploads\/sites\/3\/2026\/02\/Jose-Luis-reelegido-con-el-comite-ejecutivo-300x225.jpeg 300w, https:\/\/www.asajacyl.com\/palencia\/wp-content\/uploads\/sites\/3\/2026\/02\/Jose-Luis-reelegido-con-el-comite-ejecutivo-768x576.jpeg 768w, https:\/\/www.asajacyl.com\/palencia\/wp-content\/uploads\/sites\/3\/2026\/02\/Jose-Luis-reelegido-con-el-comite-ejecutivo-1536x1152.jpeg 1536w, https:\/\/www.asajacyl.com\/palencia\/wp-content\/uploads\/sites\/3\/2026\/02\/Jose-Luis-reelegido-con-el-comite-ejecutivo-560x420.jpeg 560w, https:\/\/www.asajacyl.com\/palencia\/wp-content\/uploads\/sites\/3\/2026\/02\/Jose-Luis-reelegido-con-el-comite-ejecutivo-80x60.jpeg 80w, https:\/\/www.asajacyl.com\/palencia\/wp-content\/uploads\/sites\/3\/2026\/02\/Jose-Luis-reelegido-con-el-comite-ejecutivo-696x522.jpeg 696w, https:\/\/www.asajacyl.com\/palencia\/wp-content\/uploads\/sites\/3\/2026\/02\/Jose-Luis-reelegido-con-el-comite-ejecutivo-1068x801.jpeg 1068w, https:\/\/www.asajacyl.com\/palencia\/wp-content\/uploads\/sites\/3\/2026\/02\/Jose-Luis-reelegido-con-el-comite-ejecutivo-1920x1440.jpeg 1920w, https:\/\/www.asajacyl.com\/palencia\/wp-content\/uploads\/sites\/3\/2026\/02\/Jose-Luis-reelegido-con-el-comite-ejecutivo.jpeg 2000w\" sizes=\"(max-width: 1024px) 100vw, 1024px\" \/><figcaption class=\"wp-element-caption\">Jos\u00e9 Luis Marcos, reelegido presidente de ASAJA Palencia (centro), junto al Comit\u00e9 Ejecutivo (de izq a der), Roberto Fern\u00e1ndez, Lorenzo Garc\u00eda, Luis M\u00aa Santiago y Carlos Franco.<\/figcaption><\/figure>\n\n\n\n<p><strong>RENOVACI\u00d3N DE JUNTA PROVINCIAL Y AUMENTO DE SOCIOS<\/strong>. Los 70 miembros de la Junta Provincial de ASAJA Palencia han ratificado as\u00ed el trabajo de Jos\u00e9 Luis Marcos y su equipo por otros cuatro a\u00f1os m\u00e1s. Por su parte, Marcos ha querido destacar que en las Asambleas Comarcales se ha renovado el 50% de la Junta Provincial, en su mayor\u00eda dando entrada a socios j\u00f3venes, lo cual siempre es positivo para el futuro de la organizaci\u00f3n.<\/p>\n\n\n\n<p>El reelegido presidente de ASAJA Palencia tambi\u00e9n ha presumido de que, a pesar de la reducci\u00f3n de profesionales en el campo, la organizaci\u00f3n ha pasado de unos 3.300 socios a m\u00e1s de 3.400 en los \u00faltimos 4 a\u00f1os, que demandan cada vez m\u00e1s servicios de los t\u00e9cnicos de ASAJA por lo que tambi\u00e9n ha aumentado la plantilla de trabajadores hasta superar las 40 personas.<\/p>\n\n\n\n<figure class=\"wp-block-image size-large\"><img loading=\"lazy\" decoding=\"async\" width=\"1024\" height=\"768\" src=\"https:\/\/www.asajacyl.com\/palencia\/wp-content\/uploads\/sites\/3\/2026\/02\/Jose-Luis-rueda-de-prensa-con-medio-tras-la-reeleccion-junto-a-Donaciano-1024x768.jpeg\" alt=\"\" class=\"wp-image-22345\" srcset=\"https:\/\/www.asajacyl.com\/palencia\/wp-content\/uploads\/sites\/3\/2026\/02\/Jose-Luis-rueda-de-prensa-con-medio-tras-la-reeleccion-junto-a-Donaciano-1024x768.jpeg 1024w, https:\/\/www.asajacyl.com\/palencia\/wp-content\/uploads\/sites\/3\/2026\/02\/Jose-Luis-rueda-de-prensa-con-medio-tras-la-reeleccion-junto-a-Donaciano-300x225.jpeg 300w, https:\/\/www.asajacyl.com\/palencia\/wp-content\/uploads\/sites\/3\/2026\/02\/Jose-Luis-rueda-de-prensa-con-medio-tras-la-reeleccion-junto-a-Donaciano-768x576.jpeg 768w, https:\/\/www.asajacyl.com\/palencia\/wp-content\/uploads\/sites\/3\/2026\/02\/Jose-Luis-rueda-de-prensa-con-medio-tras-la-reeleccion-junto-a-Donaciano-1536x1152.jpeg 1536w, https:\/\/www.asajacyl.com\/palencia\/wp-content\/uploads\/sites\/3\/2026\/02\/Jose-Luis-rueda-de-prensa-con-medio-tras-la-reeleccion-junto-a-Donaciano-560x420.jpeg 560w, https:\/\/www.asajacyl.com\/palencia\/wp-content\/uploads\/sites\/3\/2026\/02\/Jose-Luis-rueda-de-prensa-con-medio-tras-la-reeleccion-junto-a-Donaciano-80x60.jpeg 80w, https:\/\/www.asajacyl.com\/palencia\/wp-content\/uploads\/sites\/3\/2026\/02\/Jose-Luis-rueda-de-prensa-con-medio-tras-la-reeleccion-junto-a-Donaciano-696x522.jpeg 696w, https:\/\/www.asajacyl.com\/palencia\/wp-content\/uploads\/sites\/3\/2026\/02\/Jose-Luis-rueda-de-prensa-con-medio-tras-la-reeleccion-junto-a-Donaciano-1068x801.jpeg 1068w, https:\/\/www.asajacyl.com\/palencia\/wp-content\/uploads\/sites\/3\/2026\/02\/Jose-Luis-rueda-de-prensa-con-medio-tras-la-reeleccion-junto-a-Donaciano-1920x1440.jpeg 1920w, https:\/\/www.asajacyl.com\/palencia\/wp-content\/uploads\/sites\/3\/2026\/02\/Jose-Luis-rueda-de-prensa-con-medio-tras-la-reeleccion-junto-a-Donaciano.jpeg 2000w\" sizes=\"(max-width: 1024px) 100vw, 1024px\" \/><figcaption class=\"wp-element-caption\">Donaciano Dujo, presidente de ASAJA CyL, quiso felicitar al reelegido presidente provincial, Jos\u00e9 Luis Marcos, qui\u00e9n en la foto atiende a los medios de comunicaci\u00f3n.<\/figcaption><\/figure>\n\n\n\n<p>DUJO ORGULLOSO. La reuni\u00f3n de la Junta Provincial, aparte de elegir al presidente provincial, sirvi\u00f3 para repasar las cuentas y preparar la Asamblea General Ordinaria de ASAJA Palencia, que tendr\u00e1 lugar el pr\u00f3ximo 13 de marzo.<\/p>\n\n\n\n<p>En la reuni\u00f3n estuvo presente Donaciano Dujo, presidente regional de ASAJA, quien se mostr\u00f3 orgulloso del crecimiento que ha tenido en los \u00faltimos a\u00f1os ASAJA Palencia, tanto en n\u00famero de socios como en trabajadores, lo que refleja el respaldo de los socios que cada vez m\u00e1s conf\u00edan en los t\u00e9cnicos de la organizaci\u00f3n para ayudarles a llevar la gesti\u00f3n de sus explotaciones.<\/p>\n\n\n\n<p><\/p>\n","protected":false},"excerpt":{"rendered":"<p>Jos\u00e9 Luis Marcos ha sido reelegido presidente de ASAJA Palencia como cabeza de la \u00fanica lista presentada a las elecciones provinciales de ASAJA. El comit\u00e9 ejecutivo que acompa\u00f1a a Marcos tambi\u00e9n repite. En \u00e9l est\u00e1n Lorenzo Garc\u00eda como vicepresidente, Luis Mar\u00eda Santiago como secretario, Roberto Fern\u00e1ndez como tesorero y Carlos Franco como interventor. RENOVACI\u00d3N DE [&hellip;]<\/p>\n","protected":false},"author":9,"featured_media":22347,"comment_status":"open","ping_status":"open","sticky":false,"template":"","format":"standard","meta":{"footnotes":""},"categories":[6,9,29,28,10],"tags":[711,1698,1763,58,77],"yoast_head":"<!-- This site is optimized with the Yoast SEO plugin v24.5 - https:\/\/yoast.com\/wordpress\/plugins\/seo\/ -->\n<title>Jos\u00e9 Luis Marcos reelegido presidente de ASAJA Palencia - ASAJA Palencia<\/title>\n<meta name=\"description\" content=\"Jos\u00e9 Luis Marcos ha sido reelegido presidente de ASAJA Palencia como cabeza de la \u00fanica lista presentada a las elecciones provinciales de ASAJA. El comit\u00e9 Jos\u00e9 Luis Marcos reelegido presidente de ASAJA Palencia\" \/>\n<meta name=\"robots\" content=\"index, follow, max-snippet:-1, max-image-preview:large, max-video-preview:-1\" \/>\n<link rel=\"canonical\" href=\"https:\/\/www.asajacyl.com\/palencia\/asaja-palencia-informa\/jose-luis-marcos-reelegido-presidente-de-asaja-palencia\" \/>\n<meta property=\"og:locale\" content=\"es_ES\" \/>\n<meta property=\"og:type\" content=\"article\" \/>\n<meta property=\"og:title\" content=\"Jos\u00e9 Luis Marcos reelegido presidente de ASAJA Palencia - ASAJA Palencia\" \/>\n<meta property=\"og:description\" content=\"Jos\u00e9 Luis Marcos ha sido reelegido presidente de ASAJA Palencia como cabeza de la \u00fanica lista presentada a las elecciones provinciales de ASAJA. El comit\u00e9 Jos\u00e9 Luis Marcos reelegido presidente de ASAJA Palencia\" \/>\n<meta property=\"og:url\" content=\"https:\/\/www.asajacyl.com\/palencia\/asaja-palencia-informa\/jose-luis-marcos-reelegido-presidente-de-asaja-palencia\" \/>\n<meta property=\"og:site_name\" content=\"ASAJA Palencia\" \/>\n<meta property=\"article:published_time\" content=\"2026-02-25T13:41:52+00:00\" \/>\n<meta property=\"article:modified_time\" content=\"2026-02-26T08:15:06+00:00\" \/>\n<meta property=\"og:image\" content=\"https:\/\/www.asajacyl.com\/palencia\/wp-content\/uploads\/sites\/3\/2026\/02\/Jose-Luis-reelegido-3.jpeg\" \/>\n\t<meta property=\"og:image:width\" content=\"1500\" \/>\n\t<meta property=\"og:image:height\" content=\"1132\" \/>\n\t<meta property=\"og:image:type\" content=\"image\/jpeg\" \/>\n<meta name=\"author\" content=\"Administrador\" \/>\n<meta name=\"twitter:card\" content=\"summary_large_image\" \/>\n<meta name=\"twitter:label1\" content=\"Escrito por\" \/>\n\t<meta name=\"twitter:data1\" content=\"Administrador\" \/>\n\t<meta name=\"twitter:label2\" content=\"Tiempo de lectura\" \/>\n\t<meta name=\"twitter:data2\" content=\"3 minutos\" \/>\n<script type=\"application\/ld+json\" class=\"yoast-schema-graph\">{\"@context\":\"https:\/\/schema.org\",\"@graph\":[{\"@type\":\"WebPage\",\"@id\":\"https:\/\/www.asajacyl.com\/palencia\/asaja-palencia-informa\/jose-luis-marcos-reelegido-presidente-de-asaja-palencia\",\"url\":\"https:\/\/www.asajacyl.com\/palencia\/asaja-palencia-informa\/jose-luis-marcos-reelegido-presidente-de-asaja-palencia\",\"name\":\"Jos\u00e9 Luis Marcos reelegido presidente de ASAJA Palencia - ASAJA Palencia\",\"isPartOf\":{\"@id\":\"https:\/\/www.asajacyl.com\/palencia\/#website\"},\"primaryImageOfPage\":{\"@id\":\"https:\/\/www.asajacyl.com\/palencia\/asaja-palencia-informa\/jose-luis-marcos-reelegido-presidente-de-asaja-palencia#primaryimage\"},\"image\":{\"@id\":\"https:\/\/www.asajacyl.com\/palencia\/asaja-palencia-informa\/jose-luis-marcos-reelegido-presidente-de-asaja-palencia#primaryimage\"},\"thumbnailUrl\":\"https:\/\/www.asajacyl.com\/palencia\/wp-content\/uploads\/sites\/3\/2026\/02\/Jose-Luis-reelegido-3.jpeg\",\"datePublished\":\"2026-02-25T13:41:52+00:00\",\"dateModified\":\"2026-02-26T08:15:06+00:00\",\"author\":{\"@id\":\"https:\/\/www.asajacyl.com\/palencia\/#\/schema\/person\/3ab17aeb03527485c317557fae64aab1\"},\"description\":\"Jos\u00e9 Luis Marcos ha sido reelegido presidente de ASAJA Palencia como cabeza de la \u00fanica lista presentada a las elecciones provinciales de ASAJA. El comit\u00e9 Jos\u00e9 Luis Marcos reelegido presidente de ASAJA Palencia\",\"breadcrumb\":{\"@id\":\"https:\/\/www.asajacyl.com\/palencia\/asaja-palencia-informa\/jose-luis-marcos-reelegido-presidente-de-asaja-palencia#breadcrumb\"},\"inLanguage\":\"es\",\"potentialAction\":[{\"@type\":\"ReadAction\",\"target\":[\"https:\/\/www.asajacyl.com\/palencia\/asaja-palencia-informa\/jose-luis-marcos-reelegido-presidente-de-asaja-palencia\"]}]},{\"@type\":\"ImageObject\",\"inLanguage\":\"es\",\"@id\":\"https:\/\/www.asajacyl.com\/palencia\/asaja-palencia-informa\/jose-luis-marcos-reelegido-presidente-de-asaja-palencia#primaryimage\",\"url\":\"https:\/\/www.asajacyl.com\/palencia\/wp-content\/uploads\/sites\/3\/2026\/02\/Jose-Luis-reelegido-3.jpeg\",\"contentUrl\":\"https:\/\/www.asajacyl.com\/palencia\/wp-content\/uploads\/sites\/3\/2026\/02\/Jose-Luis-reelegido-3.jpeg\",\"width\":1500,\"height\":1132},{\"@type\":\"BreadcrumbList\",\"@id\":\"https:\/\/www.asajacyl.com\/palencia\/asaja-palencia-informa\/jose-luis-marcos-reelegido-presidente-de-asaja-palencia#breadcrumb\",\"itemListElement\":[{\"@type\":\"ListItem\",\"position\":1,\"name\":\"Portada\",\"item\":\"https:\/\/www.asajacyl.com\/palencia\/\"},{\"@type\":\"ListItem\",\"position\":2,\"name\":\"Jos\u00e9 Luis Marcos reelegido presidente de ASAJA Palencia\"}]},{\"@type\":\"WebSite\",\"@id\":\"https:\/\/www.asajacyl.com\/palencia\/#website\",\"url\":\"https:\/\/www.asajacyl.com\/palencia\/\",\"name\":\"ASAJA Palencia\",\"description\":\"Otro sitio m\u00e1s de Provincias ASAJA Castilla y Le\u00f3n\",\"potentialAction\":[{\"@type\":\"SearchAction\",\"target\":{\"@type\":\"EntryPoint\",\"urlTemplate\":\"https:\/\/www.asajacyl.com\/palencia\/?s={search_term_string}\"},\"query-input\":{\"@type\":\"PropertyValueSpecification\",\"valueRequired\":true,\"valueName\":\"search_term_string\"}}],\"inLanguage\":\"es\"},{\"@type\":\"Person\",\"@id\":\"https:\/\/www.asajacyl.com\/palencia\/#\/schema\/person\/3ab17aeb03527485c317557fae64aab1\",\"name\":\"Administrador\",\"image\":{\"@type\":\"ImageObject\",\"inLanguage\":\"es\",\"@id\":\"https:\/\/www.asajacyl.com\/palencia\/#\/schema\/person\/image\/\",\"url\":\"https:\/\/secure.gravatar.com\/avatar\/517384810d242ca9e38c180f3c9fb973?s=96&d=mm&r=g\",\"contentUrl\":\"https:\/\/secure.gravatar.com\/avatar\/517384810d242ca9e38c180f3c9fb973?s=96&d=mm&r=g\",\"caption\":\"Administrador\"},\"url\":\"https:\/\/www.asajacyl.com\/palencia\/author\/carlosrm\"}]}<\/script>\n<!-- \/ Yoast SEO plugin. -->","yoast_head_json":{"title":"Jos\u00e9 Luis Marcos reelegido presidente de ASAJA Palencia - ASAJA Palencia","description":"Jos\u00e9 Luis Marcos ha sido reelegido presidente de ASAJA Palencia como cabeza de la \u00fanica lista presentada a las elecciones provinciales de ASAJA. El comit\u00e9 Jos\u00e9 Luis Marcos reelegido presidente de ASAJA Palencia","robots":{"index":"index","follow":"follow","max-snippet":"max-snippet:-1","max-image-preview":"max-image-preview:large","max-video-preview":"max-video-preview:-1"},"canonical":"https:\/\/www.asajacyl.com\/palencia\/asaja-palencia-informa\/jose-luis-marcos-reelegido-presidente-de-asaja-palencia","og_locale":"es_ES","og_type":"article","og_title":"Jos\u00e9 Luis Marcos reelegido presidente de ASAJA Palencia - ASAJA Palencia","og_description":"Jos\u00e9 Luis Marcos ha sido reelegido presidente de ASAJA Palencia como cabeza de la \u00fanica lista presentada a las elecciones provinciales de ASAJA. El comit\u00e9 Jos\u00e9 Luis Marcos reelegido presidente de ASAJA Palencia","og_url":"https:\/\/www.asajacyl.com\/palencia\/asaja-palencia-informa\/jose-luis-marcos-reelegido-presidente-de-asaja-palencia","og_site_name":"ASAJA Palencia","article_published_time":"2026-02-25T13:41:52+00:00","article_modified_time":"2026-02-26T08:15:06+00:00","og_image":[{"width":1500,"height":1132,"url":"https:\/\/www.asajacyl.com\/palencia\/wp-content\/uploads\/sites\/3\/2026\/02\/Jose-Luis-reelegido-3.jpeg","type":"image\/jpeg"}],"author":"Administrador","twitter_card":"summary_large_image","twitter_misc":{"Escrito por":"Administrador","Tiempo de lectura":"3 minutos"},"schema":{"@context":"https:\/\/schema.org","@graph":[{"@type":"WebPage","@id":"https:\/\/www.asajacyl.com\/palencia\/asaja-palencia-informa\/jose-luis-marcos-reelegido-presidente-de-asaja-palencia","url":"https:\/\/www.asajacyl.com\/palencia\/asaja-palencia-informa\/jose-luis-marcos-reelegido-presidente-de-asaja-palencia","name":"Jos\u00e9 Luis Marcos reelegido presidente de ASAJA Palencia - ASAJA Palencia","isPartOf":{"@id":"https:\/\/www.asajacyl.com\/palencia\/#website"},"primaryImageOfPage":{"@id":"https:\/\/www.asajacyl.com\/palencia\/asaja-palencia-informa\/jose-luis-marcos-reelegido-presidente-de-asaja-palencia#primaryimage"},"image":{"@id":"https:\/\/www.asajacyl.com\/palencia\/asaja-palencia-informa\/jose-luis-marcos-reelegido-presidente-de-asaja-palencia#primaryimage"},"thumbnailUrl":"https:\/\/www.asajacyl.com\/palencia\/wp-content\/uploads\/sites\/3\/2026\/02\/Jose-Luis-reelegido-3.jpeg","datePublished":"2026-02-25T13:41:52+00:00","dateModified":"2026-02-26T08:15:06+00:00","author":{"@id":"https:\/\/www.asajacyl.com\/palencia\/#\/schema\/person\/3ab17aeb03527485c317557fae64aab1"},"description":"Jos\u00e9 Luis Marcos ha sido reelegido presidente de ASAJA Palencia como cabeza de la \u00fanica lista presentada a las elecciones provinciales de ASAJA. El comit\u00e9 Jos\u00e9 Luis Marcos reelegido presidente de ASAJA Palencia","breadcrumb":{"@id":"https:\/\/www.asajacyl.com\/palencia\/asaja-palencia-informa\/jose-luis-marcos-reelegido-presidente-de-asaja-palencia#breadcrumb"},"inLanguage":"es","potentialAction":[{"@type":"ReadAction","target":["https:\/\/www.asajacyl.com\/palencia\/asaja-palencia-informa\/jose-luis-marcos-reelegido-presidente-de-asaja-palencia"]}]},{"@type":"ImageObject","inLanguage":"es","@id":"https:\/\/www.asajacyl.com\/palencia\/asaja-palencia-informa\/jose-luis-marcos-reelegido-presidente-de-asaja-palencia#primaryimage","url":"https:\/\/www.asajacyl.com\/palencia\/wp-content\/uploads\/sites\/3\/2026\/02\/Jose-Luis-reelegido-3.jpeg","contentUrl":"https:\/\/www.asajacyl.com\/palencia\/wp-content\/uploads\/sites\/3\/2026\/02\/Jose-Luis-reelegido-3.jpeg","width":1500,"height":1132},{"@type":"BreadcrumbList","@id":"https:\/\/www.asajacyl.com\/palencia\/asaja-palencia-informa\/jose-luis-marcos-reelegido-presidente-de-asaja-palencia#breadcrumb","itemListElement":[{"@type":"ListItem","position":1,"name":"Portada","item":"https:\/\/www.asajacyl.com\/palencia\/"},{"@type":"ListItem","position":2,"name":"Jos\u00e9 Luis Marcos reelegido presidente de ASAJA Palencia"}]},{"@type":"WebSite","@id":"https:\/\/www.asajacyl.com\/palencia\/#website","url":"https:\/\/www.asajacyl.com\/palencia\/","name":"ASAJA Palencia","description":"Otro sitio m\u00e1s de Provincias ASAJA Castilla y Le\u00f3n","potentialAction":[{"@type":"SearchAction","target":{"@type":"EntryPoint","urlTemplate":"https:\/\/www.asajacyl.com\/palencia\/?s={search_term_string}"},"query-input":{"@type":"PropertyValueSpecification","valueRequired":true,"valueName":"search_term_string"}}],"inLanguage":"es"},{"@type":"Person","@id":"https:\/\/www.asajacyl.com\/palencia\/#\/schema\/person\/3ab17aeb03527485c317557fae64aab1","name":"Administrador","image":{"@type":"ImageObject","inLanguage":"es","@id":"https:\/\/www.asajacyl.com\/palencia\/#\/schema\/person\/image\/","url":"https:\/\/secure.gravatar.com\/avatar\/517384810d242ca9e38c180f3c9fb973?s=96&d=mm&r=g","contentUrl":"https:\/\/secure.gravatar.com\/avatar\/517384810d242ca9e38c180f3c9fb973?s=96&d=mm&r=g","caption":"Administrador"},"url":"https:\/\/www.asajacyl.com\/palencia\/author\/carlosrm"}]}},"_links":{"self":[{"href":"https:\/\/www.asajacyl.com\/palencia\/wp-json\/wp\/v2\/posts\/22342"}],"collection":[{"href":"https:\/\/www.asajacyl.com\/palencia\/wp-json\/wp\/v2\/posts"}],"about":[{"href":"https:\/\/www.asajacyl.com\/palencia\/wp-json\/wp\/v2\/types\/post"}],"author":[{"embeddable":true,"href":"https:\/\/www.asajacyl.com\/palencia\/wp-json\/wp\/v2\/users\/9"}],"replies":[{"embeddable":true,"href":"https:\/\/www.asajacyl.com\/palencia\/wp-json\/wp\/v2\/comments?post=22342"}],"version-history":[{"count":5,"href":"https:\/\/www.asajacyl.com\/palencia\/wp-json\/wp\/v2\/posts\/22342\/revisions"}],"predecessor-version":[{"id":22352,"href":"https:\/\/www.asajacyl.com\/palencia\/wp-json\/wp\/v2\/posts\/22342\/revisions\/22352"}],"wp:featuredmedia":[{"embeddable":true,"href":"https:\/\/www.asajacyl.com\/palencia\/wp-json\/wp\/v2\/media\/22347"}],"wp:attachment":[{"href":"https:\/\/www.asajacyl.com\/palencia\/wp-json\/wp\/v2\/media?parent=22342"}],"wp:term":[{"taxonomy":"category","embeddable":true,"href":"https:\/\/www.asajacyl.com\/palencia\/wp-json\/wp\/v2\/categories?post=22342"},{"taxonomy":"post_tag","embeddable":true,"href":"https:\/\/www.asajacyl.com\/palencia\/wp-json\/wp\/v2\/tags?post=22342"}],"curies":[{"name":"wp","href":"https:\/\/api.w.org\/{rel}","templated":true}]}}