{"id":22353,"date":"2026-02-26T11:15:37","date_gmt":"2026-02-26T10:15:37","guid":{"rendered":"https:\/\/www.asajacyl.com\/palencia\/?p=22353"},"modified":"2026-02-26T11:15:39","modified_gmt":"2026-02-26T10:15:39","slug":"la-junta-convoca-la-incorporacion-a-las-ayudas-agroambientales-2026-de-la-pac","status":"publish","type":"post","link":"https:\/\/www.asajacyl.com\/palencia\/asaja-palencia-informa\/la-junta-convoca-la-incorporacion-a-las-ayudas-agroambientales-2026-de-la-pac","title":{"rendered":"La Junta convoca la incorporaci\u00f3n a las ayudas agroambientales 2026 de la PAC"},"content":{"rendered":"\n<h2 class=\"wp-block-heading\">El\u00a0<strong>plazo de solicitud<\/strong>\u00a0se inicia el 26 de marzo de 2026 y concluye el 30 de abril de 2026<\/h2>\n\n\n\n<h2 class=\"wp-block-heading\">La <a href=\"https:\/\/agriculturaganaderia.jcyl.es\/web\/es\/agricultura-ganaderia.html\">Consejer\u00eda de Agricultura <\/a>de la Junta ha publicado la convocatoria para la incorporaci\u00f3n a las ayudas de desarrollo rural medioambientales y clim\u00e1ticas, contenidas en la PAC, para iniciar nuevos compromisos en la campa\u00f1a agr\u00edcola 2025\/2026 (a\u00f1o 2026).<\/h2>\n\n\n\n<p>Se trata de\u00a0<strong>nuevos compromisos plurianuales<\/strong>, que deben asumirse a partir de 2026, por un\u00a0<strong>periodo de tres a\u00f1os<\/strong>.<\/p>\n\n\n\n<figure class=\"wp-block-image size-large\"><img loading=\"lazy\" decoding=\"async\" width=\"1024\" height=\"719\" src=\"https:\/\/www.asajacyl.com\/palencia\/wp-content\/uploads\/sites\/3\/2026\/02\/Ovejas-1024x719.jpg\" alt=\"\" class=\"wp-image-22354\" srcset=\"https:\/\/www.asajacyl.com\/palencia\/wp-content\/uploads\/sites\/3\/2026\/02\/Ovejas-1024x719.jpg 1024w, https:\/\/www.asajacyl.com\/palencia\/wp-content\/uploads\/sites\/3\/2026\/02\/Ovejas-300x211.jpg 300w, https:\/\/www.asajacyl.com\/palencia\/wp-content\/uploads\/sites\/3\/2026\/02\/Ovejas-768x539.jpg 768w, https:\/\/www.asajacyl.com\/palencia\/wp-content\/uploads\/sites\/3\/2026\/02\/Ovejas-1536x1078.jpg 1536w, https:\/\/www.asajacyl.com\/palencia\/wp-content\/uploads\/sites\/3\/2026\/02\/Ovejas-2048x1438.jpg 2048w, https:\/\/www.asajacyl.com\/palencia\/wp-content\/uploads\/sites\/3\/2026\/02\/Ovejas-598x420.jpg 598w, https:\/\/www.asajacyl.com\/palencia\/wp-content\/uploads\/sites\/3\/2026\/02\/Ovejas-696x489.jpg 696w, https:\/\/www.asajacyl.com\/palencia\/wp-content\/uploads\/sites\/3\/2026\/02\/Ovejas-1068x750.jpg 1068w, https:\/\/www.asajacyl.com\/palencia\/wp-content\/uploads\/sites\/3\/2026\/02\/Ovejas-1920x1348.jpg 1920w\" sizes=\"(max-width: 1024px) 100vw, 1024px\" \/><\/figure>\n\n\n\n<p><strong>AYUDAS CONVOCADAS<\/strong>. Las\u00a0<strong>intervenciones convocadas\u00a0<\/strong>son las siguientes:\u00a0<\/p>\n\n\n\n<ul>\n<li>Cultivos agroindustriales sostenibles<\/li>\n\n\n\n<li>Aprovechamiento forrajero extensivo mediante pastoreo con ganado ovino o caprino<\/li>\n\n\n\n<li>Apicultura para la mejora de la biodiversidad<\/li>\n\n\n\n<li>Agricultura ecol\u00f3gica<\/li>\n\n\n\n<li>Mantenimiento de razas aut\u00f3ctonas puras en peligro de extinci\u00f3n<\/li>\n<\/ul>\n\n\n\n<p><strong>DESTINATARIOS Y PRESUPUESTO<\/strong>. Podr\u00e1n incorporarse a las ayudas las personas<strong>\u00a0titulares de explotaciones agrarias en Castilla y Le\u00f3n<\/strong>\u00a0que se hallen al corriente en el cumplimiento de sus obligaciones tributarias y de la Seguridad Social y que se comprometan voluntariamente a adoptar pr\u00e1cticas y m\u00e9todos agroambientales y de agricultura ecol\u00f3gica.<br><br>Para las intervenciones medioambientales y clim\u00e1ticas la Junta de Castilla y Le\u00f3n prev\u00e9 una <strong>disponibilidad presupuestaria de 8 millones de euros<\/strong>, todo ello para las anualidades 2027-2029.<\/p>\n\n\n\n<p>M\u00e1s informaci\u00f3n: Consultar <a href=\"https:\/\/bocyl.jcyl.es\/boletines\/2026\/02\/25\/pdf\/BOCYL-D-25022026-38-15.pdf\">BOCyL aqu\u00ed<\/a><\/p>\n","protected":false},"excerpt":{"rendered":"<p>El\u00a0plazo de solicitud\u00a0se inicia el 26 de marzo de 2026 y concluye el 30 de abril de 2026 La Consejer\u00eda de Agricultura de la Junta ha publicado la convocatoria para la incorporaci\u00f3n a las ayudas de desarrollo rural medioambientales y clim\u00e1ticas, contenidas en la PAC, para iniciar nuevos compromisos en la campa\u00f1a agr\u00edcola 2025\/2026 (a\u00f1o [&hellip;]<\/p>\n","protected":false},"author":9,"featured_media":22354,"comment_status":"open","ping_status":"open","sticky":false,"template":"","format":"standard","meta":{"footnotes":""},"categories":[9,28],"tags":[1764,1698,1767,1765,1766,1714],"yoast_head":"<!-- This site is optimized with the Yoast SEO plugin v24.5 - https:\/\/yoast.com\/wordpress\/plugins\/seo\/ -->\n<title>La Junta convoca la incorporaci\u00f3n a las ayudas agroambientales 2026 de la PAC - ASAJA Palencia<\/title>\n<meta name=\"description\" content=\"El\u00a0plazo de solicitud\u00a0se inicia el 26 de marzo de 2026 y concluye el 30 de abril de 2026 La Consejer\u00eda de Agricultura de la Junta ha publicado la La Junta convoca la incorporaci\u00f3n a las ayudas agroambientales 2026 de la PAC\" \/>\n<meta name=\"robots\" content=\"index, follow, max-snippet:-1, max-image-preview:large, max-video-preview:-1\" \/>\n<link rel=\"canonical\" href=\"https:\/\/www.asajacyl.com\/palencia\/asaja-palencia-informa\/la-junta-convoca-la-incorporacion-a-las-ayudas-agroambientales-2026-de-la-pac\" \/>\n<meta property=\"og:locale\" content=\"es_ES\" \/>\n<meta property=\"og:type\" content=\"article\" \/>\n<meta property=\"og:title\" content=\"La Junta convoca la incorporaci\u00f3n a las ayudas agroambientales 2026 de la PAC - ASAJA Palencia\" \/>\n<meta property=\"og:description\" content=\"El\u00a0plazo de solicitud\u00a0se inicia el 26 de marzo de 2026 y concluye el 30 de abril de 2026 La Consejer\u00eda de Agricultura de la Junta ha publicado la La Junta convoca la incorporaci\u00f3n a las ayudas agroambientales 2026 de la PAC\" \/>\n<meta property=\"og:url\" content=\"https:\/\/www.asajacyl.com\/palencia\/asaja-palencia-informa\/la-junta-convoca-la-incorporacion-a-las-ayudas-agroambientales-2026-de-la-pac\" \/>\n<meta property=\"og:site_name\" content=\"ASAJA Palencia\" \/>\n<meta property=\"article:published_time\" content=\"2026-02-26T10:15:37+00:00\" \/>\n<meta property=\"article:modified_time\" content=\"2026-02-26T10:15:39+00:00\" \/>\n<meta property=\"og:image\" content=\"https:\/\/www.asajacyl.com\/palencia\/wp-content\/uploads\/sites\/3\/2026\/02\/Ovejas.jpg\" \/>\n\t<meta property=\"og:image:width\" content=\"2500\" \/>\n\t<meta property=\"og:image:height\" content=\"1755\" \/>\n\t<meta property=\"og:image:type\" content=\"image\/jpeg\" \/>\n<meta name=\"author\" content=\"Administrador\" \/>\n<meta name=\"twitter:card\" content=\"summary_large_image\" \/>\n<meta name=\"twitter:label1\" content=\"Escrito por\" \/>\n\t<meta name=\"twitter:data1\" content=\"Administrador\" \/>\n\t<meta name=\"twitter:label2\" content=\"Tiempo de lectura\" \/>\n\t<meta name=\"twitter:data2\" content=\"2 minutos\" \/>\n<script type=\"application\/ld+json\" class=\"yoast-schema-graph\">{\"@context\":\"https:\/\/schema.org\",\"@graph\":[{\"@type\":\"WebPage\",\"@id\":\"https:\/\/www.asajacyl.com\/palencia\/asaja-palencia-informa\/la-junta-convoca-la-incorporacion-a-las-ayudas-agroambientales-2026-de-la-pac\",\"url\":\"https:\/\/www.asajacyl.com\/palencia\/asaja-palencia-informa\/la-junta-convoca-la-incorporacion-a-las-ayudas-agroambientales-2026-de-la-pac\",\"name\":\"La Junta convoca la incorporaci\u00f3n a las ayudas agroambientales 2026 de la PAC - ASAJA Palencia\",\"isPartOf\":{\"@id\":\"https:\/\/www.asajacyl.com\/palencia\/#website\"},\"primaryImageOfPage\":{\"@id\":\"https:\/\/www.asajacyl.com\/palencia\/asaja-palencia-informa\/la-junta-convoca-la-incorporacion-a-las-ayudas-agroambientales-2026-de-la-pac#primaryimage\"},\"image\":{\"@id\":\"https:\/\/www.asajacyl.com\/palencia\/asaja-palencia-informa\/la-junta-convoca-la-incorporacion-a-las-ayudas-agroambientales-2026-de-la-pac#primaryimage\"},\"thumbnailUrl\":\"https:\/\/www.asajacyl.com\/palencia\/wp-content\/uploads\/sites\/3\/2026\/02\/Ovejas.jpg\",\"datePublished\":\"2026-02-26T10:15:37+00:00\",\"dateModified\":\"2026-02-26T10:15:39+00:00\",\"author\":{\"@id\":\"https:\/\/www.asajacyl.com\/palencia\/#\/schema\/person\/3ab17aeb03527485c317557fae64aab1\"},\"description\":\"El\u00a0plazo de solicitud\u00a0se inicia el 26 de marzo de 2026 y concluye el 30 de abril de 2026 La Consejer\u00eda de Agricultura de la Junta ha publicado la La Junta convoca la incorporaci\u00f3n a las ayudas agroambientales 2026 de la PAC\",\"breadcrumb\":{\"@id\":\"https:\/\/www.asajacyl.com\/palencia\/asaja-palencia-informa\/la-junta-convoca-la-incorporacion-a-las-ayudas-agroambientales-2026-de-la-pac#breadcrumb\"},\"inLanguage\":\"es\",\"potentialAction\":[{\"@type\":\"ReadAction\",\"target\":[\"https:\/\/www.asajacyl.com\/palencia\/asaja-palencia-informa\/la-junta-convoca-la-incorporacion-a-las-ayudas-agroambientales-2026-de-la-pac\"]}]},{\"@type\":\"ImageObject\",\"inLanguage\":\"es\",\"@id\":\"https:\/\/www.asajacyl.com\/palencia\/asaja-palencia-informa\/la-junta-convoca-la-incorporacion-a-las-ayudas-agroambientales-2026-de-la-pac#primaryimage\",\"url\":\"https:\/\/www.asajacyl.com\/palencia\/wp-content\/uploads\/sites\/3\/2026\/02\/Ovejas.jpg\",\"contentUrl\":\"https:\/\/www.asajacyl.com\/palencia\/wp-content\/uploads\/sites\/3\/2026\/02\/Ovejas.jpg\",\"width\":2500,\"height\":1755},{\"@type\":\"BreadcrumbList\",\"@id\":\"https:\/\/www.asajacyl.com\/palencia\/asaja-palencia-informa\/la-junta-convoca-la-incorporacion-a-las-ayudas-agroambientales-2026-de-la-pac#breadcrumb\",\"itemListElement\":[{\"@type\":\"ListItem\",\"position\":1,\"name\":\"Portada\",\"item\":\"https:\/\/www.asajacyl.com\/palencia\/\"},{\"@type\":\"ListItem\",\"position\":2,\"name\":\"La Junta convoca la incorporaci\u00f3n a las ayudas agroambientales 2026 de la PAC\"}]},{\"@type\":\"WebSite\",\"@id\":\"https:\/\/www.asajacyl.com\/palencia\/#website\",\"url\":\"https:\/\/www.asajacyl.com\/palencia\/\",\"name\":\"ASAJA Palencia\",\"description\":\"Otro sitio m\u00e1s de Provincias ASAJA Castilla y Le\u00f3n\",\"potentialAction\":[{\"@type\":\"SearchAction\",\"target\":{\"@type\":\"EntryPoint\",\"urlTemplate\":\"https:\/\/www.asajacyl.com\/palencia\/?s={search_term_string}\"},\"query-input\":{\"@type\":\"PropertyValueSpecification\",\"valueRequired\":true,\"valueName\":\"search_term_string\"}}],\"inLanguage\":\"es\"},{\"@type\":\"Person\",\"@id\":\"https:\/\/www.asajacyl.com\/palencia\/#\/schema\/person\/3ab17aeb03527485c317557fae64aab1\",\"name\":\"Administrador\",\"image\":{\"@type\":\"ImageObject\",\"inLanguage\":\"es\",\"@id\":\"https:\/\/www.asajacyl.com\/palencia\/#\/schema\/person\/image\/\",\"url\":\"https:\/\/secure.gravatar.com\/avatar\/517384810d242ca9e38c180f3c9fb973?s=96&d=mm&r=g\",\"contentUrl\":\"https:\/\/secure.gravatar.com\/avatar\/517384810d242ca9e38c180f3c9fb973?s=96&d=mm&r=g\",\"caption\":\"Administrador\"},\"url\":\"https:\/\/www.asajacyl.com\/palencia\/author\/carlosrm\"}]}<\/script>\n<!-- \/ Yoast SEO plugin. -->","yoast_head_json":{"title":"La Junta convoca la incorporaci\u00f3n a las ayudas agroambientales 2026 de la PAC - ASAJA Palencia","description":"El\u00a0plazo de solicitud\u00a0se inicia el 26 de marzo de 2026 y concluye el 30 de abril de 2026 La Consejer\u00eda de Agricultura de la Junta ha publicado la La Junta convoca la incorporaci\u00f3n a las ayudas agroambientales 2026 de la PAC","robots":{"index":"index","follow":"follow","max-snippet":"max-snippet:-1","max-image-preview":"max-image-preview:large","max-video-preview":"max-video-preview:-1"},"canonical":"https:\/\/www.asajacyl.com\/palencia\/asaja-palencia-informa\/la-junta-convoca-la-incorporacion-a-las-ayudas-agroambientales-2026-de-la-pac","og_locale":"es_ES","og_type":"article","og_title":"La Junta convoca la incorporaci\u00f3n a las ayudas agroambientales 2026 de la PAC - ASAJA Palencia","og_description":"El\u00a0plazo de solicitud\u00a0se inicia el 26 de marzo de 2026 y concluye el 30 de abril de 2026 La Consejer\u00eda de Agricultura de la Junta ha publicado la La Junta convoca la incorporaci\u00f3n a las ayudas agroambientales 2026 de la PAC","og_url":"https:\/\/www.asajacyl.com\/palencia\/asaja-palencia-informa\/la-junta-convoca-la-incorporacion-a-las-ayudas-agroambientales-2026-de-la-pac","og_site_name":"ASAJA Palencia","article_published_time":"2026-02-26T10:15:37+00:00","article_modified_time":"2026-02-26T10:15:39+00:00","og_image":[{"width":2500,"height":1755,"url":"https:\/\/www.asajacyl.com\/palencia\/wp-content\/uploads\/sites\/3\/2026\/02\/Ovejas.jpg","type":"image\/jpeg"}],"author":"Administrador","twitter_card":"summary_large_image","twitter_misc":{"Escrito por":"Administrador","Tiempo de lectura":"2 minutos"},"schema":{"@context":"https:\/\/schema.org","@graph":[{"@type":"WebPage","@id":"https:\/\/www.asajacyl.com\/palencia\/asaja-palencia-informa\/la-junta-convoca-la-incorporacion-a-las-ayudas-agroambientales-2026-de-la-pac","url":"https:\/\/www.asajacyl.com\/palencia\/asaja-palencia-informa\/la-junta-convoca-la-incorporacion-a-las-ayudas-agroambientales-2026-de-la-pac","name":"La Junta convoca la incorporaci\u00f3n a las ayudas agroambientales 2026 de la PAC - ASAJA Palencia","isPartOf":{"@id":"https:\/\/www.asajacyl.com\/palencia\/#website"},"primaryImageOfPage":{"@id":"https:\/\/www.asajacyl.com\/palencia\/asaja-palencia-informa\/la-junta-convoca-la-incorporacion-a-las-ayudas-agroambientales-2026-de-la-pac#primaryimage"},"image":{"@id":"https:\/\/www.asajacyl.com\/palencia\/asaja-palencia-informa\/la-junta-convoca-la-incorporacion-a-las-ayudas-agroambientales-2026-de-la-pac#primaryimage"},"thumbnailUrl":"https:\/\/www.asajacyl.com\/palencia\/wp-content\/uploads\/sites\/3\/2026\/02\/Ovejas.jpg","datePublished":"2026-02-26T10:15:37+00:00","dateModified":"2026-02-26T10:15:39+00:00","author":{"@id":"https:\/\/www.asajacyl.com\/palencia\/#\/schema\/person\/3ab17aeb03527485c317557fae64aab1"},"description":"El\u00a0plazo de solicitud\u00a0se inicia el 26 de marzo de 2026 y concluye el 30 de abril de 2026 La Consejer\u00eda de Agricultura de la Junta ha publicado la La Junta convoca la incorporaci\u00f3n a las ayudas agroambientales 2026 de la PAC","breadcrumb":{"@id":"https:\/\/www.asajacyl.com\/palencia\/asaja-palencia-informa\/la-junta-convoca-la-incorporacion-a-las-ayudas-agroambientales-2026-de-la-pac#breadcrumb"},"inLanguage":"es","potentialAction":[{"@type":"ReadAction","target":["https:\/\/www.asajacyl.com\/palencia\/asaja-palencia-informa\/la-junta-convoca-la-incorporacion-a-las-ayudas-agroambientales-2026-de-la-pac"]}]},{"@type":"ImageObject","inLanguage":"es","@id":"https:\/\/www.asajacyl.com\/palencia\/asaja-palencia-informa\/la-junta-convoca-la-incorporacion-a-las-ayudas-agroambientales-2026-de-la-pac#primaryimage","url":"https:\/\/www.asajacyl.com\/palencia\/wp-content\/uploads\/sites\/3\/2026\/02\/Ovejas.jpg","contentUrl":"https:\/\/www.asajacyl.com\/palencia\/wp-content\/uploads\/sites\/3\/2026\/02\/Ovejas.jpg","width":2500,"height":1755},{"@type":"BreadcrumbList","@id":"https:\/\/www.asajacyl.com\/palencia\/asaja-palencia-informa\/la-junta-convoca-la-incorporacion-a-las-ayudas-agroambientales-2026-de-la-pac#breadcrumb","itemListElement":[{"@type":"ListItem","position":1,"name":"Portada","item":"https:\/\/www.asajacyl.com\/palencia\/"},{"@type":"ListItem","position":2,"name":"La Junta convoca la incorporaci\u00f3n a las ayudas agroambientales 2026 de la PAC"}]},{"@type":"WebSite","@id":"https:\/\/www.asajacyl.com\/palencia\/#website","url":"https:\/\/www.asajacyl.com\/palencia\/","name":"ASAJA Palencia","description":"Otro sitio m\u00e1s de Provincias ASAJA Castilla y Le\u00f3n","potentialAction":[{"@type":"SearchAction","target":{"@type":"EntryPoint","urlTemplate":"https:\/\/www.asajacyl.com\/palencia\/?s={search_term_string}"},"query-input":{"@type":"PropertyValueSpecification","valueRequired":true,"valueName":"search_term_string"}}],"inLanguage":"es"},{"@type":"Person","@id":"https:\/\/www.asajacyl.com\/palencia\/#\/schema\/person\/3ab17aeb03527485c317557fae64aab1","name":"Administrador","image":{"@type":"ImageObject","inLanguage":"es","@id":"https:\/\/www.asajacyl.com\/palencia\/#\/schema\/person\/image\/","url":"https:\/\/secure.gravatar.com\/avatar\/517384810d242ca9e38c180f3c9fb973?s=96&d=mm&r=g","contentUrl":"https:\/\/secure.gravatar.com\/avatar\/517384810d242ca9e38c180f3c9fb973?s=96&d=mm&r=g","caption":"Administrador"},"url":"https:\/\/www.asajacyl.com\/palencia\/author\/carlosrm"}]}},"_links":{"self":[{"href":"https:\/\/www.asajacyl.com\/palencia\/wp-json\/wp\/v2\/posts\/22353"}],"collection":[{"href":"https:\/\/www.asajacyl.com\/palencia\/wp-json\/wp\/v2\/posts"}],"about":[{"href":"https:\/\/www.asajacyl.com\/palencia\/wp-json\/wp\/v2\/types\/post"}],"author":[{"embeddable":true,"href":"https:\/\/www.asajacyl.com\/palencia\/wp-json\/wp\/v2\/users\/9"}],"replies":[{"embeddable":true,"href":"https:\/\/www.asajacyl.com\/palencia\/wp-json\/wp\/v2\/comments?post=22353"}],"version-history":[{"count":1,"href":"https:\/\/www.asajacyl.com\/palencia\/wp-json\/wp\/v2\/posts\/22353\/revisions"}],"predecessor-version":[{"id":22355,"href":"https:\/\/www.asajacyl.com\/palencia\/wp-json\/wp\/v2\/posts\/22353\/revisions\/22355"}],"wp:featuredmedia":[{"embeddable":true,"href":"https:\/\/www.asajacyl.com\/palencia\/wp-json\/wp\/v2\/media\/22354"}],"wp:attachment":[{"href":"https:\/\/www.asajacyl.com\/palencia\/wp-json\/wp\/v2\/media?parent=22353"}],"wp:term":[{"taxonomy":"category","embeddable":true,"href":"https:\/\/www.asajacyl.com\/palencia\/wp-json\/wp\/v2\/categories?post=22353"},{"taxonomy":"post_tag","embeddable":true,"href":"https:\/\/www.asajacyl.com\/palencia\/wp-json\/wp\/v2\/tags?post=22353"}],"curies":[{"name":"wp","href":"https:\/\/api.w.org\/{rel}","templated":true}]}}