{"id":22356,"date":"2026-02-26T11:52:44","date_gmt":"2026-02-26T10:52:44","guid":{"rendered":"https:\/\/www.asajacyl.com\/palencia\/?p=22356"},"modified":"2026-02-26T11:58:56","modified_gmt":"2026-02-26T10:58:56","slug":"letargo-en-los-precios-de-la-sesion-semanal-de-la-lonja-de-leon","status":"publish","type":"post","link":"https:\/\/www.asajacyl.com\/palencia\/asaja-palencia-informa\/letargo-en-los-precios-de-la-sesion-semanal-de-la-lonja-de-leon","title":{"rendered":"Letargo en los precios de la sesi\u00f3n semanal de la lonja de Le\u00f3n"},"content":{"rendered":"\n<h2 class=\"wp-block-heading\">Repetici\u00f3n en cereales, patatas y forrajes<\/h2>\n\n\n\n<p>En la sesi\u00f3n semanal de la <a href=\"https:\/\/www.lonjadeleon.es\/\">lonja de Le\u00f3n<\/a> ha habido repetici\u00f3n en todos los cereales con apenas operaciones en los mercados. Si puntualizamos, el ma\u00edz tambi\u00e9n mantiene el mismo precio, a la espera de que comience a cotizar en seco en fechas pr\u00f3ximas.<\/p>\n\n\n\n<figure class=\"wp-block-image size-full is-resized\"><img loading=\"lazy\" decoding=\"async\" width=\"1024\" height=\"768\" src=\"https:\/\/www.asajacyl.com\/palencia\/wp-content\/uploads\/sites\/3\/2026\/02\/Tabla-precios-agricultura-25-2-26.jpg\" alt=\"\" class=\"wp-image-22357\" style=\"width:998px;height:auto\" srcset=\"https:\/\/www.asajacyl.com\/palencia\/wp-content\/uploads\/sites\/3\/2026\/02\/Tabla-precios-agricultura-25-2-26.jpg 1024w, https:\/\/www.asajacyl.com\/palencia\/wp-content\/uploads\/sites\/3\/2026\/02\/Tabla-precios-agricultura-25-2-26-300x225.jpg 300w, https:\/\/www.asajacyl.com\/palencia\/wp-content\/uploads\/sites\/3\/2026\/02\/Tabla-precios-agricultura-25-2-26-768x576.jpg 768w, https:\/\/www.asajacyl.com\/palencia\/wp-content\/uploads\/sites\/3\/2026\/02\/Tabla-precios-agricultura-25-2-26-560x420.jpg 560w, https:\/\/www.asajacyl.com\/palencia\/wp-content\/uploads\/sites\/3\/2026\/02\/Tabla-precios-agricultura-25-2-26-80x60.jpg 80w, https:\/\/www.asajacyl.com\/palencia\/wp-content\/uploads\/sites\/3\/2026\/02\/Tabla-precios-agricultura-25-2-26-696x522.jpg 696w\" sizes=\"(max-width: 1024px) 100vw, 1024px\" \/><\/figure>\n\n\n\n<p>Seg\u00fan los t\u00e9cnicos leoneses, en el campo se retoma la actividad poco a poco y los agricultores centran su esfuerzo en ponerse al d\u00eda en los terrenos que est\u00e1n m\u00e1s sanos, con la esperanza de que el tiempo les de una tregua para completar todas las tareas pendientes.<\/p>\n\n\n\n<p><strong>PATATA<\/strong>. La patata tambi\u00e9n contin\u00faa con los mismos precios. Si bien esta semana en los lineales los tub\u00e9rculos han experimentado subidas, estas no se ha trasladado a los bolsillos de los agricultores. <\/p>\n\n\n\n<p>Por su parte, los forrajes mantienen los precios de hace siete d\u00edas, porque en la sesi\u00f3n de esta semana no han cotizado.<\/p>\n","protected":false},"excerpt":{"rendered":"<p>Repetici\u00f3n en cereales, patatas y forrajes En la sesi\u00f3n semanal de la lonja de Le\u00f3n ha habido repetici\u00f3n en todos los cereales con apenas operaciones en los mercados. Si puntualizamos, el ma\u00edz tambi\u00e9n mantiene el mismo precio, a la espera de que comience a cotizar en seco en fechas pr\u00f3ximas. Seg\u00fan los t\u00e9cnicos leoneses, en [&hellip;]<\/p>\n","protected":false},"author":9,"featured_media":22358,"comment_status":"open","ping_status":"open","sticky":false,"template":"","format":"standard","meta":{"footnotes":""},"categories":[9,29,28],"tags":[1698,1368,1370,1704,1719,1769,1768],"yoast_head":"<!-- This site is optimized with the Yoast SEO plugin v24.5 - https:\/\/yoast.com\/wordpress\/plugins\/seo\/ -->\n<title>Letargo en los precios de la sesi\u00f3n semanal de la lonja de Le\u00f3n - ASAJA Palencia<\/title>\n<meta name=\"description\" content=\"Repetici\u00f3n en cereales, patatas y forrajes En la sesi\u00f3n semanal de la lonja de Le\u00f3n ha habido repetici\u00f3n en todos los cereales con apenas operaciones en Letargo en los precios de la sesi\u00f3n semanal de la lonja de Le\u00f3n.\" \/>\n<meta name=\"robots\" content=\"index, follow, max-snippet:-1, max-image-preview:large, max-video-preview:-1\" \/>\n<link rel=\"canonical\" href=\"https:\/\/www.asajacyl.com\/palencia\/asaja-palencia-informa\/letargo-en-los-precios-de-la-sesion-semanal-de-la-lonja-de-leon\" \/>\n<meta property=\"og:locale\" content=\"es_ES\" \/>\n<meta property=\"og:type\" content=\"article\" \/>\n<meta property=\"og:title\" content=\"Letargo en los precios de la sesi\u00f3n semanal de la lonja de Le\u00f3n - ASAJA Palencia\" \/>\n<meta property=\"og:description\" content=\"Repetici\u00f3n en cereales, patatas y forrajes En la sesi\u00f3n semanal de la lonja de Le\u00f3n ha habido repetici\u00f3n en todos los cereales con apenas operaciones en Letargo en los precios de la sesi\u00f3n semanal de la lonja de Le\u00f3n.\" \/>\n<meta property=\"og:url\" content=\"https:\/\/www.asajacyl.com\/palencia\/asaja-palencia-informa\/letargo-en-los-precios-de-la-sesion-semanal-de-la-lonja-de-leon\" \/>\n<meta property=\"og:site_name\" content=\"ASAJA Palencia\" \/>\n<meta property=\"article:published_time\" content=\"2026-02-26T10:52:44+00:00\" \/>\n<meta property=\"article:modified_time\" content=\"2026-02-26T10:58:56+00:00\" \/>\n<meta property=\"og:image\" content=\"https:\/\/www.asajacyl.com\/palencia\/wp-content\/uploads\/sites\/3\/2026\/02\/foto-trigo-nacido.jpeg\" \/>\n\t<meta property=\"og:image:width\" content=\"2500\" \/>\n\t<meta property=\"og:image:height\" content=\"1875\" \/>\n\t<meta property=\"og:image:type\" content=\"image\/jpeg\" \/>\n<meta name=\"author\" content=\"Administrador\" \/>\n<meta name=\"twitter:card\" content=\"summary_large_image\" \/>\n<meta name=\"twitter:label1\" content=\"Escrito por\" \/>\n\t<meta name=\"twitter:data1\" content=\"Administrador\" \/>\n\t<meta name=\"twitter:label2\" content=\"Tiempo de lectura\" \/>\n\t<meta name=\"twitter:data2\" content=\"2 minutos\" \/>\n<script type=\"application\/ld+json\" class=\"yoast-schema-graph\">{\"@context\":\"https:\/\/schema.org\",\"@graph\":[{\"@type\":\"WebPage\",\"@id\":\"https:\/\/www.asajacyl.com\/palencia\/asaja-palencia-informa\/letargo-en-los-precios-de-la-sesion-semanal-de-la-lonja-de-leon\",\"url\":\"https:\/\/www.asajacyl.com\/palencia\/asaja-palencia-informa\/letargo-en-los-precios-de-la-sesion-semanal-de-la-lonja-de-leon\",\"name\":\"Letargo en los precios de la sesi\u00f3n semanal de la lonja de Le\u00f3n - ASAJA Palencia\",\"isPartOf\":{\"@id\":\"https:\/\/www.asajacyl.com\/palencia\/#website\"},\"primaryImageOfPage\":{\"@id\":\"https:\/\/www.asajacyl.com\/palencia\/asaja-palencia-informa\/letargo-en-los-precios-de-la-sesion-semanal-de-la-lonja-de-leon#primaryimage\"},\"image\":{\"@id\":\"https:\/\/www.asajacyl.com\/palencia\/asaja-palencia-informa\/letargo-en-los-precios-de-la-sesion-semanal-de-la-lonja-de-leon#primaryimage\"},\"thumbnailUrl\":\"https:\/\/www.asajacyl.com\/palencia\/wp-content\/uploads\/sites\/3\/2026\/02\/foto-trigo-nacido.jpeg\",\"datePublished\":\"2026-02-26T10:52:44+00:00\",\"dateModified\":\"2026-02-26T10:58:56+00:00\",\"author\":{\"@id\":\"https:\/\/www.asajacyl.com\/palencia\/#\/schema\/person\/3ab17aeb03527485c317557fae64aab1\"},\"description\":\"Repetici\u00f3n en cereales, patatas y forrajes En la sesi\u00f3n semanal de la lonja de Le\u00f3n ha habido repetici\u00f3n en todos los cereales con apenas operaciones en Letargo en los precios de la sesi\u00f3n semanal de la lonja de Le\u00f3n.\",\"breadcrumb\":{\"@id\":\"https:\/\/www.asajacyl.com\/palencia\/asaja-palencia-informa\/letargo-en-los-precios-de-la-sesion-semanal-de-la-lonja-de-leon#breadcrumb\"},\"inLanguage\":\"es\",\"potentialAction\":[{\"@type\":\"ReadAction\",\"target\":[\"https:\/\/www.asajacyl.com\/palencia\/asaja-palencia-informa\/letargo-en-los-precios-de-la-sesion-semanal-de-la-lonja-de-leon\"]}]},{\"@type\":\"ImageObject\",\"inLanguage\":\"es\",\"@id\":\"https:\/\/www.asajacyl.com\/palencia\/asaja-palencia-informa\/letargo-en-los-precios-de-la-sesion-semanal-de-la-lonja-de-leon#primaryimage\",\"url\":\"https:\/\/www.asajacyl.com\/palencia\/wp-content\/uploads\/sites\/3\/2026\/02\/foto-trigo-nacido.jpeg\",\"contentUrl\":\"https:\/\/www.asajacyl.com\/palencia\/wp-content\/uploads\/sites\/3\/2026\/02\/foto-trigo-nacido.jpeg\",\"width\":2500,\"height\":1875},{\"@type\":\"BreadcrumbList\",\"@id\":\"https:\/\/www.asajacyl.com\/palencia\/asaja-palencia-informa\/letargo-en-los-precios-de-la-sesion-semanal-de-la-lonja-de-leon#breadcrumb\",\"itemListElement\":[{\"@type\":\"ListItem\",\"position\":1,\"name\":\"Portada\",\"item\":\"https:\/\/www.asajacyl.com\/palencia\/\"},{\"@type\":\"ListItem\",\"position\":2,\"name\":\"Letargo en los precios de la sesi\u00f3n semanal de la lonja de Le\u00f3n\"}]},{\"@type\":\"WebSite\",\"@id\":\"https:\/\/www.asajacyl.com\/palencia\/#website\",\"url\":\"https:\/\/www.asajacyl.com\/palencia\/\",\"name\":\"ASAJA Palencia\",\"description\":\"Otro sitio m\u00e1s de Provincias ASAJA Castilla y Le\u00f3n\",\"potentialAction\":[{\"@type\":\"SearchAction\",\"target\":{\"@type\":\"EntryPoint\",\"urlTemplate\":\"https:\/\/www.asajacyl.com\/palencia\/?s={search_term_string}\"},\"query-input\":{\"@type\":\"PropertyValueSpecification\",\"valueRequired\":true,\"valueName\":\"search_term_string\"}}],\"inLanguage\":\"es\"},{\"@type\":\"Person\",\"@id\":\"https:\/\/www.asajacyl.com\/palencia\/#\/schema\/person\/3ab17aeb03527485c317557fae64aab1\",\"name\":\"Administrador\",\"image\":{\"@type\":\"ImageObject\",\"inLanguage\":\"es\",\"@id\":\"https:\/\/www.asajacyl.com\/palencia\/#\/schema\/person\/image\/\",\"url\":\"https:\/\/secure.gravatar.com\/avatar\/517384810d242ca9e38c180f3c9fb973?s=96&d=mm&r=g\",\"contentUrl\":\"https:\/\/secure.gravatar.com\/avatar\/517384810d242ca9e38c180f3c9fb973?s=96&d=mm&r=g\",\"caption\":\"Administrador\"},\"url\":\"https:\/\/www.asajacyl.com\/palencia\/author\/carlosrm\"}]}<\/script>\n<!-- \/ Yoast SEO plugin. -->","yoast_head_json":{"title":"Letargo en los precios de la sesi\u00f3n semanal de la lonja de Le\u00f3n - ASAJA Palencia","description":"Repetici\u00f3n en cereales, patatas y forrajes En la sesi\u00f3n semanal de la lonja de Le\u00f3n ha habido repetici\u00f3n en todos los cereales con apenas operaciones en Letargo en los precios de la sesi\u00f3n semanal de la lonja de Le\u00f3n.","robots":{"index":"index","follow":"follow","max-snippet":"max-snippet:-1","max-image-preview":"max-image-preview:large","max-video-preview":"max-video-preview:-1"},"canonical":"https:\/\/www.asajacyl.com\/palencia\/asaja-palencia-informa\/letargo-en-los-precios-de-la-sesion-semanal-de-la-lonja-de-leon","og_locale":"es_ES","og_type":"article","og_title":"Letargo en los precios de la sesi\u00f3n semanal de la lonja de Le\u00f3n - ASAJA Palencia","og_description":"Repetici\u00f3n en cereales, patatas y forrajes En la sesi\u00f3n semanal de la lonja de Le\u00f3n ha habido repetici\u00f3n en todos los cereales con apenas operaciones en Letargo en los precios de la sesi\u00f3n semanal de la lonja de Le\u00f3n.","og_url":"https:\/\/www.asajacyl.com\/palencia\/asaja-palencia-informa\/letargo-en-los-precios-de-la-sesion-semanal-de-la-lonja-de-leon","og_site_name":"ASAJA Palencia","article_published_time":"2026-02-26T10:52:44+00:00","article_modified_time":"2026-02-26T10:58:56+00:00","og_image":[{"width":2500,"height":1875,"url":"https:\/\/www.asajacyl.com\/palencia\/wp-content\/uploads\/sites\/3\/2026\/02\/foto-trigo-nacido.jpeg","type":"image\/jpeg"}],"author":"Administrador","twitter_card":"summary_large_image","twitter_misc":{"Escrito por":"Administrador","Tiempo de lectura":"2 minutos"},"schema":{"@context":"https:\/\/schema.org","@graph":[{"@type":"WebPage","@id":"https:\/\/www.asajacyl.com\/palencia\/asaja-palencia-informa\/letargo-en-los-precios-de-la-sesion-semanal-de-la-lonja-de-leon","url":"https:\/\/www.asajacyl.com\/palencia\/asaja-palencia-informa\/letargo-en-los-precios-de-la-sesion-semanal-de-la-lonja-de-leon","name":"Letargo en los precios de la sesi\u00f3n semanal de la lonja de Le\u00f3n - ASAJA Palencia","isPartOf":{"@id":"https:\/\/www.asajacyl.com\/palencia\/#website"},"primaryImageOfPage":{"@id":"https:\/\/www.asajacyl.com\/palencia\/asaja-palencia-informa\/letargo-en-los-precios-de-la-sesion-semanal-de-la-lonja-de-leon#primaryimage"},"image":{"@id":"https:\/\/www.asajacyl.com\/palencia\/asaja-palencia-informa\/letargo-en-los-precios-de-la-sesion-semanal-de-la-lonja-de-leon#primaryimage"},"thumbnailUrl":"https:\/\/www.asajacyl.com\/palencia\/wp-content\/uploads\/sites\/3\/2026\/02\/foto-trigo-nacido.jpeg","datePublished":"2026-02-26T10:52:44+00:00","dateModified":"2026-02-26T10:58:56+00:00","author":{"@id":"https:\/\/www.asajacyl.com\/palencia\/#\/schema\/person\/3ab17aeb03527485c317557fae64aab1"},"description":"Repetici\u00f3n en cereales, patatas y forrajes En la sesi\u00f3n semanal de la lonja de Le\u00f3n ha habido repetici\u00f3n en todos los cereales con apenas operaciones en Letargo en los precios de la sesi\u00f3n semanal de la lonja de Le\u00f3n.","breadcrumb":{"@id":"https:\/\/www.asajacyl.com\/palencia\/asaja-palencia-informa\/letargo-en-los-precios-de-la-sesion-semanal-de-la-lonja-de-leon#breadcrumb"},"inLanguage":"es","potentialAction":[{"@type":"ReadAction","target":["https:\/\/www.asajacyl.com\/palencia\/asaja-palencia-informa\/letargo-en-los-precios-de-la-sesion-semanal-de-la-lonja-de-leon"]}]},{"@type":"ImageObject","inLanguage":"es","@id":"https:\/\/www.asajacyl.com\/palencia\/asaja-palencia-informa\/letargo-en-los-precios-de-la-sesion-semanal-de-la-lonja-de-leon#primaryimage","url":"https:\/\/www.asajacyl.com\/palencia\/wp-content\/uploads\/sites\/3\/2026\/02\/foto-trigo-nacido.jpeg","contentUrl":"https:\/\/www.asajacyl.com\/palencia\/wp-content\/uploads\/sites\/3\/2026\/02\/foto-trigo-nacido.jpeg","width":2500,"height":1875},{"@type":"BreadcrumbList","@id":"https:\/\/www.asajacyl.com\/palencia\/asaja-palencia-informa\/letargo-en-los-precios-de-la-sesion-semanal-de-la-lonja-de-leon#breadcrumb","itemListElement":[{"@type":"ListItem","position":1,"name":"Portada","item":"https:\/\/www.asajacyl.com\/palencia\/"},{"@type":"ListItem","position":2,"name":"Letargo en los precios de la sesi\u00f3n semanal de la lonja de Le\u00f3n"}]},{"@type":"WebSite","@id":"https:\/\/www.asajacyl.com\/palencia\/#website","url":"https:\/\/www.asajacyl.com\/palencia\/","name":"ASAJA Palencia","description":"Otro sitio m\u00e1s de Provincias ASAJA Castilla y Le\u00f3n","potentialAction":[{"@type":"SearchAction","target":{"@type":"EntryPoint","urlTemplate":"https:\/\/www.asajacyl.com\/palencia\/?s={search_term_string}"},"query-input":{"@type":"PropertyValueSpecification","valueRequired":true,"valueName":"search_term_string"}}],"inLanguage":"es"},{"@type":"Person","@id":"https:\/\/www.asajacyl.com\/palencia\/#\/schema\/person\/3ab17aeb03527485c317557fae64aab1","name":"Administrador","image":{"@type":"ImageObject","inLanguage":"es","@id":"https:\/\/www.asajacyl.com\/palencia\/#\/schema\/person\/image\/","url":"https:\/\/secure.gravatar.com\/avatar\/517384810d242ca9e38c180f3c9fb973?s=96&d=mm&r=g","contentUrl":"https:\/\/secure.gravatar.com\/avatar\/517384810d242ca9e38c180f3c9fb973?s=96&d=mm&r=g","caption":"Administrador"},"url":"https:\/\/www.asajacyl.com\/palencia\/author\/carlosrm"}]}},"_links":{"self":[{"href":"https:\/\/www.asajacyl.com\/palencia\/wp-json\/wp\/v2\/posts\/22356"}],"collection":[{"href":"https:\/\/www.asajacyl.com\/palencia\/wp-json\/wp\/v2\/posts"}],"about":[{"href":"https:\/\/www.asajacyl.com\/palencia\/wp-json\/wp\/v2\/types\/post"}],"author":[{"embeddable":true,"href":"https:\/\/www.asajacyl.com\/palencia\/wp-json\/wp\/v2\/users\/9"}],"replies":[{"embeddable":true,"href":"https:\/\/www.asajacyl.com\/palencia\/wp-json\/wp\/v2\/comments?post=22356"}],"version-history":[{"count":4,"href":"https:\/\/www.asajacyl.com\/palencia\/wp-json\/wp\/v2\/posts\/22356\/revisions"}],"predecessor-version":[{"id":22364,"href":"https:\/\/www.asajacyl.com\/palencia\/wp-json\/wp\/v2\/posts\/22356\/revisions\/22364"}],"wp:featuredmedia":[{"embeddable":true,"href":"https:\/\/www.asajacyl.com\/palencia\/wp-json\/wp\/v2\/media\/22358"}],"wp:attachment":[{"href":"https:\/\/www.asajacyl.com\/palencia\/wp-json\/wp\/v2\/media?parent=22356"}],"wp:term":[{"taxonomy":"category","embeddable":true,"href":"https:\/\/www.asajacyl.com\/palencia\/wp-json\/wp\/v2\/categories?post=22356"},{"taxonomy":"post_tag","embeddable":true,"href":"https:\/\/www.asajacyl.com\/palencia\/wp-json\/wp\/v2\/tags?post=22356"}],"curies":[{"name":"wp","href":"https:\/\/api.w.org\/{rel}","templated":true}]}}