{"id":22377,"date":"2026-02-27T12:00:13","date_gmt":"2026-02-27T11:00:13","guid":{"rendered":"https:\/\/www.asajacyl.com\/palencia\/?p=22377"},"modified":"2026-02-27T13:34:43","modified_gmt":"2026-02-27T12:34:43","slug":"asaja-considera-muy-grave-la-segunda-auditoria-de-la-comision-europea-sobre-la-carne-de-vacuno-brasilena","status":"publish","type":"post","link":"https:\/\/www.asajacyl.com\/palencia\/asaja-palencia-informa\/asaja-considera-muy-grave-la-segunda-auditoria-de-la-comision-europea-sobre-la-carne-de-vacuno-brasilena","title":{"rendered":"ASAJA considera muy grave la segunda auditor\u00eda de la Comisi\u00f3n Europea sobre la carne de vacuno brasile\u00f1a"},"content":{"rendered":"\n<h2 class=\"wp-block-heading\"><strong>El nuevo informe de la Instituci\u00f3n confirma que Brasil sigue sin ofrecer garant\u00edas plenas en la exportaci\u00f3n c\u00e1rnica a la UE<\/strong><\/h2>\n\n\n\n<p>ASAJA considera muy grave la segunda auditor\u00eda de la Comisi\u00f3n Europea, con una conclusi\u00f3n negativa sobre el control de la carne de vacuno brasile\u00f1a exportada a la Uni\u00f3n Europea.<\/p>\n\n\n\n<p>Este segundo informe de auditor\u00eda ha sido publicado por la\u00a0<strong>Direcci\u00f3n General de Salud y Seguridad Alimentaria de la Comisi\u00f3n Europea (DG SANTE)<\/strong>\u00a0sobre la carne de vacuno procedente de Brasil (<strong>DG(SANTE) CT\u20112025\u20110241, 24 de febrero de 2026<\/strong>).<\/p>\n\n\n\n<p>El documento, que da seguimiento a la auditor\u00eda realizada en\u00a0<strong>2024<\/strong>\u00a0tras la suspensi\u00f3n de exportaciones de carne de hembras bovinas, vuelve a identificar\u00a0<strong>deficiencias<\/strong>\u00a0en el sistema brasile\u00f1o para garantizar que animales tratados con\u00a0<strong>oestradiol 17\u03b2<\/strong>\u00a0\u2014hormona prohibida en la Uni\u00f3n Europea\u2014 no sean exportados al mercado comunitario.<\/p>\n\n\n\n<figure class=\"wp-block-image size-full\"><img loading=\"lazy\" decoding=\"async\" width=\"840\" height=\"630\" src=\"https:\/\/www.asajacyl.com\/palencia\/wp-content\/uploads\/sites\/3\/2026\/02\/Empresa-carne-Brasil-1.jpg\" alt=\"\" class=\"wp-image-22379\" srcset=\"https:\/\/www.asajacyl.com\/palencia\/wp-content\/uploads\/sites\/3\/2026\/02\/Empresa-carne-Brasil-1.jpg 840w, https:\/\/www.asajacyl.com\/palencia\/wp-content\/uploads\/sites\/3\/2026\/02\/Empresa-carne-Brasil-1-300x225.jpg 300w, https:\/\/www.asajacyl.com\/palencia\/wp-content\/uploads\/sites\/3\/2026\/02\/Empresa-carne-Brasil-1-768x576.jpg 768w, https:\/\/www.asajacyl.com\/palencia\/wp-content\/uploads\/sites\/3\/2026\/02\/Empresa-carne-Brasil-1-560x420.jpg 560w, https:\/\/www.asajacyl.com\/palencia\/wp-content\/uploads\/sites\/3\/2026\/02\/Empresa-carne-Brasil-1-80x60.jpg 80w, https:\/\/www.asajacyl.com\/palencia\/wp-content\/uploads\/sites\/3\/2026\/02\/Empresa-carne-Brasil-1-696x522.jpg 696w\" sizes=\"(max-width: 840px) 100vw, 840px\" \/><\/figure>\n\n\n\n<p><strong>MEDIDAS INSUFICIENTES<\/strong>. La Comisi\u00f3n concluye que, aunque Brasil ha implantado un protocolo espec\u00edfico y ha adoptado medidas correctoras, la recomendaci\u00f3n cr\u00edtica formulada en 2024\u00a0<strong>no se considera abordada<\/strong>. El plan de acci\u00f3n\u00a0<strong>\u201chas not been implemented as proposed\u201d<\/strong>\u00a0y las medidas aplicadas no han sido plenamente eficaces para excluir de la exportaci\u00f3n carne procedente de animales tratados.<\/p>\n\n\n\n<p><strong>Entre los hechos constatados por la auditor\u00eda destacan<\/strong>:<\/p>\n\n\n\n<ul>\n<li>La inclusi\u00f3n en env\u00edos a la UE de productos procedentes de animales tratados con\u00a0<strong>oestradiol 17\u03b2<\/strong>, amparados en\u00a0<strong>15 certificados sanitarios<\/strong>.<\/li>\n\n\n\n<li>La falta de comunicaci\u00f3n a los importadores europeos sobre la presencia de productos no elegibles en consignaciones exportadas.<\/li>\n\n\n\n<li>Deficiencias en la fase inicial de aplicaci\u00f3n del nuevo protocolo que no garantizaron la exclusi\u00f3n efectiva de productos no conformes.<\/li>\n<\/ul>\n\n\n\n<p><strong>FALTA DE CONFIANZA<\/strong>. El propio informe se\u00f1ala que estas deficiencias acumuladas\u00a0<strong>socavan la confianza<\/strong>\u00a0en la capacidad de la autoridad competente brasile\u00f1a para asegurar el cumplimiento de los compromisos asumidos.<\/p>\n\n\n\n<p>ASAJA recuerda que los productores europeos\/espa\u00f1oles cumplen estrictamente la\u00a0<strong>prohibici\u00f3n del uso de hormonas<\/strong>\u00a0y soportan controles exigentes. <\/p>\n\n\n\n<p>Por ello, insiste la organizaci\u00f3n agraria en que cualquier avance en las relaciones comerciales con terceros pa\u00edses debe basarse en\u00a0<strong>garant\u00edas plenas, verificables y equivalentes<\/strong>\u00a0a las exigidas dentro de la Uni\u00f3n Europea. \u00abLa\u00a0<strong>seguridad alimentaria<\/strong>, la\u00a0<strong>competencia leal<\/strong>\u00a0y el\u00a0<strong>respeto a las normas comunitarias<\/strong>\u00a0no admiten excepciones\u00bb, sentencia ASAJA.<\/p>\n","protected":false},"excerpt":{"rendered":"<p>El nuevo informe de la Instituci\u00f3n confirma que Brasil sigue sin ofrecer garant\u00edas plenas en la exportaci\u00f3n c\u00e1rnica a la UE ASAJA considera muy grave la segunda auditor\u00eda de la Comisi\u00f3n Europea, con una conclusi\u00f3n negativa sobre el control de la carne de vacuno brasile\u00f1a exportada a la Uni\u00f3n Europea. Este segundo informe de auditor\u00eda [&hellip;]<\/p>\n","protected":false},"author":9,"featured_media":22379,"comment_status":"open","ping_status":"open","sticky":false,"template":"","format":"standard","meta":{"footnotes":""},"categories":[9,28],"tags":[711,1698,1774,1773,1775,1708,1707],"yoast_head":"<!-- This site is optimized with the Yoast SEO plugin v24.5 - https:\/\/yoast.com\/wordpress\/plugins\/seo\/ -->\n<title>ASAJA considera muy grave la segunda auditor\u00eda de la Comisi\u00f3n Europea sobre la carne de vacuno brasile\u00f1a - ASAJA Palencia<\/title>\n<meta name=\"description\" content=\"El nuevo informe de la Instituci\u00f3n confirma que Brasil sigue sin ofrecer garant\u00edas plenas en la exportaci\u00f3n c\u00e1rnica a la UE ASAJA considera muy grave la\" \/>\n<meta name=\"robots\" content=\"index, follow, max-snippet:-1, max-image-preview:large, max-video-preview:-1\" \/>\n<link rel=\"canonical\" href=\"https:\/\/www.asajacyl.com\/palencia\/asaja-palencia-informa\/asaja-considera-muy-grave-la-segunda-auditoria-de-la-comision-europea-sobre-la-carne-de-vacuno-brasilena\" \/>\n<meta property=\"og:locale\" content=\"es_ES\" \/>\n<meta property=\"og:type\" content=\"article\" \/>\n<meta property=\"og:title\" content=\"ASAJA considera muy grave la segunda auditor\u00eda de la Comisi\u00f3n Europea sobre la carne de vacuno brasile\u00f1a - ASAJA Palencia\" \/>\n<meta property=\"og:description\" content=\"El nuevo informe de la Instituci\u00f3n confirma que Brasil sigue sin ofrecer garant\u00edas plenas en la exportaci\u00f3n c\u00e1rnica a la UE ASAJA considera muy grave la\" \/>\n<meta property=\"og:url\" content=\"https:\/\/www.asajacyl.com\/palencia\/asaja-palencia-informa\/asaja-considera-muy-grave-la-segunda-auditoria-de-la-comision-europea-sobre-la-carne-de-vacuno-brasilena\" \/>\n<meta property=\"og:site_name\" content=\"ASAJA Palencia\" \/>\n<meta property=\"article:published_time\" content=\"2026-02-27T11:00:13+00:00\" \/>\n<meta property=\"article:modified_time\" content=\"2026-02-27T12:34:43+00:00\" \/>\n<meta property=\"og:image\" content=\"https:\/\/www.asajacyl.com\/palencia\/wp-content\/uploads\/sites\/3\/2026\/02\/Empresa-carne-Brasil-1.jpg\" \/>\n\t<meta property=\"og:image:width\" content=\"840\" \/>\n\t<meta property=\"og:image:height\" content=\"630\" \/>\n\t<meta property=\"og:image:type\" content=\"image\/jpeg\" \/>\n<meta name=\"author\" content=\"Administrador\" \/>\n<meta name=\"twitter:card\" content=\"summary_large_image\" \/>\n<meta name=\"twitter:label1\" content=\"Escrito por\" \/>\n\t<meta name=\"twitter:data1\" content=\"Administrador\" \/>\n\t<meta name=\"twitter:label2\" content=\"Tiempo de lectura\" \/>\n\t<meta name=\"twitter:data2\" content=\"2 minutos\" \/>\n<script type=\"application\/ld+json\" class=\"yoast-schema-graph\">{\"@context\":\"https:\/\/schema.org\",\"@graph\":[{\"@type\":\"WebPage\",\"@id\":\"https:\/\/www.asajacyl.com\/palencia\/asaja-palencia-informa\/asaja-considera-muy-grave-la-segunda-auditoria-de-la-comision-europea-sobre-la-carne-de-vacuno-brasilena\",\"url\":\"https:\/\/www.asajacyl.com\/palencia\/asaja-palencia-informa\/asaja-considera-muy-grave-la-segunda-auditoria-de-la-comision-europea-sobre-la-carne-de-vacuno-brasilena\",\"name\":\"ASAJA considera muy grave la segunda auditor\u00eda de la Comisi\u00f3n Europea sobre la carne de vacuno brasile\u00f1a - ASAJA Palencia\",\"isPartOf\":{\"@id\":\"https:\/\/www.asajacyl.com\/palencia\/#website\"},\"primaryImageOfPage\":{\"@id\":\"https:\/\/www.asajacyl.com\/palencia\/asaja-palencia-informa\/asaja-considera-muy-grave-la-segunda-auditoria-de-la-comision-europea-sobre-la-carne-de-vacuno-brasilena#primaryimage\"},\"image\":{\"@id\":\"https:\/\/www.asajacyl.com\/palencia\/asaja-palencia-informa\/asaja-considera-muy-grave-la-segunda-auditoria-de-la-comision-europea-sobre-la-carne-de-vacuno-brasilena#primaryimage\"},\"thumbnailUrl\":\"https:\/\/www.asajacyl.com\/palencia\/wp-content\/uploads\/sites\/3\/2026\/02\/Empresa-carne-Brasil-1.jpg\",\"datePublished\":\"2026-02-27T11:00:13+00:00\",\"dateModified\":\"2026-02-27T12:34:43+00:00\",\"author\":{\"@id\":\"https:\/\/www.asajacyl.com\/palencia\/#\/schema\/person\/3ab17aeb03527485c317557fae64aab1\"},\"description\":\"El nuevo informe de la Instituci\u00f3n confirma que Brasil sigue sin ofrecer garant\u00edas plenas en la exportaci\u00f3n c\u00e1rnica a la UE ASAJA considera muy grave la\",\"breadcrumb\":{\"@id\":\"https:\/\/www.asajacyl.com\/palencia\/asaja-palencia-informa\/asaja-considera-muy-grave-la-segunda-auditoria-de-la-comision-europea-sobre-la-carne-de-vacuno-brasilena#breadcrumb\"},\"inLanguage\":\"es\",\"potentialAction\":[{\"@type\":\"ReadAction\",\"target\":[\"https:\/\/www.asajacyl.com\/palencia\/asaja-palencia-informa\/asaja-considera-muy-grave-la-segunda-auditoria-de-la-comision-europea-sobre-la-carne-de-vacuno-brasilena\"]}]},{\"@type\":\"ImageObject\",\"inLanguage\":\"es\",\"@id\":\"https:\/\/www.asajacyl.com\/palencia\/asaja-palencia-informa\/asaja-considera-muy-grave-la-segunda-auditoria-de-la-comision-europea-sobre-la-carne-de-vacuno-brasilena#primaryimage\",\"url\":\"https:\/\/www.asajacyl.com\/palencia\/wp-content\/uploads\/sites\/3\/2026\/02\/Empresa-carne-Brasil-1.jpg\",\"contentUrl\":\"https:\/\/www.asajacyl.com\/palencia\/wp-content\/uploads\/sites\/3\/2026\/02\/Empresa-carne-Brasil-1.jpg\",\"width\":840,\"height\":630},{\"@type\":\"BreadcrumbList\",\"@id\":\"https:\/\/www.asajacyl.com\/palencia\/asaja-palencia-informa\/asaja-considera-muy-grave-la-segunda-auditoria-de-la-comision-europea-sobre-la-carne-de-vacuno-brasilena#breadcrumb\",\"itemListElement\":[{\"@type\":\"ListItem\",\"position\":1,\"name\":\"Portada\",\"item\":\"https:\/\/www.asajacyl.com\/palencia\/\"},{\"@type\":\"ListItem\",\"position\":2,\"name\":\"ASAJA considera muy grave la segunda auditor\u00eda de la Comisi\u00f3n Europea sobre la carne de vacuno brasile\u00f1a\"}]},{\"@type\":\"WebSite\",\"@id\":\"https:\/\/www.asajacyl.com\/palencia\/#website\",\"url\":\"https:\/\/www.asajacyl.com\/palencia\/\",\"name\":\"ASAJA Palencia\",\"description\":\"Otro sitio m\u00e1s de Provincias ASAJA Castilla y Le\u00f3n\",\"potentialAction\":[{\"@type\":\"SearchAction\",\"target\":{\"@type\":\"EntryPoint\",\"urlTemplate\":\"https:\/\/www.asajacyl.com\/palencia\/?s={search_term_string}\"},\"query-input\":{\"@type\":\"PropertyValueSpecification\",\"valueRequired\":true,\"valueName\":\"search_term_string\"}}],\"inLanguage\":\"es\"},{\"@type\":\"Person\",\"@id\":\"https:\/\/www.asajacyl.com\/palencia\/#\/schema\/person\/3ab17aeb03527485c317557fae64aab1\",\"name\":\"Administrador\",\"image\":{\"@type\":\"ImageObject\",\"inLanguage\":\"es\",\"@id\":\"https:\/\/www.asajacyl.com\/palencia\/#\/schema\/person\/image\/\",\"url\":\"https:\/\/secure.gravatar.com\/avatar\/517384810d242ca9e38c180f3c9fb973?s=96&d=mm&r=g\",\"contentUrl\":\"https:\/\/secure.gravatar.com\/avatar\/517384810d242ca9e38c180f3c9fb973?s=96&d=mm&r=g\",\"caption\":\"Administrador\"},\"url\":\"https:\/\/www.asajacyl.com\/palencia\/author\/carlosrm\"}]}<\/script>\n<!-- \/ Yoast SEO plugin. -->","yoast_head_json":{"title":"ASAJA considera muy grave la segunda auditor\u00eda de la Comisi\u00f3n Europea sobre la carne de vacuno brasile\u00f1a - ASAJA Palencia","description":"El nuevo informe de la Instituci\u00f3n confirma que Brasil sigue sin ofrecer garant\u00edas plenas en la exportaci\u00f3n c\u00e1rnica a la UE ASAJA considera muy grave la","robots":{"index":"index","follow":"follow","max-snippet":"max-snippet:-1","max-image-preview":"max-image-preview:large","max-video-preview":"max-video-preview:-1"},"canonical":"https:\/\/www.asajacyl.com\/palencia\/asaja-palencia-informa\/asaja-considera-muy-grave-la-segunda-auditoria-de-la-comision-europea-sobre-la-carne-de-vacuno-brasilena","og_locale":"es_ES","og_type":"article","og_title":"ASAJA considera muy grave la segunda auditor\u00eda de la Comisi\u00f3n Europea sobre la carne de vacuno brasile\u00f1a - ASAJA Palencia","og_description":"El nuevo informe de la Instituci\u00f3n confirma que Brasil sigue sin ofrecer garant\u00edas plenas en la exportaci\u00f3n c\u00e1rnica a la UE ASAJA considera muy grave la","og_url":"https:\/\/www.asajacyl.com\/palencia\/asaja-palencia-informa\/asaja-considera-muy-grave-la-segunda-auditoria-de-la-comision-europea-sobre-la-carne-de-vacuno-brasilena","og_site_name":"ASAJA Palencia","article_published_time":"2026-02-27T11:00:13+00:00","article_modified_time":"2026-02-27T12:34:43+00:00","og_image":[{"width":840,"height":630,"url":"https:\/\/www.asajacyl.com\/palencia\/wp-content\/uploads\/sites\/3\/2026\/02\/Empresa-carne-Brasil-1.jpg","type":"image\/jpeg"}],"author":"Administrador","twitter_card":"summary_large_image","twitter_misc":{"Escrito por":"Administrador","Tiempo de lectura":"2 minutos"},"schema":{"@context":"https:\/\/schema.org","@graph":[{"@type":"WebPage","@id":"https:\/\/www.asajacyl.com\/palencia\/asaja-palencia-informa\/asaja-considera-muy-grave-la-segunda-auditoria-de-la-comision-europea-sobre-la-carne-de-vacuno-brasilena","url":"https:\/\/www.asajacyl.com\/palencia\/asaja-palencia-informa\/asaja-considera-muy-grave-la-segunda-auditoria-de-la-comision-europea-sobre-la-carne-de-vacuno-brasilena","name":"ASAJA considera muy grave la segunda auditor\u00eda de la Comisi\u00f3n Europea sobre la carne de vacuno brasile\u00f1a - ASAJA Palencia","isPartOf":{"@id":"https:\/\/www.asajacyl.com\/palencia\/#website"},"primaryImageOfPage":{"@id":"https:\/\/www.asajacyl.com\/palencia\/asaja-palencia-informa\/asaja-considera-muy-grave-la-segunda-auditoria-de-la-comision-europea-sobre-la-carne-de-vacuno-brasilena#primaryimage"},"image":{"@id":"https:\/\/www.asajacyl.com\/palencia\/asaja-palencia-informa\/asaja-considera-muy-grave-la-segunda-auditoria-de-la-comision-europea-sobre-la-carne-de-vacuno-brasilena#primaryimage"},"thumbnailUrl":"https:\/\/www.asajacyl.com\/palencia\/wp-content\/uploads\/sites\/3\/2026\/02\/Empresa-carne-Brasil-1.jpg","datePublished":"2026-02-27T11:00:13+00:00","dateModified":"2026-02-27T12:34:43+00:00","author":{"@id":"https:\/\/www.asajacyl.com\/palencia\/#\/schema\/person\/3ab17aeb03527485c317557fae64aab1"},"description":"El nuevo informe de la Instituci\u00f3n confirma que Brasil sigue sin ofrecer garant\u00edas plenas en la exportaci\u00f3n c\u00e1rnica a la UE ASAJA considera muy grave la","breadcrumb":{"@id":"https:\/\/www.asajacyl.com\/palencia\/asaja-palencia-informa\/asaja-considera-muy-grave-la-segunda-auditoria-de-la-comision-europea-sobre-la-carne-de-vacuno-brasilena#breadcrumb"},"inLanguage":"es","potentialAction":[{"@type":"ReadAction","target":["https:\/\/www.asajacyl.com\/palencia\/asaja-palencia-informa\/asaja-considera-muy-grave-la-segunda-auditoria-de-la-comision-europea-sobre-la-carne-de-vacuno-brasilena"]}]},{"@type":"ImageObject","inLanguage":"es","@id":"https:\/\/www.asajacyl.com\/palencia\/asaja-palencia-informa\/asaja-considera-muy-grave-la-segunda-auditoria-de-la-comision-europea-sobre-la-carne-de-vacuno-brasilena#primaryimage","url":"https:\/\/www.asajacyl.com\/palencia\/wp-content\/uploads\/sites\/3\/2026\/02\/Empresa-carne-Brasil-1.jpg","contentUrl":"https:\/\/www.asajacyl.com\/palencia\/wp-content\/uploads\/sites\/3\/2026\/02\/Empresa-carne-Brasil-1.jpg","width":840,"height":630},{"@type":"BreadcrumbList","@id":"https:\/\/www.asajacyl.com\/palencia\/asaja-palencia-informa\/asaja-considera-muy-grave-la-segunda-auditoria-de-la-comision-europea-sobre-la-carne-de-vacuno-brasilena#breadcrumb","itemListElement":[{"@type":"ListItem","position":1,"name":"Portada","item":"https:\/\/www.asajacyl.com\/palencia\/"},{"@type":"ListItem","position":2,"name":"ASAJA considera muy grave la segunda auditor\u00eda de la Comisi\u00f3n Europea sobre la carne de vacuno brasile\u00f1a"}]},{"@type":"WebSite","@id":"https:\/\/www.asajacyl.com\/palencia\/#website","url":"https:\/\/www.asajacyl.com\/palencia\/","name":"ASAJA Palencia","description":"Otro sitio m\u00e1s de Provincias ASAJA Castilla y Le\u00f3n","potentialAction":[{"@type":"SearchAction","target":{"@type":"EntryPoint","urlTemplate":"https:\/\/www.asajacyl.com\/palencia\/?s={search_term_string}"},"query-input":{"@type":"PropertyValueSpecification","valueRequired":true,"valueName":"search_term_string"}}],"inLanguage":"es"},{"@type":"Person","@id":"https:\/\/www.asajacyl.com\/palencia\/#\/schema\/person\/3ab17aeb03527485c317557fae64aab1","name":"Administrador","image":{"@type":"ImageObject","inLanguage":"es","@id":"https:\/\/www.asajacyl.com\/palencia\/#\/schema\/person\/image\/","url":"https:\/\/secure.gravatar.com\/avatar\/517384810d242ca9e38c180f3c9fb973?s=96&d=mm&r=g","contentUrl":"https:\/\/secure.gravatar.com\/avatar\/517384810d242ca9e38c180f3c9fb973?s=96&d=mm&r=g","caption":"Administrador"},"url":"https:\/\/www.asajacyl.com\/palencia\/author\/carlosrm"}]}},"_links":{"self":[{"href":"https:\/\/www.asajacyl.com\/palencia\/wp-json\/wp\/v2\/posts\/22377"}],"collection":[{"href":"https:\/\/www.asajacyl.com\/palencia\/wp-json\/wp\/v2\/posts"}],"about":[{"href":"https:\/\/www.asajacyl.com\/palencia\/wp-json\/wp\/v2\/types\/post"}],"author":[{"embeddable":true,"href":"https:\/\/www.asajacyl.com\/palencia\/wp-json\/wp\/v2\/users\/9"}],"replies":[{"embeddable":true,"href":"https:\/\/www.asajacyl.com\/palencia\/wp-json\/wp\/v2\/comments?post=22377"}],"version-history":[{"count":1,"href":"https:\/\/www.asajacyl.com\/palencia\/wp-json\/wp\/v2\/posts\/22377\/revisions"}],"predecessor-version":[{"id":22380,"href":"https:\/\/www.asajacyl.com\/palencia\/wp-json\/wp\/v2\/posts\/22377\/revisions\/22380"}],"wp:featuredmedia":[{"embeddable":true,"href":"https:\/\/www.asajacyl.com\/palencia\/wp-json\/wp\/v2\/media\/22379"}],"wp:attachment":[{"href":"https:\/\/www.asajacyl.com\/palencia\/wp-json\/wp\/v2\/media?parent=22377"}],"wp:term":[{"taxonomy":"category","embeddable":true,"href":"https:\/\/www.asajacyl.com\/palencia\/wp-json\/wp\/v2\/categories?post=22377"},{"taxonomy":"post_tag","embeddable":true,"href":"https:\/\/www.asajacyl.com\/palencia\/wp-json\/wp\/v2\/tags?post=22377"}],"curies":[{"name":"wp","href":"https:\/\/api.w.org\/{rel}","templated":true}]}}