{"id":22381,"date":"2026-03-01T10:50:00","date_gmt":"2026-03-01T09:50:00","guid":{"rendered":"https:\/\/www.asajacyl.com\/palencia\/?p=22381"},"modified":"2026-03-02T19:12:29","modified_gmt":"2026-03-02T18:12:29","slug":"asaja-denuncia-la-traicion-de-la-ue-al-campo-tras-la-activacion-provisional-del-acuerdo-con-mercosur","status":"publish","type":"post","link":"https:\/\/www.asajacyl.com\/palencia\/asaja-palencia-informa\/asaja-denuncia-la-traicion-de-la-ue-al-campo-tras-la-activacion-provisional-del-acuerdo-con-mercosur","title":{"rendered":"ASAJA denuncia la traici\u00f3n de la UE al campo tras la activaci\u00f3n provisional del acuerdo con Mercosur"},"content":{"rendered":"\n<h2 class=\"wp-block-heading\">La Comisi\u00f3n activa el acuerdo con Mercosur apenas d\u00edas despu\u00e9s de que una auditor\u00eda confirmara que&nbsp;<strong>Brasil no ofrece garant\u00edas plenas<\/strong>&nbsp;sobre la carne hormonada.<\/h2>\n\n\n\n<p><a href=\"https:\/\/www.asaja.com\/\">ASAJA<\/a> denuncia una traici\u00f3n institucional de la Comisi\u00f3n al campo europeo tras la activaci\u00f3n provisional del acuerdo con Mercosur, precisamente cuando una auditor\u00eda encargada por esa Instituci\u00f3n conclu\u00eda que Brasil no ofrece las garant\u00edas suficientes sobre la carne exportada por ese pa\u00eds a la Uni\u00f3n Europea (UE).<\/p>\n\n\n\n<p>La organizaci\u00f3n recuerda que la batalla no est\u00e1 perdida, ya el&nbsp;<strong>Parlamento Europeo<\/strong>&nbsp;deber\u00e1 votar la ratificaci\u00f3n y un recurso ante el&nbsp;<strong>Tribunal de Justicia de la UE<\/strong>&nbsp;podr\u00eda suspender cautelarmente el acuerdo.<\/p>\n\n\n\n<p><strong>CR\u00cdTICA A VON DER LEYEN<\/strong>. ASAJA critica duramente que la Comisi\u00f3n Europea, presidida por&nbsp;<strong>Ursula von der Leyen<\/strong>,<strong> traicione al campo europeo al activar provisionalmente el acuerdo con Mercosur<\/strong> apenas un par de d\u00edas despu\u00e9s de que una auditor\u00eda oficial confirmara que&nbsp;<strong>Brasil no ha garantizado plenamente<\/strong>&nbsp;que carne procedente de animales tratados con la hormona&nbsp;<strong>estradiol 17\u03b2<\/strong>&nbsp;quede fuera del mercado comunitario. <\/p>\n\n\n\n<figure class=\"wp-block-embed is-type-video is-provider-youtube wp-block-embed-youtube wp-embed-aspect-16-9 wp-has-aspect-ratio\"><div class=\"wp-block-embed__wrapper\">\n<div class=\"youtube-embed\" data-video_id=\"qTHGoxbDphY\"><iframe loading=\"lazy\" title=\"Valoraci\u00f3n de la activaci\u00f3n provisional del acuerdo con Mercosur\" width=\"696\" height=\"392\" src=\"https:\/\/www.youtube.com\/embed\/qTHGoxbDphY?start=7&#038;feature=oembed\" frameborder=\"0\" allow=\"accelerometer; autoplay; clipboard-write; encrypted-media; gyroscope; picture-in-picture; web-share\" referrerpolicy=\"strict-origin-when-cross-origin\" allowfullscreen><\/iframe><\/div>\n<\/div><\/figure>\n\n\n\n<p><strong>BRASIL NO CUMPLE<\/strong>. La organizaci\u00f3n considera especialmente grave que este paso se produzca apenas unos d\u00edas despu\u00e9s de que la propia Comisi\u00f3n haya publicado el informe final de auditor\u00eda&nbsp;<strong>DG(SANTE) CT-2025-0241<\/strong>&nbsp;sobre Brasil, en el que se concluye que la recomendaci\u00f3n cr\u00edtica para garantizar que no se exporte a la UE carne procedente de bovinos tratados con&nbsp;<strong>estradiol 17\u03b2<\/strong>&nbsp;no ha sido abordada de forma satisfactoria.<\/p>\n\n\n\n<p>El informe reconoce que <strong>las medidas adoptadas por la autoridad brasile\u00f1a&nbsp;no han sido plenamente eficaces<\/strong>&nbsp;para excluir de la exportaci\u00f3n a la UE carne de animales tratados con esta sustancia y que las deficiencias detectadas&nbsp;<strong>socavan la confianza en el sistema de control<\/strong>. <\/p>\n\n\n\n<p>Para <strong>ASAJA, \u201cno se entiende c\u00f3mo, con estas conclusiones oficiales sobre la mesa, las instituciones europeas deciden acelerar <\/strong>un acuerdo que incrementa los contingentes de importaci\u00f3n en sectores especialmente sensibles para Espa\u00f1a\u201d.<\/p>\n\n\n\n<p>La organizaci\u00f3n agraria insiste en que no se opone al comercio internacional, pero s\u00ed a acuerdos que no garantizan&nbsp;<strong>reciprocidad real<\/strong>&nbsp;en normas sanitarias, medioambientales y de bienestar animal, y que exponen a los productores europeos a una&nbsp;<strong>competencia desleal<\/strong>.<\/p>\n\n\n\n<figure class=\"wp-block-image size-full is-resized\"><img loading=\"lazy\" decoding=\"async\" width=\"701\" height=\"407\" src=\"https:\/\/www.asajacyl.com\/palencia\/wp-content\/uploads\/sites\/3\/2026\/02\/Mercosur-bandera-UE.jpg\" alt=\"\" class=\"wp-image-22383\" style=\"width:931px;height:auto\" srcset=\"https:\/\/www.asajacyl.com\/palencia\/wp-content\/uploads\/sites\/3\/2026\/02\/Mercosur-bandera-UE.jpg 701w, https:\/\/www.asajacyl.com\/palencia\/wp-content\/uploads\/sites\/3\/2026\/02\/Mercosur-bandera-UE-300x174.jpg 300w, https:\/\/www.asajacyl.com\/palencia\/wp-content\/uploads\/sites\/3\/2026\/02\/Mercosur-bandera-UE-696x404.jpg 696w\" sizes=\"(max-width: 701px) 100vw, 701px\" \/><\/figure>\n\n\n\n<p><strong>BATALLA EN EL PARLAMENTO Y LOS TRIBUNALES<\/strong>. No obstante, la organizaci\u00f3n subraya que la batalla no est\u00e1 cerrada. El acuerdo deber\u00e1 seguir su recorrido institucional y, una vez que se pronuncie el Tribunal de Justicia de la Uni\u00f3n Europea sobre las dudas jur\u00eddicas planteadas, el&nbsp;<strong>Parlamento Europeo<\/strong>&nbsp;deber\u00e1 votar su ratificaci\u00f3n definitiva.<\/p>\n\n\n\n<p>Un recurso de un Estado miembro ante el Tribunal de Justicia de la UE, como ya han anunciado p\u00fablicamente&nbsp;<strong>Hungr\u00eda y Polonia<\/strong>, podr\u00eda&nbsp;<strong>suspender cautelarmente<\/strong>&nbsp;el acuerdo.<\/p>\n\n\n\n<p>En este contexto, ASAJA hace un <strong>llamamiento al&nbsp;Gobierno de Espa\u00f1a<\/strong>&nbsp;para que defienda con firmeza al sector agrario espa\u00f1ol y estudie la presentaci\u00f3n de un recurso ante el Tribunal de Justicia de la Uni\u00f3n Europea, con el objetivo de proteger los intereses de agricultores y ganaderos.<\/p>\n\n\n\n<p><strong>MOVILIZACIONES<\/strong>. La organizaci\u00f3n advierte de que, ante la gravedad de los acontecimientos, continuar\u00e1 con su&nbsp;<strong>calendario de movilizaciones<\/strong>&nbsp;y adoptar\u00e1 las medidas que considere necesarias para defender al campo espa\u00f1ol. <\/p>\n\n\n\n<p>\u201cEl proceso no termina aqu\u00ed. El sector agrario no va a permanecer inm\u00f3vil ante decisiones que comprometen su viabilidad y la&nbsp;<strong>seguridad alimentaria europea<\/strong>\u201d, concluye ASAJA.<\/p>\n","protected":false},"excerpt":{"rendered":"<p>La Comisi\u00f3n activa el acuerdo con Mercosur apenas d\u00edas despu\u00e9s de que una auditor\u00eda confirmara que&nbsp;Brasil no ofrece garant\u00edas plenas&nbsp;sobre la carne hormonada. ASAJA denuncia una traici\u00f3n institucional de la Comisi\u00f3n al campo europeo tras la activaci\u00f3n provisional del acuerdo con Mercosur, precisamente cuando una auditor\u00eda encargada por esa Instituci\u00f3n conclu\u00eda que Brasil no ofrece [&hellip;]<\/p>\n","protected":false},"author":9,"featured_media":22383,"comment_status":"open","ping_status":"open","sticky":false,"template":"","format":"standard","meta":{"footnotes":""},"categories":[9,29,28],"tags":[711,1698,1774,1775,1778,1708,1707,1777],"yoast_head":"<!-- This site is optimized with the Yoast SEO plugin v24.5 - https:\/\/yoast.com\/wordpress\/plugins\/seo\/ -->\n<title>ASAJA denuncia la traici\u00f3n de la UE al campo tras la activaci\u00f3n provisional del acuerdo con Mercosur - ASAJA Palencia<\/title>\n<meta name=\"description\" content=\"La Comisi\u00f3n activa el acuerdo con Mercosur apenas d\u00edas despu\u00e9s de que una auditor\u00eda confirmara que&nbsp;Brasil no ofrece garant\u00edas plenas&nbsp;sobre la ASAJA denuncia la traici\u00f3n de la UE al campo tras la activaci\u00f3n provisional del acuerdo con Mercosur.\" \/>\n<meta name=\"robots\" content=\"index, follow, max-snippet:-1, max-image-preview:large, max-video-preview:-1\" \/>\n<link rel=\"canonical\" href=\"https:\/\/www.asajacyl.com\/palencia\/asaja-palencia-informa\/asaja-denuncia-la-traicion-de-la-ue-al-campo-tras-la-activacion-provisional-del-acuerdo-con-mercosur\" \/>\n<meta property=\"og:locale\" content=\"es_ES\" \/>\n<meta property=\"og:type\" content=\"article\" \/>\n<meta property=\"og:title\" content=\"ASAJA denuncia la traici\u00f3n de la UE al campo tras la activaci\u00f3n provisional del acuerdo con Mercosur - ASAJA Palencia\" \/>\n<meta property=\"og:description\" content=\"La Comisi\u00f3n activa el acuerdo con Mercosur apenas d\u00edas despu\u00e9s de que una auditor\u00eda confirmara que&nbsp;Brasil no ofrece garant\u00edas plenas&nbsp;sobre la ASAJA denuncia la traici\u00f3n de la UE al campo tras la activaci\u00f3n provisional del acuerdo con Mercosur.\" \/>\n<meta property=\"og:url\" content=\"https:\/\/www.asajacyl.com\/palencia\/asaja-palencia-informa\/asaja-denuncia-la-traicion-de-la-ue-al-campo-tras-la-activacion-provisional-del-acuerdo-con-mercosur\" \/>\n<meta property=\"og:site_name\" content=\"ASAJA Palencia\" \/>\n<meta property=\"article:published_time\" content=\"2026-03-01T09:50:00+00:00\" \/>\n<meta property=\"article:modified_time\" content=\"2026-03-02T18:12:29+00:00\" \/>\n<meta property=\"og:image\" content=\"https:\/\/www.asajacyl.com\/palencia\/wp-content\/uploads\/sites\/3\/2026\/02\/Mercosur-bandera-UE.jpg\" \/>\n\t<meta property=\"og:image:width\" content=\"701\" \/>\n\t<meta property=\"og:image:height\" content=\"407\" \/>\n\t<meta property=\"og:image:type\" content=\"image\/jpeg\" \/>\n<meta name=\"author\" content=\"Administrador\" \/>\n<meta name=\"twitter:card\" content=\"summary_large_image\" \/>\n<meta name=\"twitter:label1\" content=\"Escrito por\" \/>\n\t<meta name=\"twitter:data1\" content=\"Administrador\" \/>\n\t<meta name=\"twitter:label2\" content=\"Tiempo de lectura\" \/>\n\t<meta name=\"twitter:data2\" content=\"3 minutos\" \/>\n<script type=\"application\/ld+json\" class=\"yoast-schema-graph\">{\"@context\":\"https:\/\/schema.org\",\"@graph\":[{\"@type\":\"WebPage\",\"@id\":\"https:\/\/www.asajacyl.com\/palencia\/asaja-palencia-informa\/asaja-denuncia-la-traicion-de-la-ue-al-campo-tras-la-activacion-provisional-del-acuerdo-con-mercosur\",\"url\":\"https:\/\/www.asajacyl.com\/palencia\/asaja-palencia-informa\/asaja-denuncia-la-traicion-de-la-ue-al-campo-tras-la-activacion-provisional-del-acuerdo-con-mercosur\",\"name\":\"ASAJA denuncia la traici\u00f3n de la UE al campo tras la activaci\u00f3n provisional del acuerdo con Mercosur - ASAJA Palencia\",\"isPartOf\":{\"@id\":\"https:\/\/www.asajacyl.com\/palencia\/#website\"},\"primaryImageOfPage\":{\"@id\":\"https:\/\/www.asajacyl.com\/palencia\/asaja-palencia-informa\/asaja-denuncia-la-traicion-de-la-ue-al-campo-tras-la-activacion-provisional-del-acuerdo-con-mercosur#primaryimage\"},\"image\":{\"@id\":\"https:\/\/www.asajacyl.com\/palencia\/asaja-palencia-informa\/asaja-denuncia-la-traicion-de-la-ue-al-campo-tras-la-activacion-provisional-del-acuerdo-con-mercosur#primaryimage\"},\"thumbnailUrl\":\"https:\/\/www.asajacyl.com\/palencia\/wp-content\/uploads\/sites\/3\/2026\/02\/Mercosur-bandera-UE.jpg\",\"datePublished\":\"2026-03-01T09:50:00+00:00\",\"dateModified\":\"2026-03-02T18:12:29+00:00\",\"author\":{\"@id\":\"https:\/\/www.asajacyl.com\/palencia\/#\/schema\/person\/3ab17aeb03527485c317557fae64aab1\"},\"description\":\"La Comisi\u00f3n activa el acuerdo con Mercosur apenas d\u00edas despu\u00e9s de que una auditor\u00eda confirmara que&nbsp;Brasil no ofrece garant\u00edas plenas&nbsp;sobre la ASAJA denuncia la traici\u00f3n de la UE al campo tras la activaci\u00f3n provisional del acuerdo con Mercosur.\",\"breadcrumb\":{\"@id\":\"https:\/\/www.asajacyl.com\/palencia\/asaja-palencia-informa\/asaja-denuncia-la-traicion-de-la-ue-al-campo-tras-la-activacion-provisional-del-acuerdo-con-mercosur#breadcrumb\"},\"inLanguage\":\"es\",\"potentialAction\":[{\"@type\":\"ReadAction\",\"target\":[\"https:\/\/www.asajacyl.com\/palencia\/asaja-palencia-informa\/asaja-denuncia-la-traicion-de-la-ue-al-campo-tras-la-activacion-provisional-del-acuerdo-con-mercosur\"]}]},{\"@type\":\"ImageObject\",\"inLanguage\":\"es\",\"@id\":\"https:\/\/www.asajacyl.com\/palencia\/asaja-palencia-informa\/asaja-denuncia-la-traicion-de-la-ue-al-campo-tras-la-activacion-provisional-del-acuerdo-con-mercosur#primaryimage\",\"url\":\"https:\/\/www.asajacyl.com\/palencia\/wp-content\/uploads\/sites\/3\/2026\/02\/Mercosur-bandera-UE.jpg\",\"contentUrl\":\"https:\/\/www.asajacyl.com\/palencia\/wp-content\/uploads\/sites\/3\/2026\/02\/Mercosur-bandera-UE.jpg\",\"width\":701,\"height\":407},{\"@type\":\"BreadcrumbList\",\"@id\":\"https:\/\/www.asajacyl.com\/palencia\/asaja-palencia-informa\/asaja-denuncia-la-traicion-de-la-ue-al-campo-tras-la-activacion-provisional-del-acuerdo-con-mercosur#breadcrumb\",\"itemListElement\":[{\"@type\":\"ListItem\",\"position\":1,\"name\":\"Portada\",\"item\":\"https:\/\/www.asajacyl.com\/palencia\/\"},{\"@type\":\"ListItem\",\"position\":2,\"name\":\"ASAJA denuncia la traici\u00f3n de la UE al campo tras la activaci\u00f3n provisional del acuerdo con Mercosur\"}]},{\"@type\":\"WebSite\",\"@id\":\"https:\/\/www.asajacyl.com\/palencia\/#website\",\"url\":\"https:\/\/www.asajacyl.com\/palencia\/\",\"name\":\"ASAJA Palencia\",\"description\":\"Otro sitio m\u00e1s de Provincias ASAJA Castilla y Le\u00f3n\",\"potentialAction\":[{\"@type\":\"SearchAction\",\"target\":{\"@type\":\"EntryPoint\",\"urlTemplate\":\"https:\/\/www.asajacyl.com\/palencia\/?s={search_term_string}\"},\"query-input\":{\"@type\":\"PropertyValueSpecification\",\"valueRequired\":true,\"valueName\":\"search_term_string\"}}],\"inLanguage\":\"es\"},{\"@type\":\"Person\",\"@id\":\"https:\/\/www.asajacyl.com\/palencia\/#\/schema\/person\/3ab17aeb03527485c317557fae64aab1\",\"name\":\"Administrador\",\"image\":{\"@type\":\"ImageObject\",\"inLanguage\":\"es\",\"@id\":\"https:\/\/www.asajacyl.com\/palencia\/#\/schema\/person\/image\/\",\"url\":\"https:\/\/secure.gravatar.com\/avatar\/517384810d242ca9e38c180f3c9fb973?s=96&d=mm&r=g\",\"contentUrl\":\"https:\/\/secure.gravatar.com\/avatar\/517384810d242ca9e38c180f3c9fb973?s=96&d=mm&r=g\",\"caption\":\"Administrador\"},\"url\":\"https:\/\/www.asajacyl.com\/palencia\/author\/carlosrm\"}]}<\/script>\n<!-- \/ Yoast SEO plugin. -->","yoast_head_json":{"title":"ASAJA denuncia la traici\u00f3n de la UE al campo tras la activaci\u00f3n provisional del acuerdo con Mercosur - ASAJA Palencia","description":"La Comisi\u00f3n activa el acuerdo con Mercosur apenas d\u00edas despu\u00e9s de que una auditor\u00eda confirmara que&nbsp;Brasil no ofrece garant\u00edas plenas&nbsp;sobre la ASAJA denuncia la traici\u00f3n de la UE al campo tras la activaci\u00f3n provisional del acuerdo con Mercosur.","robots":{"index":"index","follow":"follow","max-snippet":"max-snippet:-1","max-image-preview":"max-image-preview:large","max-video-preview":"max-video-preview:-1"},"canonical":"https:\/\/www.asajacyl.com\/palencia\/asaja-palencia-informa\/asaja-denuncia-la-traicion-de-la-ue-al-campo-tras-la-activacion-provisional-del-acuerdo-con-mercosur","og_locale":"es_ES","og_type":"article","og_title":"ASAJA denuncia la traici\u00f3n de la UE al campo tras la activaci\u00f3n provisional del acuerdo con Mercosur - ASAJA Palencia","og_description":"La Comisi\u00f3n activa el acuerdo con Mercosur apenas d\u00edas despu\u00e9s de que una auditor\u00eda confirmara que&nbsp;Brasil no ofrece garant\u00edas plenas&nbsp;sobre la ASAJA denuncia la traici\u00f3n de la UE al campo tras la activaci\u00f3n provisional del acuerdo con Mercosur.","og_url":"https:\/\/www.asajacyl.com\/palencia\/asaja-palencia-informa\/asaja-denuncia-la-traicion-de-la-ue-al-campo-tras-la-activacion-provisional-del-acuerdo-con-mercosur","og_site_name":"ASAJA Palencia","article_published_time":"2026-03-01T09:50:00+00:00","article_modified_time":"2026-03-02T18:12:29+00:00","og_image":[{"width":701,"height":407,"url":"https:\/\/www.asajacyl.com\/palencia\/wp-content\/uploads\/sites\/3\/2026\/02\/Mercosur-bandera-UE.jpg","type":"image\/jpeg"}],"author":"Administrador","twitter_card":"summary_large_image","twitter_misc":{"Escrito por":"Administrador","Tiempo de lectura":"3 minutos"},"schema":{"@context":"https:\/\/schema.org","@graph":[{"@type":"WebPage","@id":"https:\/\/www.asajacyl.com\/palencia\/asaja-palencia-informa\/asaja-denuncia-la-traicion-de-la-ue-al-campo-tras-la-activacion-provisional-del-acuerdo-con-mercosur","url":"https:\/\/www.asajacyl.com\/palencia\/asaja-palencia-informa\/asaja-denuncia-la-traicion-de-la-ue-al-campo-tras-la-activacion-provisional-del-acuerdo-con-mercosur","name":"ASAJA denuncia la traici\u00f3n de la UE al campo tras la activaci\u00f3n provisional del acuerdo con Mercosur - ASAJA Palencia","isPartOf":{"@id":"https:\/\/www.asajacyl.com\/palencia\/#website"},"primaryImageOfPage":{"@id":"https:\/\/www.asajacyl.com\/palencia\/asaja-palencia-informa\/asaja-denuncia-la-traicion-de-la-ue-al-campo-tras-la-activacion-provisional-del-acuerdo-con-mercosur#primaryimage"},"image":{"@id":"https:\/\/www.asajacyl.com\/palencia\/asaja-palencia-informa\/asaja-denuncia-la-traicion-de-la-ue-al-campo-tras-la-activacion-provisional-del-acuerdo-con-mercosur#primaryimage"},"thumbnailUrl":"https:\/\/www.asajacyl.com\/palencia\/wp-content\/uploads\/sites\/3\/2026\/02\/Mercosur-bandera-UE.jpg","datePublished":"2026-03-01T09:50:00+00:00","dateModified":"2026-03-02T18:12:29+00:00","author":{"@id":"https:\/\/www.asajacyl.com\/palencia\/#\/schema\/person\/3ab17aeb03527485c317557fae64aab1"},"description":"La Comisi\u00f3n activa el acuerdo con Mercosur apenas d\u00edas despu\u00e9s de que una auditor\u00eda confirmara que&nbsp;Brasil no ofrece garant\u00edas plenas&nbsp;sobre la ASAJA denuncia la traici\u00f3n de la UE al campo tras la activaci\u00f3n provisional del acuerdo con Mercosur.","breadcrumb":{"@id":"https:\/\/www.asajacyl.com\/palencia\/asaja-palencia-informa\/asaja-denuncia-la-traicion-de-la-ue-al-campo-tras-la-activacion-provisional-del-acuerdo-con-mercosur#breadcrumb"},"inLanguage":"es","potentialAction":[{"@type":"ReadAction","target":["https:\/\/www.asajacyl.com\/palencia\/asaja-palencia-informa\/asaja-denuncia-la-traicion-de-la-ue-al-campo-tras-la-activacion-provisional-del-acuerdo-con-mercosur"]}]},{"@type":"ImageObject","inLanguage":"es","@id":"https:\/\/www.asajacyl.com\/palencia\/asaja-palencia-informa\/asaja-denuncia-la-traicion-de-la-ue-al-campo-tras-la-activacion-provisional-del-acuerdo-con-mercosur#primaryimage","url":"https:\/\/www.asajacyl.com\/palencia\/wp-content\/uploads\/sites\/3\/2026\/02\/Mercosur-bandera-UE.jpg","contentUrl":"https:\/\/www.asajacyl.com\/palencia\/wp-content\/uploads\/sites\/3\/2026\/02\/Mercosur-bandera-UE.jpg","width":701,"height":407},{"@type":"BreadcrumbList","@id":"https:\/\/www.asajacyl.com\/palencia\/asaja-palencia-informa\/asaja-denuncia-la-traicion-de-la-ue-al-campo-tras-la-activacion-provisional-del-acuerdo-con-mercosur#breadcrumb","itemListElement":[{"@type":"ListItem","position":1,"name":"Portada","item":"https:\/\/www.asajacyl.com\/palencia\/"},{"@type":"ListItem","position":2,"name":"ASAJA denuncia la traici\u00f3n de la UE al campo tras la activaci\u00f3n provisional del acuerdo con Mercosur"}]},{"@type":"WebSite","@id":"https:\/\/www.asajacyl.com\/palencia\/#website","url":"https:\/\/www.asajacyl.com\/palencia\/","name":"ASAJA Palencia","description":"Otro sitio m\u00e1s de Provincias ASAJA Castilla y Le\u00f3n","potentialAction":[{"@type":"SearchAction","target":{"@type":"EntryPoint","urlTemplate":"https:\/\/www.asajacyl.com\/palencia\/?s={search_term_string}"},"query-input":{"@type":"PropertyValueSpecification","valueRequired":true,"valueName":"search_term_string"}}],"inLanguage":"es"},{"@type":"Person","@id":"https:\/\/www.asajacyl.com\/palencia\/#\/schema\/person\/3ab17aeb03527485c317557fae64aab1","name":"Administrador","image":{"@type":"ImageObject","inLanguage":"es","@id":"https:\/\/www.asajacyl.com\/palencia\/#\/schema\/person\/image\/","url":"https:\/\/secure.gravatar.com\/avatar\/517384810d242ca9e38c180f3c9fb973?s=96&d=mm&r=g","contentUrl":"https:\/\/secure.gravatar.com\/avatar\/517384810d242ca9e38c180f3c9fb973?s=96&d=mm&r=g","caption":"Administrador"},"url":"https:\/\/www.asajacyl.com\/palencia\/author\/carlosrm"}]}},"_links":{"self":[{"href":"https:\/\/www.asajacyl.com\/palencia\/wp-json\/wp\/v2\/posts\/22381"}],"collection":[{"href":"https:\/\/www.asajacyl.com\/palencia\/wp-json\/wp\/v2\/posts"}],"about":[{"href":"https:\/\/www.asajacyl.com\/palencia\/wp-json\/wp\/v2\/types\/post"}],"author":[{"embeddable":true,"href":"https:\/\/www.asajacyl.com\/palencia\/wp-json\/wp\/v2\/users\/9"}],"replies":[{"embeddable":true,"href":"https:\/\/www.asajacyl.com\/palencia\/wp-json\/wp\/v2\/comments?post=22381"}],"version-history":[{"count":2,"href":"https:\/\/www.asajacyl.com\/palencia\/wp-json\/wp\/v2\/posts\/22381\/revisions"}],"predecessor-version":[{"id":22401,"href":"https:\/\/www.asajacyl.com\/palencia\/wp-json\/wp\/v2\/posts\/22381\/revisions\/22401"}],"wp:featuredmedia":[{"embeddable":true,"href":"https:\/\/www.asajacyl.com\/palencia\/wp-json\/wp\/v2\/media\/22383"}],"wp:attachment":[{"href":"https:\/\/www.asajacyl.com\/palencia\/wp-json\/wp\/v2\/media?parent=22381"}],"wp:term":[{"taxonomy":"category","embeddable":true,"href":"https:\/\/www.asajacyl.com\/palencia\/wp-json\/wp\/v2\/categories?post=22381"},{"taxonomy":"post_tag","embeddable":true,"href":"https:\/\/www.asajacyl.com\/palencia\/wp-json\/wp\/v2\/tags?post=22381"}],"curies":[{"name":"wp","href":"https:\/\/api.w.org\/{rel}","templated":true}]}}