{"id":22388,"date":"2026-03-02T10:00:00","date_gmt":"2026-03-02T09:00:00","guid":{"rendered":"https:\/\/www.asajacyl.com\/palencia\/?p=22388"},"modified":"2026-03-01T14:17:27","modified_gmt":"2026-03-01T13:17:27","slug":"la-junta-de-castilla-y-leon-organiza-un-curso-de-apicultura","status":"publish","type":"post","link":"https:\/\/www.asajacyl.com\/palencia\/asaja-palencia-informa\/la-junta-de-castilla-y-leon-organiza-un-curso-de-apicultura","title":{"rendered":"La Junta organiza un curso de Apicultura en la escuela de Vi\u00f1alta"},"content":{"rendered":"\n<h2 class=\"wp-block-heading\">La formaci\u00f3n, limitada a 15 personas, consta de 62 horas impartidas del 11 de marzo al 4 de junio por las tardes.<\/h2>\n\n\n\n<p>La Junta de Castilla y Le\u00f3n organiza un curso de Apicultura en la Escuela de Capacitaci\u00f3n Agraria de Vi\u00f1alta (Palencia), del 11 de marzo a 4 de junio.<\/p>\n\n\n\n<p>La formaci\u00f3n est\u00e1 limitada a 15 personas y consta de 62 horas impartidas por la tarde, de las 14 hasta las 20 horas. La informaci\u00f3n y las inscripciones se pueden realizar a trav\u00e9s de tel\u00e9fono 979741050 del centro formativo de Vi\u00f1alta.<\/p>\n\n\n\n<figure class=\"wp-block-image size-full is-resized\"><img loading=\"lazy\" decoding=\"async\" width=\"395\" height=\"322\" src=\"https:\/\/www.asajacyl.com\/palencia\/wp-content\/uploads\/sites\/3\/2026\/03\/Abeja.jpg\" alt=\"\" class=\"wp-image-22390\" style=\"width:646px;height:auto\" srcset=\"https:\/\/www.asajacyl.com\/palencia\/wp-content\/uploads\/sites\/3\/2026\/03\/Abeja.jpg 395w, https:\/\/www.asajacyl.com\/palencia\/wp-content\/uploads\/sites\/3\/2026\/03\/Abeja-300x245.jpg 300w\" sizes=\"(max-width: 395px) 100vw, 395px\" \/><\/figure>\n\n\n\n<p><strong>TEMARIO<\/strong>. El programa del curso consta de los siguientes temas:<\/p>\n\n\n\n<ul>\n<li>\uf0b7 <strong>Fundamentos de la apicultura<\/strong>: Ecolog\u00eda y biolog\u00eda de la abeja mel\u00edfera. Consideraciones sobre flora ap\u00edcola. Responsabilidad medioambiental de la apicultura.<\/li>\n\n\n\n<li>\uf0b7 Determinaci\u00f3n del <strong>tipo de explotaci\u00f3n<\/strong> seg\u00fan su producci\u00f3n objetivo e instalaci\u00f3n del colmenar: Determinaci\u00f3n de la aptitud de un lugar seg\u00fan necesidades de las colmenas. Manejo de la explotaci\u00f3n bajo criterios de calidad y rentabilidad. <strong>Normativa vigente<\/strong> en materia de actividad ap\u00edcola e instalaci\u00f3n de colmenas.<\/li>\n\n\n\n<li>\uf0b7 <strong>Revisiones de primavera<\/strong>: t\u00e9cnicas de recuperaci\u00f3n de colmenas d\u00e9biles. <strong>Inspecciones sanitarias<\/strong> y medidas de control de enjambraz\u00f3n.<\/li>\n\n\n\n<li>\uf0b7 <strong>Nutrici\u00f3n ap\u00edcola<\/strong>: Necesidades fisiol\u00f3gicas de las abejas. Tipos de alimentaci\u00f3n seg\u00fan su objetivo. Composici\u00f3n del alimento. Taller de preparaci\u00f3n de piensos ap\u00edcolas. Productos para su elaboraci\u00f3n y t\u00e9cnicas de aplicaci\u00f3n.<\/li>\n\n\n\n<li>\uf0b7 <strong>Sanidad ap\u00edcola y prevenci\u00f3n<\/strong>. Control de la <strong>varroa<\/strong>. Otras enfermedades en el colmenar.<\/li>\n\n\n\n<li>\uf0b7 <strong>Multiplicaci\u00f3n del colmenar<\/strong>, producci\u00f3n de enjambres y cr\u00eda de reinas: Principios de selecci\u00f3n gen\u00e9tica. Preparaci\u00f3n de colonias para la producci\u00f3n de n\u00facleos y enjambres. M\u00e9todos de producci\u00f3n de enjambres.<\/li>\n\n\n\n<li>\uf0b7 Preparaci\u00f3n de colonias para la <strong>cr\u00eda de reinas<\/strong>. Pr\u00e1ctica de traslarve. Producci\u00f3n combinada de enjambres con cr\u00eda de reinas.<\/li>\n\n\n\n<li>\uf0b7 El presente y perspectivas de <strong>futuro de la apicultura<\/strong>.<\/li>\n<\/ul>\n","protected":false},"excerpt":{"rendered":"<p>La formaci\u00f3n, limitada a 15 personas, consta de 62 horas impartidas del 11 de marzo al 4 de junio por las tardes. La Junta de Castilla y Le\u00f3n organiza un curso de Apicultura en la Escuela de Capacitaci\u00f3n Agraria de Vi\u00f1alta (Palencia), del 11 de marzo a 4 de junio. La formaci\u00f3n est\u00e1 limitada a [&hellip;]<\/p>\n","protected":false},"author":9,"featured_media":22389,"comment_status":"open","ping_status":"open","sticky":false,"template":"","format":"standard","meta":{"footnotes":""},"categories":[9,28],"tags":[1784,1783,1698,1782,1766,77],"yoast_head":"<!-- This site is optimized with the Yoast SEO plugin v24.5 - https:\/\/yoast.com\/wordpress\/plugins\/seo\/ -->\n<title>La Junta organiza un curso de Apicultura en la escuela de Vi\u00f1alta - ASAJA Palencia<\/title>\n<meta name=\"description\" content=\"La formaci\u00f3n, limitada a 15 personas, consta de 62 horas impartidas del 11 de marzo al 4 de junio por las tardes. La Junta de Castilla y Le\u00f3n organiza un La Junta de Castilla y Le\u00f3n organiza un curso de Apicultura. Consta de 62 horas impartidas del 11 de marzo al 4 de junio.\" \/>\n<meta name=\"robots\" content=\"index, follow, max-snippet:-1, max-image-preview:large, max-video-preview:-1\" \/>\n<link rel=\"canonical\" href=\"https:\/\/www.asajacyl.com\/palencia\/asaja-palencia-informa\/la-junta-de-castilla-y-leon-organiza-un-curso-de-apicultura\" \/>\n<meta property=\"og:locale\" content=\"es_ES\" \/>\n<meta property=\"og:type\" content=\"article\" \/>\n<meta property=\"og:title\" content=\"La Junta organiza un curso de Apicultura en la escuela de Vi\u00f1alta - ASAJA Palencia\" \/>\n<meta property=\"og:description\" content=\"La formaci\u00f3n, limitada a 15 personas, consta de 62 horas impartidas del 11 de marzo al 4 de junio por las tardes. La Junta de Castilla y Le\u00f3n organiza un La Junta de Castilla y Le\u00f3n organiza un curso de Apicultura. Consta de 62 horas impartidas del 11 de marzo al 4 de junio.\" \/>\n<meta property=\"og:url\" content=\"https:\/\/www.asajacyl.com\/palencia\/asaja-palencia-informa\/la-junta-de-castilla-y-leon-organiza-un-curso-de-apicultura\" \/>\n<meta property=\"og:site_name\" content=\"ASAJA Palencia\" \/>\n<meta property=\"article:published_time\" content=\"2026-03-02T09:00:00+00:00\" \/>\n<meta property=\"og:image\" content=\"https:\/\/www.asajacyl.com\/palencia\/wp-content\/uploads\/sites\/3\/2026\/03\/Apicultor.jpg\" \/>\n\t<meta property=\"og:image:width\" content=\"370\" \/>\n\t<meta property=\"og:image:height\" content=\"323\" \/>\n\t<meta property=\"og:image:type\" content=\"image\/jpeg\" \/>\n<meta name=\"author\" content=\"Administrador\" \/>\n<meta name=\"twitter:card\" content=\"summary_large_image\" \/>\n<meta name=\"twitter:label1\" content=\"Escrito por\" \/>\n\t<meta name=\"twitter:data1\" content=\"Administrador\" \/>\n\t<meta name=\"twitter:label2\" content=\"Tiempo de lectura\" \/>\n\t<meta name=\"twitter:data2\" content=\"2 minutos\" \/>\n<script type=\"application\/ld+json\" class=\"yoast-schema-graph\">{\"@context\":\"https:\/\/schema.org\",\"@graph\":[{\"@type\":\"WebPage\",\"@id\":\"https:\/\/www.asajacyl.com\/palencia\/asaja-palencia-informa\/la-junta-de-castilla-y-leon-organiza-un-curso-de-apicultura\",\"url\":\"https:\/\/www.asajacyl.com\/palencia\/asaja-palencia-informa\/la-junta-de-castilla-y-leon-organiza-un-curso-de-apicultura\",\"name\":\"La Junta organiza un curso de Apicultura en la escuela de Vi\u00f1alta - ASAJA Palencia\",\"isPartOf\":{\"@id\":\"https:\/\/www.asajacyl.com\/palencia\/#website\"},\"primaryImageOfPage\":{\"@id\":\"https:\/\/www.asajacyl.com\/palencia\/asaja-palencia-informa\/la-junta-de-castilla-y-leon-organiza-un-curso-de-apicultura#primaryimage\"},\"image\":{\"@id\":\"https:\/\/www.asajacyl.com\/palencia\/asaja-palencia-informa\/la-junta-de-castilla-y-leon-organiza-un-curso-de-apicultura#primaryimage\"},\"thumbnailUrl\":\"https:\/\/www.asajacyl.com\/palencia\/wp-content\/uploads\/sites\/3\/2026\/03\/Apicultor.jpg\",\"datePublished\":\"2026-03-02T09:00:00+00:00\",\"author\":{\"@id\":\"https:\/\/www.asajacyl.com\/palencia\/#\/schema\/person\/3ab17aeb03527485c317557fae64aab1\"},\"description\":\"La formaci\u00f3n, limitada a 15 personas, consta de 62 horas impartidas del 11 de marzo al 4 de junio por las tardes. La Junta de Castilla y Le\u00f3n organiza un La Junta de Castilla y Le\u00f3n organiza un curso de Apicultura. Consta de 62 horas impartidas del 11 de marzo al 4 de junio.\",\"breadcrumb\":{\"@id\":\"https:\/\/www.asajacyl.com\/palencia\/asaja-palencia-informa\/la-junta-de-castilla-y-leon-organiza-un-curso-de-apicultura#breadcrumb\"},\"inLanguage\":\"es\",\"potentialAction\":[{\"@type\":\"ReadAction\",\"target\":[\"https:\/\/www.asajacyl.com\/palencia\/asaja-palencia-informa\/la-junta-de-castilla-y-leon-organiza-un-curso-de-apicultura\"]}]},{\"@type\":\"ImageObject\",\"inLanguage\":\"es\",\"@id\":\"https:\/\/www.asajacyl.com\/palencia\/asaja-palencia-informa\/la-junta-de-castilla-y-leon-organiza-un-curso-de-apicultura#primaryimage\",\"url\":\"https:\/\/www.asajacyl.com\/palencia\/wp-content\/uploads\/sites\/3\/2026\/03\/Apicultor.jpg\",\"contentUrl\":\"https:\/\/www.asajacyl.com\/palencia\/wp-content\/uploads\/sites\/3\/2026\/03\/Apicultor.jpg\",\"width\":370,\"height\":323},{\"@type\":\"BreadcrumbList\",\"@id\":\"https:\/\/www.asajacyl.com\/palencia\/asaja-palencia-informa\/la-junta-de-castilla-y-leon-organiza-un-curso-de-apicultura#breadcrumb\",\"itemListElement\":[{\"@type\":\"ListItem\",\"position\":1,\"name\":\"Portada\",\"item\":\"https:\/\/www.asajacyl.com\/palencia\/\"},{\"@type\":\"ListItem\",\"position\":2,\"name\":\"La Junta organiza un curso de Apicultura en la escuela de Vi\u00f1alta\"}]},{\"@type\":\"WebSite\",\"@id\":\"https:\/\/www.asajacyl.com\/palencia\/#website\",\"url\":\"https:\/\/www.asajacyl.com\/palencia\/\",\"name\":\"ASAJA Palencia\",\"description\":\"Otro sitio m\u00e1s de Provincias ASAJA Castilla y Le\u00f3n\",\"potentialAction\":[{\"@type\":\"SearchAction\",\"target\":{\"@type\":\"EntryPoint\",\"urlTemplate\":\"https:\/\/www.asajacyl.com\/palencia\/?s={search_term_string}\"},\"query-input\":{\"@type\":\"PropertyValueSpecification\",\"valueRequired\":true,\"valueName\":\"search_term_string\"}}],\"inLanguage\":\"es\"},{\"@type\":\"Person\",\"@id\":\"https:\/\/www.asajacyl.com\/palencia\/#\/schema\/person\/3ab17aeb03527485c317557fae64aab1\",\"name\":\"Administrador\",\"image\":{\"@type\":\"ImageObject\",\"inLanguage\":\"es\",\"@id\":\"https:\/\/www.asajacyl.com\/palencia\/#\/schema\/person\/image\/\",\"url\":\"https:\/\/secure.gravatar.com\/avatar\/517384810d242ca9e38c180f3c9fb973?s=96&d=mm&r=g\",\"contentUrl\":\"https:\/\/secure.gravatar.com\/avatar\/517384810d242ca9e38c180f3c9fb973?s=96&d=mm&r=g\",\"caption\":\"Administrador\"},\"url\":\"https:\/\/www.asajacyl.com\/palencia\/author\/carlosrm\"}]}<\/script>\n<!-- \/ Yoast SEO plugin. -->","yoast_head_json":{"title":"La Junta organiza un curso de Apicultura en la escuela de Vi\u00f1alta - ASAJA Palencia","description":"La formaci\u00f3n, limitada a 15 personas, consta de 62 horas impartidas del 11 de marzo al 4 de junio por las tardes. La Junta de Castilla y Le\u00f3n organiza un La Junta de Castilla y Le\u00f3n organiza un curso de Apicultura. Consta de 62 horas impartidas del 11 de marzo al 4 de junio.","robots":{"index":"index","follow":"follow","max-snippet":"max-snippet:-1","max-image-preview":"max-image-preview:large","max-video-preview":"max-video-preview:-1"},"canonical":"https:\/\/www.asajacyl.com\/palencia\/asaja-palencia-informa\/la-junta-de-castilla-y-leon-organiza-un-curso-de-apicultura","og_locale":"es_ES","og_type":"article","og_title":"La Junta organiza un curso de Apicultura en la escuela de Vi\u00f1alta - ASAJA Palencia","og_description":"La formaci\u00f3n, limitada a 15 personas, consta de 62 horas impartidas del 11 de marzo al 4 de junio por las tardes. La Junta de Castilla y Le\u00f3n organiza un La Junta de Castilla y Le\u00f3n organiza un curso de Apicultura. Consta de 62 horas impartidas del 11 de marzo al 4 de junio.","og_url":"https:\/\/www.asajacyl.com\/palencia\/asaja-palencia-informa\/la-junta-de-castilla-y-leon-organiza-un-curso-de-apicultura","og_site_name":"ASAJA Palencia","article_published_time":"2026-03-02T09:00:00+00:00","og_image":[{"width":370,"height":323,"url":"https:\/\/www.asajacyl.com\/palencia\/wp-content\/uploads\/sites\/3\/2026\/03\/Apicultor.jpg","type":"image\/jpeg"}],"author":"Administrador","twitter_card":"summary_large_image","twitter_misc":{"Escrito por":"Administrador","Tiempo de lectura":"2 minutos"},"schema":{"@context":"https:\/\/schema.org","@graph":[{"@type":"WebPage","@id":"https:\/\/www.asajacyl.com\/palencia\/asaja-palencia-informa\/la-junta-de-castilla-y-leon-organiza-un-curso-de-apicultura","url":"https:\/\/www.asajacyl.com\/palencia\/asaja-palencia-informa\/la-junta-de-castilla-y-leon-organiza-un-curso-de-apicultura","name":"La Junta organiza un curso de Apicultura en la escuela de Vi\u00f1alta - ASAJA Palencia","isPartOf":{"@id":"https:\/\/www.asajacyl.com\/palencia\/#website"},"primaryImageOfPage":{"@id":"https:\/\/www.asajacyl.com\/palencia\/asaja-palencia-informa\/la-junta-de-castilla-y-leon-organiza-un-curso-de-apicultura#primaryimage"},"image":{"@id":"https:\/\/www.asajacyl.com\/palencia\/asaja-palencia-informa\/la-junta-de-castilla-y-leon-organiza-un-curso-de-apicultura#primaryimage"},"thumbnailUrl":"https:\/\/www.asajacyl.com\/palencia\/wp-content\/uploads\/sites\/3\/2026\/03\/Apicultor.jpg","datePublished":"2026-03-02T09:00:00+00:00","author":{"@id":"https:\/\/www.asajacyl.com\/palencia\/#\/schema\/person\/3ab17aeb03527485c317557fae64aab1"},"description":"La formaci\u00f3n, limitada a 15 personas, consta de 62 horas impartidas del 11 de marzo al 4 de junio por las tardes. La Junta de Castilla y Le\u00f3n organiza un La Junta de Castilla y Le\u00f3n organiza un curso de Apicultura. Consta de 62 horas impartidas del 11 de marzo al 4 de junio.","breadcrumb":{"@id":"https:\/\/www.asajacyl.com\/palencia\/asaja-palencia-informa\/la-junta-de-castilla-y-leon-organiza-un-curso-de-apicultura#breadcrumb"},"inLanguage":"es","potentialAction":[{"@type":"ReadAction","target":["https:\/\/www.asajacyl.com\/palencia\/asaja-palencia-informa\/la-junta-de-castilla-y-leon-organiza-un-curso-de-apicultura"]}]},{"@type":"ImageObject","inLanguage":"es","@id":"https:\/\/www.asajacyl.com\/palencia\/asaja-palencia-informa\/la-junta-de-castilla-y-leon-organiza-un-curso-de-apicultura#primaryimage","url":"https:\/\/www.asajacyl.com\/palencia\/wp-content\/uploads\/sites\/3\/2026\/03\/Apicultor.jpg","contentUrl":"https:\/\/www.asajacyl.com\/palencia\/wp-content\/uploads\/sites\/3\/2026\/03\/Apicultor.jpg","width":370,"height":323},{"@type":"BreadcrumbList","@id":"https:\/\/www.asajacyl.com\/palencia\/asaja-palencia-informa\/la-junta-de-castilla-y-leon-organiza-un-curso-de-apicultura#breadcrumb","itemListElement":[{"@type":"ListItem","position":1,"name":"Portada","item":"https:\/\/www.asajacyl.com\/palencia\/"},{"@type":"ListItem","position":2,"name":"La Junta organiza un curso de Apicultura en la escuela de Vi\u00f1alta"}]},{"@type":"WebSite","@id":"https:\/\/www.asajacyl.com\/palencia\/#website","url":"https:\/\/www.asajacyl.com\/palencia\/","name":"ASAJA Palencia","description":"Otro sitio m\u00e1s de Provincias ASAJA Castilla y Le\u00f3n","potentialAction":[{"@type":"SearchAction","target":{"@type":"EntryPoint","urlTemplate":"https:\/\/www.asajacyl.com\/palencia\/?s={search_term_string}"},"query-input":{"@type":"PropertyValueSpecification","valueRequired":true,"valueName":"search_term_string"}}],"inLanguage":"es"},{"@type":"Person","@id":"https:\/\/www.asajacyl.com\/palencia\/#\/schema\/person\/3ab17aeb03527485c317557fae64aab1","name":"Administrador","image":{"@type":"ImageObject","inLanguage":"es","@id":"https:\/\/www.asajacyl.com\/palencia\/#\/schema\/person\/image\/","url":"https:\/\/secure.gravatar.com\/avatar\/517384810d242ca9e38c180f3c9fb973?s=96&d=mm&r=g","contentUrl":"https:\/\/secure.gravatar.com\/avatar\/517384810d242ca9e38c180f3c9fb973?s=96&d=mm&r=g","caption":"Administrador"},"url":"https:\/\/www.asajacyl.com\/palencia\/author\/carlosrm"}]}},"_links":{"self":[{"href":"https:\/\/www.asajacyl.com\/palencia\/wp-json\/wp\/v2\/posts\/22388"}],"collection":[{"href":"https:\/\/www.asajacyl.com\/palencia\/wp-json\/wp\/v2\/posts"}],"about":[{"href":"https:\/\/www.asajacyl.com\/palencia\/wp-json\/wp\/v2\/types\/post"}],"author":[{"embeddable":true,"href":"https:\/\/www.asajacyl.com\/palencia\/wp-json\/wp\/v2\/users\/9"}],"replies":[{"embeddable":true,"href":"https:\/\/www.asajacyl.com\/palencia\/wp-json\/wp\/v2\/comments?post=22388"}],"version-history":[{"count":2,"href":"https:\/\/www.asajacyl.com\/palencia\/wp-json\/wp\/v2\/posts\/22388\/revisions"}],"predecessor-version":[{"id":22393,"href":"https:\/\/www.asajacyl.com\/palencia\/wp-json\/wp\/v2\/posts\/22388\/revisions\/22393"}],"wp:featuredmedia":[{"embeddable":true,"href":"https:\/\/www.asajacyl.com\/palencia\/wp-json\/wp\/v2\/media\/22389"}],"wp:attachment":[{"href":"https:\/\/www.asajacyl.com\/palencia\/wp-json\/wp\/v2\/media?parent=22388"}],"wp:term":[{"taxonomy":"category","embeddable":true,"href":"https:\/\/www.asajacyl.com\/palencia\/wp-json\/wp\/v2\/categories?post=22388"},{"taxonomy":"post_tag","embeddable":true,"href":"https:\/\/www.asajacyl.com\/palencia\/wp-json\/wp\/v2\/tags?post=22388"}],"curies":[{"name":"wp","href":"https:\/\/api.w.org\/{rel}","templated":true}]}}