{"id":22402,"date":"2026-03-03T09:50:44","date_gmt":"2026-03-03T08:50:44","guid":{"rendered":"https:\/\/www.asajacyl.com\/palencia\/?p=22402"},"modified":"2026-03-03T09:50:46","modified_gmt":"2026-03-03T08:50:46","slug":"asaja-pide-a-planas-la-suspension-inmediata-del-ipp-de-importacion-de-azucar","status":"publish","type":"post","link":"https:\/\/www.asajacyl.com\/palencia\/asaja-palencia-informa\/asaja-pide-a-planas-la-suspension-inmediata-del-ipp-de-importacion-de-azucar","title":{"rendered":"ASAJA pide a Planas la suspensi\u00f3n inmediata del IPP de importaci\u00f3n de azucar para frenar el desplome de precios"},"content":{"rendered":"\n<p>La\u00a0<strong>Confederaci\u00f3n Nacional Espa\u00f1ola de Cultivadores de Remolacha y Ca\u00f1a Azucarera (CNECRCA)<\/strong>\u00a0y\u00a0<strong><a href=\"https:\/\/www.asaja.com\/\">ASAJA Nacional<\/a><\/strong>\u00a0han solicitado formalmente al ministro de Agricultura, Pesca y Alimentaci\u00f3n,\u00a0<strong><a href=\"http:\/\/www.mapa.gob.es\">Luis Planas<\/a><\/strong>, que respalde sin demora la suspensi\u00f3n del\u00a0<strong>r\u00e9gimen de perfeccionamiento activo (IPP)<\/strong>, que permite importar az\u00facar en bruto,\u00a0para el az\u00facar, ante la grave perturbaci\u00f3n que atraviesa el mercado comunitario.<\/p>\n\n\n\n<p>La petici\u00f3n se ampara en el\u00a0<strong>art\u00edculo 195 del Reglamento de la Organizaci\u00f3n Com\u00fan de Mercados (OCM)<\/strong>, que faculta a la Comisi\u00f3n Europea a adoptar <strong>medidas excepcionales<\/strong> cuando se producen <strong>alteraciones significativas en los mercados<\/strong> agrarios.<\/p>\n\n\n\n<figure class=\"wp-block-image size-full\"><img loading=\"lazy\" decoding=\"async\" width=\"854\" height=\"491\" src=\"https:\/\/www.asajacyl.com\/palencia\/wp-content\/uploads\/sites\/3\/2026\/03\/remolacha-azucarera.jpg\" alt=\"\" class=\"wp-image-22403\" srcset=\"https:\/\/www.asajacyl.com\/palencia\/wp-content\/uploads\/sites\/3\/2026\/03\/remolacha-azucarera.jpg 854w, https:\/\/www.asajacyl.com\/palencia\/wp-content\/uploads\/sites\/3\/2026\/03\/remolacha-azucarera-300x172.jpg 300w, https:\/\/www.asajacyl.com\/palencia\/wp-content\/uploads\/sites\/3\/2026\/03\/remolacha-azucarera-768x442.jpg 768w, https:\/\/www.asajacyl.com\/palencia\/wp-content\/uploads\/sites\/3\/2026\/03\/remolacha-azucarera-731x420.jpg 731w, https:\/\/www.asajacyl.com\/palencia\/wp-content\/uploads\/sites\/3\/2026\/03\/remolacha-azucarera-696x400.jpg 696w\" sizes=\"(max-width: 854px) 100vw, 854px\" \/><\/figure>\n\n\n\n<p><strong>DATOS<\/strong>. <span style=\"font-family: Arial, Helvetica, sans-serif, Arial, Helvetica, sans-serif;font-size: 16px\">Seg\u00fan los datos trasladados, las importaciones acogidas al IPP representaron alrededor del\u00a0<\/span><span style=\"font-family: Arial, Helvetica, sans-serif, Arial, Helvetica, sans-serif;font-size: 16px;font-weight: bolder\">60%<\/span><span style=\"font-family: Arial, Helvetica, sans-serif, Arial, Helvetica, sans-serif;font-size: 16px\">\u00a0del total de las importaciones de az\u00facar en la campa\u00f1a\u00a0<\/span><span style=\"font-family: Arial, Helvetica, sans-serif, Arial, Helvetica, sans-serif;font-size: 16px;font-weight: bolder\">2024\/25<\/span><span style=\"font-family: Arial, Helvetica, sans-serif, Arial, Helvetica, sans-serif;font-size: 16px\">. Adem\u00e1s, en los dos primeros meses de la campa\u00f1a\u00a0<\/span><span style=\"font-family: Arial, Helvetica, sans-serif, Arial, Helvetica, sans-serif;font-size: 16px;font-weight: bolder\">2025\/26<\/span><span style=\"font-family: Arial, Helvetica, sans-serif, Arial, Helvetica, sans-serif;font-size: 16px\">\u00a0se ha registrado un aumento del\u00a0<\/span><span style=\"font-family: Arial, Helvetica, sans-serif, Arial, Helvetica, sans-serif;font-size: 16px;font-weight: bolder\">75%<\/span><span style=\"font-family: Arial, Helvetica, sans-serif, Arial, Helvetica, sans-serif;font-size: 16px\">\u00a0respecto al mismo periodo del ejercicio anterior. Para ASAJA, esta evoluci\u00f3n evidencia un uso intensivo del mecanismo que est\u00e1 generando una\u00a0<\/span><span style=\"font-family: Arial, Helvetica, sans-serif, Arial, Helvetica, sans-serif;font-size: 16px;font-weight: bolder\">distorsi\u00f3n grave del mercado<\/span><span style=\"font-family: Arial, Helvetica, sans-serif, Arial, Helvetica, sans-serif;font-size: 16px\">.<\/span><\/p>\n\n\n\n<p><p style=\"margin: 0px 0px 30px;padding: 0px;font-family: Arial, Helvetica, sans-serif, Arial, Helvetica, sans-serif;font-size: 16px\">A esta presi\u00f3n por el lado de las importaciones se suma la ca\u00edda de los precios. El precio medio del az\u00facar en el mercado de la UE descendi\u00f3 un\u00a0<span style=\"font-weight: bolder\">28%<\/span>\u00a0en diciembre de\u00a0<span style=\"font-weight: bolder\">2025<\/span>\u00a0en comparaci\u00f3n con diciembre de\u00a0<span style=\"font-weight: bolder\">2024<\/span>, en un contexto en el que el mercado mundial del az\u00facar se encuentra en su nivel m\u00e1s bajo de los \u00faltimos\u00a0<span style=\"font-weight: bolder\">cinco a\u00f1os<\/span>.<\/p><\/p>\n\n\n\n<p><strong>ESPA\u00d1A GRAN IMPORTADOR DE AZ\u00daCAR EN BRUTO<\/strong>. Desde la organizaci\u00f3n agraria se subraya que <strong>el uso actual del IPP para importar az\u00facar en bruto compite directamente con la\u00a0producci\u00f3n europea de az\u00facar de remolacha<\/strong>. Esto, sostienen, est\u00e1 destruyendo valor en toda la cadena: fabricantes, cooperativas y, especialmente, agricultores.<\/p>\n\n\n\n<p>El impacto en\u00a0<strong>Espa\u00f1a<\/strong>\u00a0est\u00e1 siendo particularmente severo. <strong>Nuestro pa\u00eds figura entre los principales importadores de az\u00facar en bruto<\/strong> bajo este r\u00e9gimen, lo que ha tenido consecuencias negativas para los cultivadores de\u00a0<strong>remolacha azucarera<\/strong>. <\/p>\n\n\n\n<p>En este contexto, ASAJA recuerda que en los \u00faltimos a\u00f1os se han producido\u00a0<strong>cierres de f\u00e1bricas<\/strong>\u00a0tanto en Espa\u00f1a como en otros Estados miembros, reduciendo las alternativas industriales y debilitando a\u00fan m\u00e1s al sector productor.<\/p>\n\n\n\n<p>La organizaci\u00f3n considera que la\u00a0<strong>suspensi\u00f3n temporal del IPP<\/strong>\u00a0es \u201cla \u00fanica herramienta disponible\u201d para actuar de forma inmediata y frenar el deterioro del mercado. <\/p>\n\n\n\n<p>ASAJA valora positivamente el anuncio realizado a finales de enero por el comisario europeo de Agricultura y Alimentaci\u00f3n,\u00a0<strong>Christophe Hansen<\/strong>, en el que avanz\u00f3 su intenci\u00f3n de proceder a dicha suspensi\u00f3n. No obstante, la organizaci\u00f3n insiste en que es imprescindible el\u00a0<strong>respaldo activo del Gobierno espa\u00f1ol<\/strong>\u00a0para que la medida se materialice cuanto antes.<\/p>\n\n\n\n<p><\/p>\n","protected":false},"excerpt":{"rendered":"<p>La\u00a0Confederaci\u00f3n Nacional Espa\u00f1ola de Cultivadores de Remolacha y Ca\u00f1a Azucarera (CNECRCA)\u00a0y\u00a0ASAJA Nacional\u00a0han solicitado formalmente al ministro de Agricultura, Pesca y Alimentaci\u00f3n,\u00a0Luis Planas, que respalde sin demora la suspensi\u00f3n del\u00a0r\u00e9gimen de perfeccionamiento activo (IPP), que permite importar az\u00facar en bruto,\u00a0para el az\u00facar, ante la grave perturbaci\u00f3n que atraviesa el mercado comunitario. La petici\u00f3n se ampara en [&hellip;]<\/p>\n","protected":false},"author":9,"featured_media":22403,"comment_status":"open","ping_status":"open","sticky":false,"template":"","format":"standard","meta":{"footnotes":""},"categories":[9,28],"tags":[711,1698,1788,1787,58],"yoast_head":"<!-- This site is optimized with the Yoast SEO plugin v24.5 - https:\/\/yoast.com\/wordpress\/plugins\/seo\/ -->\n<title>ASAJA pide a Planas la suspensi\u00f3n inmediata del IPP de importaci\u00f3n de azucar para frenar el desplome de precios - ASAJA Palencia<\/title>\n<meta name=\"description\" content=\"La\u00a0Confederaci\u00f3n Nacional Espa\u00f1ola de Cultivadores de Remolacha y Ca\u00f1a Azucarera (CNECRCA)\u00a0y\u00a0ASAJA Nacional\u00a0han solicitado formalmente al ministro de ASAJA pide a Planas la suspensi\u00f3n inmediata del IPP de importaci\u00f3n de azucar\" \/>\n<meta name=\"robots\" content=\"index, follow, max-snippet:-1, max-image-preview:large, max-video-preview:-1\" \/>\n<link rel=\"canonical\" href=\"https:\/\/www.asajacyl.com\/palencia\/asaja-palencia-informa\/asaja-pide-a-planas-la-suspension-inmediata-del-ipp-de-importacion-de-azucar\" \/>\n<meta property=\"og:locale\" content=\"es_ES\" \/>\n<meta property=\"og:type\" content=\"article\" \/>\n<meta property=\"og:title\" content=\"ASAJA pide a Planas la suspensi\u00f3n inmediata del IPP de importaci\u00f3n de azucar para frenar el desplome de precios - ASAJA Palencia\" \/>\n<meta property=\"og:description\" content=\"La\u00a0Confederaci\u00f3n Nacional Espa\u00f1ola de Cultivadores de Remolacha y Ca\u00f1a Azucarera (CNECRCA)\u00a0y\u00a0ASAJA Nacional\u00a0han solicitado formalmente al ministro de ASAJA pide a Planas la suspensi\u00f3n inmediata del IPP de importaci\u00f3n de azucar\" \/>\n<meta property=\"og:url\" content=\"https:\/\/www.asajacyl.com\/palencia\/asaja-palencia-informa\/asaja-pide-a-planas-la-suspension-inmediata-del-ipp-de-importacion-de-azucar\" \/>\n<meta property=\"og:site_name\" content=\"ASAJA Palencia\" \/>\n<meta property=\"article:published_time\" content=\"2026-03-03T08:50:44+00:00\" \/>\n<meta property=\"article:modified_time\" content=\"2026-03-03T08:50:46+00:00\" \/>\n<meta property=\"og:image\" content=\"https:\/\/www.asajacyl.com\/palencia\/wp-content\/uploads\/sites\/3\/2026\/03\/remolacha-azucarera.jpg\" \/>\n\t<meta property=\"og:image:width\" content=\"854\" \/>\n\t<meta property=\"og:image:height\" content=\"491\" \/>\n\t<meta property=\"og:image:type\" content=\"image\/jpeg\" \/>\n<meta name=\"author\" content=\"Administrador\" \/>\n<meta name=\"twitter:card\" content=\"summary_large_image\" \/>\n<meta name=\"twitter:label1\" content=\"Escrito por\" \/>\n\t<meta name=\"twitter:data1\" content=\"Administrador\" \/>\n\t<meta name=\"twitter:label2\" content=\"Tiempo de lectura\" \/>\n\t<meta name=\"twitter:data2\" content=\"3 minutos\" \/>\n<script type=\"application\/ld+json\" class=\"yoast-schema-graph\">{\"@context\":\"https:\/\/schema.org\",\"@graph\":[{\"@type\":\"WebPage\",\"@id\":\"https:\/\/www.asajacyl.com\/palencia\/asaja-palencia-informa\/asaja-pide-a-planas-la-suspension-inmediata-del-ipp-de-importacion-de-azucar\",\"url\":\"https:\/\/www.asajacyl.com\/palencia\/asaja-palencia-informa\/asaja-pide-a-planas-la-suspension-inmediata-del-ipp-de-importacion-de-azucar\",\"name\":\"ASAJA pide a Planas la suspensi\u00f3n inmediata del IPP de importaci\u00f3n de azucar para frenar el desplome de precios - ASAJA Palencia\",\"isPartOf\":{\"@id\":\"https:\/\/www.asajacyl.com\/palencia\/#website\"},\"primaryImageOfPage\":{\"@id\":\"https:\/\/www.asajacyl.com\/palencia\/asaja-palencia-informa\/asaja-pide-a-planas-la-suspension-inmediata-del-ipp-de-importacion-de-azucar#primaryimage\"},\"image\":{\"@id\":\"https:\/\/www.asajacyl.com\/palencia\/asaja-palencia-informa\/asaja-pide-a-planas-la-suspension-inmediata-del-ipp-de-importacion-de-azucar#primaryimage\"},\"thumbnailUrl\":\"https:\/\/www.asajacyl.com\/palencia\/wp-content\/uploads\/sites\/3\/2026\/03\/remolacha-azucarera.jpg\",\"datePublished\":\"2026-03-03T08:50:44+00:00\",\"dateModified\":\"2026-03-03T08:50:46+00:00\",\"author\":{\"@id\":\"https:\/\/www.asajacyl.com\/palencia\/#\/schema\/person\/3ab17aeb03527485c317557fae64aab1\"},\"description\":\"La\u00a0Confederaci\u00f3n Nacional Espa\u00f1ola de Cultivadores de Remolacha y Ca\u00f1a Azucarera (CNECRCA)\u00a0y\u00a0ASAJA Nacional\u00a0han solicitado formalmente al ministro de ASAJA pide a Planas la suspensi\u00f3n inmediata del IPP de importaci\u00f3n de azucar\",\"breadcrumb\":{\"@id\":\"https:\/\/www.asajacyl.com\/palencia\/asaja-palencia-informa\/asaja-pide-a-planas-la-suspension-inmediata-del-ipp-de-importacion-de-azucar#breadcrumb\"},\"inLanguage\":\"es\",\"potentialAction\":[{\"@type\":\"ReadAction\",\"target\":[\"https:\/\/www.asajacyl.com\/palencia\/asaja-palencia-informa\/asaja-pide-a-planas-la-suspension-inmediata-del-ipp-de-importacion-de-azucar\"]}]},{\"@type\":\"ImageObject\",\"inLanguage\":\"es\",\"@id\":\"https:\/\/www.asajacyl.com\/palencia\/asaja-palencia-informa\/asaja-pide-a-planas-la-suspension-inmediata-del-ipp-de-importacion-de-azucar#primaryimage\",\"url\":\"https:\/\/www.asajacyl.com\/palencia\/wp-content\/uploads\/sites\/3\/2026\/03\/remolacha-azucarera.jpg\",\"contentUrl\":\"https:\/\/www.asajacyl.com\/palencia\/wp-content\/uploads\/sites\/3\/2026\/03\/remolacha-azucarera.jpg\",\"width\":854,\"height\":491},{\"@type\":\"BreadcrumbList\",\"@id\":\"https:\/\/www.asajacyl.com\/palencia\/asaja-palencia-informa\/asaja-pide-a-planas-la-suspension-inmediata-del-ipp-de-importacion-de-azucar#breadcrumb\",\"itemListElement\":[{\"@type\":\"ListItem\",\"position\":1,\"name\":\"Portada\",\"item\":\"https:\/\/www.asajacyl.com\/palencia\/\"},{\"@type\":\"ListItem\",\"position\":2,\"name\":\"ASAJA pide a Planas la suspensi\u00f3n inmediata del IPP de importaci\u00f3n de azucar para frenar el desplome de precios\"}]},{\"@type\":\"WebSite\",\"@id\":\"https:\/\/www.asajacyl.com\/palencia\/#website\",\"url\":\"https:\/\/www.asajacyl.com\/palencia\/\",\"name\":\"ASAJA Palencia\",\"description\":\"Otro sitio m\u00e1s de Provincias ASAJA Castilla y Le\u00f3n\",\"potentialAction\":[{\"@type\":\"SearchAction\",\"target\":{\"@type\":\"EntryPoint\",\"urlTemplate\":\"https:\/\/www.asajacyl.com\/palencia\/?s={search_term_string}\"},\"query-input\":{\"@type\":\"PropertyValueSpecification\",\"valueRequired\":true,\"valueName\":\"search_term_string\"}}],\"inLanguage\":\"es\"},{\"@type\":\"Person\",\"@id\":\"https:\/\/www.asajacyl.com\/palencia\/#\/schema\/person\/3ab17aeb03527485c317557fae64aab1\",\"name\":\"Administrador\",\"image\":{\"@type\":\"ImageObject\",\"inLanguage\":\"es\",\"@id\":\"https:\/\/www.asajacyl.com\/palencia\/#\/schema\/person\/image\/\",\"url\":\"https:\/\/secure.gravatar.com\/avatar\/517384810d242ca9e38c180f3c9fb973?s=96&d=mm&r=g\",\"contentUrl\":\"https:\/\/secure.gravatar.com\/avatar\/517384810d242ca9e38c180f3c9fb973?s=96&d=mm&r=g\",\"caption\":\"Administrador\"},\"url\":\"https:\/\/www.asajacyl.com\/palencia\/author\/carlosrm\"}]}<\/script>\n<!-- \/ Yoast SEO plugin. -->","yoast_head_json":{"title":"ASAJA pide a Planas la suspensi\u00f3n inmediata del IPP de importaci\u00f3n de azucar para frenar el desplome de precios - ASAJA Palencia","description":"La\u00a0Confederaci\u00f3n Nacional Espa\u00f1ola de Cultivadores de Remolacha y Ca\u00f1a Azucarera (CNECRCA)\u00a0y\u00a0ASAJA Nacional\u00a0han solicitado formalmente al ministro de ASAJA pide a Planas la suspensi\u00f3n inmediata del IPP de importaci\u00f3n de azucar","robots":{"index":"index","follow":"follow","max-snippet":"max-snippet:-1","max-image-preview":"max-image-preview:large","max-video-preview":"max-video-preview:-1"},"canonical":"https:\/\/www.asajacyl.com\/palencia\/asaja-palencia-informa\/asaja-pide-a-planas-la-suspension-inmediata-del-ipp-de-importacion-de-azucar","og_locale":"es_ES","og_type":"article","og_title":"ASAJA pide a Planas la suspensi\u00f3n inmediata del IPP de importaci\u00f3n de azucar para frenar el desplome de precios - ASAJA Palencia","og_description":"La\u00a0Confederaci\u00f3n Nacional Espa\u00f1ola de Cultivadores de Remolacha y Ca\u00f1a Azucarera (CNECRCA)\u00a0y\u00a0ASAJA Nacional\u00a0han solicitado formalmente al ministro de ASAJA pide a Planas la suspensi\u00f3n inmediata del IPP de importaci\u00f3n de azucar","og_url":"https:\/\/www.asajacyl.com\/palencia\/asaja-palencia-informa\/asaja-pide-a-planas-la-suspension-inmediata-del-ipp-de-importacion-de-azucar","og_site_name":"ASAJA Palencia","article_published_time":"2026-03-03T08:50:44+00:00","article_modified_time":"2026-03-03T08:50:46+00:00","og_image":[{"width":854,"height":491,"url":"https:\/\/www.asajacyl.com\/palencia\/wp-content\/uploads\/sites\/3\/2026\/03\/remolacha-azucarera.jpg","type":"image\/jpeg"}],"author":"Administrador","twitter_card":"summary_large_image","twitter_misc":{"Escrito por":"Administrador","Tiempo de lectura":"3 minutos"},"schema":{"@context":"https:\/\/schema.org","@graph":[{"@type":"WebPage","@id":"https:\/\/www.asajacyl.com\/palencia\/asaja-palencia-informa\/asaja-pide-a-planas-la-suspension-inmediata-del-ipp-de-importacion-de-azucar","url":"https:\/\/www.asajacyl.com\/palencia\/asaja-palencia-informa\/asaja-pide-a-planas-la-suspension-inmediata-del-ipp-de-importacion-de-azucar","name":"ASAJA pide a Planas la suspensi\u00f3n inmediata del IPP de importaci\u00f3n de azucar para frenar el desplome de precios - ASAJA Palencia","isPartOf":{"@id":"https:\/\/www.asajacyl.com\/palencia\/#website"},"primaryImageOfPage":{"@id":"https:\/\/www.asajacyl.com\/palencia\/asaja-palencia-informa\/asaja-pide-a-planas-la-suspension-inmediata-del-ipp-de-importacion-de-azucar#primaryimage"},"image":{"@id":"https:\/\/www.asajacyl.com\/palencia\/asaja-palencia-informa\/asaja-pide-a-planas-la-suspension-inmediata-del-ipp-de-importacion-de-azucar#primaryimage"},"thumbnailUrl":"https:\/\/www.asajacyl.com\/palencia\/wp-content\/uploads\/sites\/3\/2026\/03\/remolacha-azucarera.jpg","datePublished":"2026-03-03T08:50:44+00:00","dateModified":"2026-03-03T08:50:46+00:00","author":{"@id":"https:\/\/www.asajacyl.com\/palencia\/#\/schema\/person\/3ab17aeb03527485c317557fae64aab1"},"description":"La\u00a0Confederaci\u00f3n Nacional Espa\u00f1ola de Cultivadores de Remolacha y Ca\u00f1a Azucarera (CNECRCA)\u00a0y\u00a0ASAJA Nacional\u00a0han solicitado formalmente al ministro de ASAJA pide a Planas la suspensi\u00f3n inmediata del IPP de importaci\u00f3n de azucar","breadcrumb":{"@id":"https:\/\/www.asajacyl.com\/palencia\/asaja-palencia-informa\/asaja-pide-a-planas-la-suspension-inmediata-del-ipp-de-importacion-de-azucar#breadcrumb"},"inLanguage":"es","potentialAction":[{"@type":"ReadAction","target":["https:\/\/www.asajacyl.com\/palencia\/asaja-palencia-informa\/asaja-pide-a-planas-la-suspension-inmediata-del-ipp-de-importacion-de-azucar"]}]},{"@type":"ImageObject","inLanguage":"es","@id":"https:\/\/www.asajacyl.com\/palencia\/asaja-palencia-informa\/asaja-pide-a-planas-la-suspension-inmediata-del-ipp-de-importacion-de-azucar#primaryimage","url":"https:\/\/www.asajacyl.com\/palencia\/wp-content\/uploads\/sites\/3\/2026\/03\/remolacha-azucarera.jpg","contentUrl":"https:\/\/www.asajacyl.com\/palencia\/wp-content\/uploads\/sites\/3\/2026\/03\/remolacha-azucarera.jpg","width":854,"height":491},{"@type":"BreadcrumbList","@id":"https:\/\/www.asajacyl.com\/palencia\/asaja-palencia-informa\/asaja-pide-a-planas-la-suspension-inmediata-del-ipp-de-importacion-de-azucar#breadcrumb","itemListElement":[{"@type":"ListItem","position":1,"name":"Portada","item":"https:\/\/www.asajacyl.com\/palencia\/"},{"@type":"ListItem","position":2,"name":"ASAJA pide a Planas la suspensi\u00f3n inmediata del IPP de importaci\u00f3n de azucar para frenar el desplome de precios"}]},{"@type":"WebSite","@id":"https:\/\/www.asajacyl.com\/palencia\/#website","url":"https:\/\/www.asajacyl.com\/palencia\/","name":"ASAJA Palencia","description":"Otro sitio m\u00e1s de Provincias ASAJA Castilla y Le\u00f3n","potentialAction":[{"@type":"SearchAction","target":{"@type":"EntryPoint","urlTemplate":"https:\/\/www.asajacyl.com\/palencia\/?s={search_term_string}"},"query-input":{"@type":"PropertyValueSpecification","valueRequired":true,"valueName":"search_term_string"}}],"inLanguage":"es"},{"@type":"Person","@id":"https:\/\/www.asajacyl.com\/palencia\/#\/schema\/person\/3ab17aeb03527485c317557fae64aab1","name":"Administrador","image":{"@type":"ImageObject","inLanguage":"es","@id":"https:\/\/www.asajacyl.com\/palencia\/#\/schema\/person\/image\/","url":"https:\/\/secure.gravatar.com\/avatar\/517384810d242ca9e38c180f3c9fb973?s=96&d=mm&r=g","contentUrl":"https:\/\/secure.gravatar.com\/avatar\/517384810d242ca9e38c180f3c9fb973?s=96&d=mm&r=g","caption":"Administrador"},"url":"https:\/\/www.asajacyl.com\/palencia\/author\/carlosrm"}]}},"_links":{"self":[{"href":"https:\/\/www.asajacyl.com\/palencia\/wp-json\/wp\/v2\/posts\/22402"}],"collection":[{"href":"https:\/\/www.asajacyl.com\/palencia\/wp-json\/wp\/v2\/posts"}],"about":[{"href":"https:\/\/www.asajacyl.com\/palencia\/wp-json\/wp\/v2\/types\/post"}],"author":[{"embeddable":true,"href":"https:\/\/www.asajacyl.com\/palencia\/wp-json\/wp\/v2\/users\/9"}],"replies":[{"embeddable":true,"href":"https:\/\/www.asajacyl.com\/palencia\/wp-json\/wp\/v2\/comments?post=22402"}],"version-history":[{"count":1,"href":"https:\/\/www.asajacyl.com\/palencia\/wp-json\/wp\/v2\/posts\/22402\/revisions"}],"predecessor-version":[{"id":22404,"href":"https:\/\/www.asajacyl.com\/palencia\/wp-json\/wp\/v2\/posts\/22402\/revisions\/22404"}],"wp:featuredmedia":[{"embeddable":true,"href":"https:\/\/www.asajacyl.com\/palencia\/wp-json\/wp\/v2\/media\/22403"}],"wp:attachment":[{"href":"https:\/\/www.asajacyl.com\/palencia\/wp-json\/wp\/v2\/media?parent=22402"}],"wp:term":[{"taxonomy":"category","embeddable":true,"href":"https:\/\/www.asajacyl.com\/palencia\/wp-json\/wp\/v2\/categories?post=22402"},{"taxonomy":"post_tag","embeddable":true,"href":"https:\/\/www.asajacyl.com\/palencia\/wp-json\/wp\/v2\/tags?post=22402"}],"curies":[{"name":"wp","href":"https:\/\/api.w.org\/{rel}","templated":true}]}}