{"id":22405,"date":"2026-03-03T10:15:14","date_gmt":"2026-03-03T09:15:14","guid":{"rendered":"https:\/\/www.asajacyl.com\/palencia\/?p=22405"},"modified":"2026-03-03T14:52:00","modified_gmt":"2026-03-03T13:52:00","slug":"sesion-plana-en-salamanca-tanto-en-vacuno-de-vida-como-de-carne","status":"publish","type":"post","link":"https:\/\/www.asajacyl.com\/palencia\/asaja-palencia-informa\/sesion-plana-en-salamanca-tanto-en-vacuno-de-vida-como-de-carne","title":{"rendered":"Sesi\u00f3n plana en Salamanca tanto en vacuno de vida como de carne"},"content":{"rendered":"\n<h2 class=\"wp-block-heading\">En la Mesa del Lechazo de Castilla y Le\u00f3n cuarta sesi\u00f3n repitiendo precios<\/h2>\n\n\n\n<p>Sesi\u00f3n plana en la sesi\u00f3n semanal de la lonja de Salamanca, tanto en los precios de vacuno de vida como de carne. No obstante, los t\u00e9cnicos se\u00f1alan que el preci\u00f3 mostr\u00f3 un <strong>significativo incremento interanual debido a la demanda de reposici\u00f3n<\/strong>. En el caso del vacuno de larne las subidas interanuales fueron de hasta un20,8%.<\/p>\n\n\n\n<figure class=\"wp-block-image size-full\"><img loading=\"lazy\" decoding=\"async\" width=\"1024\" height=\"768\" src=\"https:\/\/www.asajacyl.com\/palencia\/wp-content\/uploads\/sites\/3\/2026\/03\/Tabla-precios-ganaderia-2-3-26.jpg\" alt=\"\" class=\"wp-image-22406\" srcset=\"https:\/\/www.asajacyl.com\/palencia\/wp-content\/uploads\/sites\/3\/2026\/03\/Tabla-precios-ganaderia-2-3-26.jpg 1024w, https:\/\/www.asajacyl.com\/palencia\/wp-content\/uploads\/sites\/3\/2026\/03\/Tabla-precios-ganaderia-2-3-26-300x225.jpg 300w, https:\/\/www.asajacyl.com\/palencia\/wp-content\/uploads\/sites\/3\/2026\/03\/Tabla-precios-ganaderia-2-3-26-768x576.jpg 768w, https:\/\/www.asajacyl.com\/palencia\/wp-content\/uploads\/sites\/3\/2026\/03\/Tabla-precios-ganaderia-2-3-26-560x420.jpg 560w, https:\/\/www.asajacyl.com\/palencia\/wp-content\/uploads\/sites\/3\/2026\/03\/Tabla-precios-ganaderia-2-3-26-80x60.jpg 80w, https:\/\/www.asajacyl.com\/palencia\/wp-content\/uploads\/sites\/3\/2026\/03\/Tabla-precios-ganaderia-2-3-26-696x522.jpg 696w\" sizes=\"(max-width: 1024px) 100vw, 1024px\" \/><\/figure>\n\n\n\n<p>En la Mesa del Lechazo de Castilla y Le\u00f3n celebrada el 27 de enero tambi\u00e9n se produjeron por cuarta sesi\u00f3n consecutiva repetici\u00f3n de precios en las tres categor\u00edas IGP Castilla y Le\u00f3n, Tierra de Sabor y sacrificio 10-12 kilos.<\/p>\n","protected":false},"excerpt":{"rendered":"<p>En la Mesa del Lechazo de Castilla y Le\u00f3n cuarta sesi\u00f3n repitiendo precios Sesi\u00f3n plana en la sesi\u00f3n semanal de la lonja de Salamanca, tanto en los precios de vacuno de vida como de carne. No obstante, los t\u00e9cnicos se\u00f1alan que el preci\u00f3 mostr\u00f3 un significativo incremento interanual debido a la demanda de reposici\u00f3n. En [&hellip;]<\/p>\n","protected":false},"author":9,"featured_media":22407,"comment_status":"open","ping_status":"open","sticky":false,"template":"","format":"standard","meta":{"footnotes":""},"categories":[9,29,28],"tags":[1698,1702,1789],"yoast_head":"<!-- This site is optimized with the Yoast SEO plugin v24.5 - https:\/\/yoast.com\/wordpress\/plugins\/seo\/ -->\n<title>Sesi\u00f3n plana en Salamanca tanto en vacuno de vida como de carne - ASAJA Palencia<\/title>\n<meta name=\"description\" content=\"En la Mesa del Lechazo de Castilla y Le\u00f3n cuarta sesi\u00f3n repitiendo precios Sesi\u00f3n plana en la sesi\u00f3n semanal de la lonja de Salamanca, tanto en los Sesi\u00f3n plana en Salamanca tanto en vacuno de vida como de carne\" \/>\n<meta name=\"robots\" content=\"index, follow, max-snippet:-1, max-image-preview:large, max-video-preview:-1\" \/>\n<link rel=\"canonical\" href=\"https:\/\/www.asajacyl.com\/palencia\/asaja-palencia-informa\/sesion-plana-en-salamanca-tanto-en-vacuno-de-vida-como-de-carne\" \/>\n<meta property=\"og:locale\" content=\"es_ES\" \/>\n<meta property=\"og:type\" content=\"article\" \/>\n<meta property=\"og:title\" content=\"Sesi\u00f3n plana en Salamanca tanto en vacuno de vida como de carne - ASAJA Palencia\" \/>\n<meta property=\"og:description\" content=\"En la Mesa del Lechazo de Castilla y Le\u00f3n cuarta sesi\u00f3n repitiendo precios Sesi\u00f3n plana en la sesi\u00f3n semanal de la lonja de Salamanca, tanto en los Sesi\u00f3n plana en Salamanca tanto en vacuno de vida como de carne\" \/>\n<meta property=\"og:url\" content=\"https:\/\/www.asajacyl.com\/palencia\/asaja-palencia-informa\/sesion-plana-en-salamanca-tanto-en-vacuno-de-vida-como-de-carne\" \/>\n<meta property=\"og:site_name\" content=\"ASAJA Palencia\" \/>\n<meta property=\"article:published_time\" content=\"2026-03-03T09:15:14+00:00\" \/>\n<meta property=\"article:modified_time\" content=\"2026-03-03T13:52:00+00:00\" \/>\n<meta property=\"og:image\" content=\"https:\/\/www.asajacyl.com\/palencia\/wp-content\/uploads\/sites\/3\/2026\/03\/terneros-Villada.jpg\" \/>\n\t<meta property=\"og:image:width\" content=\"2293\" \/>\n\t<meta property=\"og:image:height\" content=\"1563\" \/>\n\t<meta property=\"og:image:type\" content=\"image\/jpeg\" \/>\n<meta name=\"author\" content=\"Administrador\" \/>\n<meta name=\"twitter:card\" content=\"summary_large_image\" \/>\n<meta name=\"twitter:label1\" content=\"Escrito por\" \/>\n\t<meta name=\"twitter:data1\" content=\"Administrador\" \/>\n\t<meta name=\"twitter:label2\" content=\"Tiempo de lectura\" \/>\n\t<meta name=\"twitter:data2\" content=\"1 minuto\" \/>\n<script type=\"application\/ld+json\" class=\"yoast-schema-graph\">{\"@context\":\"https:\/\/schema.org\",\"@graph\":[{\"@type\":\"WebPage\",\"@id\":\"https:\/\/www.asajacyl.com\/palencia\/asaja-palencia-informa\/sesion-plana-en-salamanca-tanto-en-vacuno-de-vida-como-de-carne\",\"url\":\"https:\/\/www.asajacyl.com\/palencia\/asaja-palencia-informa\/sesion-plana-en-salamanca-tanto-en-vacuno-de-vida-como-de-carne\",\"name\":\"Sesi\u00f3n plana en Salamanca tanto en vacuno de vida como de carne - ASAJA Palencia\",\"isPartOf\":{\"@id\":\"https:\/\/www.asajacyl.com\/palencia\/#website\"},\"primaryImageOfPage\":{\"@id\":\"https:\/\/www.asajacyl.com\/palencia\/asaja-palencia-informa\/sesion-plana-en-salamanca-tanto-en-vacuno-de-vida-como-de-carne#primaryimage\"},\"image\":{\"@id\":\"https:\/\/www.asajacyl.com\/palencia\/asaja-palencia-informa\/sesion-plana-en-salamanca-tanto-en-vacuno-de-vida-como-de-carne#primaryimage\"},\"thumbnailUrl\":\"https:\/\/www.asajacyl.com\/palencia\/wp-content\/uploads\/sites\/3\/2026\/03\/terneros-Villada.jpg\",\"datePublished\":\"2026-03-03T09:15:14+00:00\",\"dateModified\":\"2026-03-03T13:52:00+00:00\",\"author\":{\"@id\":\"https:\/\/www.asajacyl.com\/palencia\/#\/schema\/person\/3ab17aeb03527485c317557fae64aab1\"},\"description\":\"En la Mesa del Lechazo de Castilla y Le\u00f3n cuarta sesi\u00f3n repitiendo precios Sesi\u00f3n plana en la sesi\u00f3n semanal de la lonja de Salamanca, tanto en los Sesi\u00f3n plana en Salamanca tanto en vacuno de vida como de carne\",\"breadcrumb\":{\"@id\":\"https:\/\/www.asajacyl.com\/palencia\/asaja-palencia-informa\/sesion-plana-en-salamanca-tanto-en-vacuno-de-vida-como-de-carne#breadcrumb\"},\"inLanguage\":\"es\",\"potentialAction\":[{\"@type\":\"ReadAction\",\"target\":[\"https:\/\/www.asajacyl.com\/palencia\/asaja-palencia-informa\/sesion-plana-en-salamanca-tanto-en-vacuno-de-vida-como-de-carne\"]}]},{\"@type\":\"ImageObject\",\"inLanguage\":\"es\",\"@id\":\"https:\/\/www.asajacyl.com\/palencia\/asaja-palencia-informa\/sesion-plana-en-salamanca-tanto-en-vacuno-de-vida-como-de-carne#primaryimage\",\"url\":\"https:\/\/www.asajacyl.com\/palencia\/wp-content\/uploads\/sites\/3\/2026\/03\/terneros-Villada.jpg\",\"contentUrl\":\"https:\/\/www.asajacyl.com\/palencia\/wp-content\/uploads\/sites\/3\/2026\/03\/terneros-Villada.jpg\",\"width\":2293,\"height\":1563},{\"@type\":\"BreadcrumbList\",\"@id\":\"https:\/\/www.asajacyl.com\/palencia\/asaja-palencia-informa\/sesion-plana-en-salamanca-tanto-en-vacuno-de-vida-como-de-carne#breadcrumb\",\"itemListElement\":[{\"@type\":\"ListItem\",\"position\":1,\"name\":\"Portada\",\"item\":\"https:\/\/www.asajacyl.com\/palencia\/\"},{\"@type\":\"ListItem\",\"position\":2,\"name\":\"Sesi\u00f3n plana en Salamanca tanto en vacuno de vida como de carne\"}]},{\"@type\":\"WebSite\",\"@id\":\"https:\/\/www.asajacyl.com\/palencia\/#website\",\"url\":\"https:\/\/www.asajacyl.com\/palencia\/\",\"name\":\"ASAJA Palencia\",\"description\":\"Otro sitio m\u00e1s de Provincias ASAJA Castilla y Le\u00f3n\",\"potentialAction\":[{\"@type\":\"SearchAction\",\"target\":{\"@type\":\"EntryPoint\",\"urlTemplate\":\"https:\/\/www.asajacyl.com\/palencia\/?s={search_term_string}\"},\"query-input\":{\"@type\":\"PropertyValueSpecification\",\"valueRequired\":true,\"valueName\":\"search_term_string\"}}],\"inLanguage\":\"es\"},{\"@type\":\"Person\",\"@id\":\"https:\/\/www.asajacyl.com\/palencia\/#\/schema\/person\/3ab17aeb03527485c317557fae64aab1\",\"name\":\"Administrador\",\"image\":{\"@type\":\"ImageObject\",\"inLanguage\":\"es\",\"@id\":\"https:\/\/www.asajacyl.com\/palencia\/#\/schema\/person\/image\/\",\"url\":\"https:\/\/secure.gravatar.com\/avatar\/517384810d242ca9e38c180f3c9fb973?s=96&d=mm&r=g\",\"contentUrl\":\"https:\/\/secure.gravatar.com\/avatar\/517384810d242ca9e38c180f3c9fb973?s=96&d=mm&r=g\",\"caption\":\"Administrador\"},\"url\":\"https:\/\/www.asajacyl.com\/palencia\/author\/carlosrm\"}]}<\/script>\n<!-- \/ Yoast SEO plugin. -->","yoast_head_json":{"title":"Sesi\u00f3n plana en Salamanca tanto en vacuno de vida como de carne - ASAJA Palencia","description":"En la Mesa del Lechazo de Castilla y Le\u00f3n cuarta sesi\u00f3n repitiendo precios Sesi\u00f3n plana en la sesi\u00f3n semanal de la lonja de Salamanca, tanto en los Sesi\u00f3n plana en Salamanca tanto en vacuno de vida como de carne","robots":{"index":"index","follow":"follow","max-snippet":"max-snippet:-1","max-image-preview":"max-image-preview:large","max-video-preview":"max-video-preview:-1"},"canonical":"https:\/\/www.asajacyl.com\/palencia\/asaja-palencia-informa\/sesion-plana-en-salamanca-tanto-en-vacuno-de-vida-como-de-carne","og_locale":"es_ES","og_type":"article","og_title":"Sesi\u00f3n plana en Salamanca tanto en vacuno de vida como de carne - ASAJA Palencia","og_description":"En la Mesa del Lechazo de Castilla y Le\u00f3n cuarta sesi\u00f3n repitiendo precios Sesi\u00f3n plana en la sesi\u00f3n semanal de la lonja de Salamanca, tanto en los Sesi\u00f3n plana en Salamanca tanto en vacuno de vida como de carne","og_url":"https:\/\/www.asajacyl.com\/palencia\/asaja-palencia-informa\/sesion-plana-en-salamanca-tanto-en-vacuno-de-vida-como-de-carne","og_site_name":"ASAJA Palencia","article_published_time":"2026-03-03T09:15:14+00:00","article_modified_time":"2026-03-03T13:52:00+00:00","og_image":[{"width":2293,"height":1563,"url":"https:\/\/www.asajacyl.com\/palencia\/wp-content\/uploads\/sites\/3\/2026\/03\/terneros-Villada.jpg","type":"image\/jpeg"}],"author":"Administrador","twitter_card":"summary_large_image","twitter_misc":{"Escrito por":"Administrador","Tiempo de lectura":"1 minuto"},"schema":{"@context":"https:\/\/schema.org","@graph":[{"@type":"WebPage","@id":"https:\/\/www.asajacyl.com\/palencia\/asaja-palencia-informa\/sesion-plana-en-salamanca-tanto-en-vacuno-de-vida-como-de-carne","url":"https:\/\/www.asajacyl.com\/palencia\/asaja-palencia-informa\/sesion-plana-en-salamanca-tanto-en-vacuno-de-vida-como-de-carne","name":"Sesi\u00f3n plana en Salamanca tanto en vacuno de vida como de carne - ASAJA Palencia","isPartOf":{"@id":"https:\/\/www.asajacyl.com\/palencia\/#website"},"primaryImageOfPage":{"@id":"https:\/\/www.asajacyl.com\/palencia\/asaja-palencia-informa\/sesion-plana-en-salamanca-tanto-en-vacuno-de-vida-como-de-carne#primaryimage"},"image":{"@id":"https:\/\/www.asajacyl.com\/palencia\/asaja-palencia-informa\/sesion-plana-en-salamanca-tanto-en-vacuno-de-vida-como-de-carne#primaryimage"},"thumbnailUrl":"https:\/\/www.asajacyl.com\/palencia\/wp-content\/uploads\/sites\/3\/2026\/03\/terneros-Villada.jpg","datePublished":"2026-03-03T09:15:14+00:00","dateModified":"2026-03-03T13:52:00+00:00","author":{"@id":"https:\/\/www.asajacyl.com\/palencia\/#\/schema\/person\/3ab17aeb03527485c317557fae64aab1"},"description":"En la Mesa del Lechazo de Castilla y Le\u00f3n cuarta sesi\u00f3n repitiendo precios Sesi\u00f3n plana en la sesi\u00f3n semanal de la lonja de Salamanca, tanto en los Sesi\u00f3n plana en Salamanca tanto en vacuno de vida como de carne","breadcrumb":{"@id":"https:\/\/www.asajacyl.com\/palencia\/asaja-palencia-informa\/sesion-plana-en-salamanca-tanto-en-vacuno-de-vida-como-de-carne#breadcrumb"},"inLanguage":"es","potentialAction":[{"@type":"ReadAction","target":["https:\/\/www.asajacyl.com\/palencia\/asaja-palencia-informa\/sesion-plana-en-salamanca-tanto-en-vacuno-de-vida-como-de-carne"]}]},{"@type":"ImageObject","inLanguage":"es","@id":"https:\/\/www.asajacyl.com\/palencia\/asaja-palencia-informa\/sesion-plana-en-salamanca-tanto-en-vacuno-de-vida-como-de-carne#primaryimage","url":"https:\/\/www.asajacyl.com\/palencia\/wp-content\/uploads\/sites\/3\/2026\/03\/terneros-Villada.jpg","contentUrl":"https:\/\/www.asajacyl.com\/palencia\/wp-content\/uploads\/sites\/3\/2026\/03\/terneros-Villada.jpg","width":2293,"height":1563},{"@type":"BreadcrumbList","@id":"https:\/\/www.asajacyl.com\/palencia\/asaja-palencia-informa\/sesion-plana-en-salamanca-tanto-en-vacuno-de-vida-como-de-carne#breadcrumb","itemListElement":[{"@type":"ListItem","position":1,"name":"Portada","item":"https:\/\/www.asajacyl.com\/palencia\/"},{"@type":"ListItem","position":2,"name":"Sesi\u00f3n plana en Salamanca tanto en vacuno de vida como de carne"}]},{"@type":"WebSite","@id":"https:\/\/www.asajacyl.com\/palencia\/#website","url":"https:\/\/www.asajacyl.com\/palencia\/","name":"ASAJA Palencia","description":"Otro sitio m\u00e1s de Provincias ASAJA Castilla y Le\u00f3n","potentialAction":[{"@type":"SearchAction","target":{"@type":"EntryPoint","urlTemplate":"https:\/\/www.asajacyl.com\/palencia\/?s={search_term_string}"},"query-input":{"@type":"PropertyValueSpecification","valueRequired":true,"valueName":"search_term_string"}}],"inLanguage":"es"},{"@type":"Person","@id":"https:\/\/www.asajacyl.com\/palencia\/#\/schema\/person\/3ab17aeb03527485c317557fae64aab1","name":"Administrador","image":{"@type":"ImageObject","inLanguage":"es","@id":"https:\/\/www.asajacyl.com\/palencia\/#\/schema\/person\/image\/","url":"https:\/\/secure.gravatar.com\/avatar\/517384810d242ca9e38c180f3c9fb973?s=96&d=mm&r=g","contentUrl":"https:\/\/secure.gravatar.com\/avatar\/517384810d242ca9e38c180f3c9fb973?s=96&d=mm&r=g","caption":"Administrador"},"url":"https:\/\/www.asajacyl.com\/palencia\/author\/carlosrm"}]}},"_links":{"self":[{"href":"https:\/\/www.asajacyl.com\/palencia\/wp-json\/wp\/v2\/posts\/22405"}],"collection":[{"href":"https:\/\/www.asajacyl.com\/palencia\/wp-json\/wp\/v2\/posts"}],"about":[{"href":"https:\/\/www.asajacyl.com\/palencia\/wp-json\/wp\/v2\/types\/post"}],"author":[{"embeddable":true,"href":"https:\/\/www.asajacyl.com\/palencia\/wp-json\/wp\/v2\/users\/9"}],"replies":[{"embeddable":true,"href":"https:\/\/www.asajacyl.com\/palencia\/wp-json\/wp\/v2\/comments?post=22405"}],"version-history":[{"count":1,"href":"https:\/\/www.asajacyl.com\/palencia\/wp-json\/wp\/v2\/posts\/22405\/revisions"}],"predecessor-version":[{"id":22408,"href":"https:\/\/www.asajacyl.com\/palencia\/wp-json\/wp\/v2\/posts\/22405\/revisions\/22408"}],"wp:featuredmedia":[{"embeddable":true,"href":"https:\/\/www.asajacyl.com\/palencia\/wp-json\/wp\/v2\/media\/22407"}],"wp:attachment":[{"href":"https:\/\/www.asajacyl.com\/palencia\/wp-json\/wp\/v2\/media?parent=22405"}],"wp:term":[{"taxonomy":"category","embeddable":true,"href":"https:\/\/www.asajacyl.com\/palencia\/wp-json\/wp\/v2\/categories?post=22405"},{"taxonomy":"post_tag","embeddable":true,"href":"https:\/\/www.asajacyl.com\/palencia\/wp-json\/wp\/v2\/tags?post=22405"}],"curies":[{"name":"wp","href":"https:\/\/api.w.org\/{rel}","templated":true}]}}