{"id":22411,"date":"2026-03-04T11:30:22","date_gmt":"2026-03-04T10:30:22","guid":{"rendered":"https:\/\/www.asajacyl.com\/palencia\/?p=22411"},"modified":"2026-03-04T13:01:47","modified_gmt":"2026-03-04T12:01:47","slug":"copa-cogeca-urge-a-la-ue-a-eliminar-barreras-legales-para-comercializar-la-lana","status":"publish","type":"post","link":"https:\/\/www.asajacyl.com\/palencia\/asaja-palencia-informa\/copa-cogeca-urge-a-la-ue-a-eliminar-barreras-legales-para-comercializar-la-lana","title":{"rendered":"Copa-Cogeca urge a la UE a eliminar barreras legales para comercializar la lana"},"content":{"rendered":"\n<h2 class=\"wp-block-heading\">Se quiere revitalizar un recurso sostenible infrautilizado y que la esquila no sea una actividad deficitaria<\/h2>\n\n\n\n<p><a href=\"https:\/\/copa-cogeca.eu\/\">Copa-Cogeca<\/a> -a la que pertenece <a href=\"https:\/\/www.asaja.com\/\">ASAJA<\/a>&#8211; urge a la UE a eliminar barreras legales para comercializar la lana. Se quiere revitalizar un recurso sostenible infrautilizado y que la esquila no sea una actividad deficitaria.<\/p>\n\n\n\n<p>Aunque la lana es\u00a0<strong>renovable y biodegradable<\/strong>, los agricultores y cooperativas de la UE se enfrentan a importantes obst\u00e1culos legales y administrativos. En virtud de la legislaci\u00f3n europea, en particular el\u00a0<strong>Reglamento (CE) n.\u00ba 1069\/2009<\/strong>\u00a0sobre subproductos animales, la lana cruda procedente de animales sanos se clasifica de manera que <strong>se imponen restricciones desproporcionadas a su manipulaci\u00f3n, comercializaci\u00f3n y uso<\/strong>.<\/p>\n\n\n\n<figure class=\"wp-block-image size-full\"><img loading=\"lazy\" decoding=\"async\" width=\"668\" height=\"404\" src=\"https:\/\/www.asajacyl.com\/palencia\/wp-content\/uploads\/sites\/3\/2026\/03\/Esquilando-oveja.jpg\" alt=\"\" class=\"wp-image-22413\" srcset=\"https:\/\/www.asajacyl.com\/palencia\/wp-content\/uploads\/sites\/3\/2026\/03\/Esquilando-oveja.jpg 668w, https:\/\/www.asajacyl.com\/palencia\/wp-content\/uploads\/sites\/3\/2026\/03\/Esquilando-oveja-300x181.jpg 300w\" sizes=\"(max-width: 668px) 100vw, 668px\" \/><\/figure>\n\n\n\n<p><strong>PRECIOS BAJOS Y ESQUILA CARA<\/strong>. Las organizaciones europeas <strong>Copa y Cogeca<\/strong>\u00a0han publicado su posici\u00f3n sobre la valorizaci\u00f3n de la\u00a0<strong>lana<\/strong>, un material natural con numerosas cualidades valiosas. Las organizaciones destacan que la lana se considera cada vez m\u00e1s una carga, a pesar de las claras oportunidades que ofrece su uso. El documento insta a los responsables pol\u00edticos de la\u00a0<strong>UE<\/strong>\u00a0a eliminar las barreras normativas que actualmente impiden que la lana se aproveche plenamente como recurso agr\u00edcola\u00a0<strong>sostenible, circular y renovable<\/strong>.<\/p>\n\n\n\n<p>Como resultado, la cadena de valor de la lana europea se ha debilitado considerablemente. Los\u00a0<strong>precios de la lana se han desplomado<\/strong>, a menudo <strong>sin cubrir ni siquiera los costes b\u00e1sicos de esquila<\/strong>. <\/p>\n\n\n\n<p><strong>INCOHERENCIA<\/strong>. La limitada capacidad de transformaci\u00f3n de la UE y el cierre de mercados de exportaci\u00f3n clave han agravado la situaci\u00f3n, lo que <strong>ha provocado<\/strong> la acumulaci\u00f3n de existencias en las explotaciones agr\u00edcolas y <strong>el desecho generalizado de la lana como residuo<\/strong>. <\/p>\n\n\n\n<p>Esto es econ\u00f3micamente insostenible y <strong>medioambientalmente incoherente<\/strong>, especialmente a la luz de la\u00a0<strong>Estrategia de Bioeconom\u00eda de la UE<\/strong>\u00a0y los objetivos de la\u00a0<strong>econom\u00eda circular<\/strong>.<\/p>\n\n\n\n<p><strong>OBJETIVOS<\/strong>. Las recomendaciones de\u00a0<strong>Copa y Cogeca<\/strong>\u00a0tienen por objetivo liberar el potencial sin explotar de la lana con diversas acciones:<\/p>\n\n\n\n<ul>\n<li>&#8211; fomentando su comercializaci\u00f3n y valorizaci\u00f3n<\/li>\n\n\n\n<li>&#8211; revisando su clasificaci\u00f3n jur\u00eddica <\/li>\n\n\n\n<li>&#8211; promoviendo sus usos en las explotaciones agr\u00edcolas <\/li>\n\n\n\n<li>&#8211; apoyando la innovaci\u00f3n. <\/li>\n<\/ul>\n\n\n\n<p>Estas medidas transformar\u00edan la lana <strong>pasando de un lastre a un coproducto valioso<\/strong>, contribuyendo a la\u00a0<strong>circularidad<\/strong>, la\u00a0<strong>salud del suelo<\/strong>\u00a0y la\u00a0<strong>sostenibilidad<\/strong>\u00a0de las explotaciones agr\u00edcolas.<\/p>\n\n\n\n<p>Al eliminar las barreras legales innecesarias, la UE puede convertir un problema creciente en una oportunidad para la agricultura sostenible. <\/p>\n\n\n\n<p>Por lo tanto,\u00a0<strong>Copa-Cogeca<\/strong>\u00a0pide que se adopten medidas concretas en el marco de la Estrategia de Bioeconom\u00eda de la UE y la futura\u00a0<strong>Estrategia Ganadera de la UE<\/strong>.<\/p>\n","protected":false},"excerpt":{"rendered":"<p>Se quiere revitalizar un recurso sostenible infrautilizado y que la esquila no sea una actividad deficitaria Copa-Cogeca -a la que pertenece ASAJA&#8211; urge a la UE a eliminar barreras legales para comercializar la lana. Se quiere revitalizar un recurso sostenible infrautilizado y que la esquila no sea una actividad deficitaria. Aunque la lana es\u00a0renovable y [&hellip;]<\/p>\n","protected":false},"author":9,"featured_media":22413,"comment_status":"open","ping_status":"open","sticky":false,"template":"","format":"standard","meta":{"footnotes":""},"categories":[9,28],"tags":[711,1698,1751,1790,1707],"yoast_head":"<!-- This site is optimized with the Yoast SEO plugin v24.5 - https:\/\/yoast.com\/wordpress\/plugins\/seo\/ -->\n<title>Copa-Cogeca urge a la UE a eliminar barreras legales para comercializar la lana - ASAJA Palencia<\/title>\n<meta name=\"description\" content=\"Se quiere revitalizar un recurso sostenible infrautilizado y que la esquila no sea una actividad deficitaria Copa-Cogeca -a la que pertenece ASAJA- urge a Copa-Cogeca urge a la UE a eliminar barreras legales para comercializar la lana. Se quiere revitalizar un recurso sostenible infrautilizado.\" \/>\n<meta name=\"robots\" content=\"index, follow, max-snippet:-1, max-image-preview:large, max-video-preview:-1\" \/>\n<link rel=\"canonical\" href=\"https:\/\/www.asajacyl.com\/palencia\/asaja-palencia-informa\/copa-cogeca-urge-a-la-ue-a-eliminar-barreras-legales-para-comercializar-la-lana\" \/>\n<meta property=\"og:locale\" content=\"es_ES\" \/>\n<meta property=\"og:type\" content=\"article\" \/>\n<meta property=\"og:title\" content=\"Copa-Cogeca urge a la UE a eliminar barreras legales para comercializar la lana - ASAJA Palencia\" \/>\n<meta property=\"og:description\" content=\"Se quiere revitalizar un recurso sostenible infrautilizado y que la esquila no sea una actividad deficitaria Copa-Cogeca -a la que pertenece ASAJA- urge a Copa-Cogeca urge a la UE a eliminar barreras legales para comercializar la lana. Se quiere revitalizar un recurso sostenible infrautilizado.\" \/>\n<meta property=\"og:url\" content=\"https:\/\/www.asajacyl.com\/palencia\/asaja-palencia-informa\/copa-cogeca-urge-a-la-ue-a-eliminar-barreras-legales-para-comercializar-la-lana\" \/>\n<meta property=\"og:site_name\" content=\"ASAJA Palencia\" \/>\n<meta property=\"article:published_time\" content=\"2026-03-04T10:30:22+00:00\" \/>\n<meta property=\"article:modified_time\" content=\"2026-03-04T12:01:47+00:00\" \/>\n<meta property=\"og:image\" content=\"https:\/\/www.asajacyl.com\/palencia\/wp-content\/uploads\/sites\/3\/2026\/03\/Esquilando-oveja.jpg\" \/>\n\t<meta property=\"og:image:width\" content=\"668\" \/>\n\t<meta property=\"og:image:height\" content=\"404\" \/>\n\t<meta property=\"og:image:type\" content=\"image\/jpeg\" \/>\n<meta name=\"author\" content=\"Administrador\" \/>\n<meta name=\"twitter:card\" content=\"summary_large_image\" \/>\n<meta name=\"twitter:label1\" content=\"Escrito por\" \/>\n\t<meta name=\"twitter:data1\" content=\"Administrador\" \/>\n\t<meta name=\"twitter:label2\" content=\"Tiempo de lectura\" \/>\n\t<meta name=\"twitter:data2\" content=\"3 minutos\" \/>\n<script type=\"application\/ld+json\" class=\"yoast-schema-graph\">{\"@context\":\"https:\/\/schema.org\",\"@graph\":[{\"@type\":\"WebPage\",\"@id\":\"https:\/\/www.asajacyl.com\/palencia\/asaja-palencia-informa\/copa-cogeca-urge-a-la-ue-a-eliminar-barreras-legales-para-comercializar-la-lana\",\"url\":\"https:\/\/www.asajacyl.com\/palencia\/asaja-palencia-informa\/copa-cogeca-urge-a-la-ue-a-eliminar-barreras-legales-para-comercializar-la-lana\",\"name\":\"Copa-Cogeca urge a la UE a eliminar barreras legales para comercializar la lana - ASAJA Palencia\",\"isPartOf\":{\"@id\":\"https:\/\/www.asajacyl.com\/palencia\/#website\"},\"primaryImageOfPage\":{\"@id\":\"https:\/\/www.asajacyl.com\/palencia\/asaja-palencia-informa\/copa-cogeca-urge-a-la-ue-a-eliminar-barreras-legales-para-comercializar-la-lana#primaryimage\"},\"image\":{\"@id\":\"https:\/\/www.asajacyl.com\/palencia\/asaja-palencia-informa\/copa-cogeca-urge-a-la-ue-a-eliminar-barreras-legales-para-comercializar-la-lana#primaryimage\"},\"thumbnailUrl\":\"https:\/\/www.asajacyl.com\/palencia\/wp-content\/uploads\/sites\/3\/2026\/03\/Esquilando-oveja.jpg\",\"datePublished\":\"2026-03-04T10:30:22+00:00\",\"dateModified\":\"2026-03-04T12:01:47+00:00\",\"author\":{\"@id\":\"https:\/\/www.asajacyl.com\/palencia\/#\/schema\/person\/3ab17aeb03527485c317557fae64aab1\"},\"description\":\"Se quiere revitalizar un recurso sostenible infrautilizado y que la esquila no sea una actividad deficitaria Copa-Cogeca -a la que pertenece ASAJA- urge a Copa-Cogeca urge a la UE a eliminar barreras legales para comercializar la lana. Se quiere revitalizar un recurso sostenible infrautilizado.\",\"breadcrumb\":{\"@id\":\"https:\/\/www.asajacyl.com\/palencia\/asaja-palencia-informa\/copa-cogeca-urge-a-la-ue-a-eliminar-barreras-legales-para-comercializar-la-lana#breadcrumb\"},\"inLanguage\":\"es\",\"potentialAction\":[{\"@type\":\"ReadAction\",\"target\":[\"https:\/\/www.asajacyl.com\/palencia\/asaja-palencia-informa\/copa-cogeca-urge-a-la-ue-a-eliminar-barreras-legales-para-comercializar-la-lana\"]}]},{\"@type\":\"ImageObject\",\"inLanguage\":\"es\",\"@id\":\"https:\/\/www.asajacyl.com\/palencia\/asaja-palencia-informa\/copa-cogeca-urge-a-la-ue-a-eliminar-barreras-legales-para-comercializar-la-lana#primaryimage\",\"url\":\"https:\/\/www.asajacyl.com\/palencia\/wp-content\/uploads\/sites\/3\/2026\/03\/Esquilando-oveja.jpg\",\"contentUrl\":\"https:\/\/www.asajacyl.com\/palencia\/wp-content\/uploads\/sites\/3\/2026\/03\/Esquilando-oveja.jpg\",\"width\":668,\"height\":404},{\"@type\":\"BreadcrumbList\",\"@id\":\"https:\/\/www.asajacyl.com\/palencia\/asaja-palencia-informa\/copa-cogeca-urge-a-la-ue-a-eliminar-barreras-legales-para-comercializar-la-lana#breadcrumb\",\"itemListElement\":[{\"@type\":\"ListItem\",\"position\":1,\"name\":\"Portada\",\"item\":\"https:\/\/www.asajacyl.com\/palencia\/\"},{\"@type\":\"ListItem\",\"position\":2,\"name\":\"Copa-Cogeca urge a la UE a eliminar barreras legales para comercializar la lana\"}]},{\"@type\":\"WebSite\",\"@id\":\"https:\/\/www.asajacyl.com\/palencia\/#website\",\"url\":\"https:\/\/www.asajacyl.com\/palencia\/\",\"name\":\"ASAJA Palencia\",\"description\":\"Otro sitio m\u00e1s de Provincias ASAJA Castilla y Le\u00f3n\",\"potentialAction\":[{\"@type\":\"SearchAction\",\"target\":{\"@type\":\"EntryPoint\",\"urlTemplate\":\"https:\/\/www.asajacyl.com\/palencia\/?s={search_term_string}\"},\"query-input\":{\"@type\":\"PropertyValueSpecification\",\"valueRequired\":true,\"valueName\":\"search_term_string\"}}],\"inLanguage\":\"es\"},{\"@type\":\"Person\",\"@id\":\"https:\/\/www.asajacyl.com\/palencia\/#\/schema\/person\/3ab17aeb03527485c317557fae64aab1\",\"name\":\"Administrador\",\"image\":{\"@type\":\"ImageObject\",\"inLanguage\":\"es\",\"@id\":\"https:\/\/www.asajacyl.com\/palencia\/#\/schema\/person\/image\/\",\"url\":\"https:\/\/secure.gravatar.com\/avatar\/517384810d242ca9e38c180f3c9fb973?s=96&d=mm&r=g\",\"contentUrl\":\"https:\/\/secure.gravatar.com\/avatar\/517384810d242ca9e38c180f3c9fb973?s=96&d=mm&r=g\",\"caption\":\"Administrador\"},\"url\":\"https:\/\/www.asajacyl.com\/palencia\/author\/carlosrm\"}]}<\/script>\n<!-- \/ Yoast SEO plugin. -->","yoast_head_json":{"title":"Copa-Cogeca urge a la UE a eliminar barreras legales para comercializar la lana - ASAJA Palencia","description":"Se quiere revitalizar un recurso sostenible infrautilizado y que la esquila no sea una actividad deficitaria Copa-Cogeca -a la que pertenece ASAJA- urge a Copa-Cogeca urge a la UE a eliminar barreras legales para comercializar la lana. Se quiere revitalizar un recurso sostenible infrautilizado.","robots":{"index":"index","follow":"follow","max-snippet":"max-snippet:-1","max-image-preview":"max-image-preview:large","max-video-preview":"max-video-preview:-1"},"canonical":"https:\/\/www.asajacyl.com\/palencia\/asaja-palencia-informa\/copa-cogeca-urge-a-la-ue-a-eliminar-barreras-legales-para-comercializar-la-lana","og_locale":"es_ES","og_type":"article","og_title":"Copa-Cogeca urge a la UE a eliminar barreras legales para comercializar la lana - ASAJA Palencia","og_description":"Se quiere revitalizar un recurso sostenible infrautilizado y que la esquila no sea una actividad deficitaria Copa-Cogeca -a la que pertenece ASAJA- urge a Copa-Cogeca urge a la UE a eliminar barreras legales para comercializar la lana. Se quiere revitalizar un recurso sostenible infrautilizado.","og_url":"https:\/\/www.asajacyl.com\/palencia\/asaja-palencia-informa\/copa-cogeca-urge-a-la-ue-a-eliminar-barreras-legales-para-comercializar-la-lana","og_site_name":"ASAJA Palencia","article_published_time":"2026-03-04T10:30:22+00:00","article_modified_time":"2026-03-04T12:01:47+00:00","og_image":[{"width":668,"height":404,"url":"https:\/\/www.asajacyl.com\/palencia\/wp-content\/uploads\/sites\/3\/2026\/03\/Esquilando-oveja.jpg","type":"image\/jpeg"}],"author":"Administrador","twitter_card":"summary_large_image","twitter_misc":{"Escrito por":"Administrador","Tiempo de lectura":"3 minutos"},"schema":{"@context":"https:\/\/schema.org","@graph":[{"@type":"WebPage","@id":"https:\/\/www.asajacyl.com\/palencia\/asaja-palencia-informa\/copa-cogeca-urge-a-la-ue-a-eliminar-barreras-legales-para-comercializar-la-lana","url":"https:\/\/www.asajacyl.com\/palencia\/asaja-palencia-informa\/copa-cogeca-urge-a-la-ue-a-eliminar-barreras-legales-para-comercializar-la-lana","name":"Copa-Cogeca urge a la UE a eliminar barreras legales para comercializar la lana - ASAJA Palencia","isPartOf":{"@id":"https:\/\/www.asajacyl.com\/palencia\/#website"},"primaryImageOfPage":{"@id":"https:\/\/www.asajacyl.com\/palencia\/asaja-palencia-informa\/copa-cogeca-urge-a-la-ue-a-eliminar-barreras-legales-para-comercializar-la-lana#primaryimage"},"image":{"@id":"https:\/\/www.asajacyl.com\/palencia\/asaja-palencia-informa\/copa-cogeca-urge-a-la-ue-a-eliminar-barreras-legales-para-comercializar-la-lana#primaryimage"},"thumbnailUrl":"https:\/\/www.asajacyl.com\/palencia\/wp-content\/uploads\/sites\/3\/2026\/03\/Esquilando-oveja.jpg","datePublished":"2026-03-04T10:30:22+00:00","dateModified":"2026-03-04T12:01:47+00:00","author":{"@id":"https:\/\/www.asajacyl.com\/palencia\/#\/schema\/person\/3ab17aeb03527485c317557fae64aab1"},"description":"Se quiere revitalizar un recurso sostenible infrautilizado y que la esquila no sea una actividad deficitaria Copa-Cogeca -a la que pertenece ASAJA- urge a Copa-Cogeca urge a la UE a eliminar barreras legales para comercializar la lana. Se quiere revitalizar un recurso sostenible infrautilizado.","breadcrumb":{"@id":"https:\/\/www.asajacyl.com\/palencia\/asaja-palencia-informa\/copa-cogeca-urge-a-la-ue-a-eliminar-barreras-legales-para-comercializar-la-lana#breadcrumb"},"inLanguage":"es","potentialAction":[{"@type":"ReadAction","target":["https:\/\/www.asajacyl.com\/palencia\/asaja-palencia-informa\/copa-cogeca-urge-a-la-ue-a-eliminar-barreras-legales-para-comercializar-la-lana"]}]},{"@type":"ImageObject","inLanguage":"es","@id":"https:\/\/www.asajacyl.com\/palencia\/asaja-palencia-informa\/copa-cogeca-urge-a-la-ue-a-eliminar-barreras-legales-para-comercializar-la-lana#primaryimage","url":"https:\/\/www.asajacyl.com\/palencia\/wp-content\/uploads\/sites\/3\/2026\/03\/Esquilando-oveja.jpg","contentUrl":"https:\/\/www.asajacyl.com\/palencia\/wp-content\/uploads\/sites\/3\/2026\/03\/Esquilando-oveja.jpg","width":668,"height":404},{"@type":"BreadcrumbList","@id":"https:\/\/www.asajacyl.com\/palencia\/asaja-palencia-informa\/copa-cogeca-urge-a-la-ue-a-eliminar-barreras-legales-para-comercializar-la-lana#breadcrumb","itemListElement":[{"@type":"ListItem","position":1,"name":"Portada","item":"https:\/\/www.asajacyl.com\/palencia\/"},{"@type":"ListItem","position":2,"name":"Copa-Cogeca urge a la UE a eliminar barreras legales para comercializar la lana"}]},{"@type":"WebSite","@id":"https:\/\/www.asajacyl.com\/palencia\/#website","url":"https:\/\/www.asajacyl.com\/palencia\/","name":"ASAJA Palencia","description":"Otro sitio m\u00e1s de Provincias ASAJA Castilla y Le\u00f3n","potentialAction":[{"@type":"SearchAction","target":{"@type":"EntryPoint","urlTemplate":"https:\/\/www.asajacyl.com\/palencia\/?s={search_term_string}"},"query-input":{"@type":"PropertyValueSpecification","valueRequired":true,"valueName":"search_term_string"}}],"inLanguage":"es"},{"@type":"Person","@id":"https:\/\/www.asajacyl.com\/palencia\/#\/schema\/person\/3ab17aeb03527485c317557fae64aab1","name":"Administrador","image":{"@type":"ImageObject","inLanguage":"es","@id":"https:\/\/www.asajacyl.com\/palencia\/#\/schema\/person\/image\/","url":"https:\/\/secure.gravatar.com\/avatar\/517384810d242ca9e38c180f3c9fb973?s=96&d=mm&r=g","contentUrl":"https:\/\/secure.gravatar.com\/avatar\/517384810d242ca9e38c180f3c9fb973?s=96&d=mm&r=g","caption":"Administrador"},"url":"https:\/\/www.asajacyl.com\/palencia\/author\/carlosrm"}]}},"_links":{"self":[{"href":"https:\/\/www.asajacyl.com\/palencia\/wp-json\/wp\/v2\/posts\/22411"}],"collection":[{"href":"https:\/\/www.asajacyl.com\/palencia\/wp-json\/wp\/v2\/posts"}],"about":[{"href":"https:\/\/www.asajacyl.com\/palencia\/wp-json\/wp\/v2\/types\/post"}],"author":[{"embeddable":true,"href":"https:\/\/www.asajacyl.com\/palencia\/wp-json\/wp\/v2\/users\/9"}],"replies":[{"embeddable":true,"href":"https:\/\/www.asajacyl.com\/palencia\/wp-json\/wp\/v2\/comments?post=22411"}],"version-history":[{"count":2,"href":"https:\/\/www.asajacyl.com\/palencia\/wp-json\/wp\/v2\/posts\/22411\/revisions"}],"predecessor-version":[{"id":22414,"href":"https:\/\/www.asajacyl.com\/palencia\/wp-json\/wp\/v2\/posts\/22411\/revisions\/22414"}],"wp:featuredmedia":[{"embeddable":true,"href":"https:\/\/www.asajacyl.com\/palencia\/wp-json\/wp\/v2\/media\/22413"}],"wp:attachment":[{"href":"https:\/\/www.asajacyl.com\/palencia\/wp-json\/wp\/v2\/media?parent=22411"}],"wp:term":[{"taxonomy":"category","embeddable":true,"href":"https:\/\/www.asajacyl.com\/palencia\/wp-json\/wp\/v2\/categories?post=22411"},{"taxonomy":"post_tag","embeddable":true,"href":"https:\/\/www.asajacyl.com\/palencia\/wp-json\/wp\/v2\/tags?post=22411"}],"curies":[{"name":"wp","href":"https:\/\/api.w.org\/{rel}","templated":true}]}}