{"id":22415,"date":"2026-03-04T12:30:40","date_gmt":"2026-03-04T11:30:40","guid":{"rendered":"https:\/\/www.asajacyl.com\/palencia\/?p=22415"},"modified":"2026-03-09T10:05:09","modified_gmt":"2026-03-09T09:05:09","slug":"asaja-pide-en-bruselas-medidas-urgentes-ante-la-tension-en-el-mercado-de-fertilizantes","status":"publish","type":"post","link":"https:\/\/www.asajacyl.com\/palencia\/asaja-palencia-informa\/asaja-pide-en-bruselas-medidas-urgentes-ante-la-tension-en-el-mercado-de-fertilizantes","title":{"rendered":"ASAJA pide en Bruselas medidas urgentes ante la tensi\u00f3n en el mercado de fertilizantes"},"content":{"rendered":"\n<h2 class=\"wp-block-heading\">El presidente de <a href=\"https:\/\/www.asaja.com\/\">ASAJA<\/a>, Pedro Barato, ha participado en el foro organizado por <a href=\"https:\/\/www.farm-europe.eu\/\">Farm Europe<\/a> en Bruselas, donde ha trasladado al <strong>Comisario de Agricultura Christophe<\/strong> <strong>Hansen<\/strong> la preocupaci\u00f3n del sector agrario por la <strong>situaci\u00f3n del mercado de fertilizantes<\/strong>. <\/h2>\n\n\n\n<p>Durante el encuentro se ha puesto de manifiesto que, en las \u00faltimas 48 horas, la <strong>industria <\/strong>est\u00e1 <strong>especulando tras el conflicto en Ir\u00e1n<\/strong>. <span style=\", arial, sans-serif;text-align: justify\">A ello se suman las consecuencias de la <strong>reducci\u00f3n sustancial del paso de mercanc\u00edas por el <\/strong>estrecho de Ormuz, lo que est\u00e1 generando una nueva tensi\u00f3n en el mercado. <\/span><\/p>\n\n\n\n<p><span style=\", arial, sans-serif;text-align: justify\">Asimismo, se ha advertido de que esta situaci\u00f3n tambi\u00e9n est\u00e1 vinculada al <strong>fin de la entrada de comerciales procedentes de Rusia y Bielorrusia<\/strong>.<\/span><\/p>\n\n\n\n<figure class=\"wp-block-image size-full\"><img loading=\"lazy\" decoding=\"async\" width=\"939\" height=\"694\" src=\"https:\/\/www.asajacyl.com\/palencia\/wp-content\/uploads\/sites\/3\/2026\/03\/Pedro-Barato-con-Hansen-en-reunion-Bruselas-marzo-26.jpg\" alt=\"\" class=\"wp-image-22416\" srcset=\"https:\/\/www.asajacyl.com\/palencia\/wp-content\/uploads\/sites\/3\/2026\/03\/Pedro-Barato-con-Hansen-en-reunion-Bruselas-marzo-26.jpg 939w, https:\/\/www.asajacyl.com\/palencia\/wp-content\/uploads\/sites\/3\/2026\/03\/Pedro-Barato-con-Hansen-en-reunion-Bruselas-marzo-26-300x222.jpg 300w, https:\/\/www.asajacyl.com\/palencia\/wp-content\/uploads\/sites\/3\/2026\/03\/Pedro-Barato-con-Hansen-en-reunion-Bruselas-marzo-26-768x568.jpg 768w, https:\/\/www.asajacyl.com\/palencia\/wp-content\/uploads\/sites\/3\/2026\/03\/Pedro-Barato-con-Hansen-en-reunion-Bruselas-marzo-26-568x420.jpg 568w, https:\/\/www.asajacyl.com\/palencia\/wp-content\/uploads\/sites\/3\/2026\/03\/Pedro-Barato-con-Hansen-en-reunion-Bruselas-marzo-26-80x60.jpg 80w, https:\/\/www.asajacyl.com\/palencia\/wp-content\/uploads\/sites\/3\/2026\/03\/Pedro-Barato-con-Hansen-en-reunion-Bruselas-marzo-26-696x514.jpg 696w\" sizes=\"(max-width: 939px) 100vw, 939px\" \/><figcaption class=\"wp-element-caption\">Pedro Barato, presidente de ASAJA, junto al Comisario de Agricultura europeo, Christophe Hansen (izq).<\/figcaption><\/figure>\n\n\n\n<p>EXIGENCIAS DE ASAJA. <span style=\", arial, sans-serif;text-align: justify\">Ante este escenario que se abre en Oriente Medio, <\/span><strong style=\", arial, sans-serif;text-align: justify\">ASAJA ha exigido una serie de medidas para favorecer el suministro<\/strong><span style=\", arial, sans-serif;text-align: justify\">: <\/span><\/p>\n\n\n\n<ul>\n<li><strong style=\", arial, sans-serif;text-align: justify\">eliminaci\u00f3n de los aranceles<\/strong><span style=\", arial, sans-serif;text-align: justify\"> a la Naci\u00f3n M\u00e1s Favorecida (NMF) al menos durante cinco a\u00f1os, y no solo durante un a\u00f1o\u00a0<\/span><\/li>\n\n\n\n<li><strong style=\", arial, sans-serif;text-align: justify\">ayudas extraordinarias<\/strong><span style=\", arial, sans-serif;text-align: justify\"> a nivel comunitario (<\/span><strong style=\", arial, sans-serif;text-align: justify\">fuera del presupuesto PAC<\/strong><span style=\", arial, sans-serif;text-align: justify\">)<\/span><\/li>\n\n\n\n<li><strong style=\", arial, sans-serif;text-align: justify\">ayudas de Estado a nivel nacional<\/strong><span style=\", arial, sans-serif;text-align: justify\">\u00a0(como ya se hizo en el pasa<\/span>do)<\/li>\n\n\n\n<li><p style=\"margin-top: 0px;line-height: 24px;text-align: justify;, arial, sans-serif\"><strong>fin inmediato del Mecanismo de Ajuste en Frontera por Carbono<\/strong> (CBAM), para que la Comisi\u00f3n Europea cumpla la promesa realizada en enero<\/p><\/li>\n<\/ul>\n\n\n\n<p><p style=\"margin-top: 0px;line-height: 24px;text-align: justify;, arial, sans-serif\"><strong>El presidente de ASAJA<\/strong> ha subrayado que el sector no puede asumir m\u00e1s presi\u00f3n en un contexto de elevada volatilidad y ha <strong>reclamado decisiones inmediatas<\/strong> para garantizar estabilidad en el suministro de fertilizante y en los costes de producci\u00f3n.<\/p><\/p>\n","protected":false},"excerpt":{"rendered":"<p>El presidente de ASAJA, Pedro Barato, ha participado en el foro organizado por Farm Europe en Bruselas, donde ha trasladado al Comisario de Agricultura Christophe Hansen la preocupaci\u00f3n del sector agrario por la situaci\u00f3n del mercado de fertilizantes. Durante el encuentro se ha puesto de manifiesto que, en las \u00faltimas 48 horas, la industria est\u00e1 [&hellip;]<\/p>\n","protected":false},"author":9,"featured_media":22417,"comment_status":"open","ping_status":"open","sticky":false,"template":"","format":"standard","meta":{"footnotes":""},"categories":[9,28],"tags":[711,1698,1752,1791,1792,1707],"yoast_head":"<!-- This site is optimized with the Yoast SEO plugin v24.5 - https:\/\/yoast.com\/wordpress\/plugins\/seo\/ -->\n<title>ASAJA pide en Bruselas medidas urgentes ante la tensi\u00f3n en el mercado de fertilizantes - ASAJA Palencia<\/title>\n<meta name=\"description\" content=\"El presidente de ASAJA, Pedro Barato, ha participado en el foro organizado por Farm Europe en Bruselas, donde ha trasladado al Comisario de Agricultura ASAJA pide en Bruselas medidas urgentes ante la tensi\u00f3n en el mercado de fertilizantes. Adem\u00e1s, advierte de la especulaci\u00f3n por la guerra en Ir\u00e1n.\" \/>\n<meta name=\"robots\" content=\"index, follow, max-snippet:-1, max-image-preview:large, max-video-preview:-1\" \/>\n<link rel=\"canonical\" href=\"https:\/\/www.asajacyl.com\/palencia\/asaja-palencia-informa\/asaja-pide-en-bruselas-medidas-urgentes-ante-la-tension-en-el-mercado-de-fertilizantes\" \/>\n<meta property=\"og:locale\" content=\"es_ES\" \/>\n<meta property=\"og:type\" content=\"article\" \/>\n<meta property=\"og:title\" content=\"ASAJA pide en Bruselas medidas urgentes ante la tensi\u00f3n en el mercado de fertilizantes - ASAJA Palencia\" \/>\n<meta property=\"og:description\" content=\"El presidente de ASAJA, Pedro Barato, ha participado en el foro organizado por Farm Europe en Bruselas, donde ha trasladado al Comisario de Agricultura ASAJA pide en Bruselas medidas urgentes ante la tensi\u00f3n en el mercado de fertilizantes. Adem\u00e1s, advierte de la especulaci\u00f3n por la guerra en Ir\u00e1n.\" \/>\n<meta property=\"og:url\" content=\"https:\/\/www.asajacyl.com\/palencia\/asaja-palencia-informa\/asaja-pide-en-bruselas-medidas-urgentes-ante-la-tension-en-el-mercado-de-fertilizantes\" \/>\n<meta property=\"og:site_name\" content=\"ASAJA Palencia\" \/>\n<meta property=\"article:published_time\" content=\"2026-03-04T11:30:40+00:00\" \/>\n<meta property=\"article:modified_time\" content=\"2026-03-09T09:05:09+00:00\" \/>\n<meta property=\"og:image\" content=\"https:\/\/www.asajacyl.com\/palencia\/wp-content\/uploads\/sites\/3\/2026\/03\/Tractor-echando-abono-1.jpeg\" \/>\n\t<meta property=\"og:image:width\" content=\"2000\" \/>\n\t<meta property=\"og:image:height\" content=\"1500\" \/>\n\t<meta property=\"og:image:type\" content=\"image\/jpeg\" \/>\n<meta name=\"author\" content=\"Administrador\" \/>\n<meta name=\"twitter:card\" content=\"summary_large_image\" \/>\n<meta name=\"twitter:label1\" content=\"Escrito por\" \/>\n\t<meta name=\"twitter:data1\" content=\"Administrador\" \/>\n\t<meta name=\"twitter:label2\" content=\"Tiempo de lectura\" \/>\n\t<meta name=\"twitter:data2\" content=\"2 minutos\" \/>\n<script type=\"application\/ld+json\" class=\"yoast-schema-graph\">{\"@context\":\"https:\/\/schema.org\",\"@graph\":[{\"@type\":\"WebPage\",\"@id\":\"https:\/\/www.asajacyl.com\/palencia\/asaja-palencia-informa\/asaja-pide-en-bruselas-medidas-urgentes-ante-la-tension-en-el-mercado-de-fertilizantes\",\"url\":\"https:\/\/www.asajacyl.com\/palencia\/asaja-palencia-informa\/asaja-pide-en-bruselas-medidas-urgentes-ante-la-tension-en-el-mercado-de-fertilizantes\",\"name\":\"ASAJA pide en Bruselas medidas urgentes ante la tensi\u00f3n en el mercado de fertilizantes - ASAJA Palencia\",\"isPartOf\":{\"@id\":\"https:\/\/www.asajacyl.com\/palencia\/#website\"},\"primaryImageOfPage\":{\"@id\":\"https:\/\/www.asajacyl.com\/palencia\/asaja-palencia-informa\/asaja-pide-en-bruselas-medidas-urgentes-ante-la-tension-en-el-mercado-de-fertilizantes#primaryimage\"},\"image\":{\"@id\":\"https:\/\/www.asajacyl.com\/palencia\/asaja-palencia-informa\/asaja-pide-en-bruselas-medidas-urgentes-ante-la-tension-en-el-mercado-de-fertilizantes#primaryimage\"},\"thumbnailUrl\":\"https:\/\/www.asajacyl.com\/palencia\/wp-content\/uploads\/sites\/3\/2026\/03\/Tractor-echando-abono-1.jpeg\",\"datePublished\":\"2026-03-04T11:30:40+00:00\",\"dateModified\":\"2026-03-09T09:05:09+00:00\",\"author\":{\"@id\":\"https:\/\/www.asajacyl.com\/palencia\/#\/schema\/person\/3ab17aeb03527485c317557fae64aab1\"},\"description\":\"El presidente de ASAJA, Pedro Barato, ha participado en el foro organizado por Farm Europe en Bruselas, donde ha trasladado al Comisario de Agricultura ASAJA pide en Bruselas medidas urgentes ante la tensi\u00f3n en el mercado de fertilizantes. Adem\u00e1s, advierte de la especulaci\u00f3n por la guerra en Ir\u00e1n.\",\"breadcrumb\":{\"@id\":\"https:\/\/www.asajacyl.com\/palencia\/asaja-palencia-informa\/asaja-pide-en-bruselas-medidas-urgentes-ante-la-tension-en-el-mercado-de-fertilizantes#breadcrumb\"},\"inLanguage\":\"es\",\"potentialAction\":[{\"@type\":\"ReadAction\",\"target\":[\"https:\/\/www.asajacyl.com\/palencia\/asaja-palencia-informa\/asaja-pide-en-bruselas-medidas-urgentes-ante-la-tension-en-el-mercado-de-fertilizantes\"]}]},{\"@type\":\"ImageObject\",\"inLanguage\":\"es\",\"@id\":\"https:\/\/www.asajacyl.com\/palencia\/asaja-palencia-informa\/asaja-pide-en-bruselas-medidas-urgentes-ante-la-tension-en-el-mercado-de-fertilizantes#primaryimage\",\"url\":\"https:\/\/www.asajacyl.com\/palencia\/wp-content\/uploads\/sites\/3\/2026\/03\/Tractor-echando-abono-1.jpeg\",\"contentUrl\":\"https:\/\/www.asajacyl.com\/palencia\/wp-content\/uploads\/sites\/3\/2026\/03\/Tractor-echando-abono-1.jpeg\",\"width\":2000,\"height\":1500},{\"@type\":\"BreadcrumbList\",\"@id\":\"https:\/\/www.asajacyl.com\/palencia\/asaja-palencia-informa\/asaja-pide-en-bruselas-medidas-urgentes-ante-la-tension-en-el-mercado-de-fertilizantes#breadcrumb\",\"itemListElement\":[{\"@type\":\"ListItem\",\"position\":1,\"name\":\"Portada\",\"item\":\"https:\/\/www.asajacyl.com\/palencia\/\"},{\"@type\":\"ListItem\",\"position\":2,\"name\":\"ASAJA pide en Bruselas medidas urgentes ante la tensi\u00f3n en el mercado de fertilizantes\"}]},{\"@type\":\"WebSite\",\"@id\":\"https:\/\/www.asajacyl.com\/palencia\/#website\",\"url\":\"https:\/\/www.asajacyl.com\/palencia\/\",\"name\":\"ASAJA Palencia\",\"description\":\"Otro sitio m\u00e1s de Provincias ASAJA Castilla y Le\u00f3n\",\"potentialAction\":[{\"@type\":\"SearchAction\",\"target\":{\"@type\":\"EntryPoint\",\"urlTemplate\":\"https:\/\/www.asajacyl.com\/palencia\/?s={search_term_string}\"},\"query-input\":{\"@type\":\"PropertyValueSpecification\",\"valueRequired\":true,\"valueName\":\"search_term_string\"}}],\"inLanguage\":\"es\"},{\"@type\":\"Person\",\"@id\":\"https:\/\/www.asajacyl.com\/palencia\/#\/schema\/person\/3ab17aeb03527485c317557fae64aab1\",\"name\":\"Administrador\",\"image\":{\"@type\":\"ImageObject\",\"inLanguage\":\"es\",\"@id\":\"https:\/\/www.asajacyl.com\/palencia\/#\/schema\/person\/image\/\",\"url\":\"https:\/\/secure.gravatar.com\/avatar\/517384810d242ca9e38c180f3c9fb973?s=96&d=mm&r=g\",\"contentUrl\":\"https:\/\/secure.gravatar.com\/avatar\/517384810d242ca9e38c180f3c9fb973?s=96&d=mm&r=g\",\"caption\":\"Administrador\"},\"url\":\"https:\/\/www.asajacyl.com\/palencia\/author\/carlosrm\"}]}<\/script>\n<!-- \/ Yoast SEO plugin. -->","yoast_head_json":{"title":"ASAJA pide en Bruselas medidas urgentes ante la tensi\u00f3n en el mercado de fertilizantes - ASAJA Palencia","description":"El presidente de ASAJA, Pedro Barato, ha participado en el foro organizado por Farm Europe en Bruselas, donde ha trasladado al Comisario de Agricultura ASAJA pide en Bruselas medidas urgentes ante la tensi\u00f3n en el mercado de fertilizantes. Adem\u00e1s, advierte de la especulaci\u00f3n por la guerra en Ir\u00e1n.","robots":{"index":"index","follow":"follow","max-snippet":"max-snippet:-1","max-image-preview":"max-image-preview:large","max-video-preview":"max-video-preview:-1"},"canonical":"https:\/\/www.asajacyl.com\/palencia\/asaja-palencia-informa\/asaja-pide-en-bruselas-medidas-urgentes-ante-la-tension-en-el-mercado-de-fertilizantes","og_locale":"es_ES","og_type":"article","og_title":"ASAJA pide en Bruselas medidas urgentes ante la tensi\u00f3n en el mercado de fertilizantes - ASAJA Palencia","og_description":"El presidente de ASAJA, Pedro Barato, ha participado en el foro organizado por Farm Europe en Bruselas, donde ha trasladado al Comisario de Agricultura ASAJA pide en Bruselas medidas urgentes ante la tensi\u00f3n en el mercado de fertilizantes. Adem\u00e1s, advierte de la especulaci\u00f3n por la guerra en Ir\u00e1n.","og_url":"https:\/\/www.asajacyl.com\/palencia\/asaja-palencia-informa\/asaja-pide-en-bruselas-medidas-urgentes-ante-la-tension-en-el-mercado-de-fertilizantes","og_site_name":"ASAJA Palencia","article_published_time":"2026-03-04T11:30:40+00:00","article_modified_time":"2026-03-09T09:05:09+00:00","og_image":[{"width":2000,"height":1500,"url":"https:\/\/www.asajacyl.com\/palencia\/wp-content\/uploads\/sites\/3\/2026\/03\/Tractor-echando-abono-1.jpeg","type":"image\/jpeg"}],"author":"Administrador","twitter_card":"summary_large_image","twitter_misc":{"Escrito por":"Administrador","Tiempo de lectura":"2 minutos"},"schema":{"@context":"https:\/\/schema.org","@graph":[{"@type":"WebPage","@id":"https:\/\/www.asajacyl.com\/palencia\/asaja-palencia-informa\/asaja-pide-en-bruselas-medidas-urgentes-ante-la-tension-en-el-mercado-de-fertilizantes","url":"https:\/\/www.asajacyl.com\/palencia\/asaja-palencia-informa\/asaja-pide-en-bruselas-medidas-urgentes-ante-la-tension-en-el-mercado-de-fertilizantes","name":"ASAJA pide en Bruselas medidas urgentes ante la tensi\u00f3n en el mercado de fertilizantes - ASAJA Palencia","isPartOf":{"@id":"https:\/\/www.asajacyl.com\/palencia\/#website"},"primaryImageOfPage":{"@id":"https:\/\/www.asajacyl.com\/palencia\/asaja-palencia-informa\/asaja-pide-en-bruselas-medidas-urgentes-ante-la-tension-en-el-mercado-de-fertilizantes#primaryimage"},"image":{"@id":"https:\/\/www.asajacyl.com\/palencia\/asaja-palencia-informa\/asaja-pide-en-bruselas-medidas-urgentes-ante-la-tension-en-el-mercado-de-fertilizantes#primaryimage"},"thumbnailUrl":"https:\/\/www.asajacyl.com\/palencia\/wp-content\/uploads\/sites\/3\/2026\/03\/Tractor-echando-abono-1.jpeg","datePublished":"2026-03-04T11:30:40+00:00","dateModified":"2026-03-09T09:05:09+00:00","author":{"@id":"https:\/\/www.asajacyl.com\/palencia\/#\/schema\/person\/3ab17aeb03527485c317557fae64aab1"},"description":"El presidente de ASAJA, Pedro Barato, ha participado en el foro organizado por Farm Europe en Bruselas, donde ha trasladado al Comisario de Agricultura ASAJA pide en Bruselas medidas urgentes ante la tensi\u00f3n en el mercado de fertilizantes. Adem\u00e1s, advierte de la especulaci\u00f3n por la guerra en Ir\u00e1n.","breadcrumb":{"@id":"https:\/\/www.asajacyl.com\/palencia\/asaja-palencia-informa\/asaja-pide-en-bruselas-medidas-urgentes-ante-la-tension-en-el-mercado-de-fertilizantes#breadcrumb"},"inLanguage":"es","potentialAction":[{"@type":"ReadAction","target":["https:\/\/www.asajacyl.com\/palencia\/asaja-palencia-informa\/asaja-pide-en-bruselas-medidas-urgentes-ante-la-tension-en-el-mercado-de-fertilizantes"]}]},{"@type":"ImageObject","inLanguage":"es","@id":"https:\/\/www.asajacyl.com\/palencia\/asaja-palencia-informa\/asaja-pide-en-bruselas-medidas-urgentes-ante-la-tension-en-el-mercado-de-fertilizantes#primaryimage","url":"https:\/\/www.asajacyl.com\/palencia\/wp-content\/uploads\/sites\/3\/2026\/03\/Tractor-echando-abono-1.jpeg","contentUrl":"https:\/\/www.asajacyl.com\/palencia\/wp-content\/uploads\/sites\/3\/2026\/03\/Tractor-echando-abono-1.jpeg","width":2000,"height":1500},{"@type":"BreadcrumbList","@id":"https:\/\/www.asajacyl.com\/palencia\/asaja-palencia-informa\/asaja-pide-en-bruselas-medidas-urgentes-ante-la-tension-en-el-mercado-de-fertilizantes#breadcrumb","itemListElement":[{"@type":"ListItem","position":1,"name":"Portada","item":"https:\/\/www.asajacyl.com\/palencia\/"},{"@type":"ListItem","position":2,"name":"ASAJA pide en Bruselas medidas urgentes ante la tensi\u00f3n en el mercado de fertilizantes"}]},{"@type":"WebSite","@id":"https:\/\/www.asajacyl.com\/palencia\/#website","url":"https:\/\/www.asajacyl.com\/palencia\/","name":"ASAJA Palencia","description":"Otro sitio m\u00e1s de Provincias ASAJA Castilla y Le\u00f3n","potentialAction":[{"@type":"SearchAction","target":{"@type":"EntryPoint","urlTemplate":"https:\/\/www.asajacyl.com\/palencia\/?s={search_term_string}"},"query-input":{"@type":"PropertyValueSpecification","valueRequired":true,"valueName":"search_term_string"}}],"inLanguage":"es"},{"@type":"Person","@id":"https:\/\/www.asajacyl.com\/palencia\/#\/schema\/person\/3ab17aeb03527485c317557fae64aab1","name":"Administrador","image":{"@type":"ImageObject","inLanguage":"es","@id":"https:\/\/www.asajacyl.com\/palencia\/#\/schema\/person\/image\/","url":"https:\/\/secure.gravatar.com\/avatar\/517384810d242ca9e38c180f3c9fb973?s=96&d=mm&r=g","contentUrl":"https:\/\/secure.gravatar.com\/avatar\/517384810d242ca9e38c180f3c9fb973?s=96&d=mm&r=g","caption":"Administrador"},"url":"https:\/\/www.asajacyl.com\/palencia\/author\/carlosrm"}]}},"_links":{"self":[{"href":"https:\/\/www.asajacyl.com\/palencia\/wp-json\/wp\/v2\/posts\/22415"}],"collection":[{"href":"https:\/\/www.asajacyl.com\/palencia\/wp-json\/wp\/v2\/posts"}],"about":[{"href":"https:\/\/www.asajacyl.com\/palencia\/wp-json\/wp\/v2\/types\/post"}],"author":[{"embeddable":true,"href":"https:\/\/www.asajacyl.com\/palencia\/wp-json\/wp\/v2\/users\/9"}],"replies":[{"embeddable":true,"href":"https:\/\/www.asajacyl.com\/palencia\/wp-json\/wp\/v2\/comments?post=22415"}],"version-history":[{"count":3,"href":"https:\/\/www.asajacyl.com\/palencia\/wp-json\/wp\/v2\/posts\/22415\/revisions"}],"predecessor-version":[{"id":22482,"href":"https:\/\/www.asajacyl.com\/palencia\/wp-json\/wp\/v2\/posts\/22415\/revisions\/22482"}],"wp:featuredmedia":[{"embeddable":true,"href":"https:\/\/www.asajacyl.com\/palencia\/wp-json\/wp\/v2\/media\/22417"}],"wp:attachment":[{"href":"https:\/\/www.asajacyl.com\/palencia\/wp-json\/wp\/v2\/media?parent=22415"}],"wp:term":[{"taxonomy":"category","embeddable":true,"href":"https:\/\/www.asajacyl.com\/palencia\/wp-json\/wp\/v2\/categories?post=22415"},{"taxonomy":"post_tag","embeddable":true,"href":"https:\/\/www.asajacyl.com\/palencia\/wp-json\/wp\/v2\/tags?post=22415"}],"curies":[{"name":"wp","href":"https:\/\/api.w.org\/{rel}","templated":true}]}}