{"id":22419,"date":"2026-03-05T13:24:00","date_gmt":"2026-03-05T12:24:00","guid":{"rendered":"https:\/\/www.asajacyl.com\/palencia\/?p=22419"},"modified":"2026-03-05T14:02:51","modified_gmt":"2026-03-05T13:02:51","slug":"sube-el-precio-de-trigo-cebada-y-avena-en-leon","status":"publish","type":"post","link":"https:\/\/www.asajacyl.com\/palencia\/asaja-palencia-informa\/sube-el-precio-de-trigo-cebada-y-avena-en-leon","title":{"rendered":"Sube el precio de trigo, cebada y avena en Le\u00f3n"},"content":{"rendered":"\n<h2 class=\"wp-block-heading\">El ma\u00edz no cotiza y repiten el centeno y el resto de referencias en patata y forraje<\/h2>\n\n\n\n<p>Sube el precio de trigo, cebada y avena en Le\u00f3n. En la sesi\u00f3n semanal de la <a href=\"https:\/\/www.lonjadeleon.es\/\">lonja de Le\u00f3n<\/a>, despues de dos semanas de inmobilismo, <strong>han subido<\/strong> los precios del <strong>trigo<\/strong> blando (2 \u20ac) hasta 196 \u20ac\/t, la <strong>avena <\/strong>(2 \u20ac) hasta 142 \u20ac\/t y la <strong>cebada<\/strong> (1 \u20ac) hasta 188 \u20ac\/t, mientras el <strong>centeno<\/strong> repite a 171 \u20ac\/t y el <strong>ma\u00edz<\/strong> se ha quedado sin cotizar&nbsp;a la espera de que la pr\u00f3xima semana se pueda poner ya precio en seco.<\/p>\n\n\n\n<p>Por su parte, tambi\u00e9n repiten la <strong>patata<\/strong> (variedad Agria) a 120 \u20ac\/t y todas las referencias de los<strong> forrajes<\/strong>, en este caso, la alfalfa en rama a 195 \u20ac\/t, la alfalfa deshidratada a 230 \u20ac\/t, la veza 1\u00aa a 150 \u20ac\/t, el forraje a 110 \u20ac\/t y la paja 1\u00aa a 37 \u20ac\/t.<\/p>\n\n\n\n<figure class=\"wp-block-image size-full is-resized\"><img loading=\"lazy\" decoding=\"async\" width=\"1024\" height=\"768\" src=\"https:\/\/www.asajacyl.com\/palencia\/wp-content\/uploads\/sites\/3\/2026\/03\/Tabla-precios-agricultura-4-3-26.jpg\" alt=\"\" class=\"wp-image-22420\" style=\"width:985px;height:auto\" srcset=\"https:\/\/www.asajacyl.com\/palencia\/wp-content\/uploads\/sites\/3\/2026\/03\/Tabla-precios-agricultura-4-3-26.jpg 1024w, https:\/\/www.asajacyl.com\/palencia\/wp-content\/uploads\/sites\/3\/2026\/03\/Tabla-precios-agricultura-4-3-26-300x225.jpg 300w, https:\/\/www.asajacyl.com\/palencia\/wp-content\/uploads\/sites\/3\/2026\/03\/Tabla-precios-agricultura-4-3-26-768x576.jpg 768w, https:\/\/www.asajacyl.com\/palencia\/wp-content\/uploads\/sites\/3\/2026\/03\/Tabla-precios-agricultura-4-3-26-560x420.jpg 560w, https:\/\/www.asajacyl.com\/palencia\/wp-content\/uploads\/sites\/3\/2026\/03\/Tabla-precios-agricultura-4-3-26-80x60.jpg 80w, https:\/\/www.asajacyl.com\/palencia\/wp-content\/uploads\/sites\/3\/2026\/03\/Tabla-precios-agricultura-4-3-26-696x522.jpg 696w\" sizes=\"(max-width: 1024px) 100vw, 1024px\" \/><\/figure>\n\n\n\n<p><strong>AN\u00c1LISIS COMPLICADO<\/strong>. Los analistas leoneses han intentado desgranar las claves de la repercusi\u00f3n del conflicto entre Estados Unidos, Israel e Ir\u00e1n en el mercado mundial de cereales.<\/p>\n\n\n\n<p>De momento, la guerra en Oriente Pr\u00f3ximo ha tenido una <strong>repercusi\u00f3n muy limitada en el precio de los cereales<\/strong> en comparaci\u00f3n con los insumos utilizados para su producci\u00f3n. El<strong> incremento<\/strong> puede que se produzca, pero m\u00e1s bien<strong> a medio plazo<\/strong> impulsado por los siguientes<strong> factores<\/strong>:<\/p>\n\n\n\n<ul>\n<li><strong>Encarecimiento del transporte mar\u00edtimo <\/strong>debido al incremento del <strong>petr\u00f3leo<\/strong> y de los<strong> seguros<\/strong> por la prima de riesgo en la navegaci\u00f3n, adem\u00e1s de que un <strong>cambio de ruta<\/strong> de los barcos al no poder navegar por el Mar Rojo y el Canal de Suez, incrementar\u00eda entre 10 y 20 d\u00edas la demora de entregas de mercanc\u00edas de esa zona.<\/li>\n\n\n\n<li>El aumento del precio del petr\u00f3leo incentivar\u00e1 el <strong>uso de bioetanol<\/strong>, lo que <strong>puede beneficiar al ma\u00edz<\/strong>.<\/li>\n\n\n\n<li>El d\u00f3lar como moneda refugio har\u00e1 un <strong>euro m\u00e1s competitivo<\/strong>.<\/li>\n\n\n\n<li>El <strong>incremento de los fertilizantes<\/strong> puede originar un <strong>desv\u00edo<\/strong> de siembras de primavera, sobre todo en Estados Unidos <strong>de ma\u00edz hacia soja<\/strong>, que dependen menos del abono nitrogenado.<\/li>\n<\/ul>\n\n\n\n<p><strong>GASOIL SUBIDA INSTANT\u00c1NEA<\/strong>. Sin embargo, los costes de producci\u00f3n relacionados con el <strong>gas\u00f3leo y los fertilizantes han subido autom\u00e1ticamente<\/strong>, lo que provocar\u00e1 una situaci\u00f3n cr\u00edtica para los agricultores en una \u00e9poca de m\u00e1ximo consumo:<\/p>\n\n\n\n<ul>\n<li>Fertilizantes, los abonos <strong>nitrogenados han disparado su precio a las puertas de las siembras de primavera<\/strong>. Por el Estrecho de Ormuz pasa el 25% del total mundial de urea y fosfato y el 20% del petr\u00f3leo y del gas natural.<\/li>\n\n\n\n<li>La situaci\u00f3n de los fertilizantes se agrava puesto que <strong>los pa\u00edses importadores no tienen reservas<\/strong> estrat\u00e9gicas como en el caso del petr\u00f3leo.<\/li>\n\n\n\n<li>En el caso del <strong>ma\u00edz habr\u00e1 que recolocar el comercio mundial<\/strong> puesto que grandes productores como Brasil ten\u00edan como primer destino de sus exportaciones a Ir\u00e1n y en el caso de Ucrania, aunque no le vend\u00eda directamente, gran parte del que destinaba a Turqu\u00eda acababa en el pa\u00eds persa.<\/li>\n<\/ul>\n\n\n\n<p>Con todo esto, los analistas leoneses ven un \u00abpanorama muy negro\u00bb, en el que las consecuencias de la guerra ya tienen una importante repercusi\u00f3n en lo que el agricultor compra y provoca una <strong>incertidumbre que, de momento, no ha tenido repercusi\u00f3n en lo que vende<\/strong>.<\/p>\n","protected":false},"excerpt":{"rendered":"<p>El ma\u00edz no cotiza y repiten el centeno y el resto de referencias en patata y forraje Sube el precio de trigo, cebada y avena en Le\u00f3n. En la sesi\u00f3n semanal de la lonja de Le\u00f3n, despues de dos semanas de inmobilismo, han subido los precios del trigo blando (2 \u20ac) hasta 196 \u20ac\/t, la [&hellip;]<\/p>\n","protected":false},"author":9,"featured_media":22421,"comment_status":"open","ping_status":"open","sticky":false,"template":"","format":"standard","meta":{"footnotes":""},"categories":[9,29,28],"tags":[1698,1368,1370,1371,1769,1768],"yoast_head":"<!-- This site is optimized with the Yoast SEO plugin v24.5 - https:\/\/yoast.com\/wordpress\/plugins\/seo\/ -->\n<title>Sube el precio de trigo, cebada y avena en Le\u00f3n - ASAJA Palencia<\/title>\n<meta name=\"description\" content=\"El ma\u00edz no cotiza y repiten el centeno y el resto de referencias en patata y forraje Sube el precio de trigo, cebada y avena en Le\u00f3n. En la sesi\u00f3n semanal Sube el precio de trigo, cebada y avena en Le\u00f3n. El ma\u00edz no cotiza y repiten el centeno y el resto de referencias en patata y forraje\" \/>\n<meta name=\"robots\" content=\"index, follow, max-snippet:-1, max-image-preview:large, max-video-preview:-1\" \/>\n<link rel=\"canonical\" href=\"https:\/\/www.asajacyl.com\/palencia\/asaja-palencia-informa\/sube-el-precio-de-trigo-cebada-y-avena-en-leon\" \/>\n<meta property=\"og:locale\" content=\"es_ES\" \/>\n<meta property=\"og:type\" content=\"article\" \/>\n<meta property=\"og:title\" content=\"Sube el precio de trigo, cebada y avena en Le\u00f3n - ASAJA Palencia\" \/>\n<meta property=\"og:description\" content=\"El ma\u00edz no cotiza y repiten el centeno y el resto de referencias en patata y forraje Sube el precio de trigo, cebada y avena en Le\u00f3n. En la sesi\u00f3n semanal Sube el precio de trigo, cebada y avena en Le\u00f3n. El ma\u00edz no cotiza y repiten el centeno y el resto de referencias en patata y forraje\" \/>\n<meta property=\"og:url\" content=\"https:\/\/www.asajacyl.com\/palencia\/asaja-palencia-informa\/sube-el-precio-de-trigo-cebada-y-avena-en-leon\" \/>\n<meta property=\"og:site_name\" content=\"ASAJA Palencia\" \/>\n<meta property=\"article:published_time\" content=\"2026-03-05T12:24:00+00:00\" \/>\n<meta property=\"article:modified_time\" content=\"2026-03-05T13:02:51+00:00\" \/>\n<meta property=\"og:image\" content=\"https:\/\/www.asajacyl.com\/palencia\/wp-content\/uploads\/sites\/3\/2026\/03\/Campo-de-Pedraza-con-cereal-nacido-1.jpeg\" \/>\n\t<meta property=\"og:image:width\" content=\"808\" \/>\n\t<meta property=\"og:image:height\" content=\"545\" \/>\n\t<meta property=\"og:image:type\" content=\"image\/jpeg\" \/>\n<meta name=\"author\" content=\"Administrador\" \/>\n<meta name=\"twitter:card\" content=\"summary_large_image\" \/>\n<meta name=\"twitter:label1\" content=\"Escrito por\" \/>\n\t<meta name=\"twitter:data1\" content=\"Administrador\" \/>\n\t<meta name=\"twitter:label2\" content=\"Tiempo de lectura\" \/>\n\t<meta name=\"twitter:data2\" content=\"3 minutos\" \/>\n<script type=\"application\/ld+json\" class=\"yoast-schema-graph\">{\"@context\":\"https:\/\/schema.org\",\"@graph\":[{\"@type\":\"WebPage\",\"@id\":\"https:\/\/www.asajacyl.com\/palencia\/asaja-palencia-informa\/sube-el-precio-de-trigo-cebada-y-avena-en-leon\",\"url\":\"https:\/\/www.asajacyl.com\/palencia\/asaja-palencia-informa\/sube-el-precio-de-trigo-cebada-y-avena-en-leon\",\"name\":\"Sube el precio de trigo, cebada y avena en Le\u00f3n - ASAJA Palencia\",\"isPartOf\":{\"@id\":\"https:\/\/www.asajacyl.com\/palencia\/#website\"},\"primaryImageOfPage\":{\"@id\":\"https:\/\/www.asajacyl.com\/palencia\/asaja-palencia-informa\/sube-el-precio-de-trigo-cebada-y-avena-en-leon#primaryimage\"},\"image\":{\"@id\":\"https:\/\/www.asajacyl.com\/palencia\/asaja-palencia-informa\/sube-el-precio-de-trigo-cebada-y-avena-en-leon#primaryimage\"},\"thumbnailUrl\":\"https:\/\/www.asajacyl.com\/palencia\/wp-content\/uploads\/sites\/3\/2026\/03\/Campo-de-Pedraza-con-cereal-nacido-1.jpeg\",\"datePublished\":\"2026-03-05T12:24:00+00:00\",\"dateModified\":\"2026-03-05T13:02:51+00:00\",\"author\":{\"@id\":\"https:\/\/www.asajacyl.com\/palencia\/#\/schema\/person\/3ab17aeb03527485c317557fae64aab1\"},\"description\":\"El ma\u00edz no cotiza y repiten el centeno y el resto de referencias en patata y forraje Sube el precio de trigo, cebada y avena en Le\u00f3n. En la sesi\u00f3n semanal Sube el precio de trigo, cebada y avena en Le\u00f3n. El ma\u00edz no cotiza y repiten el centeno y el resto de referencias en patata y forraje\",\"breadcrumb\":{\"@id\":\"https:\/\/www.asajacyl.com\/palencia\/asaja-palencia-informa\/sube-el-precio-de-trigo-cebada-y-avena-en-leon#breadcrumb\"},\"inLanguage\":\"es\",\"potentialAction\":[{\"@type\":\"ReadAction\",\"target\":[\"https:\/\/www.asajacyl.com\/palencia\/asaja-palencia-informa\/sube-el-precio-de-trigo-cebada-y-avena-en-leon\"]}]},{\"@type\":\"ImageObject\",\"inLanguage\":\"es\",\"@id\":\"https:\/\/www.asajacyl.com\/palencia\/asaja-palencia-informa\/sube-el-precio-de-trigo-cebada-y-avena-en-leon#primaryimage\",\"url\":\"https:\/\/www.asajacyl.com\/palencia\/wp-content\/uploads\/sites\/3\/2026\/03\/Campo-de-Pedraza-con-cereal-nacido-1.jpeg\",\"contentUrl\":\"https:\/\/www.asajacyl.com\/palencia\/wp-content\/uploads\/sites\/3\/2026\/03\/Campo-de-Pedraza-con-cereal-nacido-1.jpeg\",\"width\":808,\"height\":545},{\"@type\":\"BreadcrumbList\",\"@id\":\"https:\/\/www.asajacyl.com\/palencia\/asaja-palencia-informa\/sube-el-precio-de-trigo-cebada-y-avena-en-leon#breadcrumb\",\"itemListElement\":[{\"@type\":\"ListItem\",\"position\":1,\"name\":\"Portada\",\"item\":\"https:\/\/www.asajacyl.com\/palencia\/\"},{\"@type\":\"ListItem\",\"position\":2,\"name\":\"Sube el precio de trigo, cebada y avena en Le\u00f3n\"}]},{\"@type\":\"WebSite\",\"@id\":\"https:\/\/www.asajacyl.com\/palencia\/#website\",\"url\":\"https:\/\/www.asajacyl.com\/palencia\/\",\"name\":\"ASAJA Palencia\",\"description\":\"Otro sitio m\u00e1s de Provincias ASAJA Castilla y Le\u00f3n\",\"potentialAction\":[{\"@type\":\"SearchAction\",\"target\":{\"@type\":\"EntryPoint\",\"urlTemplate\":\"https:\/\/www.asajacyl.com\/palencia\/?s={search_term_string}\"},\"query-input\":{\"@type\":\"PropertyValueSpecification\",\"valueRequired\":true,\"valueName\":\"search_term_string\"}}],\"inLanguage\":\"es\"},{\"@type\":\"Person\",\"@id\":\"https:\/\/www.asajacyl.com\/palencia\/#\/schema\/person\/3ab17aeb03527485c317557fae64aab1\",\"name\":\"Administrador\",\"image\":{\"@type\":\"ImageObject\",\"inLanguage\":\"es\",\"@id\":\"https:\/\/www.asajacyl.com\/palencia\/#\/schema\/person\/image\/\",\"url\":\"https:\/\/secure.gravatar.com\/avatar\/517384810d242ca9e38c180f3c9fb973?s=96&d=mm&r=g\",\"contentUrl\":\"https:\/\/secure.gravatar.com\/avatar\/517384810d242ca9e38c180f3c9fb973?s=96&d=mm&r=g\",\"caption\":\"Administrador\"},\"url\":\"https:\/\/www.asajacyl.com\/palencia\/author\/carlosrm\"}]}<\/script>\n<!-- \/ Yoast SEO plugin. -->","yoast_head_json":{"title":"Sube el precio de trigo, cebada y avena en Le\u00f3n - ASAJA Palencia","description":"El ma\u00edz no cotiza y repiten el centeno y el resto de referencias en patata y forraje Sube el precio de trigo, cebada y avena en Le\u00f3n. En la sesi\u00f3n semanal Sube el precio de trigo, cebada y avena en Le\u00f3n. El ma\u00edz no cotiza y repiten el centeno y el resto de referencias en patata y forraje","robots":{"index":"index","follow":"follow","max-snippet":"max-snippet:-1","max-image-preview":"max-image-preview:large","max-video-preview":"max-video-preview:-1"},"canonical":"https:\/\/www.asajacyl.com\/palencia\/asaja-palencia-informa\/sube-el-precio-de-trigo-cebada-y-avena-en-leon","og_locale":"es_ES","og_type":"article","og_title":"Sube el precio de trigo, cebada y avena en Le\u00f3n - ASAJA Palencia","og_description":"El ma\u00edz no cotiza y repiten el centeno y el resto de referencias en patata y forraje Sube el precio de trigo, cebada y avena en Le\u00f3n. En la sesi\u00f3n semanal Sube el precio de trigo, cebada y avena en Le\u00f3n. El ma\u00edz no cotiza y repiten el centeno y el resto de referencias en patata y forraje","og_url":"https:\/\/www.asajacyl.com\/palencia\/asaja-palencia-informa\/sube-el-precio-de-trigo-cebada-y-avena-en-leon","og_site_name":"ASAJA Palencia","article_published_time":"2026-03-05T12:24:00+00:00","article_modified_time":"2026-03-05T13:02:51+00:00","og_image":[{"width":808,"height":545,"url":"https:\/\/www.asajacyl.com\/palencia\/wp-content\/uploads\/sites\/3\/2026\/03\/Campo-de-Pedraza-con-cereal-nacido-1.jpeg","type":"image\/jpeg"}],"author":"Administrador","twitter_card":"summary_large_image","twitter_misc":{"Escrito por":"Administrador","Tiempo de lectura":"3 minutos"},"schema":{"@context":"https:\/\/schema.org","@graph":[{"@type":"WebPage","@id":"https:\/\/www.asajacyl.com\/palencia\/asaja-palencia-informa\/sube-el-precio-de-trigo-cebada-y-avena-en-leon","url":"https:\/\/www.asajacyl.com\/palencia\/asaja-palencia-informa\/sube-el-precio-de-trigo-cebada-y-avena-en-leon","name":"Sube el precio de trigo, cebada y avena en Le\u00f3n - ASAJA Palencia","isPartOf":{"@id":"https:\/\/www.asajacyl.com\/palencia\/#website"},"primaryImageOfPage":{"@id":"https:\/\/www.asajacyl.com\/palencia\/asaja-palencia-informa\/sube-el-precio-de-trigo-cebada-y-avena-en-leon#primaryimage"},"image":{"@id":"https:\/\/www.asajacyl.com\/palencia\/asaja-palencia-informa\/sube-el-precio-de-trigo-cebada-y-avena-en-leon#primaryimage"},"thumbnailUrl":"https:\/\/www.asajacyl.com\/palencia\/wp-content\/uploads\/sites\/3\/2026\/03\/Campo-de-Pedraza-con-cereal-nacido-1.jpeg","datePublished":"2026-03-05T12:24:00+00:00","dateModified":"2026-03-05T13:02:51+00:00","author":{"@id":"https:\/\/www.asajacyl.com\/palencia\/#\/schema\/person\/3ab17aeb03527485c317557fae64aab1"},"description":"El ma\u00edz no cotiza y repiten el centeno y el resto de referencias en patata y forraje Sube el precio de trigo, cebada y avena en Le\u00f3n. En la sesi\u00f3n semanal Sube el precio de trigo, cebada y avena en Le\u00f3n. El ma\u00edz no cotiza y repiten el centeno y el resto de referencias en patata y forraje","breadcrumb":{"@id":"https:\/\/www.asajacyl.com\/palencia\/asaja-palencia-informa\/sube-el-precio-de-trigo-cebada-y-avena-en-leon#breadcrumb"},"inLanguage":"es","potentialAction":[{"@type":"ReadAction","target":["https:\/\/www.asajacyl.com\/palencia\/asaja-palencia-informa\/sube-el-precio-de-trigo-cebada-y-avena-en-leon"]}]},{"@type":"ImageObject","inLanguage":"es","@id":"https:\/\/www.asajacyl.com\/palencia\/asaja-palencia-informa\/sube-el-precio-de-trigo-cebada-y-avena-en-leon#primaryimage","url":"https:\/\/www.asajacyl.com\/palencia\/wp-content\/uploads\/sites\/3\/2026\/03\/Campo-de-Pedraza-con-cereal-nacido-1.jpeg","contentUrl":"https:\/\/www.asajacyl.com\/palencia\/wp-content\/uploads\/sites\/3\/2026\/03\/Campo-de-Pedraza-con-cereal-nacido-1.jpeg","width":808,"height":545},{"@type":"BreadcrumbList","@id":"https:\/\/www.asajacyl.com\/palencia\/asaja-palencia-informa\/sube-el-precio-de-trigo-cebada-y-avena-en-leon#breadcrumb","itemListElement":[{"@type":"ListItem","position":1,"name":"Portada","item":"https:\/\/www.asajacyl.com\/palencia\/"},{"@type":"ListItem","position":2,"name":"Sube el precio de trigo, cebada y avena en Le\u00f3n"}]},{"@type":"WebSite","@id":"https:\/\/www.asajacyl.com\/palencia\/#website","url":"https:\/\/www.asajacyl.com\/palencia\/","name":"ASAJA Palencia","description":"Otro sitio m\u00e1s de Provincias ASAJA Castilla y Le\u00f3n","potentialAction":[{"@type":"SearchAction","target":{"@type":"EntryPoint","urlTemplate":"https:\/\/www.asajacyl.com\/palencia\/?s={search_term_string}"},"query-input":{"@type":"PropertyValueSpecification","valueRequired":true,"valueName":"search_term_string"}}],"inLanguage":"es"},{"@type":"Person","@id":"https:\/\/www.asajacyl.com\/palencia\/#\/schema\/person\/3ab17aeb03527485c317557fae64aab1","name":"Administrador","image":{"@type":"ImageObject","inLanguage":"es","@id":"https:\/\/www.asajacyl.com\/palencia\/#\/schema\/person\/image\/","url":"https:\/\/secure.gravatar.com\/avatar\/517384810d242ca9e38c180f3c9fb973?s=96&d=mm&r=g","contentUrl":"https:\/\/secure.gravatar.com\/avatar\/517384810d242ca9e38c180f3c9fb973?s=96&d=mm&r=g","caption":"Administrador"},"url":"https:\/\/www.asajacyl.com\/palencia\/author\/carlosrm"}]}},"_links":{"self":[{"href":"https:\/\/www.asajacyl.com\/palencia\/wp-json\/wp\/v2\/posts\/22419"}],"collection":[{"href":"https:\/\/www.asajacyl.com\/palencia\/wp-json\/wp\/v2\/posts"}],"about":[{"href":"https:\/\/www.asajacyl.com\/palencia\/wp-json\/wp\/v2\/types\/post"}],"author":[{"embeddable":true,"href":"https:\/\/www.asajacyl.com\/palencia\/wp-json\/wp\/v2\/users\/9"}],"replies":[{"embeddable":true,"href":"https:\/\/www.asajacyl.com\/palencia\/wp-json\/wp\/v2\/comments?post=22419"}],"version-history":[{"count":5,"href":"https:\/\/www.asajacyl.com\/palencia\/wp-json\/wp\/v2\/posts\/22419\/revisions"}],"predecessor-version":[{"id":22434,"href":"https:\/\/www.asajacyl.com\/palencia\/wp-json\/wp\/v2\/posts\/22419\/revisions\/22434"}],"wp:featuredmedia":[{"embeddable":true,"href":"https:\/\/www.asajacyl.com\/palencia\/wp-json\/wp\/v2\/media\/22421"}],"wp:attachment":[{"href":"https:\/\/www.asajacyl.com\/palencia\/wp-json\/wp\/v2\/media?parent=22419"}],"wp:term":[{"taxonomy":"category","embeddable":true,"href":"https:\/\/www.asajacyl.com\/palencia\/wp-json\/wp\/v2\/categories?post=22419"},{"taxonomy":"post_tag","embeddable":true,"href":"https:\/\/www.asajacyl.com\/palencia\/wp-json\/wp\/v2\/tags?post=22419"}],"curies":[{"name":"wp","href":"https:\/\/api.w.org\/{rel}","templated":true}]}}