{"id":22435,"date":"2026-03-05T12:45:08","date_gmt":"2026-03-05T11:45:08","guid":{"rendered":"https:\/\/www.asajacyl.com\/palencia\/?p=22435"},"modified":"2026-03-05T14:04:36","modified_gmt":"2026-03-05T13:04:36","slug":"quien-hace-negocio-con-la-crisis","status":"publish","type":"post","link":"https:\/\/www.asajacyl.com\/palencia\/asaja-palencia-informa\/quien-hace-negocio-con-la-crisis","title":{"rendered":"Si el agricultor no cobra m\u00e1s y el consumidor paga m\u00e1s, \u00bfqui\u00e9n hace negocio con la crisis?"},"content":{"rendered":"\n<h2 class=\"wp-block-heading\">Pregunta Jos\u00e9 Mar\u00eda Castilla, director de la oficina de ASAJA ante la UE.<\/h2>\n\n\n\n<p>Si el agricultor no cobra m\u00e1s y el consumidor paga m\u00e1s, \u00bfqui\u00e9n hace negocio con la crisis?, se pregunta en este art\u00edculo Jos\u00e9 Mar\u00eda Castilla, director de la oficina de ASAJA ante la UE.<\/p>\n\n\n\n<p>Cada vez que el mundo entra en tensi\u00f3n, el campo vuelve a mirar con preocupaci\u00f3n sus cuentas. Ocurri\u00f3 con la pandemia, volvi\u00f3 a suceder con la&nbsp;<strong>guerra de Ucrania<\/strong>&nbsp;y ahora se repite con la escalada del conflicto en&nbsp;<strong>Oriente Medio<\/strong>&nbsp;y las nuevas&nbsp;<strong>tensiones comerciales internacionales<\/strong>.<\/p>\n\n\n\n<p>En estos primeros d\u00edas de tensi\u00f3n internacional ya se empieza a notar. Los agricultores advierten de&nbsp;<strong>subidas en los combustibles<\/strong>&nbsp;y de un incremento del precio de los&nbsp;<strong>fertilizantes<\/strong>, especialmente los&nbsp;<strong>nitrogenados<\/strong>. La producci\u00f3n de abonos depende de materias primas como el&nbsp;<strong>gas natural<\/strong>, el&nbsp;<strong>amon\u00edaco<\/strong>&nbsp;o la&nbsp;<strong>urea<\/strong>, cuyo comercio y fabricaci\u00f3n se ven afectados cada vez que se altera el equilibrio energ\u00e9tico mundial.<\/p>\n\n\n\n<p>Conviene recordar un dato que a menudo pasa desapercibido, que los <strong>fertilizantes<\/strong> representan aproximadamente el&nbsp;<strong>15% de los costes de producci\u00f3n<\/strong>&nbsp;en muchas explotaciones. Un incremento sostenido en su precio <strong>puede marcar la diferencia entre mantener la viabilidad de una explotaci\u00f3n<\/strong> o trabajar pr\u00e1cticamente sin margen.<\/p>\n\n\n\n<p>Adem\u00e1s, el problema no llega de cero. El precio de los abonos ya ven\u00eda tension\u00e1ndose en el \u00faltimo a\u00f1o, con&nbsp;<strong>subidas superiores al 12%<\/strong>, influido por decisiones regulatorias como los&nbsp;<strong>aranceles<\/strong>&nbsp;a fertilizantes procedentes de&nbsp;<strong>Rusia y Bielorrusia<\/strong>&nbsp;o por el nuevo&nbsp;<strong>Mecanismo de Ajuste en Frontera por Carbono (CBAM)<\/strong>&nbsp;de la Uni\u00f3n Europea. A ese escenario se suma ahora una nueva incertidumbre energ\u00e9tica que amenaza con encarecer todav\u00eda m\u00e1s los insumos.<\/p>\n\n\n\n<figure class=\"wp-block-image size-full\"><img loading=\"lazy\" decoding=\"async\" width=\"833\" height=\"536\" src=\"https:\/\/www.asajacyl.com\/palencia\/wp-content\/uploads\/sites\/3\/2026\/03\/ingresos-y-precios-marzo-26.jpg\" alt=\"\" class=\"wp-image-22436\" srcset=\"https:\/\/www.asajacyl.com\/palencia\/wp-content\/uploads\/sites\/3\/2026\/03\/ingresos-y-precios-marzo-26.jpg 833w, https:\/\/www.asajacyl.com\/palencia\/wp-content\/uploads\/sites\/3\/2026\/03\/ingresos-y-precios-marzo-26-300x193.jpg 300w, https:\/\/www.asajacyl.com\/palencia\/wp-content\/uploads\/sites\/3\/2026\/03\/ingresos-y-precios-marzo-26-768x494.jpg 768w, https:\/\/www.asajacyl.com\/palencia\/wp-content\/uploads\/sites\/3\/2026\/03\/ingresos-y-precios-marzo-26-653x420.jpg 653w, https:\/\/www.asajacyl.com\/palencia\/wp-content\/uploads\/sites\/3\/2026\/03\/ingresos-y-precios-marzo-26-696x448.jpg 696w\" sizes=\"(max-width: 833px) 100vw, 833px\" \/><\/figure>\n\n\n\n<p><strong>ENERG\u00cdA COMO FACTOR DETERMINANTE<\/strong>. Si el precio del petr\u00f3leo contin\u00faa al alza, el impacto terminar\u00e1 traslad\u00e1ndose a los surtidores. Diversos an\u00e1lisis apuntan a que, si el&nbsp;<strong>barril de Brent<\/strong>&nbsp;se mantiene en niveles cercanos a los actuales, el precio de los carburantes podr\u00eda subir entre&nbsp;<strong>ocho y diez c\u00e9ntimos por litro<\/strong>&nbsp;en las pr\u00f3ximas semanas. Puede parecer poco, pero para una explotaci\u00f3n agr\u00edcola que depende del gas\u00f3leo para trabajar la tierra o transportar la producci\u00f3n, cada c\u00e9ntimo cuenta.<\/p>\n\n\n\n<p>A todo ello se suma un elemento adicional: el&nbsp;<strong>comercio internacional<\/strong>. Las tensiones comerciales pueden terminar afectando a mercados estrat\u00e9gicos para la agroalimentaci\u00f3n espa\u00f1ola, como el&nbsp;<strong>estadounidense<\/strong>, especialmente para productos emblem\u00e1ticos como el&nbsp;<strong>vino<\/strong>&nbsp;o el&nbsp;<strong>aceite de oliva<\/strong>.<\/p>\n\n\n\n<p>En medio de este escenario aparece una paradoja que se repite con demasiada frecuencia. Cuando suben los costes de producci\u00f3n, el agricultor y el ganadero rara vez pueden repercutir ese incremento en el precio que reciben. Sin embargo, el consumidor termina pagando&nbsp;<strong>alimentos m\u00e1s caros<\/strong>.<\/p>\n\n\n\n<p><strong>REFLEXI\u00d3N<\/strong>. Si el productor no cobra m\u00e1s por lo que produce y el consumidor s\u00ed paga m\u00e1s por lo que compra, significa que en alg\u00fan punto de la cadena el&nbsp;<strong>valor a\u00f1adido se est\u00e1 quedando por el camino<\/strong>.<\/p>\n\n\n\n<p>El campo soporta as\u00ed la primera parte del impacto, con&nbsp;<strong>fertilizantes m\u00e1s caros<\/strong>,&nbsp;<strong>gas\u00f3leo m\u00e1s caro<\/strong>,&nbsp;<strong>energ\u00eda m\u00e1s cara<\/strong>. Y cuando el precio final de los alimentos aumenta, el consumidor lo percibe en su cesta de la compra. Entre ambos extremos, la <strong>cadena alimentaria <\/strong>sigue funcionando con eficacia, aunque <strong>no siempre con una&nbsp;distribuci\u00f3n del valor equilibrada<\/strong>. <strong>\u00bfQui\u00e9n hace negocio con la crisis?<\/strong><\/p>\n\n\n\n<p>Por eso el sector agrario insiste en una idea sencilla: cuando se encarece producir alimentos, no solo se pone en riesgo la&nbsp;<strong>viabilidad de las explotaciones<\/strong>. Tambi\u00e9n se tensiona el&nbsp;<strong>precio final<\/strong>&nbsp;que paga la sociedad.<\/p>\n\n\n\n<p>Ante esta situaci\u00f3n, es imprescindible que las instituciones europeas y nacionales act\u00faen con rapidez.&nbsp;<strong>Reducir aranceles<\/strong>, revisar mecanismos regulatorios que encarecen los insumos o activar&nbsp;<strong>ayudas extraordinarias<\/strong>&nbsp;si la situaci\u00f3n se agrava no son privilegios para el sector, sino medidas de sentido com\u00fan para garantizar la&nbsp;<strong>producci\u00f3n de alimentos<\/strong>.<\/p>\n\n\n\n<p>Porque conviene no olvidar algo esencial:&nbsp;<strong>sin agricultores y ganaderos no hay alimentos<\/strong>. Y sin un campo viable, la&nbsp;<strong>seguridad alimentaria<\/strong>&nbsp;deja de ser una certeza para convertirse en una preocupaci\u00f3n.<\/p>\n","protected":false},"excerpt":{"rendered":"<p>Pregunta Jos\u00e9 Mar\u00eda Castilla, director de la oficina de ASAJA ante la UE. Si el agricultor no cobra m\u00e1s y el consumidor paga m\u00e1s, \u00bfqui\u00e9n hace negocio con la crisis?, se pregunta en este art\u00edculo Jos\u00e9 Mar\u00eda Castilla, director de la oficina de ASAJA ante la UE. Cada vez que el mundo entra en tensi\u00f3n, [&hellip;]<\/p>\n","protected":false},"author":9,"featured_media":22436,"comment_status":"open","ping_status":"open","sticky":false,"template":"","format":"standard","meta":{"footnotes":""},"categories":[9,28],"tags":[1764,1374,1698,1793,1796,1795,1794,1768,1707],"yoast_head":"<!-- This site is optimized with the Yoast SEO plugin v24.5 - https:\/\/yoast.com\/wordpress\/plugins\/seo\/ -->\n<title>Si el agricultor no cobra m\u00e1s y el consumidor paga m\u00e1s, \u00bfqui\u00e9n hace negocio con la crisis? - ASAJA Palencia<\/title>\n<meta name=\"description\" content=\"Pregunta Jos\u00e9 Mar\u00eda Castilla, director de la oficina de ASAJA ante la UE. Si el agricultor no cobra m\u00e1s y el consumidor paga m\u00e1s, \u00bfqui\u00e9n hace negocio con \u00bfqui\u00e9n hace negocio con la crisis?\" \/>\n<meta name=\"robots\" content=\"index, follow, max-snippet:-1, max-image-preview:large, max-video-preview:-1\" \/>\n<link rel=\"canonical\" href=\"https:\/\/www.asajacyl.com\/palencia\/asaja-palencia-informa\/quien-hace-negocio-con-la-crisis\" \/>\n<meta property=\"og:locale\" content=\"es_ES\" \/>\n<meta property=\"og:type\" content=\"article\" \/>\n<meta property=\"og:title\" content=\"Si el agricultor no cobra m\u00e1s y el consumidor paga m\u00e1s, \u00bfqui\u00e9n hace negocio con la crisis? - ASAJA Palencia\" \/>\n<meta property=\"og:description\" content=\"Pregunta Jos\u00e9 Mar\u00eda Castilla, director de la oficina de ASAJA ante la UE. Si el agricultor no cobra m\u00e1s y el consumidor paga m\u00e1s, \u00bfqui\u00e9n hace negocio con \u00bfqui\u00e9n hace negocio con la crisis?\" \/>\n<meta property=\"og:url\" content=\"https:\/\/www.asajacyl.com\/palencia\/asaja-palencia-informa\/quien-hace-negocio-con-la-crisis\" \/>\n<meta property=\"og:site_name\" content=\"ASAJA Palencia\" \/>\n<meta property=\"article:published_time\" content=\"2026-03-05T11:45:08+00:00\" \/>\n<meta property=\"article:modified_time\" content=\"2026-03-05T13:04:36+00:00\" \/>\n<meta property=\"og:image\" content=\"https:\/\/www.asajacyl.com\/palencia\/wp-content\/uploads\/sites\/3\/2026\/03\/ingresos-y-precios-marzo-26.jpg\" \/>\n\t<meta property=\"og:image:width\" content=\"833\" \/>\n\t<meta property=\"og:image:height\" content=\"536\" \/>\n\t<meta property=\"og:image:type\" content=\"image\/jpeg\" \/>\n<meta name=\"author\" content=\"Administrador\" \/>\n<meta name=\"twitter:card\" content=\"summary_large_image\" \/>\n<meta name=\"twitter:label1\" content=\"Escrito por\" \/>\n\t<meta name=\"twitter:data1\" content=\"Administrador\" \/>\n\t<meta name=\"twitter:label2\" content=\"Tiempo de lectura\" \/>\n\t<meta name=\"twitter:data2\" content=\"4 minutos\" \/>\n<script type=\"application\/ld+json\" class=\"yoast-schema-graph\">{\"@context\":\"https:\/\/schema.org\",\"@graph\":[{\"@type\":\"WebPage\",\"@id\":\"https:\/\/www.asajacyl.com\/palencia\/asaja-palencia-informa\/quien-hace-negocio-con-la-crisis\",\"url\":\"https:\/\/www.asajacyl.com\/palencia\/asaja-palencia-informa\/quien-hace-negocio-con-la-crisis\",\"name\":\"Si el agricultor no cobra m\u00e1s y el consumidor paga m\u00e1s, \u00bfqui\u00e9n hace negocio con la crisis? - ASAJA Palencia\",\"isPartOf\":{\"@id\":\"https:\/\/www.asajacyl.com\/palencia\/#website\"},\"primaryImageOfPage\":{\"@id\":\"https:\/\/www.asajacyl.com\/palencia\/asaja-palencia-informa\/quien-hace-negocio-con-la-crisis#primaryimage\"},\"image\":{\"@id\":\"https:\/\/www.asajacyl.com\/palencia\/asaja-palencia-informa\/quien-hace-negocio-con-la-crisis#primaryimage\"},\"thumbnailUrl\":\"https:\/\/www.asajacyl.com\/palencia\/wp-content\/uploads\/sites\/3\/2026\/03\/ingresos-y-precios-marzo-26.jpg\",\"datePublished\":\"2026-03-05T11:45:08+00:00\",\"dateModified\":\"2026-03-05T13:04:36+00:00\",\"author\":{\"@id\":\"https:\/\/www.asajacyl.com\/palencia\/#\/schema\/person\/3ab17aeb03527485c317557fae64aab1\"},\"description\":\"Pregunta Jos\u00e9 Mar\u00eda Castilla, director de la oficina de ASAJA ante la UE. Si el agricultor no cobra m\u00e1s y el consumidor paga m\u00e1s, \u00bfqui\u00e9n hace negocio con \u00bfqui\u00e9n hace negocio con la crisis?\",\"breadcrumb\":{\"@id\":\"https:\/\/www.asajacyl.com\/palencia\/asaja-palencia-informa\/quien-hace-negocio-con-la-crisis#breadcrumb\"},\"inLanguage\":\"es\",\"potentialAction\":[{\"@type\":\"ReadAction\",\"target\":[\"https:\/\/www.asajacyl.com\/palencia\/asaja-palencia-informa\/quien-hace-negocio-con-la-crisis\"]}]},{\"@type\":\"ImageObject\",\"inLanguage\":\"es\",\"@id\":\"https:\/\/www.asajacyl.com\/palencia\/asaja-palencia-informa\/quien-hace-negocio-con-la-crisis#primaryimage\",\"url\":\"https:\/\/www.asajacyl.com\/palencia\/wp-content\/uploads\/sites\/3\/2026\/03\/ingresos-y-precios-marzo-26.jpg\",\"contentUrl\":\"https:\/\/www.asajacyl.com\/palencia\/wp-content\/uploads\/sites\/3\/2026\/03\/ingresos-y-precios-marzo-26.jpg\",\"width\":833,\"height\":536},{\"@type\":\"BreadcrumbList\",\"@id\":\"https:\/\/www.asajacyl.com\/palencia\/asaja-palencia-informa\/quien-hace-negocio-con-la-crisis#breadcrumb\",\"itemListElement\":[{\"@type\":\"ListItem\",\"position\":1,\"name\":\"Portada\",\"item\":\"https:\/\/www.asajacyl.com\/palencia\/\"},{\"@type\":\"ListItem\",\"position\":2,\"name\":\"Si el agricultor no cobra m\u00e1s y el consumidor paga m\u00e1s, \u00bfqui\u00e9n hace negocio con la crisis?\"}]},{\"@type\":\"WebSite\",\"@id\":\"https:\/\/www.asajacyl.com\/palencia\/#website\",\"url\":\"https:\/\/www.asajacyl.com\/palencia\/\",\"name\":\"ASAJA Palencia\",\"description\":\"Otro sitio m\u00e1s de Provincias ASAJA Castilla y Le\u00f3n\",\"potentialAction\":[{\"@type\":\"SearchAction\",\"target\":{\"@type\":\"EntryPoint\",\"urlTemplate\":\"https:\/\/www.asajacyl.com\/palencia\/?s={search_term_string}\"},\"query-input\":{\"@type\":\"PropertyValueSpecification\",\"valueRequired\":true,\"valueName\":\"search_term_string\"}}],\"inLanguage\":\"es\"},{\"@type\":\"Person\",\"@id\":\"https:\/\/www.asajacyl.com\/palencia\/#\/schema\/person\/3ab17aeb03527485c317557fae64aab1\",\"name\":\"Administrador\",\"image\":{\"@type\":\"ImageObject\",\"inLanguage\":\"es\",\"@id\":\"https:\/\/www.asajacyl.com\/palencia\/#\/schema\/person\/image\/\",\"url\":\"https:\/\/secure.gravatar.com\/avatar\/517384810d242ca9e38c180f3c9fb973?s=96&d=mm&r=g\",\"contentUrl\":\"https:\/\/secure.gravatar.com\/avatar\/517384810d242ca9e38c180f3c9fb973?s=96&d=mm&r=g\",\"caption\":\"Administrador\"},\"url\":\"https:\/\/www.asajacyl.com\/palencia\/author\/carlosrm\"}]}<\/script>\n<!-- \/ Yoast SEO plugin. -->","yoast_head_json":{"title":"Si el agricultor no cobra m\u00e1s y el consumidor paga m\u00e1s, \u00bfqui\u00e9n hace negocio con la crisis? - ASAJA Palencia","description":"Pregunta Jos\u00e9 Mar\u00eda Castilla, director de la oficina de ASAJA ante la UE. Si el agricultor no cobra m\u00e1s y el consumidor paga m\u00e1s, \u00bfqui\u00e9n hace negocio con \u00bfqui\u00e9n hace negocio con la crisis?","robots":{"index":"index","follow":"follow","max-snippet":"max-snippet:-1","max-image-preview":"max-image-preview:large","max-video-preview":"max-video-preview:-1"},"canonical":"https:\/\/www.asajacyl.com\/palencia\/asaja-palencia-informa\/quien-hace-negocio-con-la-crisis","og_locale":"es_ES","og_type":"article","og_title":"Si el agricultor no cobra m\u00e1s y el consumidor paga m\u00e1s, \u00bfqui\u00e9n hace negocio con la crisis? - ASAJA Palencia","og_description":"Pregunta Jos\u00e9 Mar\u00eda Castilla, director de la oficina de ASAJA ante la UE. Si el agricultor no cobra m\u00e1s y el consumidor paga m\u00e1s, \u00bfqui\u00e9n hace negocio con \u00bfqui\u00e9n hace negocio con la crisis?","og_url":"https:\/\/www.asajacyl.com\/palencia\/asaja-palencia-informa\/quien-hace-negocio-con-la-crisis","og_site_name":"ASAJA Palencia","article_published_time":"2026-03-05T11:45:08+00:00","article_modified_time":"2026-03-05T13:04:36+00:00","og_image":[{"width":833,"height":536,"url":"https:\/\/www.asajacyl.com\/palencia\/wp-content\/uploads\/sites\/3\/2026\/03\/ingresos-y-precios-marzo-26.jpg","type":"image\/jpeg"}],"author":"Administrador","twitter_card":"summary_large_image","twitter_misc":{"Escrito por":"Administrador","Tiempo de lectura":"4 minutos"},"schema":{"@context":"https:\/\/schema.org","@graph":[{"@type":"WebPage","@id":"https:\/\/www.asajacyl.com\/palencia\/asaja-palencia-informa\/quien-hace-negocio-con-la-crisis","url":"https:\/\/www.asajacyl.com\/palencia\/asaja-palencia-informa\/quien-hace-negocio-con-la-crisis","name":"Si el agricultor no cobra m\u00e1s y el consumidor paga m\u00e1s, \u00bfqui\u00e9n hace negocio con la crisis? - ASAJA Palencia","isPartOf":{"@id":"https:\/\/www.asajacyl.com\/palencia\/#website"},"primaryImageOfPage":{"@id":"https:\/\/www.asajacyl.com\/palencia\/asaja-palencia-informa\/quien-hace-negocio-con-la-crisis#primaryimage"},"image":{"@id":"https:\/\/www.asajacyl.com\/palencia\/asaja-palencia-informa\/quien-hace-negocio-con-la-crisis#primaryimage"},"thumbnailUrl":"https:\/\/www.asajacyl.com\/palencia\/wp-content\/uploads\/sites\/3\/2026\/03\/ingresos-y-precios-marzo-26.jpg","datePublished":"2026-03-05T11:45:08+00:00","dateModified":"2026-03-05T13:04:36+00:00","author":{"@id":"https:\/\/www.asajacyl.com\/palencia\/#\/schema\/person\/3ab17aeb03527485c317557fae64aab1"},"description":"Pregunta Jos\u00e9 Mar\u00eda Castilla, director de la oficina de ASAJA ante la UE. Si el agricultor no cobra m\u00e1s y el consumidor paga m\u00e1s, \u00bfqui\u00e9n hace negocio con \u00bfqui\u00e9n hace negocio con la crisis?","breadcrumb":{"@id":"https:\/\/www.asajacyl.com\/palencia\/asaja-palencia-informa\/quien-hace-negocio-con-la-crisis#breadcrumb"},"inLanguage":"es","potentialAction":[{"@type":"ReadAction","target":["https:\/\/www.asajacyl.com\/palencia\/asaja-palencia-informa\/quien-hace-negocio-con-la-crisis"]}]},{"@type":"ImageObject","inLanguage":"es","@id":"https:\/\/www.asajacyl.com\/palencia\/asaja-palencia-informa\/quien-hace-negocio-con-la-crisis#primaryimage","url":"https:\/\/www.asajacyl.com\/palencia\/wp-content\/uploads\/sites\/3\/2026\/03\/ingresos-y-precios-marzo-26.jpg","contentUrl":"https:\/\/www.asajacyl.com\/palencia\/wp-content\/uploads\/sites\/3\/2026\/03\/ingresos-y-precios-marzo-26.jpg","width":833,"height":536},{"@type":"BreadcrumbList","@id":"https:\/\/www.asajacyl.com\/palencia\/asaja-palencia-informa\/quien-hace-negocio-con-la-crisis#breadcrumb","itemListElement":[{"@type":"ListItem","position":1,"name":"Portada","item":"https:\/\/www.asajacyl.com\/palencia\/"},{"@type":"ListItem","position":2,"name":"Si el agricultor no cobra m\u00e1s y el consumidor paga m\u00e1s, \u00bfqui\u00e9n hace negocio con la crisis?"}]},{"@type":"WebSite","@id":"https:\/\/www.asajacyl.com\/palencia\/#website","url":"https:\/\/www.asajacyl.com\/palencia\/","name":"ASAJA Palencia","description":"Otro sitio m\u00e1s de Provincias ASAJA Castilla y Le\u00f3n","potentialAction":[{"@type":"SearchAction","target":{"@type":"EntryPoint","urlTemplate":"https:\/\/www.asajacyl.com\/palencia\/?s={search_term_string}"},"query-input":{"@type":"PropertyValueSpecification","valueRequired":true,"valueName":"search_term_string"}}],"inLanguage":"es"},{"@type":"Person","@id":"https:\/\/www.asajacyl.com\/palencia\/#\/schema\/person\/3ab17aeb03527485c317557fae64aab1","name":"Administrador","image":{"@type":"ImageObject","inLanguage":"es","@id":"https:\/\/www.asajacyl.com\/palencia\/#\/schema\/person\/image\/","url":"https:\/\/secure.gravatar.com\/avatar\/517384810d242ca9e38c180f3c9fb973?s=96&d=mm&r=g","contentUrl":"https:\/\/secure.gravatar.com\/avatar\/517384810d242ca9e38c180f3c9fb973?s=96&d=mm&r=g","caption":"Administrador"},"url":"https:\/\/www.asajacyl.com\/palencia\/author\/carlosrm"}]}},"_links":{"self":[{"href":"https:\/\/www.asajacyl.com\/palencia\/wp-json\/wp\/v2\/posts\/22435"}],"collection":[{"href":"https:\/\/www.asajacyl.com\/palencia\/wp-json\/wp\/v2\/posts"}],"about":[{"href":"https:\/\/www.asajacyl.com\/palencia\/wp-json\/wp\/v2\/types\/post"}],"author":[{"embeddable":true,"href":"https:\/\/www.asajacyl.com\/palencia\/wp-json\/wp\/v2\/users\/9"}],"replies":[{"embeddable":true,"href":"https:\/\/www.asajacyl.com\/palencia\/wp-json\/wp\/v2\/comments?post=22435"}],"version-history":[{"count":2,"href":"https:\/\/www.asajacyl.com\/palencia\/wp-json\/wp\/v2\/posts\/22435\/revisions"}],"predecessor-version":[{"id":22438,"href":"https:\/\/www.asajacyl.com\/palencia\/wp-json\/wp\/v2\/posts\/22435\/revisions\/22438"}],"wp:featuredmedia":[{"embeddable":true,"href":"https:\/\/www.asajacyl.com\/palencia\/wp-json\/wp\/v2\/media\/22436"}],"wp:attachment":[{"href":"https:\/\/www.asajacyl.com\/palencia\/wp-json\/wp\/v2\/media?parent=22435"}],"wp:term":[{"taxonomy":"category","embeddable":true,"href":"https:\/\/www.asajacyl.com\/palencia\/wp-json\/wp\/v2\/categories?post=22435"},{"taxonomy":"post_tag","embeddable":true,"href":"https:\/\/www.asajacyl.com\/palencia\/wp-json\/wp\/v2\/tags?post=22435"}],"curies":[{"name":"wp","href":"https:\/\/api.w.org\/{rel}","templated":true}]}}