{"id":22439,"date":"2026-03-07T10:49:00","date_gmt":"2026-03-07T09:49:00","guid":{"rendered":"https:\/\/www.asajacyl.com\/palencia\/?p=22439"},"modified":"2026-03-06T14:21:55","modified_gmt":"2026-03-06T13:21:55","slug":"agrimarca-en-pedraza-de-campos-palencia-agrotecnologia-4-0-en-una-explotacion-modelo-del-programa-cultiva","status":"publish","type":"post","link":"https:\/\/www.asajacyl.com\/palencia\/asaja-palencia-informa\/agrimarca-en-pedraza-de-campos-palencia-agrotecnologia-4-0-en-una-explotacion-modelo-del-programa-cultiva","title":{"rendered":"AGRIMARCA, en Pedraza de Campos (Palencia): agrotecnolog\u00eda 4.0 en una explotaci\u00f3n modelo del Programa CULTIVA"},"content":{"rendered":"\n<p>La explotaci\u00f3n agr\u00edcola&nbsp;<strong>AGRIMARCA<\/strong>, ubicada en&nbsp;<strong>Pedraza de Campos (Palencia)<\/strong>&nbsp;y vinculada a&nbsp;<strong>ASAJA<\/strong>, es una de las fincas modelo incluidas en el&nbsp;<strong>Cat\u00e1logo de Estancias Formativas<\/strong>. Con&nbsp;<strong>525 hect\u00e1reas<\/strong>&nbsp;y un sistema productivo&nbsp;<strong>extensivo en producci\u00f3n integrada<\/strong>, trabaja con&nbsp;<strong>cereales, forrajes, leguminosas y oleaginosas<\/strong>.&nbsp;<\/p>\n\n\n\n<figure class=\"wp-block-video\"><video controls src=\"https:\/\/www.asajacyl.com\/palencia\/wp-content\/uploads\/sites\/3\/2026\/03\/Agrimarca-video-tractor-Vasile.mp4\"><\/video><\/figure>\n\n\n\n<p><strong>Rasgos mod\u00e9licos: datos, precisi\u00f3n y tecnolog\u00eda en todo el proceso<\/strong><\/p>\n\n\n\n<p>El principal sello de esta explotaci\u00f3n es su enfoque de&nbsp;<strong>\u201cAgrotecnolog\u00eda 4.0\u201d<\/strong>, con digitalizaci\u00f3n aplicada a todas las fases del trabajo: desde la cosecha hasta la siembra y los tratamientos. Entre sus herramientas clave destacan:<\/p>\n\n\n\n<ul>\n<li><strong>Cosechadoras digitales con mapas de rendimiento y c\u00e9dulas de pesaje<\/strong>, con datos hist\u00f3ricos recopilados desde&nbsp;<strong>2017<\/strong>, que permiten conocer el comportamiento productivo de cada zona de parcela.&nbsp;<\/li>\n\n\n\n<li><strong>An\u00e1lisis avanzado del suelo<\/strong>&nbsp;mediante el laboratorio port\u00e1til&nbsp;<strong>Stenon FarmLab<\/strong>, con el que han evaluado par\u00e1metros como&nbsp;<strong>nitr\u00f3geno, f\u00f3sforo, potasa, pH y conductividad el\u00e9ctrica<\/strong>, para tomar decisiones agron\u00f3micas con base t\u00e9cnica.&nbsp;<\/li>\n\n\n\n<li><strong>Maquinaria de dosis variable<\/strong>&nbsp;(sembradora y pulverizador arrastrado), junto con pr\u00e1cticas como&nbsp;<strong>siembra directa<\/strong>&nbsp;y&nbsp;<strong>m\u00ednimo laboreo<\/strong>, orientadas a ajustar insumos a las necesidades reales y mejorar la eficiencia del sistema.&nbsp;<\/li>\n<\/ul>\n\n\n\n<p>La propia descripci\u00f3n del cat\u00e1logo resume el enfoque con claridad: una explotaci\u00f3n \u201creferente en el proceso productivo\u201d, donde \u201ctoda la tem\u00e1tica es digital 4.0\u201d.&nbsp;<\/p>\n\n\n\n<figure class=\"wp-block-image size-large\"><img loading=\"lazy\" decoding=\"async\" width=\"1024\" height=\"712\" src=\"https:\/\/www.asajacyl.com\/palencia\/wp-content\/uploads\/sites\/3\/2026\/03\/Agrimarca-formacion-Enrique-y-Vasile-2-1-1024x712.jpg\" alt=\"\" class=\"wp-image-22458\" srcset=\"https:\/\/www.asajacyl.com\/palencia\/wp-content\/uploads\/sites\/3\/2026\/03\/Agrimarca-formacion-Enrique-y-Vasile-2-1-1024x712.jpg 1024w, https:\/\/www.asajacyl.com\/palencia\/wp-content\/uploads\/sites\/3\/2026\/03\/Agrimarca-formacion-Enrique-y-Vasile-2-1-300x209.jpg 300w, https:\/\/www.asajacyl.com\/palencia\/wp-content\/uploads\/sites\/3\/2026\/03\/Agrimarca-formacion-Enrique-y-Vasile-2-1-768x534.jpg 768w, https:\/\/www.asajacyl.com\/palencia\/wp-content\/uploads\/sites\/3\/2026\/03\/Agrimarca-formacion-Enrique-y-Vasile-2-1-604x420.jpg 604w, https:\/\/www.asajacyl.com\/palencia\/wp-content\/uploads\/sites\/3\/2026\/03\/Agrimarca-formacion-Enrique-y-Vasile-2-1-696x484.jpg 696w, https:\/\/www.asajacyl.com\/palencia\/wp-content\/uploads\/sites\/3\/2026\/03\/Agrimarca-formacion-Enrique-y-Vasile-2-1-1068x743.jpg 1068w, https:\/\/www.asajacyl.com\/palencia\/wp-content\/uploads\/sites\/3\/2026\/03\/Agrimarca-formacion-Enrique-y-Vasile-2-1.jpg 1432w\" sizes=\"(max-width: 1024px) 100vw, 1024px\" \/><figcaption class=\"wp-element-caption\">Vasile Lucian (izq) y Enrique P\u00e9rez-Serrano (der).<\/figcaption><\/figure>\n\n\n\n<p><strong>Reconocimiento sectorial e internacional<\/strong><\/p>\n\n\n\n<p>El documento recoge varios hitos que subrayan su proyecci\u00f3n: presencia en reportajes de canales del sector y, especialmente, el aval de la&nbsp;<strong>DLG (Sociedad Agr\u00edcola Alemana)<\/strong>, que a trav\u00e9s de&nbsp;<strong>Agritechnica<\/strong>&nbsp;la ha validado por&nbsp;<strong>cuarto a\u00f1o consecutivo<\/strong>&nbsp;como imagen asociada a los valores de la feria, adem\u00e1s de su incorporaci\u00f3n al&nbsp;<strong>club de l\u00edderes<\/strong>. Tambi\u00e9n se menciona que fue&nbsp;<strong>finalista<\/strong>&nbsp;en 2018 como mejor explotaci\u00f3n agr\u00edcola en Castilla y Le\u00f3n (programa \u201cSurcos\u201d, RTVCYL) y finalista a&nbsp;<strong>mejor explotaci\u00f3n agr\u00edcola sostenible 2024<\/strong>&nbsp;en&nbsp;<strong>ExpoAgriTech<\/strong>.&nbsp;<\/p>\n\n\n\n<p><strong>Estancia formativa en el Programa CULTIVA<\/strong><\/p>\n\n\n\n<p>Como explotaci\u00f3n modelo, AGRIMARCA ofrece estancias de&nbsp;<strong>5 d\u00edas (35 horas)<\/strong>, con&nbsp;<strong>3 plazas por estancia<\/strong>, en distintas fechas (octubre y noviembre de 2025; febrero y marzo de 2026). La formaci\u00f3n se centra en&nbsp;<strong>gesti\u00f3n econ\u00f3mica<\/strong>,&nbsp;<strong>uso de tecnolog\u00edas digitales<\/strong>,&nbsp;<strong>mecanizaci\u00f3n<\/strong>,&nbsp;<strong>manejo del cultivo y del suelo<\/strong>,&nbsp;<strong>sanidad vegetal<\/strong>&nbsp;y&nbsp;<strong>mitigaci\u00f3n y adaptaci\u00f3n al cambio clim\u00e1tico<\/strong>, siempre desde el enfoque de la agricultura de precisi\u00f3n y la toma de decisiones basada en datos.<\/p>\n\n\n\n<p>Esta explotaci\u00f3n participa como modelo en el\u00a0<strong><a href=\"https:\/\/www.mapa.gob.es\/es\/desarrollo-rural\/temas\/relevo-generacional\/visitas-formativas\">Programa CULTIVA<\/a><\/strong>, una iniciativa\u00a0<strong>desarrollada y financiada por el Ministerio de Agricultura, Pesca y Alimentaci\u00f3n (MAPA)<\/strong>. Las estancias son\u00a0<strong>gratuitas<\/strong>\u00a0y el programa\u00a0<strong>cubre alojamiento, manutenci\u00f3n y transporte<\/strong>, adem\u00e1s de contemplar una compensaci\u00f3n por sustituci\u00f3n para la atenci\u00f3n de la explotaci\u00f3n del participante mientras dura la formaci\u00f3n.<\/p>\n\n\n\n<figure class=\"wp-block-image size-large\"><img loading=\"lazy\" decoding=\"async\" width=\"1024\" height=\"104\" src=\"https:\/\/www.asajacyl.com\/palencia\/wp-content\/uploads\/sites\/3\/2026\/03\/Logos-cultiva-2024-bueno2-1-1024x104.jpg\" alt=\"\" class=\"wp-image-22463\" srcset=\"https:\/\/www.asajacyl.com\/palencia\/wp-content\/uploads\/sites\/3\/2026\/03\/Logos-cultiva-2024-bueno2-1-1024x104.jpg 1024w, https:\/\/www.asajacyl.com\/palencia\/wp-content\/uploads\/sites\/3\/2026\/03\/Logos-cultiva-2024-bueno2-1-300x30.jpg 300w, https:\/\/www.asajacyl.com\/palencia\/wp-content\/uploads\/sites\/3\/2026\/03\/Logos-cultiva-2024-bueno2-1-768x78.jpg 768w, https:\/\/www.asajacyl.com\/palencia\/wp-content\/uploads\/sites\/3\/2026\/03\/Logos-cultiva-2024-bueno2-1-1536x156.jpg 1536w, https:\/\/www.asajacyl.com\/palencia\/wp-content\/uploads\/sites\/3\/2026\/03\/Logos-cultiva-2024-bueno2-1-696x71.jpg 696w, https:\/\/www.asajacyl.com\/palencia\/wp-content\/uploads\/sites\/3\/2026\/03\/Logos-cultiva-2024-bueno2-1-1068x108.jpg 1068w, https:\/\/www.asajacyl.com\/palencia\/wp-content\/uploads\/sites\/3\/2026\/03\/Logos-cultiva-2024-bueno2-1.jpg 1814w\" sizes=\"(max-width: 1024px) 100vw, 1024px\" \/><\/figure>\n\n\n\n<p><strong>Participantes<\/strong><\/p>\n\n\n\n<p>VASILE LUCIAN. Estremera (Madrid)<br>ENRIQUE PEREZ-SERRANO. Almod\u00f3var del Campo (Ciudad Real)<\/p>\n\n\n\n<figure class=\"wp-block-image size-large\"><img loading=\"lazy\" decoding=\"async\" width=\"1024\" height=\"768\" src=\"https:\/\/www.asajacyl.com\/palencia\/wp-content\/uploads\/sites\/3\/2026\/03\/Agrimarca-Jose-Ma-con-Vasile-y-Enrique-1-1024x768.jpeg\" alt=\"\" class=\"wp-image-22459\" srcset=\"https:\/\/www.asajacyl.com\/palencia\/wp-content\/uploads\/sites\/3\/2026\/03\/Agrimarca-Jose-Ma-con-Vasile-y-Enrique-1-1024x768.jpeg 1024w, https:\/\/www.asajacyl.com\/palencia\/wp-content\/uploads\/sites\/3\/2026\/03\/Agrimarca-Jose-Ma-con-Vasile-y-Enrique-1-300x225.jpeg 300w, https:\/\/www.asajacyl.com\/palencia\/wp-content\/uploads\/sites\/3\/2026\/03\/Agrimarca-Jose-Ma-con-Vasile-y-Enrique-1-768x576.jpeg 768w, https:\/\/www.asajacyl.com\/palencia\/wp-content\/uploads\/sites\/3\/2026\/03\/Agrimarca-Jose-Ma-con-Vasile-y-Enrique-1-1536x1152.jpeg 1536w, https:\/\/www.asajacyl.com\/palencia\/wp-content\/uploads\/sites\/3\/2026\/03\/Agrimarca-Jose-Ma-con-Vasile-y-Enrique-1-560x420.jpeg 560w, https:\/\/www.asajacyl.com\/palencia\/wp-content\/uploads\/sites\/3\/2026\/03\/Agrimarca-Jose-Ma-con-Vasile-y-Enrique-1-80x60.jpeg 80w, https:\/\/www.asajacyl.com\/palencia\/wp-content\/uploads\/sites\/3\/2026\/03\/Agrimarca-Jose-Ma-con-Vasile-y-Enrique-1-696x522.jpeg 696w, https:\/\/www.asajacyl.com\/palencia\/wp-content\/uploads\/sites\/3\/2026\/03\/Agrimarca-Jose-Ma-con-Vasile-y-Enrique-1-1068x801.jpeg 1068w, https:\/\/www.asajacyl.com\/palencia\/wp-content\/uploads\/sites\/3\/2026\/03\/Agrimarca-Jose-Ma-con-Vasile-y-Enrique-1-1920x1440.jpeg 1920w, https:\/\/www.asajacyl.com\/palencia\/wp-content\/uploads\/sites\/3\/2026\/03\/Agrimarca-Jose-Ma-con-Vasile-y-Enrique-1.jpeg 2000w\" sizes=\"(max-width: 1024px) 100vw, 1024px\" \/><\/figure>\n","protected":false},"excerpt":{"rendered":"<p>La explotaci\u00f3n agr\u00edcola&nbsp;AGRIMARCA, ubicada en&nbsp;Pedraza de Campos (Palencia)&nbsp;y vinculada a&nbsp;ASAJA, es una de las fincas modelo incluidas en el&nbsp;Cat\u00e1logo de Estancias Formativas. Con&nbsp;525 hect\u00e1reas&nbsp;y un sistema productivo&nbsp;extensivo en producci\u00f3n integrada, trabaja con&nbsp;cereales, forrajes, leguminosas y oleaginosas.&nbsp; Rasgos mod\u00e9licos: datos, precisi\u00f3n y tecnolog\u00eda en todo el proceso El principal sello de esta explotaci\u00f3n es su enfoque [&hellip;]<\/p>\n","protected":false},"author":9,"featured_media":22457,"comment_status":"open","ping_status":"open","sticky":false,"template":"","format":"standard","meta":{"footnotes":""},"categories":[9,28],"tags":[1757,1698,1755],"yoast_head":"<!-- This site is optimized with the Yoast SEO plugin v24.5 - https:\/\/yoast.com\/wordpress\/plugins\/seo\/ -->\n<title>AGRIMARCA, en Pedraza de Campos (Palencia): agrotecnolog\u00eda 4.0 en una explotaci\u00f3n modelo del Programa CULTIVA - ASAJA Palencia<\/title>\n<meta name=\"description\" content=\"La explotaci\u00f3n agr\u00edcola&nbsp;AGRIMARCA, ubicada en&nbsp;Pedraza de Campos (Palencia)&nbsp;y vinculada a&nbsp;ASAJA, es una de las fincas modelo incluidas AGRIMARCA, en Pedraza de Campos (Palencia): agrotecnolog\u00eda 4.0 en una explotaci\u00f3n modelo del Programa CULTIVA\" \/>\n<meta name=\"robots\" content=\"index, follow, max-snippet:-1, max-image-preview:large, max-video-preview:-1\" \/>\n<link rel=\"canonical\" href=\"https:\/\/www.asajacyl.com\/palencia\/asaja-palencia-informa\/agrimarca-en-pedraza-de-campos-palencia-agrotecnologia-4-0-en-una-explotacion-modelo-del-programa-cultiva\" \/>\n<meta property=\"og:locale\" content=\"es_ES\" \/>\n<meta property=\"og:type\" content=\"article\" \/>\n<meta property=\"og:title\" content=\"AGRIMARCA, en Pedraza de Campos (Palencia): agrotecnolog\u00eda 4.0 en una explotaci\u00f3n modelo del Programa CULTIVA - ASAJA Palencia\" \/>\n<meta property=\"og:description\" content=\"La explotaci\u00f3n agr\u00edcola&nbsp;AGRIMARCA, ubicada en&nbsp;Pedraza de Campos (Palencia)&nbsp;y vinculada a&nbsp;ASAJA, es una de las fincas modelo incluidas AGRIMARCA, en Pedraza de Campos (Palencia): agrotecnolog\u00eda 4.0 en una explotaci\u00f3n modelo del Programa CULTIVA\" \/>\n<meta property=\"og:url\" content=\"https:\/\/www.asajacyl.com\/palencia\/asaja-palencia-informa\/agrimarca-en-pedraza-de-campos-palencia-agrotecnologia-4-0-en-una-explotacion-modelo-del-programa-cultiva\" \/>\n<meta property=\"og:site_name\" content=\"ASAJA Palencia\" \/>\n<meta property=\"article:published_time\" content=\"2026-03-07T09:49:00+00:00\" \/>\n<meta property=\"og:image\" content=\"https:\/\/www.asajacyl.com\/palencia\/wp-content\/uploads\/sites\/3\/2026\/03\/Agrimarca-Vasile-ordenador-cosechadora.jpg\" \/>\n\t<meta property=\"og:image:width\" content=\"1586\" \/>\n\t<meta property=\"og:image:height\" content=\"1009\" \/>\n\t<meta property=\"og:image:type\" content=\"image\/jpeg\" \/>\n<meta name=\"author\" content=\"Administrador\" \/>\n<meta name=\"twitter:card\" content=\"summary_large_image\" \/>\n<meta name=\"twitter:label1\" content=\"Escrito por\" \/>\n\t<meta name=\"twitter:data1\" content=\"Administrador\" \/>\n\t<meta name=\"twitter:label2\" content=\"Tiempo de lectura\" \/>\n\t<meta name=\"twitter:data2\" content=\"3 minutos\" \/>\n<script type=\"application\/ld+json\" class=\"yoast-schema-graph\">{\"@context\":\"https:\/\/schema.org\",\"@graph\":[{\"@type\":\"WebPage\",\"@id\":\"https:\/\/www.asajacyl.com\/palencia\/asaja-palencia-informa\/agrimarca-en-pedraza-de-campos-palencia-agrotecnologia-4-0-en-una-explotacion-modelo-del-programa-cultiva\",\"url\":\"https:\/\/www.asajacyl.com\/palencia\/asaja-palencia-informa\/agrimarca-en-pedraza-de-campos-palencia-agrotecnologia-4-0-en-una-explotacion-modelo-del-programa-cultiva\",\"name\":\"AGRIMARCA, en Pedraza de Campos (Palencia): agrotecnolog\u00eda 4.0 en una explotaci\u00f3n modelo del Programa CULTIVA - ASAJA Palencia\",\"isPartOf\":{\"@id\":\"https:\/\/www.asajacyl.com\/palencia\/#website\"},\"primaryImageOfPage\":{\"@id\":\"https:\/\/www.asajacyl.com\/palencia\/asaja-palencia-informa\/agrimarca-en-pedraza-de-campos-palencia-agrotecnologia-4-0-en-una-explotacion-modelo-del-programa-cultiva#primaryimage\"},\"image\":{\"@id\":\"https:\/\/www.asajacyl.com\/palencia\/asaja-palencia-informa\/agrimarca-en-pedraza-de-campos-palencia-agrotecnologia-4-0-en-una-explotacion-modelo-del-programa-cultiva#primaryimage\"},\"thumbnailUrl\":\"https:\/\/www.asajacyl.com\/palencia\/wp-content\/uploads\/sites\/3\/2026\/03\/Agrimarca-Vasile-ordenador-cosechadora.jpg\",\"datePublished\":\"2026-03-07T09:49:00+00:00\",\"author\":{\"@id\":\"https:\/\/www.asajacyl.com\/palencia\/#\/schema\/person\/3ab17aeb03527485c317557fae64aab1\"},\"description\":\"La explotaci\u00f3n agr\u00edcola&nbsp;AGRIMARCA, ubicada en&nbsp;Pedraza de Campos (Palencia)&nbsp;y vinculada a&nbsp;ASAJA, es una de las fincas modelo incluidas AGRIMARCA, en Pedraza de Campos (Palencia): agrotecnolog\u00eda 4.0 en una explotaci\u00f3n modelo del Programa CULTIVA\",\"breadcrumb\":{\"@id\":\"https:\/\/www.asajacyl.com\/palencia\/asaja-palencia-informa\/agrimarca-en-pedraza-de-campos-palencia-agrotecnologia-4-0-en-una-explotacion-modelo-del-programa-cultiva#breadcrumb\"},\"inLanguage\":\"es\",\"potentialAction\":[{\"@type\":\"ReadAction\",\"target\":[\"https:\/\/www.asajacyl.com\/palencia\/asaja-palencia-informa\/agrimarca-en-pedraza-de-campos-palencia-agrotecnologia-4-0-en-una-explotacion-modelo-del-programa-cultiva\"]}]},{\"@type\":\"ImageObject\",\"inLanguage\":\"es\",\"@id\":\"https:\/\/www.asajacyl.com\/palencia\/asaja-palencia-informa\/agrimarca-en-pedraza-de-campos-palencia-agrotecnologia-4-0-en-una-explotacion-modelo-del-programa-cultiva#primaryimage\",\"url\":\"https:\/\/www.asajacyl.com\/palencia\/wp-content\/uploads\/sites\/3\/2026\/03\/Agrimarca-Vasile-ordenador-cosechadora.jpg\",\"contentUrl\":\"https:\/\/www.asajacyl.com\/palencia\/wp-content\/uploads\/sites\/3\/2026\/03\/Agrimarca-Vasile-ordenador-cosechadora.jpg\",\"width\":1586,\"height\":1009},{\"@type\":\"BreadcrumbList\",\"@id\":\"https:\/\/www.asajacyl.com\/palencia\/asaja-palencia-informa\/agrimarca-en-pedraza-de-campos-palencia-agrotecnologia-4-0-en-una-explotacion-modelo-del-programa-cultiva#breadcrumb\",\"itemListElement\":[{\"@type\":\"ListItem\",\"position\":1,\"name\":\"Portada\",\"item\":\"https:\/\/www.asajacyl.com\/palencia\/\"},{\"@type\":\"ListItem\",\"position\":2,\"name\":\"AGRIMARCA, en Pedraza de Campos (Palencia): agrotecnolog\u00eda 4.0 en una explotaci\u00f3n modelo del Programa CULTIVA\"}]},{\"@type\":\"WebSite\",\"@id\":\"https:\/\/www.asajacyl.com\/palencia\/#website\",\"url\":\"https:\/\/www.asajacyl.com\/palencia\/\",\"name\":\"ASAJA Palencia\",\"description\":\"Otro sitio m\u00e1s de Provincias ASAJA Castilla y Le\u00f3n\",\"potentialAction\":[{\"@type\":\"SearchAction\",\"target\":{\"@type\":\"EntryPoint\",\"urlTemplate\":\"https:\/\/www.asajacyl.com\/palencia\/?s={search_term_string}\"},\"query-input\":{\"@type\":\"PropertyValueSpecification\",\"valueRequired\":true,\"valueName\":\"search_term_string\"}}],\"inLanguage\":\"es\"},{\"@type\":\"Person\",\"@id\":\"https:\/\/www.asajacyl.com\/palencia\/#\/schema\/person\/3ab17aeb03527485c317557fae64aab1\",\"name\":\"Administrador\",\"image\":{\"@type\":\"ImageObject\",\"inLanguage\":\"es\",\"@id\":\"https:\/\/www.asajacyl.com\/palencia\/#\/schema\/person\/image\/\",\"url\":\"https:\/\/secure.gravatar.com\/avatar\/517384810d242ca9e38c180f3c9fb973?s=96&d=mm&r=g\",\"contentUrl\":\"https:\/\/secure.gravatar.com\/avatar\/517384810d242ca9e38c180f3c9fb973?s=96&d=mm&r=g\",\"caption\":\"Administrador\"},\"url\":\"https:\/\/www.asajacyl.com\/palencia\/author\/carlosrm\"}]}<\/script>\n<!-- \/ Yoast SEO plugin. -->","yoast_head_json":{"title":"AGRIMARCA, en Pedraza de Campos (Palencia): agrotecnolog\u00eda 4.0 en una explotaci\u00f3n modelo del Programa CULTIVA - ASAJA Palencia","description":"La explotaci\u00f3n agr\u00edcola&nbsp;AGRIMARCA, ubicada en&nbsp;Pedraza de Campos (Palencia)&nbsp;y vinculada a&nbsp;ASAJA, es una de las fincas modelo incluidas AGRIMARCA, en Pedraza de Campos (Palencia): agrotecnolog\u00eda 4.0 en una explotaci\u00f3n modelo del Programa CULTIVA","robots":{"index":"index","follow":"follow","max-snippet":"max-snippet:-1","max-image-preview":"max-image-preview:large","max-video-preview":"max-video-preview:-1"},"canonical":"https:\/\/www.asajacyl.com\/palencia\/asaja-palencia-informa\/agrimarca-en-pedraza-de-campos-palencia-agrotecnologia-4-0-en-una-explotacion-modelo-del-programa-cultiva","og_locale":"es_ES","og_type":"article","og_title":"AGRIMARCA, en Pedraza de Campos (Palencia): agrotecnolog\u00eda 4.0 en una explotaci\u00f3n modelo del Programa CULTIVA - ASAJA Palencia","og_description":"La explotaci\u00f3n agr\u00edcola&nbsp;AGRIMARCA, ubicada en&nbsp;Pedraza de Campos (Palencia)&nbsp;y vinculada a&nbsp;ASAJA, es una de las fincas modelo incluidas AGRIMARCA, en Pedraza de Campos (Palencia): agrotecnolog\u00eda 4.0 en una explotaci\u00f3n modelo del Programa CULTIVA","og_url":"https:\/\/www.asajacyl.com\/palencia\/asaja-palencia-informa\/agrimarca-en-pedraza-de-campos-palencia-agrotecnologia-4-0-en-una-explotacion-modelo-del-programa-cultiva","og_site_name":"ASAJA Palencia","article_published_time":"2026-03-07T09:49:00+00:00","og_image":[{"width":1586,"height":1009,"url":"https:\/\/www.asajacyl.com\/palencia\/wp-content\/uploads\/sites\/3\/2026\/03\/Agrimarca-Vasile-ordenador-cosechadora.jpg","type":"image\/jpeg"}],"author":"Administrador","twitter_card":"summary_large_image","twitter_misc":{"Escrito por":"Administrador","Tiempo de lectura":"3 minutos"},"schema":{"@context":"https:\/\/schema.org","@graph":[{"@type":"WebPage","@id":"https:\/\/www.asajacyl.com\/palencia\/asaja-palencia-informa\/agrimarca-en-pedraza-de-campos-palencia-agrotecnologia-4-0-en-una-explotacion-modelo-del-programa-cultiva","url":"https:\/\/www.asajacyl.com\/palencia\/asaja-palencia-informa\/agrimarca-en-pedraza-de-campos-palencia-agrotecnologia-4-0-en-una-explotacion-modelo-del-programa-cultiva","name":"AGRIMARCA, en Pedraza de Campos (Palencia): agrotecnolog\u00eda 4.0 en una explotaci\u00f3n modelo del Programa CULTIVA - ASAJA Palencia","isPartOf":{"@id":"https:\/\/www.asajacyl.com\/palencia\/#website"},"primaryImageOfPage":{"@id":"https:\/\/www.asajacyl.com\/palencia\/asaja-palencia-informa\/agrimarca-en-pedraza-de-campos-palencia-agrotecnologia-4-0-en-una-explotacion-modelo-del-programa-cultiva#primaryimage"},"image":{"@id":"https:\/\/www.asajacyl.com\/palencia\/asaja-palencia-informa\/agrimarca-en-pedraza-de-campos-palencia-agrotecnologia-4-0-en-una-explotacion-modelo-del-programa-cultiva#primaryimage"},"thumbnailUrl":"https:\/\/www.asajacyl.com\/palencia\/wp-content\/uploads\/sites\/3\/2026\/03\/Agrimarca-Vasile-ordenador-cosechadora.jpg","datePublished":"2026-03-07T09:49:00+00:00","author":{"@id":"https:\/\/www.asajacyl.com\/palencia\/#\/schema\/person\/3ab17aeb03527485c317557fae64aab1"},"description":"La explotaci\u00f3n agr\u00edcola&nbsp;AGRIMARCA, ubicada en&nbsp;Pedraza de Campos (Palencia)&nbsp;y vinculada a&nbsp;ASAJA, es una de las fincas modelo incluidas AGRIMARCA, en Pedraza de Campos (Palencia): agrotecnolog\u00eda 4.0 en una explotaci\u00f3n modelo del Programa CULTIVA","breadcrumb":{"@id":"https:\/\/www.asajacyl.com\/palencia\/asaja-palencia-informa\/agrimarca-en-pedraza-de-campos-palencia-agrotecnologia-4-0-en-una-explotacion-modelo-del-programa-cultiva#breadcrumb"},"inLanguage":"es","potentialAction":[{"@type":"ReadAction","target":["https:\/\/www.asajacyl.com\/palencia\/asaja-palencia-informa\/agrimarca-en-pedraza-de-campos-palencia-agrotecnologia-4-0-en-una-explotacion-modelo-del-programa-cultiva"]}]},{"@type":"ImageObject","inLanguage":"es","@id":"https:\/\/www.asajacyl.com\/palencia\/asaja-palencia-informa\/agrimarca-en-pedraza-de-campos-palencia-agrotecnologia-4-0-en-una-explotacion-modelo-del-programa-cultiva#primaryimage","url":"https:\/\/www.asajacyl.com\/palencia\/wp-content\/uploads\/sites\/3\/2026\/03\/Agrimarca-Vasile-ordenador-cosechadora.jpg","contentUrl":"https:\/\/www.asajacyl.com\/palencia\/wp-content\/uploads\/sites\/3\/2026\/03\/Agrimarca-Vasile-ordenador-cosechadora.jpg","width":1586,"height":1009},{"@type":"BreadcrumbList","@id":"https:\/\/www.asajacyl.com\/palencia\/asaja-palencia-informa\/agrimarca-en-pedraza-de-campos-palencia-agrotecnologia-4-0-en-una-explotacion-modelo-del-programa-cultiva#breadcrumb","itemListElement":[{"@type":"ListItem","position":1,"name":"Portada","item":"https:\/\/www.asajacyl.com\/palencia\/"},{"@type":"ListItem","position":2,"name":"AGRIMARCA, en Pedraza de Campos (Palencia): agrotecnolog\u00eda 4.0 en una explotaci\u00f3n modelo del Programa CULTIVA"}]},{"@type":"WebSite","@id":"https:\/\/www.asajacyl.com\/palencia\/#website","url":"https:\/\/www.asajacyl.com\/palencia\/","name":"ASAJA Palencia","description":"Otro sitio m\u00e1s de Provincias ASAJA Castilla y Le\u00f3n","potentialAction":[{"@type":"SearchAction","target":{"@type":"EntryPoint","urlTemplate":"https:\/\/www.asajacyl.com\/palencia\/?s={search_term_string}"},"query-input":{"@type":"PropertyValueSpecification","valueRequired":true,"valueName":"search_term_string"}}],"inLanguage":"es"},{"@type":"Person","@id":"https:\/\/www.asajacyl.com\/palencia\/#\/schema\/person\/3ab17aeb03527485c317557fae64aab1","name":"Administrador","image":{"@type":"ImageObject","inLanguage":"es","@id":"https:\/\/www.asajacyl.com\/palencia\/#\/schema\/person\/image\/","url":"https:\/\/secure.gravatar.com\/avatar\/517384810d242ca9e38c180f3c9fb973?s=96&d=mm&r=g","contentUrl":"https:\/\/secure.gravatar.com\/avatar\/517384810d242ca9e38c180f3c9fb973?s=96&d=mm&r=g","caption":"Administrador"},"url":"https:\/\/www.asajacyl.com\/palencia\/author\/carlosrm"}]}},"_links":{"self":[{"href":"https:\/\/www.asajacyl.com\/palencia\/wp-json\/wp\/v2\/posts\/22439"}],"collection":[{"href":"https:\/\/www.asajacyl.com\/palencia\/wp-json\/wp\/v2\/posts"}],"about":[{"href":"https:\/\/www.asajacyl.com\/palencia\/wp-json\/wp\/v2\/types\/post"}],"author":[{"embeddable":true,"href":"https:\/\/www.asajacyl.com\/palencia\/wp-json\/wp\/v2\/users\/9"}],"replies":[{"embeddable":true,"href":"https:\/\/www.asajacyl.com\/palencia\/wp-json\/wp\/v2\/comments?post=22439"}],"version-history":[{"count":4,"href":"https:\/\/www.asajacyl.com\/palencia\/wp-json\/wp\/v2\/posts\/22439\/revisions"}],"predecessor-version":[{"id":22465,"href":"https:\/\/www.asajacyl.com\/palencia\/wp-json\/wp\/v2\/posts\/22439\/revisions\/22465"}],"wp:featuredmedia":[{"embeddable":true,"href":"https:\/\/www.asajacyl.com\/palencia\/wp-json\/wp\/v2\/media\/22457"}],"wp:attachment":[{"href":"https:\/\/www.asajacyl.com\/palencia\/wp-json\/wp\/v2\/media?parent=22439"}],"wp:term":[{"taxonomy":"category","embeddable":true,"href":"https:\/\/www.asajacyl.com\/palencia\/wp-json\/wp\/v2\/categories?post=22439"},{"taxonomy":"post_tag","embeddable":true,"href":"https:\/\/www.asajacyl.com\/palencia\/wp-json\/wp\/v2\/tags?post=22439"}],"curies":[{"name":"wp","href":"https:\/\/api.w.org\/{rel}","templated":true}]}}