{"id":22442,"date":"2026-03-08T11:02:19","date_gmt":"2026-03-08T10:02:19","guid":{"rendered":"https:\/\/www.asajacyl.com\/palencia\/?p=22442"},"modified":"2026-03-09T09:24:32","modified_gmt":"2026-03-09T08:24:32","slug":"concentracion-el-10-de-marzo-contra-el-freno-de-suministro-y-la-especulacion-con-el-gasoleo-agricola","status":"publish","type":"post","link":"https:\/\/www.asajacyl.com\/palencia\/asaja-palencia-informa\/concentracion-el-10-de-marzo-contra-el-freno-de-suministro-y-la-especulacion-con-el-gasoleo-agricola","title":{"rendered":"Concentraci\u00f3n el 10 de marzo contra el freno de suministro y la especulaci\u00f3n con el gas\u00f3leo agr\u00edcola"},"content":{"rendered":"\n<h2 class=\"wp-block-heading\">Las organizaciones agrarias&nbsp;<strong>ASAJA<\/strong>,&nbsp;<strong>UCCL<\/strong>&nbsp;y la&nbsp;<strong>ALIANZA UPA-COAG<\/strong>&nbsp;bloquear\u00e1n el <strong>pr\u00f3ximo&nbsp;martes<\/strong>&nbsp;el centro log\u00edstico de hidrocarburos&nbsp;<strong>Exolum (CLH)<\/strong>&nbsp;de&nbsp;<strong>Santovenia de Pisuerga<\/strong>, en&nbsp;<strong>Valladolid<\/strong>, en protesta por la paralizaci\u00f3n del suministro de carburante agr\u00edcola y la amenaza de&nbsp;<strong>subidas especulativas de precios<\/strong>&nbsp;en un momento cr\u00edtico para la actividad agraria de&nbsp;<strong>Castilla y Le\u00f3n<\/strong>.<\/h2>\n\n\n\n<p>La crisis en\u00a0<strong>Oriente Medio<\/strong>\u00a0est\u00e1 provocando el acaparamiento de carburante por parte de las petroleras, que han frenado las entregas a la distribuci\u00f3n, previsiblemente a la espera de aplicar\u00a0<strong>subidas desorbitadas<\/strong>\u00a0todav\u00eda no justificadas.<\/p>\n\n\n\n<p>Paralizar el suministro de&nbsp;<strong>gas\u00f3leo B<\/strong>&nbsp;significa paralizar el campo en un momento de m\u00e1xima actividad, tras meses en los que las lluvias han impedido trabajar. La <strong>situaci\u00f3n<\/strong> es, por tanto,&nbsp;<strong>cr\u00edtica<\/strong>.<\/p>\n\n\n\n<p>Los responsables de las organizaciones convocantes estar\u00e1n a disposici\u00f3n de los medios de comunicaci\u00f3n al comienzo de la protesta, previsto para las&nbsp;<strong>12:00 horas<\/strong>, frente al centro&nbsp;<strong>Exolum (Ctra. Cabez\u00f3n, km 6,4)<\/strong>, en&nbsp;<strong>Santovenia de Pisuerga<\/strong>.<\/p>\n\n\n\n<figure class=\"wp-block-image size-full is-resized\"><img loading=\"lazy\" decoding=\"async\" width=\"711\" height=\"400\" src=\"https:\/\/www.asajacyl.com\/palencia\/wp-content\/uploads\/sites\/3\/2026\/03\/Instalaciones-CLH-Santovenia-Valladolid.jpg\" alt=\"\" class=\"wp-image-22443\" style=\"width:751px;height:auto\" srcset=\"https:\/\/www.asajacyl.com\/palencia\/wp-content\/uploads\/sites\/3\/2026\/03\/Instalaciones-CLH-Santovenia-Valladolid.jpg 711w, https:\/\/www.asajacyl.com\/palencia\/wp-content\/uploads\/sites\/3\/2026\/03\/Instalaciones-CLH-Santovenia-Valladolid-300x169.jpg 300w, https:\/\/www.asajacyl.com\/palencia\/wp-content\/uploads\/sites\/3\/2026\/03\/Instalaciones-CLH-Santovenia-Valladolid-696x392.jpg 696w\" sizes=\"(max-width: 711px) 100vw, 711px\" \/><\/figure>\n\n\n\n<p><strong>CASI UN 42% DE SUBIDA<\/strong>. Las organizaciones profesionales agrarias denuncian as\u00ed los&nbsp;<strong>movimientos especulativos<\/strong>&nbsp;y coordinados de las compa\u00f1\u00edas petroleras para no solo encarecer el combustible \u2014del pasado viernes a hoy el litro de gas\u00f3leo agr\u00edcola ha pasado de&nbsp;<strong>95 c\u00e9ntimos a 1,35 euros<\/strong>, un&nbsp;<strong>42% m\u00e1s<\/strong>\u2014, sino que han bloqueado directamente el suministro a los distribuidores. <\/p>\n\n\n\n<p>Se dan as\u00ed dos irregularidades; la primera, que <strong>se sube de precio carburante que est\u00e1 almacenado<\/strong> y cuya importaci\u00f3n no supuso mayor coste; y la segunda, que se est\u00e1 <strong>frenando su entrada en el mercado<\/strong>, a la espera de aplicar incrementos todav\u00eda superiores sobre el precio final. <\/p>\n\n\n\n<p><strong>ESPECULACI\u00d3N PURA<\/strong>. <strong>El gas\u00f3leo que llegar\u00e1 estos d\u00edas a los surtidores fue comprado cuando el barril estaba en otro precio<\/strong>. Espa\u00f1a, adem\u00e1s, mantiene&nbsp;<strong>reservas estrat\u00e9gicas<\/strong>&nbsp;de petr\u00f3leo equivalentes a&nbsp;<strong>m\u00e1s de 90 d\u00edas<\/strong>&nbsp;de consumo; es decir, en estos momentos no existe desabastecimiento. Se trata de una situaci\u00f3n&nbsp;<strong>especulativa sin precedentes<\/strong>, que se ceba especialmente con los agricultores, a sabiendas de su total dependencia del gas\u00f3leo en un momento de m\u00e1xima actividad en el campo.<\/p>\n\n\n\n<p>Las Organizaciones Profesionales Agrarias reclamamos al&nbsp;<strong>Gobierno<\/strong>&nbsp;que <strong>act\u00fae con car\u00e1cter de urgencia<\/strong> y presione a las empresas petrol\u00edferas, que una vez m\u00e1s engordan sus m\u00e1rgenes a costa de los profesionales del sector primario y de los consumidores en general, porque al final este encarecimiento se repercute en los&nbsp;<strong>precios de los alimentos<\/strong>.<\/p>\n\n\n\n<p><strong>CONCENTRACI\u00d3N<\/strong>. El acto de protesta del <strong>d\u00eda 10<\/strong> en Valladolid es el <strong>comienzo de una serie de actuaciones<\/strong> que llevaremos a cabo y mantendremos hasta que no se den&nbsp;<strong>soluciones definitivas<\/strong>&nbsp;que respondan a los perjuicios que est\u00e1 provocando la situaci\u00f3n para los agricultores y ganaderos. En especial, la pinza sobre los&nbsp;<strong>costes del gas\u00f3leo y los fertilizantes<\/strong>&nbsp;puede ser la puntilla final para el cereal de Castilla y Le\u00f3n.<\/p>\n\n\n\n<p>Conviene recordar que los operadores m\u00e1s importantes de las refiner\u00edas emplazadas en territorio de Castilla y Le\u00f3n son&nbsp;<strong>REPSOL<\/strong>,&nbsp;<strong>MOEVE (CEPSA)<\/strong>,&nbsp;<strong>BP<\/strong>&nbsp;y&nbsp;<strong>GALP<\/strong>, y que el mercado de refino espa\u00f1ol, a diferencia del europeo, est\u00e1 altamente concentrado en forma de&nbsp;<strong>mercado oligopol\u00edstico<\/strong>. <\/p>\n\n\n\n<p><strong>ACCIONES Y AYUDAS DEL GOBIERNO<\/strong>. Por este motivo, instamos al Gobierno de Espa\u00f1a a que, ante una situaci\u00f3n excepcional como la actual, ponga coto a estas&nbsp;<strong>presiones especulativas&nbsp;inaceptables<\/strong> sobre el mercado de combustibles. <\/p>\n\n\n\n<p>Adem\u00e1s, el sector agrario espera una respuesta espec\u00edfica y satisfactoria por parte del Ejecutivo, y que se concreten lo antes posible las&nbsp;<strong>ayudas econ\u00f3micas y fiscales<\/strong>&nbsp;anunciadas estos d\u00edas por el presidente del Gobierno.<\/p>\n","protected":false},"excerpt":{"rendered":"<p>Las organizaciones agrarias&nbsp;ASAJA,&nbsp;UCCL&nbsp;y la&nbsp;ALIANZA UPA-COAG&nbsp;bloquear\u00e1n el pr\u00f3ximo&nbsp;martes&nbsp;el centro log\u00edstico de hidrocarburos&nbsp;Exolum (CLH)&nbsp;de&nbsp;Santovenia de Pisuerga, en&nbsp;Valladolid, en protesta por la paralizaci\u00f3n del suministro de carburante agr\u00edcola y la amenaza de&nbsp;subidas especulativas de precios&nbsp;en un momento cr\u00edtico para la actividad agraria de&nbsp;Castilla y Le\u00f3n. La crisis en\u00a0Oriente Medio\u00a0est\u00e1 provocando el acaparamiento de carburante por parte de las [&hellip;]<\/p>\n","protected":false},"author":9,"featured_media":22443,"comment_status":"open","ping_status":"open","sticky":false,"template":"","format":"standard","meta":{"footnotes":""},"categories":[9,29,28],"tags":[711,1698,1798,1797,1710,1799,1800],"yoast_head":"<!-- This site is optimized with the Yoast SEO plugin v24.5 - https:\/\/yoast.com\/wordpress\/plugins\/seo\/ -->\n<title>Concentraci\u00f3n el 10 de marzo contra el freno de suministro y la especulaci\u00f3n con el gas\u00f3leo agr\u00edcola - ASAJA Palencia<\/title>\n<meta name=\"description\" content=\"Las organizaciones agrarias&nbsp;ASAJA,&nbsp;UCCL&nbsp;y la&nbsp;ALIANZA UPA-COAG&nbsp;bloquear\u00e1n el pr\u00f3ximo&nbsp;martes&nbsp;el centro log\u00edstico de\" \/>\n<meta name=\"robots\" content=\"index, follow, max-snippet:-1, max-image-preview:large, max-video-preview:-1\" \/>\n<link rel=\"canonical\" href=\"https:\/\/www.asajacyl.com\/palencia\/asaja-palencia-informa\/concentracion-el-10-de-marzo-contra-el-freno-de-suministro-y-la-especulacion-con-el-gasoleo-agricola\" \/>\n<meta property=\"og:locale\" content=\"es_ES\" \/>\n<meta property=\"og:type\" content=\"article\" \/>\n<meta property=\"og:title\" content=\"Concentraci\u00f3n el 10 de marzo contra el freno de suministro y la especulaci\u00f3n con el gas\u00f3leo agr\u00edcola - ASAJA Palencia\" \/>\n<meta property=\"og:description\" content=\"Las organizaciones agrarias&nbsp;ASAJA,&nbsp;UCCL&nbsp;y la&nbsp;ALIANZA UPA-COAG&nbsp;bloquear\u00e1n el pr\u00f3ximo&nbsp;martes&nbsp;el centro log\u00edstico de\" \/>\n<meta property=\"og:url\" content=\"https:\/\/www.asajacyl.com\/palencia\/asaja-palencia-informa\/concentracion-el-10-de-marzo-contra-el-freno-de-suministro-y-la-especulacion-con-el-gasoleo-agricola\" \/>\n<meta property=\"og:site_name\" content=\"ASAJA Palencia\" \/>\n<meta property=\"article:published_time\" content=\"2026-03-08T10:02:19+00:00\" \/>\n<meta property=\"article:modified_time\" content=\"2026-03-09T08:24:32+00:00\" \/>\n<meta property=\"og:image\" content=\"https:\/\/www.asajacyl.com\/palencia\/wp-content\/uploads\/sites\/3\/2026\/03\/Instalaciones-CLH-Santovenia-Valladolid.jpg\" \/>\n\t<meta property=\"og:image:width\" content=\"711\" \/>\n\t<meta property=\"og:image:height\" content=\"400\" \/>\n\t<meta property=\"og:image:type\" content=\"image\/jpeg\" \/>\n<meta name=\"author\" content=\"Administrador\" \/>\n<meta name=\"twitter:card\" content=\"summary_large_image\" \/>\n<meta name=\"twitter:label1\" content=\"Escrito por\" \/>\n\t<meta name=\"twitter:data1\" content=\"Administrador\" \/>\n\t<meta name=\"twitter:label2\" content=\"Tiempo de lectura\" \/>\n\t<meta name=\"twitter:data2\" content=\"4 minutos\" \/>\n<script type=\"application\/ld+json\" class=\"yoast-schema-graph\">{\"@context\":\"https:\/\/schema.org\",\"@graph\":[{\"@type\":\"WebPage\",\"@id\":\"https:\/\/www.asajacyl.com\/palencia\/asaja-palencia-informa\/concentracion-el-10-de-marzo-contra-el-freno-de-suministro-y-la-especulacion-con-el-gasoleo-agricola\",\"url\":\"https:\/\/www.asajacyl.com\/palencia\/asaja-palencia-informa\/concentracion-el-10-de-marzo-contra-el-freno-de-suministro-y-la-especulacion-con-el-gasoleo-agricola\",\"name\":\"Concentraci\u00f3n el 10 de marzo contra el freno de suministro y la especulaci\u00f3n con el gas\u00f3leo agr\u00edcola - ASAJA Palencia\",\"isPartOf\":{\"@id\":\"https:\/\/www.asajacyl.com\/palencia\/#website\"},\"primaryImageOfPage\":{\"@id\":\"https:\/\/www.asajacyl.com\/palencia\/asaja-palencia-informa\/concentracion-el-10-de-marzo-contra-el-freno-de-suministro-y-la-especulacion-con-el-gasoleo-agricola#primaryimage\"},\"image\":{\"@id\":\"https:\/\/www.asajacyl.com\/palencia\/asaja-palencia-informa\/concentracion-el-10-de-marzo-contra-el-freno-de-suministro-y-la-especulacion-con-el-gasoleo-agricola#primaryimage\"},\"thumbnailUrl\":\"https:\/\/www.asajacyl.com\/palencia\/wp-content\/uploads\/sites\/3\/2026\/03\/Instalaciones-CLH-Santovenia-Valladolid.jpg\",\"datePublished\":\"2026-03-08T10:02:19+00:00\",\"dateModified\":\"2026-03-09T08:24:32+00:00\",\"author\":{\"@id\":\"https:\/\/www.asajacyl.com\/palencia\/#\/schema\/person\/3ab17aeb03527485c317557fae64aab1\"},\"description\":\"Las organizaciones agrarias&nbsp;ASAJA,&nbsp;UCCL&nbsp;y la&nbsp;ALIANZA UPA-COAG&nbsp;bloquear\u00e1n el pr\u00f3ximo&nbsp;martes&nbsp;el centro log\u00edstico de\",\"breadcrumb\":{\"@id\":\"https:\/\/www.asajacyl.com\/palencia\/asaja-palencia-informa\/concentracion-el-10-de-marzo-contra-el-freno-de-suministro-y-la-especulacion-con-el-gasoleo-agricola#breadcrumb\"},\"inLanguage\":\"es\",\"potentialAction\":[{\"@type\":\"ReadAction\",\"target\":[\"https:\/\/www.asajacyl.com\/palencia\/asaja-palencia-informa\/concentracion-el-10-de-marzo-contra-el-freno-de-suministro-y-la-especulacion-con-el-gasoleo-agricola\"]}]},{\"@type\":\"ImageObject\",\"inLanguage\":\"es\",\"@id\":\"https:\/\/www.asajacyl.com\/palencia\/asaja-palencia-informa\/concentracion-el-10-de-marzo-contra-el-freno-de-suministro-y-la-especulacion-con-el-gasoleo-agricola#primaryimage\",\"url\":\"https:\/\/www.asajacyl.com\/palencia\/wp-content\/uploads\/sites\/3\/2026\/03\/Instalaciones-CLH-Santovenia-Valladolid.jpg\",\"contentUrl\":\"https:\/\/www.asajacyl.com\/palencia\/wp-content\/uploads\/sites\/3\/2026\/03\/Instalaciones-CLH-Santovenia-Valladolid.jpg\",\"width\":711,\"height\":400},{\"@type\":\"BreadcrumbList\",\"@id\":\"https:\/\/www.asajacyl.com\/palencia\/asaja-palencia-informa\/concentracion-el-10-de-marzo-contra-el-freno-de-suministro-y-la-especulacion-con-el-gasoleo-agricola#breadcrumb\",\"itemListElement\":[{\"@type\":\"ListItem\",\"position\":1,\"name\":\"Portada\",\"item\":\"https:\/\/www.asajacyl.com\/palencia\/\"},{\"@type\":\"ListItem\",\"position\":2,\"name\":\"Concentraci\u00f3n el 10 de marzo contra el freno de suministro y la especulaci\u00f3n con el gas\u00f3leo agr\u00edcola\"}]},{\"@type\":\"WebSite\",\"@id\":\"https:\/\/www.asajacyl.com\/palencia\/#website\",\"url\":\"https:\/\/www.asajacyl.com\/palencia\/\",\"name\":\"ASAJA Palencia\",\"description\":\"Otro sitio m\u00e1s de Provincias ASAJA Castilla y Le\u00f3n\",\"potentialAction\":[{\"@type\":\"SearchAction\",\"target\":{\"@type\":\"EntryPoint\",\"urlTemplate\":\"https:\/\/www.asajacyl.com\/palencia\/?s={search_term_string}\"},\"query-input\":{\"@type\":\"PropertyValueSpecification\",\"valueRequired\":true,\"valueName\":\"search_term_string\"}}],\"inLanguage\":\"es\"},{\"@type\":\"Person\",\"@id\":\"https:\/\/www.asajacyl.com\/palencia\/#\/schema\/person\/3ab17aeb03527485c317557fae64aab1\",\"name\":\"Administrador\",\"image\":{\"@type\":\"ImageObject\",\"inLanguage\":\"es\",\"@id\":\"https:\/\/www.asajacyl.com\/palencia\/#\/schema\/person\/image\/\",\"url\":\"https:\/\/secure.gravatar.com\/avatar\/517384810d242ca9e38c180f3c9fb973?s=96&d=mm&r=g\",\"contentUrl\":\"https:\/\/secure.gravatar.com\/avatar\/517384810d242ca9e38c180f3c9fb973?s=96&d=mm&r=g\",\"caption\":\"Administrador\"},\"url\":\"https:\/\/www.asajacyl.com\/palencia\/author\/carlosrm\"}]}<\/script>\n<!-- \/ Yoast SEO plugin. -->","yoast_head_json":{"title":"Concentraci\u00f3n el 10 de marzo contra el freno de suministro y la especulaci\u00f3n con el gas\u00f3leo agr\u00edcola - ASAJA Palencia","description":"Las organizaciones agrarias&nbsp;ASAJA,&nbsp;UCCL&nbsp;y la&nbsp;ALIANZA UPA-COAG&nbsp;bloquear\u00e1n el pr\u00f3ximo&nbsp;martes&nbsp;el centro log\u00edstico de","robots":{"index":"index","follow":"follow","max-snippet":"max-snippet:-1","max-image-preview":"max-image-preview:large","max-video-preview":"max-video-preview:-1"},"canonical":"https:\/\/www.asajacyl.com\/palencia\/asaja-palencia-informa\/concentracion-el-10-de-marzo-contra-el-freno-de-suministro-y-la-especulacion-con-el-gasoleo-agricola","og_locale":"es_ES","og_type":"article","og_title":"Concentraci\u00f3n el 10 de marzo contra el freno de suministro y la especulaci\u00f3n con el gas\u00f3leo agr\u00edcola - ASAJA Palencia","og_description":"Las organizaciones agrarias&nbsp;ASAJA,&nbsp;UCCL&nbsp;y la&nbsp;ALIANZA UPA-COAG&nbsp;bloquear\u00e1n el pr\u00f3ximo&nbsp;martes&nbsp;el centro log\u00edstico de","og_url":"https:\/\/www.asajacyl.com\/palencia\/asaja-palencia-informa\/concentracion-el-10-de-marzo-contra-el-freno-de-suministro-y-la-especulacion-con-el-gasoleo-agricola","og_site_name":"ASAJA Palencia","article_published_time":"2026-03-08T10:02:19+00:00","article_modified_time":"2026-03-09T08:24:32+00:00","og_image":[{"width":711,"height":400,"url":"https:\/\/www.asajacyl.com\/palencia\/wp-content\/uploads\/sites\/3\/2026\/03\/Instalaciones-CLH-Santovenia-Valladolid.jpg","type":"image\/jpeg"}],"author":"Administrador","twitter_card":"summary_large_image","twitter_misc":{"Escrito por":"Administrador","Tiempo de lectura":"4 minutos"},"schema":{"@context":"https:\/\/schema.org","@graph":[{"@type":"WebPage","@id":"https:\/\/www.asajacyl.com\/palencia\/asaja-palencia-informa\/concentracion-el-10-de-marzo-contra-el-freno-de-suministro-y-la-especulacion-con-el-gasoleo-agricola","url":"https:\/\/www.asajacyl.com\/palencia\/asaja-palencia-informa\/concentracion-el-10-de-marzo-contra-el-freno-de-suministro-y-la-especulacion-con-el-gasoleo-agricola","name":"Concentraci\u00f3n el 10 de marzo contra el freno de suministro y la especulaci\u00f3n con el gas\u00f3leo agr\u00edcola - ASAJA Palencia","isPartOf":{"@id":"https:\/\/www.asajacyl.com\/palencia\/#website"},"primaryImageOfPage":{"@id":"https:\/\/www.asajacyl.com\/palencia\/asaja-palencia-informa\/concentracion-el-10-de-marzo-contra-el-freno-de-suministro-y-la-especulacion-con-el-gasoleo-agricola#primaryimage"},"image":{"@id":"https:\/\/www.asajacyl.com\/palencia\/asaja-palencia-informa\/concentracion-el-10-de-marzo-contra-el-freno-de-suministro-y-la-especulacion-con-el-gasoleo-agricola#primaryimage"},"thumbnailUrl":"https:\/\/www.asajacyl.com\/palencia\/wp-content\/uploads\/sites\/3\/2026\/03\/Instalaciones-CLH-Santovenia-Valladolid.jpg","datePublished":"2026-03-08T10:02:19+00:00","dateModified":"2026-03-09T08:24:32+00:00","author":{"@id":"https:\/\/www.asajacyl.com\/palencia\/#\/schema\/person\/3ab17aeb03527485c317557fae64aab1"},"description":"Las organizaciones agrarias&nbsp;ASAJA,&nbsp;UCCL&nbsp;y la&nbsp;ALIANZA UPA-COAG&nbsp;bloquear\u00e1n el pr\u00f3ximo&nbsp;martes&nbsp;el centro log\u00edstico de","breadcrumb":{"@id":"https:\/\/www.asajacyl.com\/palencia\/asaja-palencia-informa\/concentracion-el-10-de-marzo-contra-el-freno-de-suministro-y-la-especulacion-con-el-gasoleo-agricola#breadcrumb"},"inLanguage":"es","potentialAction":[{"@type":"ReadAction","target":["https:\/\/www.asajacyl.com\/palencia\/asaja-palencia-informa\/concentracion-el-10-de-marzo-contra-el-freno-de-suministro-y-la-especulacion-con-el-gasoleo-agricola"]}]},{"@type":"ImageObject","inLanguage":"es","@id":"https:\/\/www.asajacyl.com\/palencia\/asaja-palencia-informa\/concentracion-el-10-de-marzo-contra-el-freno-de-suministro-y-la-especulacion-con-el-gasoleo-agricola#primaryimage","url":"https:\/\/www.asajacyl.com\/palencia\/wp-content\/uploads\/sites\/3\/2026\/03\/Instalaciones-CLH-Santovenia-Valladolid.jpg","contentUrl":"https:\/\/www.asajacyl.com\/palencia\/wp-content\/uploads\/sites\/3\/2026\/03\/Instalaciones-CLH-Santovenia-Valladolid.jpg","width":711,"height":400},{"@type":"BreadcrumbList","@id":"https:\/\/www.asajacyl.com\/palencia\/asaja-palencia-informa\/concentracion-el-10-de-marzo-contra-el-freno-de-suministro-y-la-especulacion-con-el-gasoleo-agricola#breadcrumb","itemListElement":[{"@type":"ListItem","position":1,"name":"Portada","item":"https:\/\/www.asajacyl.com\/palencia\/"},{"@type":"ListItem","position":2,"name":"Concentraci\u00f3n el 10 de marzo contra el freno de suministro y la especulaci\u00f3n con el gas\u00f3leo agr\u00edcola"}]},{"@type":"WebSite","@id":"https:\/\/www.asajacyl.com\/palencia\/#website","url":"https:\/\/www.asajacyl.com\/palencia\/","name":"ASAJA Palencia","description":"Otro sitio m\u00e1s de Provincias ASAJA Castilla y Le\u00f3n","potentialAction":[{"@type":"SearchAction","target":{"@type":"EntryPoint","urlTemplate":"https:\/\/www.asajacyl.com\/palencia\/?s={search_term_string}"},"query-input":{"@type":"PropertyValueSpecification","valueRequired":true,"valueName":"search_term_string"}}],"inLanguage":"es"},{"@type":"Person","@id":"https:\/\/www.asajacyl.com\/palencia\/#\/schema\/person\/3ab17aeb03527485c317557fae64aab1","name":"Administrador","image":{"@type":"ImageObject","inLanguage":"es","@id":"https:\/\/www.asajacyl.com\/palencia\/#\/schema\/person\/image\/","url":"https:\/\/secure.gravatar.com\/avatar\/517384810d242ca9e38c180f3c9fb973?s=96&d=mm&r=g","contentUrl":"https:\/\/secure.gravatar.com\/avatar\/517384810d242ca9e38c180f3c9fb973?s=96&d=mm&r=g","caption":"Administrador"},"url":"https:\/\/www.asajacyl.com\/palencia\/author\/carlosrm"}]}},"_links":{"self":[{"href":"https:\/\/www.asajacyl.com\/palencia\/wp-json\/wp\/v2\/posts\/22442"}],"collection":[{"href":"https:\/\/www.asajacyl.com\/palencia\/wp-json\/wp\/v2\/posts"}],"about":[{"href":"https:\/\/www.asajacyl.com\/palencia\/wp-json\/wp\/v2\/types\/post"}],"author":[{"embeddable":true,"href":"https:\/\/www.asajacyl.com\/palencia\/wp-json\/wp\/v2\/users\/9"}],"replies":[{"embeddable":true,"href":"https:\/\/www.asajacyl.com\/palencia\/wp-json\/wp\/v2\/comments?post=22442"}],"version-history":[{"count":2,"href":"https:\/\/www.asajacyl.com\/palencia\/wp-json\/wp\/v2\/posts\/22442\/revisions"}],"predecessor-version":[{"id":22476,"href":"https:\/\/www.asajacyl.com\/palencia\/wp-json\/wp\/v2\/posts\/22442\/revisions\/22476"}],"wp:featuredmedia":[{"embeddable":true,"href":"https:\/\/www.asajacyl.com\/palencia\/wp-json\/wp\/v2\/media\/22443"}],"wp:attachment":[{"href":"https:\/\/www.asajacyl.com\/palencia\/wp-json\/wp\/v2\/media?parent=22442"}],"wp:term":[{"taxonomy":"category","embeddable":true,"href":"https:\/\/www.asajacyl.com\/palencia\/wp-json\/wp\/v2\/categories?post=22442"},{"taxonomy":"post_tag","embeddable":true,"href":"https:\/\/www.asajacyl.com\/palencia\/wp-json\/wp\/v2\/tags?post=22442"}],"curies":[{"name":"wp","href":"https:\/\/api.w.org\/{rel}","templated":true}]}}