{"id":22466,"date":"2026-03-08T12:47:00","date_gmt":"2026-03-08T11:47:00","guid":{"rendered":"https:\/\/www.asajacyl.com\/palencia\/?p=22466"},"modified":"2026-03-07T00:13:29","modified_gmt":"2026-03-06T23:13:29","slug":"el-proximo-viernes-13-de-marzo-se-celebra-la-asamblea-general-ordinaria-de-asaja-palencia","status":"publish","type":"post","link":"https:\/\/www.asajacyl.com\/palencia\/asaja-palencia-informa\/el-proximo-viernes-13-de-marzo-se-celebra-la-asamblea-general-ordinaria-de-asaja-palencia","title":{"rendered":"El pr\u00f3ximo 13 de marzo se celebra la Asamblea General Ordinaria de ASAJA Palencia"},"content":{"rendered":"\n<h2 class=\"wp-block-heading\">Tendr\u00e1 lugar en el Sal\u00f3n Cultural de la Diputaci\u00f3n a partir de las 12 del mediod\u00eda.<\/h2>\n\n\n\n<p>El pr\u00f3ximo 13 de marzo se celebra la Asamblea General Ordinaria de <a href=\"https:\/\/www.asajacyl.com\/palencia\">ASAJA Palencia<\/a>, a partir de las 12h en el Sal\u00f3n Cultural de la Diputaci\u00f3n, en la plaza de los Juzgados de la capital palentina.<\/p>\n\n\n\n<p>En la Asamblea General tendr\u00e1 especial protagonismo, <strong>Jos\u00e9 Luis Marcos<\/strong>, recientemente reelegido presidente de ASAJA Palencia, que estar\u00e1 presente junto a los miembros del comit\u00e9 ejecutivo, tambi\u00e9n ratificado por otros cuatro a\u00f1os.<\/p>\n\n\n\n<p>El <strong>orden del d\u00eda<\/strong> incluye: 1- lectura y aprobaci\u00f3n, si procede, del acta de la asamblea anterior; 2- presentaci\u00f3n y aprobaci\u00f3n, si procede, del ejercicio de 2025; 3- presentaci\u00f3n y aprobaci\u00f3n, si procede, del presupuesto de 2026; 4- informe del presidente; 5- ruegos y preguntas; 6- sorteos.<\/p>\n\n\n\n<figure class=\"wp-block-image size-large\"><img loading=\"lazy\" decoding=\"async\" width=\"1024\" height=\"768\" src=\"https:\/\/www.asajacyl.com\/palencia\/wp-content\/uploads\/sites\/3\/2026\/03\/Asamblea-Duenas-Palencia-2026-1024x768.jpeg\" alt=\"\" class=\"wp-image-22467\" srcset=\"https:\/\/www.asajacyl.com\/palencia\/wp-content\/uploads\/sites\/3\/2026\/03\/Asamblea-Duenas-Palencia-2026-1024x768.jpeg 1024w, https:\/\/www.asajacyl.com\/palencia\/wp-content\/uploads\/sites\/3\/2026\/03\/Asamblea-Duenas-Palencia-2026-300x225.jpeg 300w, https:\/\/www.asajacyl.com\/palencia\/wp-content\/uploads\/sites\/3\/2026\/03\/Asamblea-Duenas-Palencia-2026-768x576.jpeg 768w, https:\/\/www.asajacyl.com\/palencia\/wp-content\/uploads\/sites\/3\/2026\/03\/Asamblea-Duenas-Palencia-2026-1536x1152.jpeg 1536w, https:\/\/www.asajacyl.com\/palencia\/wp-content\/uploads\/sites\/3\/2026\/03\/Asamblea-Duenas-Palencia-2026-560x420.jpeg 560w, https:\/\/www.asajacyl.com\/palencia\/wp-content\/uploads\/sites\/3\/2026\/03\/Asamblea-Duenas-Palencia-2026-80x60.jpeg 80w, https:\/\/www.asajacyl.com\/palencia\/wp-content\/uploads\/sites\/3\/2026\/03\/Asamblea-Duenas-Palencia-2026-696x522.jpeg 696w, https:\/\/www.asajacyl.com\/palencia\/wp-content\/uploads\/sites\/3\/2026\/03\/Asamblea-Duenas-Palencia-2026-1068x801.jpeg 1068w, https:\/\/www.asajacyl.com\/palencia\/wp-content\/uploads\/sites\/3\/2026\/03\/Asamblea-Duenas-Palencia-2026-1920x1440.jpeg 1920w, https:\/\/www.asajacyl.com\/palencia\/wp-content\/uploads\/sites\/3\/2026\/03\/Asamblea-Duenas-Palencia-2026.jpeg 2000w\" sizes=\"(max-width: 1024px) 100vw, 1024px\" \/><\/figure>\n\n\n\n<p><strong>EUROPA<\/strong>. Tras la Asamblea, el ponente invitado de este a\u00f1o es <strong>Jos\u00e9 M\u00aa Castilla<\/strong>, director de la oficina de ASAJA en la Uni\u00f3n Europea, ubicada en la localidad belga de Bruselas. Castilla hablar\u00e1 sobre los principales temas que ahora se negocian en la Uni\u00f3n Europea, como la PAC o MERCOSUR, en la ponencia titulada &#8216;La PAC se cuece en Bruselas&#8217;.<\/p>\n\n\n\n<p><strong>CLAUSURA<\/strong>. En la clausura la jornada hablar\u00e1 <strong>Donaciano Dujo<\/strong>, presidente de ASAJA Castilla y Le\u00f3n, quien como es habitual, har\u00e1 un repaso de los temas candentes en el sector agrario, entre los que no faltar\u00e1 la subida disparada de los precios del combustible.<\/p>\n\n\n\n<p><strong>INSCRIPCIONES<\/strong>. Para facilitar la organizaci\u00f3n, las inscripciones a la Asamblea puede realizarse en el tel\u00e9fono <strong>979752344 <\/strong>o en las oficinas de ASAJA Palencia.<\/p>\n\n\n\n<p>Entre los socios asistentes de ASAJA Palencia, se sortear\u00e1n 5 viajes entre los que tramiten la PAC con ASAJA y otros 5 entre los que tramiten el seguro agrario con ASAJA.<\/p>\n","protected":false},"excerpt":{"rendered":"<p>Tendr\u00e1 lugar en el Sal\u00f3n Cultural de la Diputaci\u00f3n a partir de las 12 del mediod\u00eda. El pr\u00f3ximo 13 de marzo se celebra la Asamblea General Ordinaria de ASAJA Palencia, a partir de las 12h en el Sal\u00f3n Cultural de la Diputaci\u00f3n, en la plaza de los Juzgados de la capital palentina. En la Asamblea [&hellip;]<\/p>\n","protected":false},"author":9,"featured_media":22467,"comment_status":"open","ping_status":"open","sticky":false,"template":"","format":"standard","meta":{"footnotes":""},"categories":[9,29,28],"tags":[711,1698,1801,58,77],"yoast_head":"<!-- This site is optimized with the Yoast SEO plugin v24.5 - https:\/\/yoast.com\/wordpress\/plugins\/seo\/ -->\n<title>El pr\u00f3ximo 13 de marzo se celebra la Asamblea General Ordinaria de ASAJA Palencia - ASAJA Palencia<\/title>\n<meta name=\"description\" content=\"Tendr\u00e1 lugar en el Sal\u00f3n Cultural de la Diputaci\u00f3n a partir de las 12 del mediod\u00eda. El pr\u00f3ximo 13 de marzo se celebra la Asamblea General Ordinaria de El pr\u00f3ximo 13 de marzo se celebra la Asamblea General Ordinaria de ASAJA Palencia\" \/>\n<meta name=\"robots\" content=\"index, follow, max-snippet:-1, max-image-preview:large, max-video-preview:-1\" \/>\n<link rel=\"canonical\" href=\"https:\/\/www.asajacyl.com\/palencia\/asaja-palencia-informa\/el-proximo-viernes-13-de-marzo-se-celebra-la-asamblea-general-ordinaria-de-asaja-palencia\" \/>\n<meta property=\"og:locale\" content=\"es_ES\" \/>\n<meta property=\"og:type\" content=\"article\" \/>\n<meta property=\"og:title\" content=\"El pr\u00f3ximo 13 de marzo se celebra la Asamblea General Ordinaria de ASAJA Palencia - ASAJA Palencia\" \/>\n<meta property=\"og:description\" content=\"Tendr\u00e1 lugar en el Sal\u00f3n Cultural de la Diputaci\u00f3n a partir de las 12 del mediod\u00eda. El pr\u00f3ximo 13 de marzo se celebra la Asamblea General Ordinaria de El pr\u00f3ximo 13 de marzo se celebra la Asamblea General Ordinaria de ASAJA Palencia\" \/>\n<meta property=\"og:url\" content=\"https:\/\/www.asajacyl.com\/palencia\/asaja-palencia-informa\/el-proximo-viernes-13-de-marzo-se-celebra-la-asamblea-general-ordinaria-de-asaja-palencia\" \/>\n<meta property=\"og:site_name\" content=\"ASAJA Palencia\" \/>\n<meta property=\"article:published_time\" content=\"2026-03-08T11:47:00+00:00\" \/>\n<meta property=\"og:image\" content=\"https:\/\/www.asajacyl.com\/palencia\/wp-content\/uploads\/sites\/3\/2026\/03\/Asamblea-Duenas-Palencia-2026.jpeg\" \/>\n\t<meta property=\"og:image:width\" content=\"2000\" \/>\n\t<meta property=\"og:image:height\" content=\"1500\" \/>\n\t<meta property=\"og:image:type\" content=\"image\/jpeg\" \/>\n<meta name=\"author\" content=\"Administrador\" \/>\n<meta name=\"twitter:card\" content=\"summary_large_image\" \/>\n<meta name=\"twitter:label1\" content=\"Escrito por\" \/>\n\t<meta name=\"twitter:data1\" content=\"Administrador\" \/>\n\t<meta name=\"twitter:label2\" content=\"Tiempo de lectura\" \/>\n\t<meta name=\"twitter:data2\" content=\"2 minutos\" \/>\n<script type=\"application\/ld+json\" class=\"yoast-schema-graph\">{\"@context\":\"https:\/\/schema.org\",\"@graph\":[{\"@type\":\"WebPage\",\"@id\":\"https:\/\/www.asajacyl.com\/palencia\/asaja-palencia-informa\/el-proximo-viernes-13-de-marzo-se-celebra-la-asamblea-general-ordinaria-de-asaja-palencia\",\"url\":\"https:\/\/www.asajacyl.com\/palencia\/asaja-palencia-informa\/el-proximo-viernes-13-de-marzo-se-celebra-la-asamblea-general-ordinaria-de-asaja-palencia\",\"name\":\"El pr\u00f3ximo 13 de marzo se celebra la Asamblea General Ordinaria de ASAJA Palencia - ASAJA Palencia\",\"isPartOf\":{\"@id\":\"https:\/\/www.asajacyl.com\/palencia\/#website\"},\"primaryImageOfPage\":{\"@id\":\"https:\/\/www.asajacyl.com\/palencia\/asaja-palencia-informa\/el-proximo-viernes-13-de-marzo-se-celebra-la-asamblea-general-ordinaria-de-asaja-palencia#primaryimage\"},\"image\":{\"@id\":\"https:\/\/www.asajacyl.com\/palencia\/asaja-palencia-informa\/el-proximo-viernes-13-de-marzo-se-celebra-la-asamblea-general-ordinaria-de-asaja-palencia#primaryimage\"},\"thumbnailUrl\":\"https:\/\/www.asajacyl.com\/palencia\/wp-content\/uploads\/sites\/3\/2026\/03\/Asamblea-Duenas-Palencia-2026.jpeg\",\"datePublished\":\"2026-03-08T11:47:00+00:00\",\"author\":{\"@id\":\"https:\/\/www.asajacyl.com\/palencia\/#\/schema\/person\/3ab17aeb03527485c317557fae64aab1\"},\"description\":\"Tendr\u00e1 lugar en el Sal\u00f3n Cultural de la Diputaci\u00f3n a partir de las 12 del mediod\u00eda. El pr\u00f3ximo 13 de marzo se celebra la Asamblea General Ordinaria de El pr\u00f3ximo 13 de marzo se celebra la Asamblea General Ordinaria de ASAJA Palencia\",\"breadcrumb\":{\"@id\":\"https:\/\/www.asajacyl.com\/palencia\/asaja-palencia-informa\/el-proximo-viernes-13-de-marzo-se-celebra-la-asamblea-general-ordinaria-de-asaja-palencia#breadcrumb\"},\"inLanguage\":\"es\",\"potentialAction\":[{\"@type\":\"ReadAction\",\"target\":[\"https:\/\/www.asajacyl.com\/palencia\/asaja-palencia-informa\/el-proximo-viernes-13-de-marzo-se-celebra-la-asamblea-general-ordinaria-de-asaja-palencia\"]}]},{\"@type\":\"ImageObject\",\"inLanguage\":\"es\",\"@id\":\"https:\/\/www.asajacyl.com\/palencia\/asaja-palencia-informa\/el-proximo-viernes-13-de-marzo-se-celebra-la-asamblea-general-ordinaria-de-asaja-palencia#primaryimage\",\"url\":\"https:\/\/www.asajacyl.com\/palencia\/wp-content\/uploads\/sites\/3\/2026\/03\/Asamblea-Duenas-Palencia-2026.jpeg\",\"contentUrl\":\"https:\/\/www.asajacyl.com\/palencia\/wp-content\/uploads\/sites\/3\/2026\/03\/Asamblea-Duenas-Palencia-2026.jpeg\",\"width\":2000,\"height\":1500},{\"@type\":\"BreadcrumbList\",\"@id\":\"https:\/\/www.asajacyl.com\/palencia\/asaja-palencia-informa\/el-proximo-viernes-13-de-marzo-se-celebra-la-asamblea-general-ordinaria-de-asaja-palencia#breadcrumb\",\"itemListElement\":[{\"@type\":\"ListItem\",\"position\":1,\"name\":\"Portada\",\"item\":\"https:\/\/www.asajacyl.com\/palencia\/\"},{\"@type\":\"ListItem\",\"position\":2,\"name\":\"El pr\u00f3ximo 13 de marzo se celebra la Asamblea General Ordinaria de ASAJA Palencia\"}]},{\"@type\":\"WebSite\",\"@id\":\"https:\/\/www.asajacyl.com\/palencia\/#website\",\"url\":\"https:\/\/www.asajacyl.com\/palencia\/\",\"name\":\"ASAJA Palencia\",\"description\":\"Otro sitio m\u00e1s de Provincias ASAJA Castilla y Le\u00f3n\",\"potentialAction\":[{\"@type\":\"SearchAction\",\"target\":{\"@type\":\"EntryPoint\",\"urlTemplate\":\"https:\/\/www.asajacyl.com\/palencia\/?s={search_term_string}\"},\"query-input\":{\"@type\":\"PropertyValueSpecification\",\"valueRequired\":true,\"valueName\":\"search_term_string\"}}],\"inLanguage\":\"es\"},{\"@type\":\"Person\",\"@id\":\"https:\/\/www.asajacyl.com\/palencia\/#\/schema\/person\/3ab17aeb03527485c317557fae64aab1\",\"name\":\"Administrador\",\"image\":{\"@type\":\"ImageObject\",\"inLanguage\":\"es\",\"@id\":\"https:\/\/www.asajacyl.com\/palencia\/#\/schema\/person\/image\/\",\"url\":\"https:\/\/secure.gravatar.com\/avatar\/517384810d242ca9e38c180f3c9fb973?s=96&d=mm&r=g\",\"contentUrl\":\"https:\/\/secure.gravatar.com\/avatar\/517384810d242ca9e38c180f3c9fb973?s=96&d=mm&r=g\",\"caption\":\"Administrador\"},\"url\":\"https:\/\/www.asajacyl.com\/palencia\/author\/carlosrm\"}]}<\/script>\n<!-- \/ Yoast SEO plugin. -->","yoast_head_json":{"title":"El pr\u00f3ximo 13 de marzo se celebra la Asamblea General Ordinaria de ASAJA Palencia - ASAJA Palencia","description":"Tendr\u00e1 lugar en el Sal\u00f3n Cultural de la Diputaci\u00f3n a partir de las 12 del mediod\u00eda. El pr\u00f3ximo 13 de marzo se celebra la Asamblea General Ordinaria de El pr\u00f3ximo 13 de marzo se celebra la Asamblea General Ordinaria de ASAJA Palencia","robots":{"index":"index","follow":"follow","max-snippet":"max-snippet:-1","max-image-preview":"max-image-preview:large","max-video-preview":"max-video-preview:-1"},"canonical":"https:\/\/www.asajacyl.com\/palencia\/asaja-palencia-informa\/el-proximo-viernes-13-de-marzo-se-celebra-la-asamblea-general-ordinaria-de-asaja-palencia","og_locale":"es_ES","og_type":"article","og_title":"El pr\u00f3ximo 13 de marzo se celebra la Asamblea General Ordinaria de ASAJA Palencia - ASAJA Palencia","og_description":"Tendr\u00e1 lugar en el Sal\u00f3n Cultural de la Diputaci\u00f3n a partir de las 12 del mediod\u00eda. El pr\u00f3ximo 13 de marzo se celebra la Asamblea General Ordinaria de El pr\u00f3ximo 13 de marzo se celebra la Asamblea General Ordinaria de ASAJA Palencia","og_url":"https:\/\/www.asajacyl.com\/palencia\/asaja-palencia-informa\/el-proximo-viernes-13-de-marzo-se-celebra-la-asamblea-general-ordinaria-de-asaja-palencia","og_site_name":"ASAJA Palencia","article_published_time":"2026-03-08T11:47:00+00:00","og_image":[{"width":2000,"height":1500,"url":"https:\/\/www.asajacyl.com\/palencia\/wp-content\/uploads\/sites\/3\/2026\/03\/Asamblea-Duenas-Palencia-2026.jpeg","type":"image\/jpeg"}],"author":"Administrador","twitter_card":"summary_large_image","twitter_misc":{"Escrito por":"Administrador","Tiempo de lectura":"2 minutos"},"schema":{"@context":"https:\/\/schema.org","@graph":[{"@type":"WebPage","@id":"https:\/\/www.asajacyl.com\/palencia\/asaja-palencia-informa\/el-proximo-viernes-13-de-marzo-se-celebra-la-asamblea-general-ordinaria-de-asaja-palencia","url":"https:\/\/www.asajacyl.com\/palencia\/asaja-palencia-informa\/el-proximo-viernes-13-de-marzo-se-celebra-la-asamblea-general-ordinaria-de-asaja-palencia","name":"El pr\u00f3ximo 13 de marzo se celebra la Asamblea General Ordinaria de ASAJA Palencia - ASAJA Palencia","isPartOf":{"@id":"https:\/\/www.asajacyl.com\/palencia\/#website"},"primaryImageOfPage":{"@id":"https:\/\/www.asajacyl.com\/palencia\/asaja-palencia-informa\/el-proximo-viernes-13-de-marzo-se-celebra-la-asamblea-general-ordinaria-de-asaja-palencia#primaryimage"},"image":{"@id":"https:\/\/www.asajacyl.com\/palencia\/asaja-palencia-informa\/el-proximo-viernes-13-de-marzo-se-celebra-la-asamblea-general-ordinaria-de-asaja-palencia#primaryimage"},"thumbnailUrl":"https:\/\/www.asajacyl.com\/palencia\/wp-content\/uploads\/sites\/3\/2026\/03\/Asamblea-Duenas-Palencia-2026.jpeg","datePublished":"2026-03-08T11:47:00+00:00","author":{"@id":"https:\/\/www.asajacyl.com\/palencia\/#\/schema\/person\/3ab17aeb03527485c317557fae64aab1"},"description":"Tendr\u00e1 lugar en el Sal\u00f3n Cultural de la Diputaci\u00f3n a partir de las 12 del mediod\u00eda. El pr\u00f3ximo 13 de marzo se celebra la Asamblea General Ordinaria de El pr\u00f3ximo 13 de marzo se celebra la Asamblea General Ordinaria de ASAJA Palencia","breadcrumb":{"@id":"https:\/\/www.asajacyl.com\/palencia\/asaja-palencia-informa\/el-proximo-viernes-13-de-marzo-se-celebra-la-asamblea-general-ordinaria-de-asaja-palencia#breadcrumb"},"inLanguage":"es","potentialAction":[{"@type":"ReadAction","target":["https:\/\/www.asajacyl.com\/palencia\/asaja-palencia-informa\/el-proximo-viernes-13-de-marzo-se-celebra-la-asamblea-general-ordinaria-de-asaja-palencia"]}]},{"@type":"ImageObject","inLanguage":"es","@id":"https:\/\/www.asajacyl.com\/palencia\/asaja-palencia-informa\/el-proximo-viernes-13-de-marzo-se-celebra-la-asamblea-general-ordinaria-de-asaja-palencia#primaryimage","url":"https:\/\/www.asajacyl.com\/palencia\/wp-content\/uploads\/sites\/3\/2026\/03\/Asamblea-Duenas-Palencia-2026.jpeg","contentUrl":"https:\/\/www.asajacyl.com\/palencia\/wp-content\/uploads\/sites\/3\/2026\/03\/Asamblea-Duenas-Palencia-2026.jpeg","width":2000,"height":1500},{"@type":"BreadcrumbList","@id":"https:\/\/www.asajacyl.com\/palencia\/asaja-palencia-informa\/el-proximo-viernes-13-de-marzo-se-celebra-la-asamblea-general-ordinaria-de-asaja-palencia#breadcrumb","itemListElement":[{"@type":"ListItem","position":1,"name":"Portada","item":"https:\/\/www.asajacyl.com\/palencia\/"},{"@type":"ListItem","position":2,"name":"El pr\u00f3ximo 13 de marzo se celebra la Asamblea General Ordinaria de ASAJA Palencia"}]},{"@type":"WebSite","@id":"https:\/\/www.asajacyl.com\/palencia\/#website","url":"https:\/\/www.asajacyl.com\/palencia\/","name":"ASAJA Palencia","description":"Otro sitio m\u00e1s de Provincias ASAJA Castilla y Le\u00f3n","potentialAction":[{"@type":"SearchAction","target":{"@type":"EntryPoint","urlTemplate":"https:\/\/www.asajacyl.com\/palencia\/?s={search_term_string}"},"query-input":{"@type":"PropertyValueSpecification","valueRequired":true,"valueName":"search_term_string"}}],"inLanguage":"es"},{"@type":"Person","@id":"https:\/\/www.asajacyl.com\/palencia\/#\/schema\/person\/3ab17aeb03527485c317557fae64aab1","name":"Administrador","image":{"@type":"ImageObject","inLanguage":"es","@id":"https:\/\/www.asajacyl.com\/palencia\/#\/schema\/person\/image\/","url":"https:\/\/secure.gravatar.com\/avatar\/517384810d242ca9e38c180f3c9fb973?s=96&d=mm&r=g","contentUrl":"https:\/\/secure.gravatar.com\/avatar\/517384810d242ca9e38c180f3c9fb973?s=96&d=mm&r=g","caption":"Administrador"},"url":"https:\/\/www.asajacyl.com\/palencia\/author\/carlosrm"}]}},"_links":{"self":[{"href":"https:\/\/www.asajacyl.com\/palencia\/wp-json\/wp\/v2\/posts\/22466"}],"collection":[{"href":"https:\/\/www.asajacyl.com\/palencia\/wp-json\/wp\/v2\/posts"}],"about":[{"href":"https:\/\/www.asajacyl.com\/palencia\/wp-json\/wp\/v2\/types\/post"}],"author":[{"embeddable":true,"href":"https:\/\/www.asajacyl.com\/palencia\/wp-json\/wp\/v2\/users\/9"}],"replies":[{"embeddable":true,"href":"https:\/\/www.asajacyl.com\/palencia\/wp-json\/wp\/v2\/comments?post=22466"}],"version-history":[{"count":3,"href":"https:\/\/www.asajacyl.com\/palencia\/wp-json\/wp\/v2\/posts\/22466\/revisions"}],"predecessor-version":[{"id":22472,"href":"https:\/\/www.asajacyl.com\/palencia\/wp-json\/wp\/v2\/posts\/22466\/revisions\/22472"}],"wp:featuredmedia":[{"embeddable":true,"href":"https:\/\/www.asajacyl.com\/palencia\/wp-json\/wp\/v2\/media\/22467"}],"wp:attachment":[{"href":"https:\/\/www.asajacyl.com\/palencia\/wp-json\/wp\/v2\/media?parent=22466"}],"wp:term":[{"taxonomy":"category","embeddable":true,"href":"https:\/\/www.asajacyl.com\/palencia\/wp-json\/wp\/v2\/categories?post=22466"},{"taxonomy":"post_tag","embeddable":true,"href":"https:\/\/www.asajacyl.com\/palencia\/wp-json\/wp\/v2\/tags?post=22466"}],"curies":[{"name":"wp","href":"https:\/\/api.w.org\/{rel}","templated":true}]}}