{"id":22473,"date":"2026-03-08T10:00:00","date_gmt":"2026-03-08T09:00:00","guid":{"rendered":"https:\/\/www.asajacyl.com\/palencia\/?p=22473"},"modified":"2026-03-07T00:14:00","modified_gmt":"2026-03-06T23:14:00","slug":"igualdad-rural-sin-trincheras","status":"publish","type":"post","link":"https:\/\/www.asajacyl.com\/palencia\/asaja-palencia-informa\/igualdad-rural-sin-trincheras","title":{"rendered":"Igualdad rural, sin trincheras"},"content":{"rendered":"\n<h2 class=\"wp-block-heading\"><em>Por\u00a0<strong>Blanca Corroto<\/strong>, presidenta de\u00a0<strong><a href=\"https:\/\/www.asaja.com\/\">ASAJA<\/a> Mujeres<\/strong><\/em><\/h2>\n\n\n\n<figure class=\"wp-block-image size-full\"><img loading=\"lazy\" decoding=\"async\" width=\"800\" height=\"450\" src=\"https:\/\/www.asajacyl.com\/palencia\/wp-content\/uploads\/sites\/3\/2026\/03\/BLANCA-CORROTO-Asaja-mujer.jpg\" alt=\"\" class=\"wp-image-22474\" srcset=\"https:\/\/www.asajacyl.com\/palencia\/wp-content\/uploads\/sites\/3\/2026\/03\/BLANCA-CORROTO-Asaja-mujer.jpg 800w, https:\/\/www.asajacyl.com\/palencia\/wp-content\/uploads\/sites\/3\/2026\/03\/BLANCA-CORROTO-Asaja-mujer-300x169.jpg 300w, https:\/\/www.asajacyl.com\/palencia\/wp-content\/uploads\/sites\/3\/2026\/03\/BLANCA-CORROTO-Asaja-mujer-768x432.jpg 768w, https:\/\/www.asajacyl.com\/palencia\/wp-content\/uploads\/sites\/3\/2026\/03\/BLANCA-CORROTO-Asaja-mujer-747x420.jpg 747w, https:\/\/www.asajacyl.com\/palencia\/wp-content\/uploads\/sites\/3\/2026\/03\/BLANCA-CORROTO-Asaja-mujer-696x392.jpg 696w\" sizes=\"(max-width: 800px) 100vw, 800px\" \/><\/figure>\n\n\n\n<p>Cada\u00a0<strong>8 de marzo<\/strong>\u00a0existe el riesgo de que hablemos solo entre convencidos. Que las mujeres rurales nos escuchemos entre nosotras. Que desde la ciudad se piense que esto no va con ellos. O que alg\u00fan hombre del campo sienta que esta reivindicaci\u00f3n es un reproche. No lo es.<\/p>\n\n\n\n<p>La <strong>igualdad <\/strong>en el medio rural no enfrenta a hombres y mujeres, ni a campo y ciudad. Es una cuesti\u00f3n de\u00a0<strong>justicia pr\u00e1ctica<\/strong>\u00a0y de\u00a0<strong>futuro econ\u00f3mico<\/strong>. <\/p>\n\n\n\n<p>El sector agrario espa\u00f1ol es profesional, tecnificado y competitivo. Pero durante d\u00e9cadas muchas mujeres trabajaron en la explotaci\u00f3n sin figurar como titulares, ni cotizar por su labor. No fue siempre mala fe; fue una cultura heredada. Y lo heredado puede mejorarse. Reconocerlo no debilita al campo.\u00a0<strong>Lo fortalece.<\/strong><\/p>\n\n\n\n<p>La\u00a0<strong>Ley 35\/2011 de Titularidad Compartida<\/strong>, impulsada por el <a href=\"http:\/\/www.mapa.gob.es\">Ministerio de Agricultura,<\/a> Pesca y Alimentaci\u00f3n, abri\u00f3 la puerta a que ambos miembros de la pareja figuren como titulares de la explotaci\u00f3n. Es un avance indiscutible. Pero a\u00fan queda recorrido: simplificar tr\u00e1mites, informar mejor y normalizar esta figura como lo que es, una garant\u00eda de derechos y de estabilidad familiar.<\/p>\n\n\n\n<p>Aqu\u00ed no hablamos de ideolog\u00eda. Hablamos de\u00a0<strong>cotizaciones<\/strong>,\u00a0<strong>pensiones<\/strong>\u00a0y\u00a0<strong>seguridad jur\u00eddica<\/strong>. Tampoco hablamos de cuotas por cumplir. Hablamos de\u00a0<strong>aprovechar talento<\/strong>. Las cooperativas y entidades agrarias necesitan buena gesti\u00f3n y visi\u00f3n estrat\u00e9gica. Incorporar m\u00e1s mujeres a los \u00f3rganos de decisi\u00f3n no es una concesi\u00f3n simb\u00f3lica; es coherente con un sector que compite en mercados globales.<\/p>\n\n\n\n<p>Y cuando pedimos\u00a0<strong>guarder\u00edas rurales<\/strong>,\u00a0<strong>transporte<\/strong>\u00a0o\u00a0<strong>servicios sanitarios cercanos<\/strong>, no defendemos una agenda \u201cde mujeres\u201d. Defendemos\u00a0<strong>cohesi\u00f3n territorial<\/strong>. Los datos demogr\u00e1ficos del Instituto Nacional de Estad\u00edstica confirman el envejecimiento y la p\u00e9rdida de poblaci\u00f3n en muchos municipios. Sin condiciones de vida dignas, no habr\u00e1 relevo generacional. <strong>Sin mujeres no hay futuro en los pueblos. Y sin pueblos vivos, no hay campo.<\/strong><\/p>\n\n\n\n<p>Este 8 de marzo no queremos levantar muros. Queremos afirmar algo sencillo: el medio rural ser\u00e1 m\u00e1s fuerte si es m\u00e1s justo. No pedimos privilegios. Pedimos&nbsp;<strong>reconocimiento pleno<\/strong>&nbsp;y&nbsp;<strong>corresponsabilidad<\/strong>.<\/p>\n\n\n\n<p>Invertir en igualdad rural no es una bandera ideol\u00f3gica. Es asegurar\u00a0<strong>estabilidad econ\u00f3mica<\/strong>,\u00a0<strong>equilibrio territorial<\/strong>\u00a0y\u00a0<strong>seguridad alimentaria<\/strong>. Y eso, vivas donde vivas, tambi\u00e9n te afecta.<\/p>\n","protected":false},"excerpt":{"rendered":"<p>Por\u00a0Blanca Corroto, presidenta de\u00a0ASAJA Mujeres Cada\u00a08 de marzo\u00a0existe el riesgo de que hablemos solo entre convencidos. Que las mujeres rurales nos escuchemos entre nosotras. Que desde la ciudad se piense que esto no va con ellos. O que alg\u00fan hombre del campo sienta que esta reivindicaci\u00f3n es un reproche. No lo es. La igualdad en [&hellip;]<\/p>\n","protected":false},"author":9,"featured_media":22474,"comment_status":"open","ping_status":"open","sticky":false,"template":"","format":"standard","meta":{"footnotes":""},"categories":[9,28],"tags":[1803,1698,1804,58,77,110],"yoast_head":"<!-- This site is optimized with the Yoast SEO plugin v24.5 - https:\/\/yoast.com\/wordpress\/plugins\/seo\/ -->\n<title>Igualdad rural, sin trincheras - ASAJA Palencia<\/title>\n<meta name=\"description\" content=\"Por\u00a0Blanca Corroto, presidenta de\u00a0ASAJA Mujeres Cada\u00a08 de marzo\u00a0existe el riesgo de que hablemos solo entre convencidos. Que las mujeres rurales nos Igualdad rural, sin trincheras.\" \/>\n<meta name=\"robots\" content=\"index, follow, max-snippet:-1, max-image-preview:large, max-video-preview:-1\" \/>\n<link rel=\"canonical\" href=\"https:\/\/www.asajacyl.com\/palencia\/asaja-palencia-informa\/igualdad-rural-sin-trincheras\" \/>\n<meta property=\"og:locale\" content=\"es_ES\" \/>\n<meta property=\"og:type\" content=\"article\" \/>\n<meta property=\"og:title\" content=\"Igualdad rural, sin trincheras - ASAJA Palencia\" \/>\n<meta property=\"og:description\" content=\"Por\u00a0Blanca Corroto, presidenta de\u00a0ASAJA Mujeres Cada\u00a08 de marzo\u00a0existe el riesgo de que hablemos solo entre convencidos. Que las mujeres rurales nos Igualdad rural, sin trincheras.\" \/>\n<meta property=\"og:url\" content=\"https:\/\/www.asajacyl.com\/palencia\/asaja-palencia-informa\/igualdad-rural-sin-trincheras\" \/>\n<meta property=\"og:site_name\" content=\"ASAJA Palencia\" \/>\n<meta property=\"article:published_time\" content=\"2026-03-08T09:00:00+00:00\" \/>\n<meta property=\"og:image\" content=\"https:\/\/www.asajacyl.com\/palencia\/wp-content\/uploads\/sites\/3\/2026\/03\/BLANCA-CORROTO-Asaja-mujer.jpg\" \/>\n\t<meta property=\"og:image:width\" content=\"800\" \/>\n\t<meta property=\"og:image:height\" content=\"450\" \/>\n\t<meta property=\"og:image:type\" content=\"image\/jpeg\" \/>\n<meta name=\"author\" content=\"Administrador\" \/>\n<meta name=\"twitter:card\" content=\"summary_large_image\" \/>\n<meta name=\"twitter:label1\" content=\"Escrito por\" \/>\n\t<meta name=\"twitter:data1\" content=\"Administrador\" \/>\n\t<meta name=\"twitter:label2\" content=\"Tiempo de lectura\" \/>\n\t<meta name=\"twitter:data2\" content=\"3 minutos\" \/>\n<script type=\"application\/ld+json\" class=\"yoast-schema-graph\">{\"@context\":\"https:\/\/schema.org\",\"@graph\":[{\"@type\":\"WebPage\",\"@id\":\"https:\/\/www.asajacyl.com\/palencia\/asaja-palencia-informa\/igualdad-rural-sin-trincheras\",\"url\":\"https:\/\/www.asajacyl.com\/palencia\/asaja-palencia-informa\/igualdad-rural-sin-trincheras\",\"name\":\"Igualdad rural, sin trincheras - ASAJA Palencia\",\"isPartOf\":{\"@id\":\"https:\/\/www.asajacyl.com\/palencia\/#website\"},\"primaryImageOfPage\":{\"@id\":\"https:\/\/www.asajacyl.com\/palencia\/asaja-palencia-informa\/igualdad-rural-sin-trincheras#primaryimage\"},\"image\":{\"@id\":\"https:\/\/www.asajacyl.com\/palencia\/asaja-palencia-informa\/igualdad-rural-sin-trincheras#primaryimage\"},\"thumbnailUrl\":\"https:\/\/www.asajacyl.com\/palencia\/wp-content\/uploads\/sites\/3\/2026\/03\/BLANCA-CORROTO-Asaja-mujer.jpg\",\"datePublished\":\"2026-03-08T09:00:00+00:00\",\"author\":{\"@id\":\"https:\/\/www.asajacyl.com\/palencia\/#\/schema\/person\/3ab17aeb03527485c317557fae64aab1\"},\"description\":\"Por\u00a0Blanca Corroto, presidenta de\u00a0ASAJA Mujeres Cada\u00a08 de marzo\u00a0existe el riesgo de que hablemos solo entre convencidos. Que las mujeres rurales nos Igualdad rural, sin trincheras.\",\"breadcrumb\":{\"@id\":\"https:\/\/www.asajacyl.com\/palencia\/asaja-palencia-informa\/igualdad-rural-sin-trincheras#breadcrumb\"},\"inLanguage\":\"es\",\"potentialAction\":[{\"@type\":\"ReadAction\",\"target\":[\"https:\/\/www.asajacyl.com\/palencia\/asaja-palencia-informa\/igualdad-rural-sin-trincheras\"]}]},{\"@type\":\"ImageObject\",\"inLanguage\":\"es\",\"@id\":\"https:\/\/www.asajacyl.com\/palencia\/asaja-palencia-informa\/igualdad-rural-sin-trincheras#primaryimage\",\"url\":\"https:\/\/www.asajacyl.com\/palencia\/wp-content\/uploads\/sites\/3\/2026\/03\/BLANCA-CORROTO-Asaja-mujer.jpg\",\"contentUrl\":\"https:\/\/www.asajacyl.com\/palencia\/wp-content\/uploads\/sites\/3\/2026\/03\/BLANCA-CORROTO-Asaja-mujer.jpg\",\"width\":800,\"height\":450},{\"@type\":\"BreadcrumbList\",\"@id\":\"https:\/\/www.asajacyl.com\/palencia\/asaja-palencia-informa\/igualdad-rural-sin-trincheras#breadcrumb\",\"itemListElement\":[{\"@type\":\"ListItem\",\"position\":1,\"name\":\"Portada\",\"item\":\"https:\/\/www.asajacyl.com\/palencia\/\"},{\"@type\":\"ListItem\",\"position\":2,\"name\":\"Igualdad rural, sin trincheras\"}]},{\"@type\":\"WebSite\",\"@id\":\"https:\/\/www.asajacyl.com\/palencia\/#website\",\"url\":\"https:\/\/www.asajacyl.com\/palencia\/\",\"name\":\"ASAJA Palencia\",\"description\":\"Otro sitio m\u00e1s de Provincias ASAJA Castilla y Le\u00f3n\",\"potentialAction\":[{\"@type\":\"SearchAction\",\"target\":{\"@type\":\"EntryPoint\",\"urlTemplate\":\"https:\/\/www.asajacyl.com\/palencia\/?s={search_term_string}\"},\"query-input\":{\"@type\":\"PropertyValueSpecification\",\"valueRequired\":true,\"valueName\":\"search_term_string\"}}],\"inLanguage\":\"es\"},{\"@type\":\"Person\",\"@id\":\"https:\/\/www.asajacyl.com\/palencia\/#\/schema\/person\/3ab17aeb03527485c317557fae64aab1\",\"name\":\"Administrador\",\"image\":{\"@type\":\"ImageObject\",\"inLanguage\":\"es\",\"@id\":\"https:\/\/www.asajacyl.com\/palencia\/#\/schema\/person\/image\/\",\"url\":\"https:\/\/secure.gravatar.com\/avatar\/517384810d242ca9e38c180f3c9fb973?s=96&d=mm&r=g\",\"contentUrl\":\"https:\/\/secure.gravatar.com\/avatar\/517384810d242ca9e38c180f3c9fb973?s=96&d=mm&r=g\",\"caption\":\"Administrador\"},\"url\":\"https:\/\/www.asajacyl.com\/palencia\/author\/carlosrm\"}]}<\/script>\n<!-- \/ Yoast SEO plugin. -->","yoast_head_json":{"title":"Igualdad rural, sin trincheras - ASAJA Palencia","description":"Por\u00a0Blanca Corroto, presidenta de\u00a0ASAJA Mujeres Cada\u00a08 de marzo\u00a0existe el riesgo de que hablemos solo entre convencidos. Que las mujeres rurales nos Igualdad rural, sin trincheras.","robots":{"index":"index","follow":"follow","max-snippet":"max-snippet:-1","max-image-preview":"max-image-preview:large","max-video-preview":"max-video-preview:-1"},"canonical":"https:\/\/www.asajacyl.com\/palencia\/asaja-palencia-informa\/igualdad-rural-sin-trincheras","og_locale":"es_ES","og_type":"article","og_title":"Igualdad rural, sin trincheras - ASAJA Palencia","og_description":"Por\u00a0Blanca Corroto, presidenta de\u00a0ASAJA Mujeres Cada\u00a08 de marzo\u00a0existe el riesgo de que hablemos solo entre convencidos. Que las mujeres rurales nos Igualdad rural, sin trincheras.","og_url":"https:\/\/www.asajacyl.com\/palencia\/asaja-palencia-informa\/igualdad-rural-sin-trincheras","og_site_name":"ASAJA Palencia","article_published_time":"2026-03-08T09:00:00+00:00","og_image":[{"width":800,"height":450,"url":"https:\/\/www.asajacyl.com\/palencia\/wp-content\/uploads\/sites\/3\/2026\/03\/BLANCA-CORROTO-Asaja-mujer.jpg","type":"image\/jpeg"}],"author":"Administrador","twitter_card":"summary_large_image","twitter_misc":{"Escrito por":"Administrador","Tiempo de lectura":"3 minutos"},"schema":{"@context":"https:\/\/schema.org","@graph":[{"@type":"WebPage","@id":"https:\/\/www.asajacyl.com\/palencia\/asaja-palencia-informa\/igualdad-rural-sin-trincheras","url":"https:\/\/www.asajacyl.com\/palencia\/asaja-palencia-informa\/igualdad-rural-sin-trincheras","name":"Igualdad rural, sin trincheras - ASAJA Palencia","isPartOf":{"@id":"https:\/\/www.asajacyl.com\/palencia\/#website"},"primaryImageOfPage":{"@id":"https:\/\/www.asajacyl.com\/palencia\/asaja-palencia-informa\/igualdad-rural-sin-trincheras#primaryimage"},"image":{"@id":"https:\/\/www.asajacyl.com\/palencia\/asaja-palencia-informa\/igualdad-rural-sin-trincheras#primaryimage"},"thumbnailUrl":"https:\/\/www.asajacyl.com\/palencia\/wp-content\/uploads\/sites\/3\/2026\/03\/BLANCA-CORROTO-Asaja-mujer.jpg","datePublished":"2026-03-08T09:00:00+00:00","author":{"@id":"https:\/\/www.asajacyl.com\/palencia\/#\/schema\/person\/3ab17aeb03527485c317557fae64aab1"},"description":"Por\u00a0Blanca Corroto, presidenta de\u00a0ASAJA Mujeres Cada\u00a08 de marzo\u00a0existe el riesgo de que hablemos solo entre convencidos. Que las mujeres rurales nos Igualdad rural, sin trincheras.","breadcrumb":{"@id":"https:\/\/www.asajacyl.com\/palencia\/asaja-palencia-informa\/igualdad-rural-sin-trincheras#breadcrumb"},"inLanguage":"es","potentialAction":[{"@type":"ReadAction","target":["https:\/\/www.asajacyl.com\/palencia\/asaja-palencia-informa\/igualdad-rural-sin-trincheras"]}]},{"@type":"ImageObject","inLanguage":"es","@id":"https:\/\/www.asajacyl.com\/palencia\/asaja-palencia-informa\/igualdad-rural-sin-trincheras#primaryimage","url":"https:\/\/www.asajacyl.com\/palencia\/wp-content\/uploads\/sites\/3\/2026\/03\/BLANCA-CORROTO-Asaja-mujer.jpg","contentUrl":"https:\/\/www.asajacyl.com\/palencia\/wp-content\/uploads\/sites\/3\/2026\/03\/BLANCA-CORROTO-Asaja-mujer.jpg","width":800,"height":450},{"@type":"BreadcrumbList","@id":"https:\/\/www.asajacyl.com\/palencia\/asaja-palencia-informa\/igualdad-rural-sin-trincheras#breadcrumb","itemListElement":[{"@type":"ListItem","position":1,"name":"Portada","item":"https:\/\/www.asajacyl.com\/palencia\/"},{"@type":"ListItem","position":2,"name":"Igualdad rural, sin trincheras"}]},{"@type":"WebSite","@id":"https:\/\/www.asajacyl.com\/palencia\/#website","url":"https:\/\/www.asajacyl.com\/palencia\/","name":"ASAJA Palencia","description":"Otro sitio m\u00e1s de Provincias ASAJA Castilla y Le\u00f3n","potentialAction":[{"@type":"SearchAction","target":{"@type":"EntryPoint","urlTemplate":"https:\/\/www.asajacyl.com\/palencia\/?s={search_term_string}"},"query-input":{"@type":"PropertyValueSpecification","valueRequired":true,"valueName":"search_term_string"}}],"inLanguage":"es"},{"@type":"Person","@id":"https:\/\/www.asajacyl.com\/palencia\/#\/schema\/person\/3ab17aeb03527485c317557fae64aab1","name":"Administrador","image":{"@type":"ImageObject","inLanguage":"es","@id":"https:\/\/www.asajacyl.com\/palencia\/#\/schema\/person\/image\/","url":"https:\/\/secure.gravatar.com\/avatar\/517384810d242ca9e38c180f3c9fb973?s=96&d=mm&r=g","contentUrl":"https:\/\/secure.gravatar.com\/avatar\/517384810d242ca9e38c180f3c9fb973?s=96&d=mm&r=g","caption":"Administrador"},"url":"https:\/\/www.asajacyl.com\/palencia\/author\/carlosrm"}]}},"_links":{"self":[{"href":"https:\/\/www.asajacyl.com\/palencia\/wp-json\/wp\/v2\/posts\/22473"}],"collection":[{"href":"https:\/\/www.asajacyl.com\/palencia\/wp-json\/wp\/v2\/posts"}],"about":[{"href":"https:\/\/www.asajacyl.com\/palencia\/wp-json\/wp\/v2\/types\/post"}],"author":[{"embeddable":true,"href":"https:\/\/www.asajacyl.com\/palencia\/wp-json\/wp\/v2\/users\/9"}],"replies":[{"embeddable":true,"href":"https:\/\/www.asajacyl.com\/palencia\/wp-json\/wp\/v2\/comments?post=22473"}],"version-history":[{"count":1,"href":"https:\/\/www.asajacyl.com\/palencia\/wp-json\/wp\/v2\/posts\/22473\/revisions"}],"predecessor-version":[{"id":22475,"href":"https:\/\/www.asajacyl.com\/palencia\/wp-json\/wp\/v2\/posts\/22473\/revisions\/22475"}],"wp:featuredmedia":[{"embeddable":true,"href":"https:\/\/www.asajacyl.com\/palencia\/wp-json\/wp\/v2\/media\/22474"}],"wp:attachment":[{"href":"https:\/\/www.asajacyl.com\/palencia\/wp-json\/wp\/v2\/media?parent=22473"}],"wp:term":[{"taxonomy":"category","embeddable":true,"href":"https:\/\/www.asajacyl.com\/palencia\/wp-json\/wp\/v2\/categories?post=22473"},{"taxonomy":"post_tag","embeddable":true,"href":"https:\/\/www.asajacyl.com\/palencia\/wp-json\/wp\/v2\/tags?post=22473"}],"curies":[{"name":"wp","href":"https:\/\/api.w.org\/{rel}","templated":true}]}}