{"id":22477,"date":"2026-03-09T14:50:18","date_gmt":"2026-03-09T13:50:18","guid":{"rendered":"https:\/\/www.asajacyl.com\/palencia\/?p=22477"},"modified":"2026-03-10T10:30:16","modified_gmt":"2026-03-10T09:30:16","slug":"borradoel-sector-agrario-europeo-exige-medidas-urgentes-antes-del-plan-de-accion-sobre-fertilizantes-de-la-uer-automatico","status":"publish","type":"post","link":"https:\/\/www.asajacyl.com\/palencia\/asaja-palencia-informa\/borradoel-sector-agrario-europeo-exige-medidas-urgentes-antes-del-plan-de-accion-sobre-fertilizantes-de-la-uer-automatico","title":{"rendered":"ASAJA exige medidas urgentes antes del Plan de Acci\u00f3n sobre Fertilizantes de la UE"},"content":{"rendered":"\n<h2 class=\"wp-block-heading\">El&nbsp;<strong>COPA y la COGECA<\/strong>&nbsp;han publicado un&nbsp;<strong>documento de posici\u00f3n<\/strong>&nbsp;exhaustivo en el que se esbozan medidas concretas.<\/h2>\n\n\n\n<p><a href=\"https:\/\/www.asaja.com\/\">ASAJA<\/a> exige medidas urgentes antes del <em><strong>Plan de Acci\u00f3n sobre Fertilizantes de la UE<\/strong><\/em> y, como argumentario, el&nbsp;<strong>COPA -del que forma parte ASAJA- y la COGECA<\/strong>&nbsp;han publicado un&nbsp;<strong>documento<\/strong>&nbsp;exhaustivo en el que se esbozan medidas concretas a nivel de la UE para hacer <strong>frente a la&nbsp;crisis de los fertilizantes<\/strong>&nbsp;y garantizar la <strong>estabilidad <\/strong>del mercado a largo plazo.<\/p>\n\n\n\n<p>El mensaje del sector es claro:<strong> la UE dispone de las herramientas<\/strong> para actuar y se necesitan urgentemente medidas decisivas para salvaguardar la&nbsp;<strong>viabilidad de las explotaciones agr\u00edcolas<\/strong>&nbsp;y la&nbsp;<strong>seguridad alimentaria<\/strong>&nbsp;de Europa en un contexto geopol\u00edtico cada vez m\u00e1s turbulento.<\/p>\n\n\n\n<figure class=\"wp-block-image size-full is-resized\"><img loading=\"lazy\" decoding=\"async\" width=\"2500\" height=\"1406\" src=\"https:\/\/www.asajacyl.com\/palencia\/wp-content\/uploads\/sites\/3\/2026\/03\/Infografia-fertilizantes.png\" alt=\"\" class=\"wp-image-22500\" style=\"width:858px;height:auto\" srcset=\"https:\/\/www.asajacyl.com\/palencia\/wp-content\/uploads\/sites\/3\/2026\/03\/Infografia-fertilizantes.png 2500w, https:\/\/www.asajacyl.com\/palencia\/wp-content\/uploads\/sites\/3\/2026\/03\/Infografia-fertilizantes-300x169.png 300w, https:\/\/www.asajacyl.com\/palencia\/wp-content\/uploads\/sites\/3\/2026\/03\/Infografia-fertilizantes-1024x576.png 1024w, https:\/\/www.asajacyl.com\/palencia\/wp-content\/uploads\/sites\/3\/2026\/03\/Infografia-fertilizantes-768x432.png 768w, https:\/\/www.asajacyl.com\/palencia\/wp-content\/uploads\/sites\/3\/2026\/03\/Infografia-fertilizantes-1536x864.png 1536w, https:\/\/www.asajacyl.com\/palencia\/wp-content\/uploads\/sites\/3\/2026\/03\/Infografia-fertilizantes-2048x1152.png 2048w, https:\/\/www.asajacyl.com\/palencia\/wp-content\/uploads\/sites\/3\/2026\/03\/Infografia-fertilizantes-747x420.png 747w, https:\/\/www.asajacyl.com\/palencia\/wp-content\/uploads\/sites\/3\/2026\/03\/Infografia-fertilizantes-696x391.png 696w, https:\/\/www.asajacyl.com\/palencia\/wp-content\/uploads\/sites\/3\/2026\/03\/Infografia-fertilizantes-1068x601.png 1068w, https:\/\/www.asajacyl.com\/palencia\/wp-content\/uploads\/sites\/3\/2026\/03\/Infografia-fertilizantes-1920x1080.png 1920w\" sizes=\"(max-width: 2500px) 100vw, 2500px\" \/><\/figure>\n\n\n\n<p><strong>ASAJA EXIGE<\/strong>. El incremento del precio de los fertilizantes est\u00e1 directamente relacionado con las&nbsp;<strong>nuevas cargas impositivas<\/strong>&nbsp;y&nbsp;<strong>medidas regulatorias<\/strong>, tanto a nivel europeo como nacional, a lo que se suma la&nbsp;<strong>compleja situaci\u00f3n del mercado internacional<\/strong>.<\/p>\n\n\n\n<p>Por un lado, ASAJA se\u00f1ala que existen&nbsp;<strong>problemas de acceso<\/strong>&nbsp;a determinados mercados, como&nbsp;<strong>Estados Unidos<\/strong>&nbsp;o&nbsp;<strong>Trinidad y Tobago<\/strong>, que limitan el suministro disponible. Por otro, la imposici\u00f3n de&nbsp;<strong>aranceles a los fertilizantes nitrogenados<\/strong>&nbsp;procedentes de&nbsp;<strong>Rusia<\/strong>&nbsp;y&nbsp;<strong>Bielorrusia<\/strong>, que seguir\u00e1n aumentando progresivamente hasta alcanzar su m\u00e1ximo en los pr\u00f3ximos a\u00f1os, est\u00e1 reduciendo a\u00fan m\u00e1s la oferta.<\/p>\n\n\n\n<p>A todo ello se a\u00f1ade la&nbsp;<strong>dependencia de otras regiones productoras<\/strong>. En concreto, alrededor del&nbsp;<strong>40%<\/strong>&nbsp;de los fertilizantes nitrogenados procede de&nbsp;<strong>pa\u00edses del Golfo P\u00e9rsico<\/strong>, lo que aumenta la sensibilidad del mercado ante cualquier restricci\u00f3n comercial o encarecimiento de costes.<\/p>\n\n\n\n<p>Desde ASAJA advierten de que la suma de&nbsp;<strong>impuestos, aranceles y limitaciones comerciales<\/strong>&nbsp;est\u00e1 generando un \u201c<strong>c\u00f3ctel demoledor<\/strong>\u201d para los agricultores, al encarecer uno de los insumos fundamentales para la producci\u00f3n agraria.<\/p>\n\n\n\n<p>Ante esta situaci\u00f3n, la organizaci\u00f3n agraria exige&nbsp;<strong>medidas urgentes&nbsp;tanto a nivel nacional como europeo<\/strong>.<\/p>\n\n\n\n<p><strong>MEDIDAS NACIONALES Y ARANCELES<\/strong>. En primer lugar, ASAJA pide al&nbsp;<strong>Gobierno de Espa\u00f1a<\/strong>&nbsp;<strong>ayudas de Estado<\/strong>&nbsp;para los agricultores, similares a las aprobadas en&nbsp;<strong>2024<\/strong>, con el objetivo de compensar el incremento de costes.<\/p>\n\n\n\n<p>Asimismo, la organizaci\u00f3n solicita un&nbsp;<strong>paquete de ayudas<\/strong>&nbsp;por parte de la&nbsp;<strong>Uni\u00f3n Europea<\/strong>, al margen de los fondos de la&nbsp;<strong>Pol\u00edtica Agraria Com\u00fan (PAC)<\/strong>, que permita afrontar el encarecimiento de los insumos.<\/p>\n\n\n\n<p>ASAJA tambi\u00e9n reclama la&nbsp;<strong>eliminaci\u00f3n de los aranceles<\/strong>&nbsp;a los fertilizantes procedentes de&nbsp;<strong>Estados Unidos<\/strong>&nbsp;y&nbsp;<strong>Trinidad y Tobago<\/strong>, y que la&nbsp;<strong>suspensi\u00f3n de aranceles a pa\u00edses terceros<\/strong>&nbsp;anunciada por la Comisi\u00f3n Europea por un periodo de un a\u00f1o se ampl\u00ede a&nbsp;<strong>cinco a\u00f1os<\/strong>, para aportar mayor estabilidad al mercado.<\/p>\n\n\n\n<p>Por \u00faltimo, la organizaci\u00f3n pide a la&nbsp;<strong>Comisi\u00f3n Europea<\/strong>&nbsp;y al&nbsp;<strong>Gobierno de Espa\u00f1a<\/strong>&nbsp;que rectifiquen en la aplicaci\u00f3n del&nbsp;<strong>impuesto al carbono&nbsp;a los fertilizantes importados<\/strong>, ya que esta medida encarecer\u00eda a\u00fan m\u00e1s los costes de producci\u00f3n.<\/p>\n\n\n\n<p>ASAJA advierte de que si contin\u00faan aumentando los costes de producci\u00f3n, el impacto no solo recaer\u00e1 sobre los agricultores, sino que terminar\u00e1 repercutiendo tambi\u00e9n en el&nbsp;<strong>consumidor<\/strong>, a trav\u00e9s de un aumento del&nbsp;<strong>precio de los alimentos<\/strong>&nbsp;en la cesta de la compra.<\/p>\n\n\n\n<p><strong>MEDIDAS<\/strong> <strong>EUROPEAS<\/strong>. Las medidas inmediatas exigidas paralelamente por COPA COGECA incluyen la&nbsp;<strong>suspensi\u00f3n del CBAM<\/strong>&nbsp;para los fertilizantes y la mitigaci\u00f3n de su impacto en los costes, as\u00ed como la&nbsp;<strong>suspensi\u00f3n de los aranceles NMF<\/strong> (Naci\u00f3n m\u00e1s favorecida)&nbsp;y las medidas <strong>antidumping <\/strong>sobre las importaciones de fertilizantes.<\/p>\n\n\n\n<p>Para reducir la dependencia de los&nbsp;<strong>fertilizantes sint\u00e9ticos<\/strong>, deber\u00eda modificarse sin demora la&nbsp;<strong>Directiva sobre nitratos<\/strong>, a fin de permitir una mayor flexibilidad en el <strong>uso de&nbsp;esti\u00e9rcol<\/strong>&nbsp;cuando est\u00e9 justificado desde el punto de vista agron\u00f3mico y autorizar el uso de&nbsp;<strong>digestato<\/strong>&nbsp;por encima de los umbrales actuales.<\/p>\n\n\n\n<p>El documento tambi\u00e9n pide&nbsp;<strong>normas armonizadas<\/strong>&nbsp;para aumentar los <strong>nutrientes org\u00e1nicos<\/strong> y reciclados, que pueden sustituir al&nbsp;<strong>nitr\u00f3geno sint\u00e9tico<\/strong>&nbsp;sin comprometer los rendimientos, al tiempo que se refuerza la&nbsp;<strong>autonom\u00eda estrat\u00e9gica<\/strong>&nbsp;de Europa. Los criterios&nbsp;<strong>RENURE<\/strong>&nbsp;(Nitr\u00f3geno recuperado del esti\u00e9rcol) deben alinearse con las recomendaciones del&nbsp;<strong>Centro Com\u00fan de Investigaci\u00f3n<\/strong>&nbsp;para garantizar la plena neutralidad tecnol\u00f3gica. <\/p>\n\n\n\n<p>Al mismo tiempo, debe reforzarse el&nbsp;<strong>Observatorio del Mercado de Fertilizantes<\/strong>, aplicarse estrictamente las normas de competencia y supervisarse de cerca el mercado para proporcionar a los agricultores <strong>informaci\u00f3n fiable<\/strong> sobre la disponibilidad de fertilizantes y&nbsp;<strong>precios justos<\/strong>.<\/p>\n\n\n\n<figure class=\"wp-block-image size-full is-resized\"><img loading=\"lazy\" decoding=\"async\" width=\"708\" height=\"404\" src=\"https:\/\/www.asajacyl.com\/palencia\/wp-content\/uploads\/sites\/3\/2026\/03\/UE-Plan-fertilizantes.jpg\" alt=\"\" class=\"wp-image-22478\" style=\"width:803px;height:auto\" srcset=\"https:\/\/www.asajacyl.com\/palencia\/wp-content\/uploads\/sites\/3\/2026\/03\/UE-Plan-fertilizantes.jpg 708w, https:\/\/www.asajacyl.com\/palencia\/wp-content\/uploads\/sites\/3\/2026\/03\/UE-Plan-fertilizantes-300x171.jpg 300w, https:\/\/www.asajacyl.com\/palencia\/wp-content\/uploads\/sites\/3\/2026\/03\/UE-Plan-fertilizantes-696x397.jpg 696w\" sizes=\"(max-width: 708px) 100vw, 708px\" \/><\/figure>\n\n\n\n<p><strong>MOVILIZACIONES<\/strong>. Tras la movilizaci\u00f3n de&nbsp;<strong>miles de agricultores en Bruselas<\/strong>&nbsp;el pasado mes de diciembre para pedir medidas urgentes sobre los precios de los fertilizantes, los&nbsp;&#8216;<em>praesidia<\/em>&#8216; de <strong>COPA y COGECA<\/strong>&nbsp;han aprobado la posici\u00f3n com\u00fan del sector agr\u00edcola sobre un conjunto completo de <strong>medidas inmediatas, a medio y largo plazo<\/strong>, para aliviar la situaci\u00f3n y restablecer la estabilidad del mercado.<\/p>\n\n\n\n<p>En el mismo sentido reivindicativo por la subida de los insumos, hay que recordar que el martes <strong>10 de marzo<\/strong> hay convocada a las <strong>12h<\/strong> una <strong>concentraci\u00f3n en el Centro Log\u00edstico <strong>Exolum (Ctra. Cabez\u00f3n, km 6,4)<\/strong><\/strong> <strong>de CLH en Santovenia (Valladolid)<\/strong> en protesta por el exagerado alza de precios del gasoil y la retenci\u00f3n interesada de combustible para encarecer el producto.<\/p>\n\n\n\n<p>Los fertilizantes son indispensables para la&nbsp;<strong>producci\u00f3n europea de alimentos y piensos<\/strong>&nbsp;y constituyen una piedra angular de la seguridad alimentaria de Europa. Cuando los costes superan los niveles sostenibles, la viabilidad de las explotaciones agr\u00edcolas se ve gravemente comprometida, lo que pone en peligro la&nbsp;<strong>soberan\u00eda alimentaria<\/strong>&nbsp;de Europa.<\/p>\n\n\n\n<p>El documento de posici\u00f3n de la Copa y la Cogeca identifica una serie de&nbsp;<strong>soluciones pr\u00e1cticas<\/strong>&nbsp;a nivel de la UE que la Comisi\u00f3n deber\u00eda integrar urgentemente en el Plan de Acci\u00f3n sobre Fertilizantes. <\/p>\n\n\n\n<p><strong>COMISI\u00d3N EUROPEA<\/strong>. El pr\u00f3ximo <strong>Plan de Acci\u00f3n sobre Fertilizantes<\/strong> debe reflejar las&nbsp;<strong>realidades agron\u00f3micas y econ\u00f3micas<\/strong>&nbsp;sobre el terreno, proporcionar un alivio inmediato y establecer una v\u00eda cre\u00edble hacia una&nbsp;<strong>gesti\u00f3n sostenible de los nutrientes<\/strong>.<\/p>\n\n\n\n<p>Por lo tanto,&nbsp;<strong>COPA-COGECA y ASAJA<\/strong>&nbsp;piden a la&nbsp;<strong>Comisi\u00f3n Europea<\/strong>&nbsp;que act\u00fae con decisi\u00f3n. Estas <strong>medidas<\/strong> representan la&nbsp;<strong>acci\u00f3n m\u00ednima necesaria&nbsp;para hacer frente a una crisis<\/strong> sobre la que los agricultores llevan a\u00f1os advirtiendo y que podr\u00eda tener consecuencias de gran alcance para la&nbsp;<strong>Uni\u00f3n Europea<\/strong>, que se extender\u00edan mucho m\u00e1s all\u00e1 del sector agr\u00edcola.<\/p>\n\n\n\n<p>Informaci\u00f3n documento completo CAPA-COGECA: <a href=\"https:\/\/www.asaja.com\/wp-content\/uploads\/2026\/03\/Position-Paper-Fertiliser-Action-Plan-.pdf\">Position Paper \u2013 Fertiliser Action Plan<\/a><\/p>\n\n\n\n<p><\/p>\n","protected":false},"excerpt":{"rendered":"<p>El&nbsp;COPA y la COGECA&nbsp;han publicado un&nbsp;documento de posici\u00f3n&nbsp;exhaustivo en el que se esbozan medidas concretas. ASAJA exige medidas urgentes antes del Plan de Acci\u00f3n sobre Fertilizantes de la UE y, como argumentario, el&nbsp;COPA -del que forma parte ASAJA- y la COGECA&nbsp;han publicado un&nbsp;documento&nbsp;exhaustivo en el que se esbozan medidas concretas a nivel de la UE [&hellip;]<\/p>\n","protected":false},"author":9,"featured_media":22309,"comment_status":"open","ping_status":"open","sticky":false,"template":"","format":"standard","meta":{"footnotes":""},"categories":[9,28],"tags":[1698,1751,1752,1768,1707,58,77],"yoast_head":"<!-- This site is optimized with the Yoast SEO plugin v24.5 - https:\/\/yoast.com\/wordpress\/plugins\/seo\/ -->\n<title>ASAJA exige medidas urgentes antes del Plan de Acci\u00f3n sobre Fertilizantes de la UE - ASAJA Palencia<\/title>\n<meta name=\"description\" content=\"El&nbsp;COPA y la COGECA&nbsp;han publicado un&nbsp;documento de posici\u00f3n&nbsp;exhaustivo en el que se esbozan medidas concretas. ASAJA exige medidas El sector agrario europeo exige medidas urgentes antes del Plan de Acci\u00f3n sobre Fertilizantes de la UE. Documento de COPA COGECA.\" \/>\n<meta name=\"robots\" content=\"index, follow, max-snippet:-1, max-image-preview:large, max-video-preview:-1\" \/>\n<link rel=\"canonical\" href=\"https:\/\/www.asajacyl.com\/palencia\/asaja-palencia-informa\/borradoel-sector-agrario-europeo-exige-medidas-urgentes-antes-del-plan-de-accion-sobre-fertilizantes-de-la-uer-automatico\" \/>\n<meta property=\"og:locale\" content=\"es_ES\" \/>\n<meta property=\"og:type\" content=\"article\" \/>\n<meta property=\"og:title\" content=\"ASAJA exige medidas urgentes antes del Plan de Acci\u00f3n sobre Fertilizantes de la UE - ASAJA Palencia\" \/>\n<meta property=\"og:description\" content=\"El&nbsp;COPA y la COGECA&nbsp;han publicado un&nbsp;documento de posici\u00f3n&nbsp;exhaustivo en el que se esbozan medidas concretas. ASAJA exige medidas El sector agrario europeo exige medidas urgentes antes del Plan de Acci\u00f3n sobre Fertilizantes de la UE. Documento de COPA COGECA.\" \/>\n<meta property=\"og:url\" content=\"https:\/\/www.asajacyl.com\/palencia\/asaja-palencia-informa\/borradoel-sector-agrario-europeo-exige-medidas-urgentes-antes-del-plan-de-accion-sobre-fertilizantes-de-la-uer-automatico\" \/>\n<meta property=\"og:site_name\" content=\"ASAJA Palencia\" \/>\n<meta property=\"article:published_time\" content=\"2026-03-09T13:50:18+00:00\" \/>\n<meta property=\"article:modified_time\" content=\"2026-03-10T09:30:16+00:00\" \/>\n<meta property=\"og:image\" content=\"https:\/\/www.asajacyl.com\/palencia\/wp-content\/uploads\/sites\/3\/2026\/02\/117.jpg\" \/>\n\t<meta property=\"og:image:width\" content=\"2500\" \/>\n\t<meta property=\"og:image:height\" content=\"1875\" \/>\n\t<meta property=\"og:image:type\" content=\"image\/jpeg\" \/>\n<meta name=\"author\" content=\"Administrador\" \/>\n<meta name=\"twitter:card\" content=\"summary_large_image\" \/>\n<meta name=\"twitter:label1\" content=\"Escrito por\" \/>\n\t<meta name=\"twitter:data1\" content=\"Administrador\" \/>\n\t<meta name=\"twitter:label2\" content=\"Tiempo de lectura\" \/>\n\t<meta name=\"twitter:data2\" content=\"6 minutos\" \/>\n<script type=\"application\/ld+json\" class=\"yoast-schema-graph\">{\"@context\":\"https:\/\/schema.org\",\"@graph\":[{\"@type\":\"WebPage\",\"@id\":\"https:\/\/www.asajacyl.com\/palencia\/asaja-palencia-informa\/borradoel-sector-agrario-europeo-exige-medidas-urgentes-antes-del-plan-de-accion-sobre-fertilizantes-de-la-uer-automatico\",\"url\":\"https:\/\/www.asajacyl.com\/palencia\/asaja-palencia-informa\/borradoel-sector-agrario-europeo-exige-medidas-urgentes-antes-del-plan-de-accion-sobre-fertilizantes-de-la-uer-automatico\",\"name\":\"ASAJA exige medidas urgentes antes del Plan de Acci\u00f3n sobre Fertilizantes de la UE - ASAJA Palencia\",\"isPartOf\":{\"@id\":\"https:\/\/www.asajacyl.com\/palencia\/#website\"},\"primaryImageOfPage\":{\"@id\":\"https:\/\/www.asajacyl.com\/palencia\/asaja-palencia-informa\/borradoel-sector-agrario-europeo-exige-medidas-urgentes-antes-del-plan-de-accion-sobre-fertilizantes-de-la-uer-automatico#primaryimage\"},\"image\":{\"@id\":\"https:\/\/www.asajacyl.com\/palencia\/asaja-palencia-informa\/borradoel-sector-agrario-europeo-exige-medidas-urgentes-antes-del-plan-de-accion-sobre-fertilizantes-de-la-uer-automatico#primaryimage\"},\"thumbnailUrl\":\"https:\/\/www.asajacyl.com\/palencia\/wp-content\/uploads\/sites\/3\/2026\/02\/117.jpg\",\"datePublished\":\"2026-03-09T13:50:18+00:00\",\"dateModified\":\"2026-03-10T09:30:16+00:00\",\"author\":{\"@id\":\"https:\/\/www.asajacyl.com\/palencia\/#\/schema\/person\/3ab17aeb03527485c317557fae64aab1\"},\"description\":\"El&nbsp;COPA y la COGECA&nbsp;han publicado un&nbsp;documento de posici\u00f3n&nbsp;exhaustivo en el que se esbozan medidas concretas. ASAJA exige medidas El sector agrario europeo exige medidas urgentes antes del Plan de Acci\u00f3n sobre Fertilizantes de la UE. Documento de COPA COGECA.\",\"breadcrumb\":{\"@id\":\"https:\/\/www.asajacyl.com\/palencia\/asaja-palencia-informa\/borradoel-sector-agrario-europeo-exige-medidas-urgentes-antes-del-plan-de-accion-sobre-fertilizantes-de-la-uer-automatico#breadcrumb\"},\"inLanguage\":\"es\",\"potentialAction\":[{\"@type\":\"ReadAction\",\"target\":[\"https:\/\/www.asajacyl.com\/palencia\/asaja-palencia-informa\/borradoel-sector-agrario-europeo-exige-medidas-urgentes-antes-del-plan-de-accion-sobre-fertilizantes-de-la-uer-automatico\"]}]},{\"@type\":\"ImageObject\",\"inLanguage\":\"es\",\"@id\":\"https:\/\/www.asajacyl.com\/palencia\/asaja-palencia-informa\/borradoel-sector-agrario-europeo-exige-medidas-urgentes-antes-del-plan-de-accion-sobre-fertilizantes-de-la-uer-automatico#primaryimage\",\"url\":\"https:\/\/www.asajacyl.com\/palencia\/wp-content\/uploads\/sites\/3\/2026\/02\/117.jpg\",\"contentUrl\":\"https:\/\/www.asajacyl.com\/palencia\/wp-content\/uploads\/sites\/3\/2026\/02\/117.jpg\",\"width\":2500,\"height\":1875,\"caption\":\"bst\"},{\"@type\":\"BreadcrumbList\",\"@id\":\"https:\/\/www.asajacyl.com\/palencia\/asaja-palencia-informa\/borradoel-sector-agrario-europeo-exige-medidas-urgentes-antes-del-plan-de-accion-sobre-fertilizantes-de-la-uer-automatico#breadcrumb\",\"itemListElement\":[{\"@type\":\"ListItem\",\"position\":1,\"name\":\"Portada\",\"item\":\"https:\/\/www.asajacyl.com\/palencia\/\"},{\"@type\":\"ListItem\",\"position\":2,\"name\":\"ASAJA exige medidas urgentes antes del Plan de Acci\u00f3n sobre Fertilizantes de la UE\"}]},{\"@type\":\"WebSite\",\"@id\":\"https:\/\/www.asajacyl.com\/palencia\/#website\",\"url\":\"https:\/\/www.asajacyl.com\/palencia\/\",\"name\":\"ASAJA Palencia\",\"description\":\"Otro sitio m\u00e1s de Provincias ASAJA Castilla y Le\u00f3n\",\"potentialAction\":[{\"@type\":\"SearchAction\",\"target\":{\"@type\":\"EntryPoint\",\"urlTemplate\":\"https:\/\/www.asajacyl.com\/palencia\/?s={search_term_string}\"},\"query-input\":{\"@type\":\"PropertyValueSpecification\",\"valueRequired\":true,\"valueName\":\"search_term_string\"}}],\"inLanguage\":\"es\"},{\"@type\":\"Person\",\"@id\":\"https:\/\/www.asajacyl.com\/palencia\/#\/schema\/person\/3ab17aeb03527485c317557fae64aab1\",\"name\":\"Administrador\",\"image\":{\"@type\":\"ImageObject\",\"inLanguage\":\"es\",\"@id\":\"https:\/\/www.asajacyl.com\/palencia\/#\/schema\/person\/image\/\",\"url\":\"https:\/\/secure.gravatar.com\/avatar\/517384810d242ca9e38c180f3c9fb973?s=96&d=mm&r=g\",\"contentUrl\":\"https:\/\/secure.gravatar.com\/avatar\/517384810d242ca9e38c180f3c9fb973?s=96&d=mm&r=g\",\"caption\":\"Administrador\"},\"url\":\"https:\/\/www.asajacyl.com\/palencia\/author\/carlosrm\"}]}<\/script>\n<!-- \/ Yoast SEO plugin. -->","yoast_head_json":{"title":"ASAJA exige medidas urgentes antes del Plan de Acci\u00f3n sobre Fertilizantes de la UE - ASAJA Palencia","description":"El&nbsp;COPA y la COGECA&nbsp;han publicado un&nbsp;documento de posici\u00f3n&nbsp;exhaustivo en el que se esbozan medidas concretas. ASAJA exige medidas El sector agrario europeo exige medidas urgentes antes del Plan de Acci\u00f3n sobre Fertilizantes de la UE. Documento de COPA COGECA.","robots":{"index":"index","follow":"follow","max-snippet":"max-snippet:-1","max-image-preview":"max-image-preview:large","max-video-preview":"max-video-preview:-1"},"canonical":"https:\/\/www.asajacyl.com\/palencia\/asaja-palencia-informa\/borradoel-sector-agrario-europeo-exige-medidas-urgentes-antes-del-plan-de-accion-sobre-fertilizantes-de-la-uer-automatico","og_locale":"es_ES","og_type":"article","og_title":"ASAJA exige medidas urgentes antes del Plan de Acci\u00f3n sobre Fertilizantes de la UE - ASAJA Palencia","og_description":"El&nbsp;COPA y la COGECA&nbsp;han publicado un&nbsp;documento de posici\u00f3n&nbsp;exhaustivo en el que se esbozan medidas concretas. ASAJA exige medidas El sector agrario europeo exige medidas urgentes antes del Plan de Acci\u00f3n sobre Fertilizantes de la UE. Documento de COPA COGECA.","og_url":"https:\/\/www.asajacyl.com\/palencia\/asaja-palencia-informa\/borradoel-sector-agrario-europeo-exige-medidas-urgentes-antes-del-plan-de-accion-sobre-fertilizantes-de-la-uer-automatico","og_site_name":"ASAJA Palencia","article_published_time":"2026-03-09T13:50:18+00:00","article_modified_time":"2026-03-10T09:30:16+00:00","og_image":[{"width":2500,"height":1875,"url":"https:\/\/www.asajacyl.com\/palencia\/wp-content\/uploads\/sites\/3\/2026\/02\/117.jpg","type":"image\/jpeg"}],"author":"Administrador","twitter_card":"summary_large_image","twitter_misc":{"Escrito por":"Administrador","Tiempo de lectura":"6 minutos"},"schema":{"@context":"https:\/\/schema.org","@graph":[{"@type":"WebPage","@id":"https:\/\/www.asajacyl.com\/palencia\/asaja-palencia-informa\/borradoel-sector-agrario-europeo-exige-medidas-urgentes-antes-del-plan-de-accion-sobre-fertilizantes-de-la-uer-automatico","url":"https:\/\/www.asajacyl.com\/palencia\/asaja-palencia-informa\/borradoel-sector-agrario-europeo-exige-medidas-urgentes-antes-del-plan-de-accion-sobre-fertilizantes-de-la-uer-automatico","name":"ASAJA exige medidas urgentes antes del Plan de Acci\u00f3n sobre Fertilizantes de la UE - ASAJA Palencia","isPartOf":{"@id":"https:\/\/www.asajacyl.com\/palencia\/#website"},"primaryImageOfPage":{"@id":"https:\/\/www.asajacyl.com\/palencia\/asaja-palencia-informa\/borradoel-sector-agrario-europeo-exige-medidas-urgentes-antes-del-plan-de-accion-sobre-fertilizantes-de-la-uer-automatico#primaryimage"},"image":{"@id":"https:\/\/www.asajacyl.com\/palencia\/asaja-palencia-informa\/borradoel-sector-agrario-europeo-exige-medidas-urgentes-antes-del-plan-de-accion-sobre-fertilizantes-de-la-uer-automatico#primaryimage"},"thumbnailUrl":"https:\/\/www.asajacyl.com\/palencia\/wp-content\/uploads\/sites\/3\/2026\/02\/117.jpg","datePublished":"2026-03-09T13:50:18+00:00","dateModified":"2026-03-10T09:30:16+00:00","author":{"@id":"https:\/\/www.asajacyl.com\/palencia\/#\/schema\/person\/3ab17aeb03527485c317557fae64aab1"},"description":"El&nbsp;COPA y la COGECA&nbsp;han publicado un&nbsp;documento de posici\u00f3n&nbsp;exhaustivo en el que se esbozan medidas concretas. ASAJA exige medidas El sector agrario europeo exige medidas urgentes antes del Plan de Acci\u00f3n sobre Fertilizantes de la UE. Documento de COPA COGECA.","breadcrumb":{"@id":"https:\/\/www.asajacyl.com\/palencia\/asaja-palencia-informa\/borradoel-sector-agrario-europeo-exige-medidas-urgentes-antes-del-plan-de-accion-sobre-fertilizantes-de-la-uer-automatico#breadcrumb"},"inLanguage":"es","potentialAction":[{"@type":"ReadAction","target":["https:\/\/www.asajacyl.com\/palencia\/asaja-palencia-informa\/borradoel-sector-agrario-europeo-exige-medidas-urgentes-antes-del-plan-de-accion-sobre-fertilizantes-de-la-uer-automatico"]}]},{"@type":"ImageObject","inLanguage":"es","@id":"https:\/\/www.asajacyl.com\/palencia\/asaja-palencia-informa\/borradoel-sector-agrario-europeo-exige-medidas-urgentes-antes-del-plan-de-accion-sobre-fertilizantes-de-la-uer-automatico#primaryimage","url":"https:\/\/www.asajacyl.com\/palencia\/wp-content\/uploads\/sites\/3\/2026\/02\/117.jpg","contentUrl":"https:\/\/www.asajacyl.com\/palencia\/wp-content\/uploads\/sites\/3\/2026\/02\/117.jpg","width":2500,"height":1875,"caption":"bst"},{"@type":"BreadcrumbList","@id":"https:\/\/www.asajacyl.com\/palencia\/asaja-palencia-informa\/borradoel-sector-agrario-europeo-exige-medidas-urgentes-antes-del-plan-de-accion-sobre-fertilizantes-de-la-uer-automatico#breadcrumb","itemListElement":[{"@type":"ListItem","position":1,"name":"Portada","item":"https:\/\/www.asajacyl.com\/palencia\/"},{"@type":"ListItem","position":2,"name":"ASAJA exige medidas urgentes antes del Plan de Acci\u00f3n sobre Fertilizantes de la UE"}]},{"@type":"WebSite","@id":"https:\/\/www.asajacyl.com\/palencia\/#website","url":"https:\/\/www.asajacyl.com\/palencia\/","name":"ASAJA Palencia","description":"Otro sitio m\u00e1s de Provincias ASAJA Castilla y Le\u00f3n","potentialAction":[{"@type":"SearchAction","target":{"@type":"EntryPoint","urlTemplate":"https:\/\/www.asajacyl.com\/palencia\/?s={search_term_string}"},"query-input":{"@type":"PropertyValueSpecification","valueRequired":true,"valueName":"search_term_string"}}],"inLanguage":"es"},{"@type":"Person","@id":"https:\/\/www.asajacyl.com\/palencia\/#\/schema\/person\/3ab17aeb03527485c317557fae64aab1","name":"Administrador","image":{"@type":"ImageObject","inLanguage":"es","@id":"https:\/\/www.asajacyl.com\/palencia\/#\/schema\/person\/image\/","url":"https:\/\/secure.gravatar.com\/avatar\/517384810d242ca9e38c180f3c9fb973?s=96&d=mm&r=g","contentUrl":"https:\/\/secure.gravatar.com\/avatar\/517384810d242ca9e38c180f3c9fb973?s=96&d=mm&r=g","caption":"Administrador"},"url":"https:\/\/www.asajacyl.com\/palencia\/author\/carlosrm"}]}},"_links":{"self":[{"href":"https:\/\/www.asajacyl.com\/palencia\/wp-json\/wp\/v2\/posts\/22477"}],"collection":[{"href":"https:\/\/www.asajacyl.com\/palencia\/wp-json\/wp\/v2\/posts"}],"about":[{"href":"https:\/\/www.asajacyl.com\/palencia\/wp-json\/wp\/v2\/types\/post"}],"author":[{"embeddable":true,"href":"https:\/\/www.asajacyl.com\/palencia\/wp-json\/wp\/v2\/users\/9"}],"replies":[{"embeddable":true,"href":"https:\/\/www.asajacyl.com\/palencia\/wp-json\/wp\/v2\/comments?post=22477"}],"version-history":[{"count":6,"href":"https:\/\/www.asajacyl.com\/palencia\/wp-json\/wp\/v2\/posts\/22477\/revisions"}],"predecessor-version":[{"id":22501,"href":"https:\/\/www.asajacyl.com\/palencia\/wp-json\/wp\/v2\/posts\/22477\/revisions\/22501"}],"wp:featuredmedia":[{"embeddable":true,"href":"https:\/\/www.asajacyl.com\/palencia\/wp-json\/wp\/v2\/media\/22309"}],"wp:attachment":[{"href":"https:\/\/www.asajacyl.com\/palencia\/wp-json\/wp\/v2\/media?parent=22477"}],"wp:term":[{"taxonomy":"category","embeddable":true,"href":"https:\/\/www.asajacyl.com\/palencia\/wp-json\/wp\/v2\/categories?post=22477"},{"taxonomy":"post_tag","embeddable":true,"href":"https:\/\/www.asajacyl.com\/palencia\/wp-json\/wp\/v2\/tags?post=22477"}],"curies":[{"name":"wp","href":"https:\/\/api.w.org\/{rel}","templated":true}]}}