{"id":22504,"date":"2026-03-10T20:44:51","date_gmt":"2026-03-10T19:44:51","guid":{"rendered":"https:\/\/www.asajacyl.com\/palencia\/?p=22504"},"modified":"2026-03-11T01:37:30","modified_gmt":"2026-03-11T00:37:30","slug":"los-agricultores-de-castilla-y-leon-alzan-la-voz-contra-la-especulacion-con-el-precio-del-carburante","status":"publish","type":"post","link":"https:\/\/www.asajacyl.com\/palencia\/asaja-palencia-informa\/los-agricultores-de-castilla-y-leon-alzan-la-voz-contra-la-especulacion-con-el-precio-del-carburante","title":{"rendered":"Los agricultores de Castilla y Le\u00f3n alzan la voz contra la especulaci\u00f3n con el precio del carburante"},"content":{"rendered":"\n<h2 class=\"wp-block-heading\">El campo exige medidas de urgencia y anuncia manifestaci\u00f3n para el 18 de marzo.<\/h2>\n\n\n\n<h2 class=\"wp-block-heading\">Los agricultores de Castilla y Le\u00f3n alzan la voz contra la especulaci\u00f3n con el precio del carburante. Por ello, cerca de dos mil productores castellanos y leoneses, convocados en unidad de acci\u00f3n por todas las Organizaciones Profesionales Agrarias, se han concentrado a las puertas del centro de distribuci\u00f3n de hidrocarburos de Exolum en Santovenia Valladolid, bloqueando durante varias horas la salida de la planta. <\/h2>\n\n\n\n<p>El <strong>campo reclama medidas urgentes<\/strong> para frenar esta espiral de precios del gas\u00f3leo, que contagia tambi\u00e9n a los fertilizantes, que pone contra las cuerdas al sector agr\u00edcola, en un momento de m\u00e1ximo trabajo en las tierras.<\/p>\n\n\n\n<figure class=\"wp-block-image size-large is-resized\"><img loading=\"lazy\" decoding=\"async\" width=\"1024\" height=\"673\" src=\"https:\/\/www.asajacyl.com\/palencia\/wp-content\/uploads\/sites\/3\/2026\/03\/Mani-precios-santovenia-10-3-26-b-1024x673.jpg\" alt=\"\" class=\"wp-image-22505\" style=\"width:857px;height:auto\" srcset=\"https:\/\/www.asajacyl.com\/palencia\/wp-content\/uploads\/sites\/3\/2026\/03\/Mani-precios-santovenia-10-3-26-b-1024x673.jpg 1024w, https:\/\/www.asajacyl.com\/palencia\/wp-content\/uploads\/sites\/3\/2026\/03\/Mani-precios-santovenia-10-3-26-b-300x197.jpg 300w, https:\/\/www.asajacyl.com\/palencia\/wp-content\/uploads\/sites\/3\/2026\/03\/Mani-precios-santovenia-10-3-26-b-768x505.jpg 768w, https:\/\/www.asajacyl.com\/palencia\/wp-content\/uploads\/sites\/3\/2026\/03\/Mani-precios-santovenia-10-3-26-b-639x420.jpg 639w, https:\/\/www.asajacyl.com\/palencia\/wp-content\/uploads\/sites\/3\/2026\/03\/Mani-precios-santovenia-10-3-26-b-696x457.jpg 696w, https:\/\/www.asajacyl.com\/palencia\/wp-content\/uploads\/sites\/3\/2026\/03\/Mani-precios-santovenia-10-3-26-b-1068x702.jpg 1068w, https:\/\/www.asajacyl.com\/palencia\/wp-content\/uploads\/sites\/3\/2026\/03\/Mani-precios-santovenia-10-3-26-b-741x486.jpg 741w, https:\/\/www.asajacyl.com\/palencia\/wp-content\/uploads\/sites\/3\/2026\/03\/Mani-precios-santovenia-10-3-26-b.jpg 1275w\" sizes=\"(max-width: 1024px) 100vw, 1024px\" \/><\/figure>\n\n\n\n<p>La crisis en Oriente Medio ha provocado el descalabro de los suministros que necesita el campo, en plena campa\u00f1a de siembras. <strong>Gas\u00f3leo por las nubes<\/strong> y amenazas tambi\u00e9n para los fertilizantes son la tormenta perfecta para acabar con un sector golpeado por la falta de rentabilidad.<\/p>\n\n\n\n<p><strong>DONACIANO<\/strong>. El presidente de <a href=\"https:\/\/www.asajacyl.com\/\">ASAJA<\/a>,&nbsp;<strong>Donaciano Dujo, denuncia la situaci\u00f3n y reclama una intervenci\u00f3n r\u00e1pida y estrat\u00e9gica del Gobierno<\/strong>&nbsp;y de las administraciones para proteger a los agricultores y ganaderos.<\/p>\n\n\n\n<p>Para una explotaci\u00f3n media de cereal, de unas <strong>250 hect\u00e1reas<\/strong>, estar\u00edamos hablando de un incremento al menos de <strong>7.500 euros m\u00e1s<\/strong> por el aumento del precio del gas\u00f3leo<\/p>\n\n\n\n<p>En cuanto a los <strong>fertilizantes<\/strong>, suponen el 30% del coste de siembra. Ahora mismo estar\u00edamos hablando ya de <strong>100 euros de incremento m\u00e1s por tonelada<\/strong>. Eso significar\u00eda 200 euros m\u00e1s por hect\u00e1rea de regad\u00edo, las que ahora mismo se siembran en primavera.&nbsp;<strong>Estas estimaciones cambian cada d\u00eda, porque se ha entrado en una espiral de subidas brutales de los precios de los insumos.<\/strong><\/p>\n\n\n\n<p><strong>NUEVA PROTESTA EL 18 DE MARZO<\/strong>. \u00abMientras no haya soluciones claras para el problema, seguiremos en la calle. Nos jugamos la supervivencia\u00bb, manifiestan los convocantes. <\/p>\n\n\n\n<p>Las OPAs convocantes no quieren parar y ya anuncian que la <strong>pr\u00f3xima protesta<\/strong> ser\u00e1 el <strong>mi\u00e9rcoles 18 de marzo. <\/strong>Las organizaciones profesionales agrarias dar\u00e1n m\u00e1s informaci\u00f3n al respecto: @ASAJACyL @UPACyL @COAGCyL @UCCL<\/p>\n","protected":false},"excerpt":{"rendered":"<p>El campo exige medidas de urgencia y anuncia manifestaci\u00f3n para el 18 de marzo. Los agricultores de Castilla y Le\u00f3n alzan la voz contra la especulaci\u00f3n con el precio del carburante. Por ello, cerca de dos mil productores castellanos y leoneses, convocados en unidad de acci\u00f3n por todas las Organizaciones Profesionales Agrarias, se han concentrado [&hellip;]<\/p>\n","protected":false},"author":9,"featured_media":22505,"comment_status":"open","ping_status":"open","sticky":false,"template":"","format":"standard","meta":{"footnotes":""},"categories":[9,29,28],"tags":[711,1698,1752,1797,1813,1768,1812],"yoast_head":"<!-- This site is optimized with the Yoast SEO plugin v24.5 - https:\/\/yoast.com\/wordpress\/plugins\/seo\/ -->\n<title>Los agricultores de Castilla y Le\u00f3n alzan la voz contra la especulaci\u00f3n con el precio del carburante - ASAJA Palencia<\/title>\n<meta name=\"description\" content=\"El campo exige medidas de urgencia y anuncia manifestaci\u00f3n para el 18 de marzo. Los agricultores de Castilla y Le\u00f3n alzan la voz contra la especulaci\u00f3n Los agricultores de Castilla y Le\u00f3n alzan la voz contra la especulaci\u00f3n con el precio del carburante.\" \/>\n<meta name=\"robots\" content=\"index, follow, max-snippet:-1, max-image-preview:large, max-video-preview:-1\" \/>\n<link rel=\"canonical\" href=\"https:\/\/www.asajacyl.com\/palencia\/asaja-palencia-informa\/los-agricultores-de-castilla-y-leon-alzan-la-voz-contra-la-especulacion-con-el-precio-del-carburante\" \/>\n<meta property=\"og:locale\" content=\"es_ES\" \/>\n<meta property=\"og:type\" content=\"article\" \/>\n<meta property=\"og:title\" content=\"Los agricultores de Castilla y Le\u00f3n alzan la voz contra la especulaci\u00f3n con el precio del carburante - ASAJA Palencia\" \/>\n<meta property=\"og:description\" content=\"El campo exige medidas de urgencia y anuncia manifestaci\u00f3n para el 18 de marzo. Los agricultores de Castilla y Le\u00f3n alzan la voz contra la especulaci\u00f3n Los agricultores de Castilla y Le\u00f3n alzan la voz contra la especulaci\u00f3n con el precio del carburante.\" \/>\n<meta property=\"og:url\" content=\"https:\/\/www.asajacyl.com\/palencia\/asaja-palencia-informa\/los-agricultores-de-castilla-y-leon-alzan-la-voz-contra-la-especulacion-con-el-precio-del-carburante\" \/>\n<meta property=\"og:site_name\" content=\"ASAJA Palencia\" \/>\n<meta property=\"article:published_time\" content=\"2026-03-10T19:44:51+00:00\" \/>\n<meta property=\"article:modified_time\" content=\"2026-03-11T00:37:30+00:00\" \/>\n<meta property=\"og:image\" content=\"https:\/\/www.asajacyl.com\/palencia\/wp-content\/uploads\/sites\/3\/2026\/03\/Mani-precios-santovenia-10-3-26-b.jpg\" \/>\n\t<meta property=\"og:image:width\" content=\"1275\" \/>\n\t<meta property=\"og:image:height\" content=\"838\" \/>\n\t<meta property=\"og:image:type\" content=\"image\/jpeg\" \/>\n<meta name=\"author\" content=\"Administrador\" \/>\n<meta name=\"twitter:card\" content=\"summary_large_image\" \/>\n<meta name=\"twitter:label1\" content=\"Escrito por\" \/>\n\t<meta name=\"twitter:data1\" content=\"Administrador\" \/>\n\t<meta name=\"twitter:label2\" content=\"Tiempo de lectura\" \/>\n\t<meta name=\"twitter:data2\" content=\"2 minutos\" \/>\n<script type=\"application\/ld+json\" class=\"yoast-schema-graph\">{\"@context\":\"https:\/\/schema.org\",\"@graph\":[{\"@type\":\"WebPage\",\"@id\":\"https:\/\/www.asajacyl.com\/palencia\/asaja-palencia-informa\/los-agricultores-de-castilla-y-leon-alzan-la-voz-contra-la-especulacion-con-el-precio-del-carburante\",\"url\":\"https:\/\/www.asajacyl.com\/palencia\/asaja-palencia-informa\/los-agricultores-de-castilla-y-leon-alzan-la-voz-contra-la-especulacion-con-el-precio-del-carburante\",\"name\":\"Los agricultores de Castilla y Le\u00f3n alzan la voz contra la especulaci\u00f3n con el precio del carburante - ASAJA Palencia\",\"isPartOf\":{\"@id\":\"https:\/\/www.asajacyl.com\/palencia\/#website\"},\"primaryImageOfPage\":{\"@id\":\"https:\/\/www.asajacyl.com\/palencia\/asaja-palencia-informa\/los-agricultores-de-castilla-y-leon-alzan-la-voz-contra-la-especulacion-con-el-precio-del-carburante#primaryimage\"},\"image\":{\"@id\":\"https:\/\/www.asajacyl.com\/palencia\/asaja-palencia-informa\/los-agricultores-de-castilla-y-leon-alzan-la-voz-contra-la-especulacion-con-el-precio-del-carburante#primaryimage\"},\"thumbnailUrl\":\"https:\/\/www.asajacyl.com\/palencia\/wp-content\/uploads\/sites\/3\/2026\/03\/Mani-precios-santovenia-10-3-26-b.jpg\",\"datePublished\":\"2026-03-10T19:44:51+00:00\",\"dateModified\":\"2026-03-11T00:37:30+00:00\",\"author\":{\"@id\":\"https:\/\/www.asajacyl.com\/palencia\/#\/schema\/person\/3ab17aeb03527485c317557fae64aab1\"},\"description\":\"El campo exige medidas de urgencia y anuncia manifestaci\u00f3n para el 18 de marzo. Los agricultores de Castilla y Le\u00f3n alzan la voz contra la especulaci\u00f3n Los agricultores de Castilla y Le\u00f3n alzan la voz contra la especulaci\u00f3n con el precio del carburante.\",\"breadcrumb\":{\"@id\":\"https:\/\/www.asajacyl.com\/palencia\/asaja-palencia-informa\/los-agricultores-de-castilla-y-leon-alzan-la-voz-contra-la-especulacion-con-el-precio-del-carburante#breadcrumb\"},\"inLanguage\":\"es\",\"potentialAction\":[{\"@type\":\"ReadAction\",\"target\":[\"https:\/\/www.asajacyl.com\/palencia\/asaja-palencia-informa\/los-agricultores-de-castilla-y-leon-alzan-la-voz-contra-la-especulacion-con-el-precio-del-carburante\"]}]},{\"@type\":\"ImageObject\",\"inLanguage\":\"es\",\"@id\":\"https:\/\/www.asajacyl.com\/palencia\/asaja-palencia-informa\/los-agricultores-de-castilla-y-leon-alzan-la-voz-contra-la-especulacion-con-el-precio-del-carburante#primaryimage\",\"url\":\"https:\/\/www.asajacyl.com\/palencia\/wp-content\/uploads\/sites\/3\/2026\/03\/Mani-precios-santovenia-10-3-26-b.jpg\",\"contentUrl\":\"https:\/\/www.asajacyl.com\/palencia\/wp-content\/uploads\/sites\/3\/2026\/03\/Mani-precios-santovenia-10-3-26-b.jpg\",\"width\":1275,\"height\":838},{\"@type\":\"BreadcrumbList\",\"@id\":\"https:\/\/www.asajacyl.com\/palencia\/asaja-palencia-informa\/los-agricultores-de-castilla-y-leon-alzan-la-voz-contra-la-especulacion-con-el-precio-del-carburante#breadcrumb\",\"itemListElement\":[{\"@type\":\"ListItem\",\"position\":1,\"name\":\"Portada\",\"item\":\"https:\/\/www.asajacyl.com\/palencia\/\"},{\"@type\":\"ListItem\",\"position\":2,\"name\":\"Los agricultores de Castilla y Le\u00f3n alzan la voz contra la especulaci\u00f3n con el precio del carburante\"}]},{\"@type\":\"WebSite\",\"@id\":\"https:\/\/www.asajacyl.com\/palencia\/#website\",\"url\":\"https:\/\/www.asajacyl.com\/palencia\/\",\"name\":\"ASAJA Palencia\",\"description\":\"Otro sitio m\u00e1s de Provincias ASAJA Castilla y Le\u00f3n\",\"potentialAction\":[{\"@type\":\"SearchAction\",\"target\":{\"@type\":\"EntryPoint\",\"urlTemplate\":\"https:\/\/www.asajacyl.com\/palencia\/?s={search_term_string}\"},\"query-input\":{\"@type\":\"PropertyValueSpecification\",\"valueRequired\":true,\"valueName\":\"search_term_string\"}}],\"inLanguage\":\"es\"},{\"@type\":\"Person\",\"@id\":\"https:\/\/www.asajacyl.com\/palencia\/#\/schema\/person\/3ab17aeb03527485c317557fae64aab1\",\"name\":\"Administrador\",\"image\":{\"@type\":\"ImageObject\",\"inLanguage\":\"es\",\"@id\":\"https:\/\/www.asajacyl.com\/palencia\/#\/schema\/person\/image\/\",\"url\":\"https:\/\/secure.gravatar.com\/avatar\/517384810d242ca9e38c180f3c9fb973?s=96&d=mm&r=g\",\"contentUrl\":\"https:\/\/secure.gravatar.com\/avatar\/517384810d242ca9e38c180f3c9fb973?s=96&d=mm&r=g\",\"caption\":\"Administrador\"},\"url\":\"https:\/\/www.asajacyl.com\/palencia\/author\/carlosrm\"}]}<\/script>\n<!-- \/ Yoast SEO plugin. -->","yoast_head_json":{"title":"Los agricultores de Castilla y Le\u00f3n alzan la voz contra la especulaci\u00f3n con el precio del carburante - ASAJA Palencia","description":"El campo exige medidas de urgencia y anuncia manifestaci\u00f3n para el 18 de marzo. Los agricultores de Castilla y Le\u00f3n alzan la voz contra la especulaci\u00f3n Los agricultores de Castilla y Le\u00f3n alzan la voz contra la especulaci\u00f3n con el precio del carburante.","robots":{"index":"index","follow":"follow","max-snippet":"max-snippet:-1","max-image-preview":"max-image-preview:large","max-video-preview":"max-video-preview:-1"},"canonical":"https:\/\/www.asajacyl.com\/palencia\/asaja-palencia-informa\/los-agricultores-de-castilla-y-leon-alzan-la-voz-contra-la-especulacion-con-el-precio-del-carburante","og_locale":"es_ES","og_type":"article","og_title":"Los agricultores de Castilla y Le\u00f3n alzan la voz contra la especulaci\u00f3n con el precio del carburante - ASAJA Palencia","og_description":"El campo exige medidas de urgencia y anuncia manifestaci\u00f3n para el 18 de marzo. Los agricultores de Castilla y Le\u00f3n alzan la voz contra la especulaci\u00f3n Los agricultores de Castilla y Le\u00f3n alzan la voz contra la especulaci\u00f3n con el precio del carburante.","og_url":"https:\/\/www.asajacyl.com\/palencia\/asaja-palencia-informa\/los-agricultores-de-castilla-y-leon-alzan-la-voz-contra-la-especulacion-con-el-precio-del-carburante","og_site_name":"ASAJA Palencia","article_published_time":"2026-03-10T19:44:51+00:00","article_modified_time":"2026-03-11T00:37:30+00:00","og_image":[{"width":1275,"height":838,"url":"https:\/\/www.asajacyl.com\/palencia\/wp-content\/uploads\/sites\/3\/2026\/03\/Mani-precios-santovenia-10-3-26-b.jpg","type":"image\/jpeg"}],"author":"Administrador","twitter_card":"summary_large_image","twitter_misc":{"Escrito por":"Administrador","Tiempo de lectura":"2 minutos"},"schema":{"@context":"https:\/\/schema.org","@graph":[{"@type":"WebPage","@id":"https:\/\/www.asajacyl.com\/palencia\/asaja-palencia-informa\/los-agricultores-de-castilla-y-leon-alzan-la-voz-contra-la-especulacion-con-el-precio-del-carburante","url":"https:\/\/www.asajacyl.com\/palencia\/asaja-palencia-informa\/los-agricultores-de-castilla-y-leon-alzan-la-voz-contra-la-especulacion-con-el-precio-del-carburante","name":"Los agricultores de Castilla y Le\u00f3n alzan la voz contra la especulaci\u00f3n con el precio del carburante - ASAJA Palencia","isPartOf":{"@id":"https:\/\/www.asajacyl.com\/palencia\/#website"},"primaryImageOfPage":{"@id":"https:\/\/www.asajacyl.com\/palencia\/asaja-palencia-informa\/los-agricultores-de-castilla-y-leon-alzan-la-voz-contra-la-especulacion-con-el-precio-del-carburante#primaryimage"},"image":{"@id":"https:\/\/www.asajacyl.com\/palencia\/asaja-palencia-informa\/los-agricultores-de-castilla-y-leon-alzan-la-voz-contra-la-especulacion-con-el-precio-del-carburante#primaryimage"},"thumbnailUrl":"https:\/\/www.asajacyl.com\/palencia\/wp-content\/uploads\/sites\/3\/2026\/03\/Mani-precios-santovenia-10-3-26-b.jpg","datePublished":"2026-03-10T19:44:51+00:00","dateModified":"2026-03-11T00:37:30+00:00","author":{"@id":"https:\/\/www.asajacyl.com\/palencia\/#\/schema\/person\/3ab17aeb03527485c317557fae64aab1"},"description":"El campo exige medidas de urgencia y anuncia manifestaci\u00f3n para el 18 de marzo. Los agricultores de Castilla y Le\u00f3n alzan la voz contra la especulaci\u00f3n Los agricultores de Castilla y Le\u00f3n alzan la voz contra la especulaci\u00f3n con el precio del carburante.","breadcrumb":{"@id":"https:\/\/www.asajacyl.com\/palencia\/asaja-palencia-informa\/los-agricultores-de-castilla-y-leon-alzan-la-voz-contra-la-especulacion-con-el-precio-del-carburante#breadcrumb"},"inLanguage":"es","potentialAction":[{"@type":"ReadAction","target":["https:\/\/www.asajacyl.com\/palencia\/asaja-palencia-informa\/los-agricultores-de-castilla-y-leon-alzan-la-voz-contra-la-especulacion-con-el-precio-del-carburante"]}]},{"@type":"ImageObject","inLanguage":"es","@id":"https:\/\/www.asajacyl.com\/palencia\/asaja-palencia-informa\/los-agricultores-de-castilla-y-leon-alzan-la-voz-contra-la-especulacion-con-el-precio-del-carburante#primaryimage","url":"https:\/\/www.asajacyl.com\/palencia\/wp-content\/uploads\/sites\/3\/2026\/03\/Mani-precios-santovenia-10-3-26-b.jpg","contentUrl":"https:\/\/www.asajacyl.com\/palencia\/wp-content\/uploads\/sites\/3\/2026\/03\/Mani-precios-santovenia-10-3-26-b.jpg","width":1275,"height":838},{"@type":"BreadcrumbList","@id":"https:\/\/www.asajacyl.com\/palencia\/asaja-palencia-informa\/los-agricultores-de-castilla-y-leon-alzan-la-voz-contra-la-especulacion-con-el-precio-del-carburante#breadcrumb","itemListElement":[{"@type":"ListItem","position":1,"name":"Portada","item":"https:\/\/www.asajacyl.com\/palencia\/"},{"@type":"ListItem","position":2,"name":"Los agricultores de Castilla y Le\u00f3n alzan la voz contra la especulaci\u00f3n con el precio del carburante"}]},{"@type":"WebSite","@id":"https:\/\/www.asajacyl.com\/palencia\/#website","url":"https:\/\/www.asajacyl.com\/palencia\/","name":"ASAJA Palencia","description":"Otro sitio m\u00e1s de Provincias ASAJA Castilla y Le\u00f3n","potentialAction":[{"@type":"SearchAction","target":{"@type":"EntryPoint","urlTemplate":"https:\/\/www.asajacyl.com\/palencia\/?s={search_term_string}"},"query-input":{"@type":"PropertyValueSpecification","valueRequired":true,"valueName":"search_term_string"}}],"inLanguage":"es"},{"@type":"Person","@id":"https:\/\/www.asajacyl.com\/palencia\/#\/schema\/person\/3ab17aeb03527485c317557fae64aab1","name":"Administrador","image":{"@type":"ImageObject","inLanguage":"es","@id":"https:\/\/www.asajacyl.com\/palencia\/#\/schema\/person\/image\/","url":"https:\/\/secure.gravatar.com\/avatar\/517384810d242ca9e38c180f3c9fb973?s=96&d=mm&r=g","contentUrl":"https:\/\/secure.gravatar.com\/avatar\/517384810d242ca9e38c180f3c9fb973?s=96&d=mm&r=g","caption":"Administrador"},"url":"https:\/\/www.asajacyl.com\/palencia\/author\/carlosrm"}]}},"_links":{"self":[{"href":"https:\/\/www.asajacyl.com\/palencia\/wp-json\/wp\/v2\/posts\/22504"}],"collection":[{"href":"https:\/\/www.asajacyl.com\/palencia\/wp-json\/wp\/v2\/posts"}],"about":[{"href":"https:\/\/www.asajacyl.com\/palencia\/wp-json\/wp\/v2\/types\/post"}],"author":[{"embeddable":true,"href":"https:\/\/www.asajacyl.com\/palencia\/wp-json\/wp\/v2\/users\/9"}],"replies":[{"embeddable":true,"href":"https:\/\/www.asajacyl.com\/palencia\/wp-json\/wp\/v2\/comments?post=22504"}],"version-history":[{"count":2,"href":"https:\/\/www.asajacyl.com\/palencia\/wp-json\/wp\/v2\/posts\/22504\/revisions"}],"predecessor-version":[{"id":22507,"href":"https:\/\/www.asajacyl.com\/palencia\/wp-json\/wp\/v2\/posts\/22504\/revisions\/22507"}],"wp:featuredmedia":[{"embeddable":true,"href":"https:\/\/www.asajacyl.com\/palencia\/wp-json\/wp\/v2\/media\/22505"}],"wp:attachment":[{"href":"https:\/\/www.asajacyl.com\/palencia\/wp-json\/wp\/v2\/media?parent=22504"}],"wp:term":[{"taxonomy":"category","embeddable":true,"href":"https:\/\/www.asajacyl.com\/palencia\/wp-json\/wp\/v2\/categories?post=22504"},{"taxonomy":"post_tag","embeddable":true,"href":"https:\/\/www.asajacyl.com\/palencia\/wp-json\/wp\/v2\/tags?post=22504"}],"curies":[{"name":"wp","href":"https:\/\/api.w.org\/{rel}","templated":true}]}}