{"id":22508,"date":"2026-03-11T15:02:03","date_gmt":"2026-03-11T14:02:03","guid":{"rendered":"https:\/\/www.asajacyl.com\/palencia\/?p=22508"},"modified":"2026-03-11T15:02:05","modified_gmt":"2026-03-11T14:02:05","slug":"subidas-importantes-del-cereal-en-leon","status":"publish","type":"post","link":"https:\/\/www.asajacyl.com\/palencia\/asaja-palencia-informa\/subidas-importantes-del-cereal-en-leon","title":{"rendered":"Subidas importantes del cereal en Le\u00f3n"},"content":{"rendered":"\n<h2 class=\"wp-block-heading\">El ma\u00edz seco comienza a cotizar y repiten el resto de referencias en patata y forraje<\/h2>\n\n\n\n<p>Subidas importantes del cereal en Le\u00f3n, de 3 euros\/tonelada en trigo, cebada, avena y centeno. En la sesi\u00f3n semanal de la <a href=\"https:\/\/www.lonjadeleon.es\/\">lonja de Le\u00f3n<\/a>, despues de dos semanas de inmobilismo, <strong>han subido<\/strong> los precios del <strong>trigo<\/strong> blando (3 \u20ac) hasta 199 \u20ac\/t, la <strong>cebada<\/strong> (3 \u20ac) hasta 191 \u20ac\/t, la <strong>avena <\/strong>(3 \u20ac) hasta 145 \u20ac\/t y el <strong>centeno<\/strong> (3 \u20ac) hasta 174 \u20ac\/t. Por su parte, el <strong>ma\u00edz<\/strong> seco (con menos de un 15% de humedad) ha coomenzado a cotizar\u00a0a 210 \u20ac\/t, siete euros menos que en la \u00faltima referencia del ma\u00edz para secadero hace 15 d\u00edas.<\/p>\n\n\n\n<p>En la provincia de Le\u00f3n quedan a fecha de hoy unas 7.000 hect\u00e1reas de <strong>ma\u00edz por cosechar<\/strong>, que representa alrededor de un 10% de la superficie sembrada, a la espera de que el tiempo lluvioso de estos \u00faltimos d\u00edas cambie y as\u00ed poder acceder a estas fincas, que en algunos casos todav\u00eda no alcanzan la humedad deseada.<\/p>\n\n\n\n<p>Por su parte, tambi\u00e9n repite la <strong>patata<\/strong> (variedad Agria) a 120 \u20ac\/t, con la campa\u00f1a finalizada y pendiente de la pr\u00f3xima siembra, en la que seguramente se reduzca la superficie y en la cual, seg\u00fan las ultimas informaciones, se prev\u00e9 que haya un planteamiento de <strong>rebaja en el precio de los contratos<\/strong>.<\/p>\n\n\n\n<p>Tambi\u00e9n repiten todas las referencias de los<strong> forrajes<\/strong>, en este caso porque no hubo cotizaciones, la alfalfa en rama a 195 \u20ac\/t, la alfalfa deshidratada a 230 \u20ac\/t, la veza 1\u00aa a 150 \u20ac\/t, el forraje a 110 \u20ac\/t y la paja 1\u00aa a 37 \u20ac\/t.<\/p>\n\n\n\n<figure class=\"wp-block-image size-full is-resized\"><img loading=\"lazy\" decoding=\"async\" width=\"1024\" height=\"768\" src=\"https:\/\/www.asajacyl.com\/palencia\/wp-content\/uploads\/sites\/3\/2026\/03\/Tabla-precios-agricultura-11-3-26.jpg\" alt=\"\" class=\"wp-image-22510\" style=\"width:985px;height:auto\" srcset=\"https:\/\/www.asajacyl.com\/palencia\/wp-content\/uploads\/sites\/3\/2026\/03\/Tabla-precios-agricultura-11-3-26.jpg 1024w, https:\/\/www.asajacyl.com\/palencia\/wp-content\/uploads\/sites\/3\/2026\/03\/Tabla-precios-agricultura-11-3-26-300x225.jpg 300w, https:\/\/www.asajacyl.com\/palencia\/wp-content\/uploads\/sites\/3\/2026\/03\/Tabla-precios-agricultura-11-3-26-768x576.jpg 768w, https:\/\/www.asajacyl.com\/palencia\/wp-content\/uploads\/sites\/3\/2026\/03\/Tabla-precios-agricultura-11-3-26-560x420.jpg 560w, https:\/\/www.asajacyl.com\/palencia\/wp-content\/uploads\/sites\/3\/2026\/03\/Tabla-precios-agricultura-11-3-26-80x60.jpg 80w, https:\/\/www.asajacyl.com\/palencia\/wp-content\/uploads\/sites\/3\/2026\/03\/Tabla-precios-agricultura-11-3-26-696x522.jpg 696w\" sizes=\"(max-width: 1024px) 100vw, 1024px\" \/><\/figure>\n\n\n\n<p><strong>PANORAMA MUNDIAL<\/strong>. En el \u00e1mbito internacional los cereales siguen estando muy pendientes del conflicto b\u00e9lico entre Ir\u00e1n y Estados Unidos\/Israel, lo que est\u00e1 ocasionando grandes vaivenes en los mercados, seg\u00fan los analistas de la lonja leonesa.<\/p>\n\n\n\n<p>No obstante, hay una <strong>tendencia levemente alcista<\/strong> no comparable a la que est\u00e1n alcanzando otras materias primas como el petr\u00f3leo y los fertilizantes.<\/p>\n\n\n\n<p>Si este <strong>conflicto se alargase<\/strong> en el tiempo <strong>podr\u00eda traer nuevas subidas<\/strong> puesto que para un pa\u00eds importador de cereales como es Espa\u00f1a, el <strong>incremento de los portes<\/strong> debido al alza del petr\u00f3leo y de las primas de riesgo en los seguros de los barcos tendr\u00eda su repercusi\u00f3n.<\/p>\n\n\n\n<p>A esto habr\u00eda que sumarle una <strong>revalorizaci\u00f3n del d\u00f3lar<\/strong> frente al euro como moneda refugio, lo que ayudar\u00eda a ser <strong>m\u00e1s competitivo al cereal nacional<\/strong> frente al importado.<\/p>\n\n\n\n<p><\/p>\n","protected":false},"excerpt":{"rendered":"<p>El ma\u00edz seco comienza a cotizar y repiten el resto de referencias en patata y forraje Subidas importantes del cereal en Le\u00f3n, de 3 euros\/tonelada en trigo, cebada, avena y centeno. En la sesi\u00f3n semanal de la lonja de Le\u00f3n, despues de dos semanas de inmobilismo, han subido los precios del trigo blando (3 \u20ac) [&hellip;]<\/p>\n","protected":false},"author":9,"featured_media":22358,"comment_status":"open","ping_status":"open","sticky":false,"template":"","format":"standard","meta":{"footnotes":""},"categories":[9,29,28],"tags":[1698,1368,1370,1371,1769,1768],"yoast_head":"<!-- This site is optimized with the Yoast SEO plugin v24.5 - https:\/\/yoast.com\/wordpress\/plugins\/seo\/ -->\n<title>Subidas importantes del cereal en Le\u00f3n - ASAJA Palencia<\/title>\n<meta name=\"description\" content=\"El ma\u00edz seco comienza a cotizar y repiten el resto de referencias en patata y forraje Subidas importantes del cereal en Le\u00f3n, de 3 euros\/tonelada en Subidas importantes del cereal en Le\u00f3n\" \/>\n<meta name=\"robots\" content=\"index, follow, max-snippet:-1, max-image-preview:large, max-video-preview:-1\" \/>\n<link rel=\"canonical\" href=\"https:\/\/www.asajacyl.com\/palencia\/asaja-palencia-informa\/subidas-importantes-del-cereal-en-leon\" \/>\n<meta property=\"og:locale\" content=\"es_ES\" \/>\n<meta property=\"og:type\" content=\"article\" \/>\n<meta property=\"og:title\" content=\"Subidas importantes del cereal en Le\u00f3n - ASAJA Palencia\" \/>\n<meta property=\"og:description\" content=\"El ma\u00edz seco comienza a cotizar y repiten el resto de referencias en patata y forraje Subidas importantes del cereal en Le\u00f3n, de 3 euros\/tonelada en Subidas importantes del cereal en Le\u00f3n\" \/>\n<meta property=\"og:url\" content=\"https:\/\/www.asajacyl.com\/palencia\/asaja-palencia-informa\/subidas-importantes-del-cereal-en-leon\" \/>\n<meta property=\"og:site_name\" content=\"ASAJA Palencia\" \/>\n<meta property=\"article:published_time\" content=\"2026-03-11T14:02:03+00:00\" \/>\n<meta property=\"article:modified_time\" content=\"2026-03-11T14:02:05+00:00\" \/>\n<meta property=\"og:image\" content=\"https:\/\/www.asajacyl.com\/palencia\/wp-content\/uploads\/sites\/3\/2026\/02\/foto-trigo-nacido.jpeg\" \/>\n\t<meta property=\"og:image:width\" content=\"2500\" \/>\n\t<meta property=\"og:image:height\" content=\"1875\" \/>\n\t<meta property=\"og:image:type\" content=\"image\/jpeg\" \/>\n<meta name=\"author\" content=\"Administrador\" \/>\n<meta name=\"twitter:card\" content=\"summary_large_image\" \/>\n<meta name=\"twitter:label1\" content=\"Escrito por\" \/>\n\t<meta name=\"twitter:data1\" content=\"Administrador\" \/>\n\t<meta name=\"twitter:label2\" content=\"Tiempo de lectura\" \/>\n\t<meta name=\"twitter:data2\" content=\"3 minutos\" \/>\n<script type=\"application\/ld+json\" class=\"yoast-schema-graph\">{\"@context\":\"https:\/\/schema.org\",\"@graph\":[{\"@type\":\"WebPage\",\"@id\":\"https:\/\/www.asajacyl.com\/palencia\/asaja-palencia-informa\/subidas-importantes-del-cereal-en-leon\",\"url\":\"https:\/\/www.asajacyl.com\/palencia\/asaja-palencia-informa\/subidas-importantes-del-cereal-en-leon\",\"name\":\"Subidas importantes del cereal en Le\u00f3n - ASAJA Palencia\",\"isPartOf\":{\"@id\":\"https:\/\/www.asajacyl.com\/palencia\/#website\"},\"primaryImageOfPage\":{\"@id\":\"https:\/\/www.asajacyl.com\/palencia\/asaja-palencia-informa\/subidas-importantes-del-cereal-en-leon#primaryimage\"},\"image\":{\"@id\":\"https:\/\/www.asajacyl.com\/palencia\/asaja-palencia-informa\/subidas-importantes-del-cereal-en-leon#primaryimage\"},\"thumbnailUrl\":\"https:\/\/www.asajacyl.com\/palencia\/wp-content\/uploads\/sites\/3\/2026\/02\/foto-trigo-nacido.jpeg\",\"datePublished\":\"2026-03-11T14:02:03+00:00\",\"dateModified\":\"2026-03-11T14:02:05+00:00\",\"author\":{\"@id\":\"https:\/\/www.asajacyl.com\/palencia\/#\/schema\/person\/3ab17aeb03527485c317557fae64aab1\"},\"description\":\"El ma\u00edz seco comienza a cotizar y repiten el resto de referencias en patata y forraje Subidas importantes del cereal en Le\u00f3n, de 3 euros\/tonelada en Subidas importantes del cereal en Le\u00f3n\",\"breadcrumb\":{\"@id\":\"https:\/\/www.asajacyl.com\/palencia\/asaja-palencia-informa\/subidas-importantes-del-cereal-en-leon#breadcrumb\"},\"inLanguage\":\"es\",\"potentialAction\":[{\"@type\":\"ReadAction\",\"target\":[\"https:\/\/www.asajacyl.com\/palencia\/asaja-palencia-informa\/subidas-importantes-del-cereal-en-leon\"]}]},{\"@type\":\"ImageObject\",\"inLanguage\":\"es\",\"@id\":\"https:\/\/www.asajacyl.com\/palencia\/asaja-palencia-informa\/subidas-importantes-del-cereal-en-leon#primaryimage\",\"url\":\"https:\/\/www.asajacyl.com\/palencia\/wp-content\/uploads\/sites\/3\/2026\/02\/foto-trigo-nacido.jpeg\",\"contentUrl\":\"https:\/\/www.asajacyl.com\/palencia\/wp-content\/uploads\/sites\/3\/2026\/02\/foto-trigo-nacido.jpeg\",\"width\":2500,\"height\":1875},{\"@type\":\"BreadcrumbList\",\"@id\":\"https:\/\/www.asajacyl.com\/palencia\/asaja-palencia-informa\/subidas-importantes-del-cereal-en-leon#breadcrumb\",\"itemListElement\":[{\"@type\":\"ListItem\",\"position\":1,\"name\":\"Portada\",\"item\":\"https:\/\/www.asajacyl.com\/palencia\/\"},{\"@type\":\"ListItem\",\"position\":2,\"name\":\"Subidas importantes del cereal en Le\u00f3n\"}]},{\"@type\":\"WebSite\",\"@id\":\"https:\/\/www.asajacyl.com\/palencia\/#website\",\"url\":\"https:\/\/www.asajacyl.com\/palencia\/\",\"name\":\"ASAJA Palencia\",\"description\":\"Otro sitio m\u00e1s de Provincias ASAJA Castilla y Le\u00f3n\",\"potentialAction\":[{\"@type\":\"SearchAction\",\"target\":{\"@type\":\"EntryPoint\",\"urlTemplate\":\"https:\/\/www.asajacyl.com\/palencia\/?s={search_term_string}\"},\"query-input\":{\"@type\":\"PropertyValueSpecification\",\"valueRequired\":true,\"valueName\":\"search_term_string\"}}],\"inLanguage\":\"es\"},{\"@type\":\"Person\",\"@id\":\"https:\/\/www.asajacyl.com\/palencia\/#\/schema\/person\/3ab17aeb03527485c317557fae64aab1\",\"name\":\"Administrador\",\"image\":{\"@type\":\"ImageObject\",\"inLanguage\":\"es\",\"@id\":\"https:\/\/www.asajacyl.com\/palencia\/#\/schema\/person\/image\/\",\"url\":\"https:\/\/secure.gravatar.com\/avatar\/517384810d242ca9e38c180f3c9fb973?s=96&d=mm&r=g\",\"contentUrl\":\"https:\/\/secure.gravatar.com\/avatar\/517384810d242ca9e38c180f3c9fb973?s=96&d=mm&r=g\",\"caption\":\"Administrador\"},\"url\":\"https:\/\/www.asajacyl.com\/palencia\/author\/carlosrm\"}]}<\/script>\n<!-- \/ Yoast SEO plugin. -->","yoast_head_json":{"title":"Subidas importantes del cereal en Le\u00f3n - ASAJA Palencia","description":"El ma\u00edz seco comienza a cotizar y repiten el resto de referencias en patata y forraje Subidas importantes del cereal en Le\u00f3n, de 3 euros\/tonelada en Subidas importantes del cereal en Le\u00f3n","robots":{"index":"index","follow":"follow","max-snippet":"max-snippet:-1","max-image-preview":"max-image-preview:large","max-video-preview":"max-video-preview:-1"},"canonical":"https:\/\/www.asajacyl.com\/palencia\/asaja-palencia-informa\/subidas-importantes-del-cereal-en-leon","og_locale":"es_ES","og_type":"article","og_title":"Subidas importantes del cereal en Le\u00f3n - ASAJA Palencia","og_description":"El ma\u00edz seco comienza a cotizar y repiten el resto de referencias en patata y forraje Subidas importantes del cereal en Le\u00f3n, de 3 euros\/tonelada en Subidas importantes del cereal en Le\u00f3n","og_url":"https:\/\/www.asajacyl.com\/palencia\/asaja-palencia-informa\/subidas-importantes-del-cereal-en-leon","og_site_name":"ASAJA Palencia","article_published_time":"2026-03-11T14:02:03+00:00","article_modified_time":"2026-03-11T14:02:05+00:00","og_image":[{"width":2500,"height":1875,"url":"https:\/\/www.asajacyl.com\/palencia\/wp-content\/uploads\/sites\/3\/2026\/02\/foto-trigo-nacido.jpeg","type":"image\/jpeg"}],"author":"Administrador","twitter_card":"summary_large_image","twitter_misc":{"Escrito por":"Administrador","Tiempo de lectura":"3 minutos"},"schema":{"@context":"https:\/\/schema.org","@graph":[{"@type":"WebPage","@id":"https:\/\/www.asajacyl.com\/palencia\/asaja-palencia-informa\/subidas-importantes-del-cereal-en-leon","url":"https:\/\/www.asajacyl.com\/palencia\/asaja-palencia-informa\/subidas-importantes-del-cereal-en-leon","name":"Subidas importantes del cereal en Le\u00f3n - ASAJA Palencia","isPartOf":{"@id":"https:\/\/www.asajacyl.com\/palencia\/#website"},"primaryImageOfPage":{"@id":"https:\/\/www.asajacyl.com\/palencia\/asaja-palencia-informa\/subidas-importantes-del-cereal-en-leon#primaryimage"},"image":{"@id":"https:\/\/www.asajacyl.com\/palencia\/asaja-palencia-informa\/subidas-importantes-del-cereal-en-leon#primaryimage"},"thumbnailUrl":"https:\/\/www.asajacyl.com\/palencia\/wp-content\/uploads\/sites\/3\/2026\/02\/foto-trigo-nacido.jpeg","datePublished":"2026-03-11T14:02:03+00:00","dateModified":"2026-03-11T14:02:05+00:00","author":{"@id":"https:\/\/www.asajacyl.com\/palencia\/#\/schema\/person\/3ab17aeb03527485c317557fae64aab1"},"description":"El ma\u00edz seco comienza a cotizar y repiten el resto de referencias en patata y forraje Subidas importantes del cereal en Le\u00f3n, de 3 euros\/tonelada en Subidas importantes del cereal en Le\u00f3n","breadcrumb":{"@id":"https:\/\/www.asajacyl.com\/palencia\/asaja-palencia-informa\/subidas-importantes-del-cereal-en-leon#breadcrumb"},"inLanguage":"es","potentialAction":[{"@type":"ReadAction","target":["https:\/\/www.asajacyl.com\/palencia\/asaja-palencia-informa\/subidas-importantes-del-cereal-en-leon"]}]},{"@type":"ImageObject","inLanguage":"es","@id":"https:\/\/www.asajacyl.com\/palencia\/asaja-palencia-informa\/subidas-importantes-del-cereal-en-leon#primaryimage","url":"https:\/\/www.asajacyl.com\/palencia\/wp-content\/uploads\/sites\/3\/2026\/02\/foto-trigo-nacido.jpeg","contentUrl":"https:\/\/www.asajacyl.com\/palencia\/wp-content\/uploads\/sites\/3\/2026\/02\/foto-trigo-nacido.jpeg","width":2500,"height":1875},{"@type":"BreadcrumbList","@id":"https:\/\/www.asajacyl.com\/palencia\/asaja-palencia-informa\/subidas-importantes-del-cereal-en-leon#breadcrumb","itemListElement":[{"@type":"ListItem","position":1,"name":"Portada","item":"https:\/\/www.asajacyl.com\/palencia\/"},{"@type":"ListItem","position":2,"name":"Subidas importantes del cereal en Le\u00f3n"}]},{"@type":"WebSite","@id":"https:\/\/www.asajacyl.com\/palencia\/#website","url":"https:\/\/www.asajacyl.com\/palencia\/","name":"ASAJA Palencia","description":"Otro sitio m\u00e1s de Provincias ASAJA Castilla y Le\u00f3n","potentialAction":[{"@type":"SearchAction","target":{"@type":"EntryPoint","urlTemplate":"https:\/\/www.asajacyl.com\/palencia\/?s={search_term_string}"},"query-input":{"@type":"PropertyValueSpecification","valueRequired":true,"valueName":"search_term_string"}}],"inLanguage":"es"},{"@type":"Person","@id":"https:\/\/www.asajacyl.com\/palencia\/#\/schema\/person\/3ab17aeb03527485c317557fae64aab1","name":"Administrador","image":{"@type":"ImageObject","inLanguage":"es","@id":"https:\/\/www.asajacyl.com\/palencia\/#\/schema\/person\/image\/","url":"https:\/\/secure.gravatar.com\/avatar\/517384810d242ca9e38c180f3c9fb973?s=96&d=mm&r=g","contentUrl":"https:\/\/secure.gravatar.com\/avatar\/517384810d242ca9e38c180f3c9fb973?s=96&d=mm&r=g","caption":"Administrador"},"url":"https:\/\/www.asajacyl.com\/palencia\/author\/carlosrm"}]}},"_links":{"self":[{"href":"https:\/\/www.asajacyl.com\/palencia\/wp-json\/wp\/v2\/posts\/22508"}],"collection":[{"href":"https:\/\/www.asajacyl.com\/palencia\/wp-json\/wp\/v2\/posts"}],"about":[{"href":"https:\/\/www.asajacyl.com\/palencia\/wp-json\/wp\/v2\/types\/post"}],"author":[{"embeddable":true,"href":"https:\/\/www.asajacyl.com\/palencia\/wp-json\/wp\/v2\/users\/9"}],"replies":[{"embeddable":true,"href":"https:\/\/www.asajacyl.com\/palencia\/wp-json\/wp\/v2\/comments?post=22508"}],"version-history":[{"count":2,"href":"https:\/\/www.asajacyl.com\/palencia\/wp-json\/wp\/v2\/posts\/22508\/revisions"}],"predecessor-version":[{"id":22511,"href":"https:\/\/www.asajacyl.com\/palencia\/wp-json\/wp\/v2\/posts\/22508\/revisions\/22511"}],"wp:featuredmedia":[{"embeddable":true,"href":"https:\/\/www.asajacyl.com\/palencia\/wp-json\/wp\/v2\/media\/22358"}],"wp:attachment":[{"href":"https:\/\/www.asajacyl.com\/palencia\/wp-json\/wp\/v2\/media?parent=22508"}],"wp:term":[{"taxonomy":"category","embeddable":true,"href":"https:\/\/www.asajacyl.com\/palencia\/wp-json\/wp\/v2\/categories?post=22508"},{"taxonomy":"post_tag","embeddable":true,"href":"https:\/\/www.asajacyl.com\/palencia\/wp-json\/wp\/v2\/tags?post=22508"}],"curies":[{"name":"wp","href":"https:\/\/api.w.org\/{rel}","templated":true}]}}