{"id":22514,"date":"2026-03-15T10:09:00","date_gmt":"2026-03-15T09:09:00","guid":{"rendered":"https:\/\/www.asajacyl.com\/palencia\/?p=22514"},"modified":"2026-03-13T09:35:42","modified_gmt":"2026-03-13T08:35:42","slug":"el-tribunal-supremo-dicta-que-las-compensaciones-del-iva-no-cuentan-como-ingresos","status":"publish","type":"post","link":"https:\/\/www.asajacyl.com\/palencia\/asaja-palencia-informa\/el-tribunal-supremo-dicta-que-las-compensaciones-del-iva-no-cuentan-como-ingresos","title":{"rendered":"El Tribunal Supremo dicta que las compensaciones del IVA no cuentan como ingresos"},"content":{"rendered":"\n<h2 class=\"wp-block-heading\">Esta sentencia que crea jurisprudencia frena a Hacienda y protege a los agricultores en m\u00f3dulos.<\/h2>\n\n\n\n<h2 class=\"wp-block-heading\">El Tribunal Supremo dicta que las compensaciones del IVA no cuentan como ingresos. Esta sentencia, que crea jurisprudencia, frena a Hacienda y protege a los agricultores en m\u00f3dulos.<\/h2>\n\n\n\n<p>El Tribunal Supremo ha dictado una sentencia clave que pone fin a la estrategia de la Agencia Tributaria de expulsar a agricultores, ganaderos y pescadores del sistema de m\u00f3dulos, por la que se proh\u00edbe que las compensaciones del IVA recibidas por estos profesionales se contabilicen como ingresos. <\/p>\n\n\n\n<figure class=\"wp-block-image size-large is-resized\"><img loading=\"lazy\" decoding=\"async\" width=\"1024\" height=\"466\" src=\"https:\/\/www.asajacyl.com\/palencia\/wp-content\/uploads\/sites\/3\/2026\/03\/Agencia-Tributaria-Logo-Vector.svg--1024x466.png\" alt=\"\" class=\"wp-image-22516\" style=\"width:790px;height:auto\" srcset=\"https:\/\/www.asajacyl.com\/palencia\/wp-content\/uploads\/sites\/3\/2026\/03\/Agencia-Tributaria-Logo-Vector.svg--1024x466.png 1024w, https:\/\/www.asajacyl.com\/palencia\/wp-content\/uploads\/sites\/3\/2026\/03\/Agencia-Tributaria-Logo-Vector.svg--300x137.png 300w, https:\/\/www.asajacyl.com\/palencia\/wp-content\/uploads\/sites\/3\/2026\/03\/Agencia-Tributaria-Logo-Vector.svg--768x350.png 768w, https:\/\/www.asajacyl.com\/palencia\/wp-content\/uploads\/sites\/3\/2026\/03\/Agencia-Tributaria-Logo-Vector.svg--1536x700.png 1536w, https:\/\/www.asajacyl.com\/palencia\/wp-content\/uploads\/sites\/3\/2026\/03\/Agencia-Tributaria-Logo-Vector.svg--922x420.png 922w, https:\/\/www.asajacyl.com\/palencia\/wp-content\/uploads\/sites\/3\/2026\/03\/Agencia-Tributaria-Logo-Vector.svg--696x317.png 696w, https:\/\/www.asajacyl.com\/palencia\/wp-content\/uploads\/sites\/3\/2026\/03\/Agencia-Tributaria-Logo-Vector.svg--1068x486.png 1068w, https:\/\/www.asajacyl.com\/palencia\/wp-content\/uploads\/sites\/3\/2026\/03\/Agencia-Tributaria-Logo-Vector.svg-.png 1875w\" sizes=\"(max-width: 1024px) 100vw, 1024px\" \/><\/figure>\n\n\n\n<h3 class=\"wp-block-heading\">60.000 EXPLOTACIONES EN CyL<\/h3>\n\n\n\n<p>La decisi\u00f3n del Supremo respalda el criterio de <a href=\"https:\/\/www.asaja.com\/\">ASAJA<\/a>, que ha defendido que <strong>excluir la compensaci\u00f3n del IVA del c\u00f3mputo de ingresos en m\u00f3dulos, protege a cerca de 60.000 explotaciones<\/strong> que tributan <strong>en Castilla y Le\u00f3n<\/strong> en el R\u00e9gimen de Estimaci\u00f3n Objetiva, y <strong>abre la puerta a reclamar las cantidades pagadas<\/strong> en los \u00faltimos cuatro a\u00f1os.<\/p>\n\n\n\n<p>La sentencia -fechada el pasado 25 de febrero- contradice el criterio previo del&nbsp;<strong>Tribunal Econ\u00f3mico-Administrativo Central (TEAC)<\/strong>, que avalaba incluir estos pagos en el c\u00f3mputo global. Seg\u00fan el Supremo, dicha interpretaci\u00f3n&nbsp;<strong>\u201cviciaba\u201d las ganancias reales de las explotaciones<\/strong>, forzando <strong>de manera artificial la salida de miles de aut\u00f3nomos del r\u00e9gimen simplificado<\/strong> hacia modelos de tributaci\u00f3n m\u00e1s costosos y complejos.<\/p>\n\n\n\n<h3 class=\"wp-block-heading\">RECLAMAR LAS CANTIDADES PAGADAS <\/h3>\n\n\n\n<p>Como consecuencia directa de este fallo judicial, los agricultores afectados que fueron expulsados de m\u00f3dulos (estimaci\u00f3n objetiva) o que tributaron en exceso bajo el anterior criterio de Hacienda podr\u00e1n&nbsp;<strong>solicitar la rectificaci\u00f3n de ingresos indebidos en los ejercicios no prescritos<\/strong>.<\/p>\n\n\n\n<p>En este sentido,&nbsp;<strong>ASAJA solicita al Ministerio de Hacienda que habilite de oficio un procedimiento \u00e1gil para realizar declaraciones paralelas y rectificar las liquidaciones correspondientes<\/strong>, de modo que los agricultores puedan recuperar las cantidades pagadas de m\u00e1s en los&nbsp;<strong>cuatro ejercicios anteriores a 2025<\/strong>, siempre que no hayan prescrito. <\/p>\n\n\n\n<h3 class=\"wp-block-heading\">REINCLUSI\u00d3N DE LOS EXPULSADOS<\/h3>\n\n\n\n<p>Solicitamos desde ASAJA <strong>que se incluya a aquellos que en su d\u00eda fueron expulsados del r\u00e9gimen de m\u00f3dulos<\/strong>, al r\u00e9gimen de estimaci\u00f3n directa <strong>por haber superado los l\u00edmites de permanencia de los 250.000 euros<\/strong> y a los cuales les fueron impuestas, en algunos casos, sanciones de cuant\u00edas econ\u00f3micas muy elevadas. Adem\u00e1s, Hacienda deber\u00e1 devolver al r\u00e9gimen de m\u00f3dulos a aquellos agricultores y ganaderos que fueron expulsados ilegalmente.<\/p>\n\n\n\n<p>El Tribunal Supremo subraya que el objetivo del sistema de m\u00f3dulos es simplificar las obligaciones fiscales de los peque\u00f1os negocios. En su resoluci\u00f3n recuerda adem\u00e1s que\u00a0<strong>la Ley del IVA ya excluye estas compensaciones<\/strong>, y que las\u00a0<strong>\u00f3rdenes ministeriales de m\u00f3dulos de 2025 y 2026<\/strong>\u00a0han integrado esta interpretaci\u00f3n para evitar futuras controversias.<\/p>\n\n\n\n<figure class=\"wp-block-embed is-type-video is-provider-youtube wp-block-embed-youtube wp-embed-aspect-16-9 wp-has-aspect-ratio\"><div class=\"wp-block-embed__wrapper\">\n<div class=\"youtube-embed\" data-video_id=\"GJwgPVvOSbA\"><iframe loading=\"lazy\" title=\"\u2696\ufe0f\ud83c\udf3e El Supremo da la raz\u00f3n a ASAJA y frena a Hacienda.\" width=\"696\" height=\"392\" src=\"https:\/\/www.youtube.com\/embed\/GJwgPVvOSbA?feature=oembed&#038;enablejsapi=1\" frameborder=\"0\" allow=\"accelerometer; autoplay; clipboard-write; encrypted-media; gyroscope; picture-in-picture; web-share\" referrerpolicy=\"strict-origin-when-cross-origin\" allowfullscreen><\/iframe><\/div>\n<\/div><\/figure>\n","protected":false},"excerpt":{"rendered":"<p>Esta sentencia que crea jurisprudencia frena a Hacienda y protege a los agricultores en m\u00f3dulos. El Tribunal Supremo dicta que las compensaciones del IVA no cuentan como ingresos. Esta sentencia, que crea jurisprudencia, frena a Hacienda y protege a los agricultores en m\u00f3dulos. El Tribunal Supremo ha dictado una sentencia clave que pone fin a [&hellip;]<\/p>\n","protected":false},"author":9,"featured_media":22517,"comment_status":"open","ping_status":"open","sticky":false,"template":"","format":"standard","meta":{"footnotes":""},"categories":[9,28],"tags":[1698,1816,1817,1818,58,77,110],"yoast_head":"<!-- This site is optimized with the Yoast SEO plugin v24.5 - https:\/\/yoast.com\/wordpress\/plugins\/seo\/ -->\n<title>El Tribunal Supremo dicta que las compensaciones del IVA no cuentan como ingresos - ASAJA Palencia<\/title>\n<meta name=\"description\" content=\"Esta sentencia que crea jurisprudencia frena a Hacienda y protege a los agricultores en m\u00f3dulos. El Tribunal Supremo dicta que las compensaciones del IVA El Tribunal Supremo dicta que las compensaciones del IVA no cuentan como ingresos. Esta sentencia que crea jurisprudencia.\" \/>\n<meta name=\"robots\" content=\"index, follow, max-snippet:-1, max-image-preview:large, max-video-preview:-1\" \/>\n<link rel=\"canonical\" href=\"https:\/\/www.asajacyl.com\/palencia\/asaja-palencia-informa\/el-tribunal-supremo-dicta-que-las-compensaciones-del-iva-no-cuentan-como-ingresos\" \/>\n<meta property=\"og:locale\" content=\"es_ES\" \/>\n<meta property=\"og:type\" content=\"article\" \/>\n<meta property=\"og:title\" content=\"El Tribunal Supremo dicta que las compensaciones del IVA no cuentan como ingresos - ASAJA Palencia\" \/>\n<meta property=\"og:description\" content=\"Esta sentencia que crea jurisprudencia frena a Hacienda y protege a los agricultores en m\u00f3dulos. El Tribunal Supremo dicta que las compensaciones del IVA El Tribunal Supremo dicta que las compensaciones del IVA no cuentan como ingresos. Esta sentencia que crea jurisprudencia.\" \/>\n<meta property=\"og:url\" content=\"https:\/\/www.asajacyl.com\/palencia\/asaja-palencia-informa\/el-tribunal-supremo-dicta-que-las-compensaciones-del-iva-no-cuentan-como-ingresos\" \/>\n<meta property=\"og:site_name\" content=\"ASAJA Palencia\" \/>\n<meta property=\"article:published_time\" content=\"2026-03-15T09:09:00+00:00\" \/>\n<meta property=\"og:image\" content=\"https:\/\/www.asajacyl.com\/palencia\/wp-content\/uploads\/sites\/3\/2026\/03\/Sancando-patatas-en-la-Ojeda-2.jpg\" \/>\n\t<meta property=\"og:image:width\" content=\"775\" \/>\n\t<meta property=\"og:image:height\" content=\"466\" \/>\n\t<meta property=\"og:image:type\" content=\"image\/jpeg\" \/>\n<meta name=\"author\" content=\"Administrador\" \/>\n<meta name=\"twitter:card\" content=\"summary_large_image\" \/>\n<meta name=\"twitter:label1\" content=\"Escrito por\" \/>\n\t<meta name=\"twitter:data1\" content=\"Administrador\" \/>\n\t<meta name=\"twitter:label2\" content=\"Tiempo de lectura\" \/>\n\t<meta name=\"twitter:data2\" content=\"3 minutos\" \/>\n<script type=\"application\/ld+json\" class=\"yoast-schema-graph\">{\"@context\":\"https:\/\/schema.org\",\"@graph\":[{\"@type\":\"WebPage\",\"@id\":\"https:\/\/www.asajacyl.com\/palencia\/asaja-palencia-informa\/el-tribunal-supremo-dicta-que-las-compensaciones-del-iva-no-cuentan-como-ingresos\",\"url\":\"https:\/\/www.asajacyl.com\/palencia\/asaja-palencia-informa\/el-tribunal-supremo-dicta-que-las-compensaciones-del-iva-no-cuentan-como-ingresos\",\"name\":\"El Tribunal Supremo dicta que las compensaciones del IVA no cuentan como ingresos - ASAJA Palencia\",\"isPartOf\":{\"@id\":\"https:\/\/www.asajacyl.com\/palencia\/#website\"},\"primaryImageOfPage\":{\"@id\":\"https:\/\/www.asajacyl.com\/palencia\/asaja-palencia-informa\/el-tribunal-supremo-dicta-que-las-compensaciones-del-iva-no-cuentan-como-ingresos#primaryimage\"},\"image\":{\"@id\":\"https:\/\/www.asajacyl.com\/palencia\/asaja-palencia-informa\/el-tribunal-supremo-dicta-que-las-compensaciones-del-iva-no-cuentan-como-ingresos#primaryimage\"},\"thumbnailUrl\":\"https:\/\/www.asajacyl.com\/palencia\/wp-content\/uploads\/sites\/3\/2026\/03\/Sancando-patatas-en-la-Ojeda-2.jpg\",\"datePublished\":\"2026-03-15T09:09:00+00:00\",\"author\":{\"@id\":\"https:\/\/www.asajacyl.com\/palencia\/#\/schema\/person\/3ab17aeb03527485c317557fae64aab1\"},\"description\":\"Esta sentencia que crea jurisprudencia frena a Hacienda y protege a los agricultores en m\u00f3dulos. El Tribunal Supremo dicta que las compensaciones del IVA El Tribunal Supremo dicta que las compensaciones del IVA no cuentan como ingresos. Esta sentencia que crea jurisprudencia.\",\"breadcrumb\":{\"@id\":\"https:\/\/www.asajacyl.com\/palencia\/asaja-palencia-informa\/el-tribunal-supremo-dicta-que-las-compensaciones-del-iva-no-cuentan-como-ingresos#breadcrumb\"},\"inLanguage\":\"es\",\"potentialAction\":[{\"@type\":\"ReadAction\",\"target\":[\"https:\/\/www.asajacyl.com\/palencia\/asaja-palencia-informa\/el-tribunal-supremo-dicta-que-las-compensaciones-del-iva-no-cuentan-como-ingresos\"]}]},{\"@type\":\"ImageObject\",\"inLanguage\":\"es\",\"@id\":\"https:\/\/www.asajacyl.com\/palencia\/asaja-palencia-informa\/el-tribunal-supremo-dicta-que-las-compensaciones-del-iva-no-cuentan-como-ingresos#primaryimage\",\"url\":\"https:\/\/www.asajacyl.com\/palencia\/wp-content\/uploads\/sites\/3\/2026\/03\/Sancando-patatas-en-la-Ojeda-2.jpg\",\"contentUrl\":\"https:\/\/www.asajacyl.com\/palencia\/wp-content\/uploads\/sites\/3\/2026\/03\/Sancando-patatas-en-la-Ojeda-2.jpg\",\"width\":775,\"height\":466},{\"@type\":\"BreadcrumbList\",\"@id\":\"https:\/\/www.asajacyl.com\/palencia\/asaja-palencia-informa\/el-tribunal-supremo-dicta-que-las-compensaciones-del-iva-no-cuentan-como-ingresos#breadcrumb\",\"itemListElement\":[{\"@type\":\"ListItem\",\"position\":1,\"name\":\"Portada\",\"item\":\"https:\/\/www.asajacyl.com\/palencia\/\"},{\"@type\":\"ListItem\",\"position\":2,\"name\":\"El Tribunal Supremo dicta que las compensaciones del IVA no cuentan como ingresos\"}]},{\"@type\":\"WebSite\",\"@id\":\"https:\/\/www.asajacyl.com\/palencia\/#website\",\"url\":\"https:\/\/www.asajacyl.com\/palencia\/\",\"name\":\"ASAJA Palencia\",\"description\":\"Otro sitio m\u00e1s de Provincias ASAJA Castilla y Le\u00f3n\",\"potentialAction\":[{\"@type\":\"SearchAction\",\"target\":{\"@type\":\"EntryPoint\",\"urlTemplate\":\"https:\/\/www.asajacyl.com\/palencia\/?s={search_term_string}\"},\"query-input\":{\"@type\":\"PropertyValueSpecification\",\"valueRequired\":true,\"valueName\":\"search_term_string\"}}],\"inLanguage\":\"es\"},{\"@type\":\"Person\",\"@id\":\"https:\/\/www.asajacyl.com\/palencia\/#\/schema\/person\/3ab17aeb03527485c317557fae64aab1\",\"name\":\"Administrador\",\"image\":{\"@type\":\"ImageObject\",\"inLanguage\":\"es\",\"@id\":\"https:\/\/www.asajacyl.com\/palencia\/#\/schema\/person\/image\/\",\"url\":\"https:\/\/secure.gravatar.com\/avatar\/517384810d242ca9e38c180f3c9fb973?s=96&d=mm&r=g\",\"contentUrl\":\"https:\/\/secure.gravatar.com\/avatar\/517384810d242ca9e38c180f3c9fb973?s=96&d=mm&r=g\",\"caption\":\"Administrador\"},\"url\":\"https:\/\/www.asajacyl.com\/palencia\/author\/carlosrm\"}]}<\/script>\n<!-- \/ Yoast SEO plugin. -->","yoast_head_json":{"title":"El Tribunal Supremo dicta que las compensaciones del IVA no cuentan como ingresos - ASAJA Palencia","description":"Esta sentencia que crea jurisprudencia frena a Hacienda y protege a los agricultores en m\u00f3dulos. El Tribunal Supremo dicta que las compensaciones del IVA El Tribunal Supremo dicta que las compensaciones del IVA no cuentan como ingresos. Esta sentencia que crea jurisprudencia.","robots":{"index":"index","follow":"follow","max-snippet":"max-snippet:-1","max-image-preview":"max-image-preview:large","max-video-preview":"max-video-preview:-1"},"canonical":"https:\/\/www.asajacyl.com\/palencia\/asaja-palencia-informa\/el-tribunal-supremo-dicta-que-las-compensaciones-del-iva-no-cuentan-como-ingresos","og_locale":"es_ES","og_type":"article","og_title":"El Tribunal Supremo dicta que las compensaciones del IVA no cuentan como ingresos - ASAJA Palencia","og_description":"Esta sentencia que crea jurisprudencia frena a Hacienda y protege a los agricultores en m\u00f3dulos. El Tribunal Supremo dicta que las compensaciones del IVA El Tribunal Supremo dicta que las compensaciones del IVA no cuentan como ingresos. Esta sentencia que crea jurisprudencia.","og_url":"https:\/\/www.asajacyl.com\/palencia\/asaja-palencia-informa\/el-tribunal-supremo-dicta-que-las-compensaciones-del-iva-no-cuentan-como-ingresos","og_site_name":"ASAJA Palencia","article_published_time":"2026-03-15T09:09:00+00:00","og_image":[{"width":775,"height":466,"url":"https:\/\/www.asajacyl.com\/palencia\/wp-content\/uploads\/sites\/3\/2026\/03\/Sancando-patatas-en-la-Ojeda-2.jpg","type":"image\/jpeg"}],"author":"Administrador","twitter_card":"summary_large_image","twitter_misc":{"Escrito por":"Administrador","Tiempo de lectura":"3 minutos"},"schema":{"@context":"https:\/\/schema.org","@graph":[{"@type":"WebPage","@id":"https:\/\/www.asajacyl.com\/palencia\/asaja-palencia-informa\/el-tribunal-supremo-dicta-que-las-compensaciones-del-iva-no-cuentan-como-ingresos","url":"https:\/\/www.asajacyl.com\/palencia\/asaja-palencia-informa\/el-tribunal-supremo-dicta-que-las-compensaciones-del-iva-no-cuentan-como-ingresos","name":"El Tribunal Supremo dicta que las compensaciones del IVA no cuentan como ingresos - ASAJA Palencia","isPartOf":{"@id":"https:\/\/www.asajacyl.com\/palencia\/#website"},"primaryImageOfPage":{"@id":"https:\/\/www.asajacyl.com\/palencia\/asaja-palencia-informa\/el-tribunal-supremo-dicta-que-las-compensaciones-del-iva-no-cuentan-como-ingresos#primaryimage"},"image":{"@id":"https:\/\/www.asajacyl.com\/palencia\/asaja-palencia-informa\/el-tribunal-supremo-dicta-que-las-compensaciones-del-iva-no-cuentan-como-ingresos#primaryimage"},"thumbnailUrl":"https:\/\/www.asajacyl.com\/palencia\/wp-content\/uploads\/sites\/3\/2026\/03\/Sancando-patatas-en-la-Ojeda-2.jpg","datePublished":"2026-03-15T09:09:00+00:00","author":{"@id":"https:\/\/www.asajacyl.com\/palencia\/#\/schema\/person\/3ab17aeb03527485c317557fae64aab1"},"description":"Esta sentencia que crea jurisprudencia frena a Hacienda y protege a los agricultores en m\u00f3dulos. El Tribunal Supremo dicta que las compensaciones del IVA El Tribunal Supremo dicta que las compensaciones del IVA no cuentan como ingresos. Esta sentencia que crea jurisprudencia.","breadcrumb":{"@id":"https:\/\/www.asajacyl.com\/palencia\/asaja-palencia-informa\/el-tribunal-supremo-dicta-que-las-compensaciones-del-iva-no-cuentan-como-ingresos#breadcrumb"},"inLanguage":"es","potentialAction":[{"@type":"ReadAction","target":["https:\/\/www.asajacyl.com\/palencia\/asaja-palencia-informa\/el-tribunal-supremo-dicta-que-las-compensaciones-del-iva-no-cuentan-como-ingresos"]}]},{"@type":"ImageObject","inLanguage":"es","@id":"https:\/\/www.asajacyl.com\/palencia\/asaja-palencia-informa\/el-tribunal-supremo-dicta-que-las-compensaciones-del-iva-no-cuentan-como-ingresos#primaryimage","url":"https:\/\/www.asajacyl.com\/palencia\/wp-content\/uploads\/sites\/3\/2026\/03\/Sancando-patatas-en-la-Ojeda-2.jpg","contentUrl":"https:\/\/www.asajacyl.com\/palencia\/wp-content\/uploads\/sites\/3\/2026\/03\/Sancando-patatas-en-la-Ojeda-2.jpg","width":775,"height":466},{"@type":"BreadcrumbList","@id":"https:\/\/www.asajacyl.com\/palencia\/asaja-palencia-informa\/el-tribunal-supremo-dicta-que-las-compensaciones-del-iva-no-cuentan-como-ingresos#breadcrumb","itemListElement":[{"@type":"ListItem","position":1,"name":"Portada","item":"https:\/\/www.asajacyl.com\/palencia\/"},{"@type":"ListItem","position":2,"name":"El Tribunal Supremo dicta que las compensaciones del IVA no cuentan como ingresos"}]},{"@type":"WebSite","@id":"https:\/\/www.asajacyl.com\/palencia\/#website","url":"https:\/\/www.asajacyl.com\/palencia\/","name":"ASAJA Palencia","description":"Otro sitio m\u00e1s de Provincias ASAJA Castilla y Le\u00f3n","potentialAction":[{"@type":"SearchAction","target":{"@type":"EntryPoint","urlTemplate":"https:\/\/www.asajacyl.com\/palencia\/?s={search_term_string}"},"query-input":{"@type":"PropertyValueSpecification","valueRequired":true,"valueName":"search_term_string"}}],"inLanguage":"es"},{"@type":"Person","@id":"https:\/\/www.asajacyl.com\/palencia\/#\/schema\/person\/3ab17aeb03527485c317557fae64aab1","name":"Administrador","image":{"@type":"ImageObject","inLanguage":"es","@id":"https:\/\/www.asajacyl.com\/palencia\/#\/schema\/person\/image\/","url":"https:\/\/secure.gravatar.com\/avatar\/517384810d242ca9e38c180f3c9fb973?s=96&d=mm&r=g","contentUrl":"https:\/\/secure.gravatar.com\/avatar\/517384810d242ca9e38c180f3c9fb973?s=96&d=mm&r=g","caption":"Administrador"},"url":"https:\/\/www.asajacyl.com\/palencia\/author\/carlosrm"}]}},"_links":{"self":[{"href":"https:\/\/www.asajacyl.com\/palencia\/wp-json\/wp\/v2\/posts\/22514"}],"collection":[{"href":"https:\/\/www.asajacyl.com\/palencia\/wp-json\/wp\/v2\/posts"}],"about":[{"href":"https:\/\/www.asajacyl.com\/palencia\/wp-json\/wp\/v2\/types\/post"}],"author":[{"embeddable":true,"href":"https:\/\/www.asajacyl.com\/palencia\/wp-json\/wp\/v2\/users\/9"}],"replies":[{"embeddable":true,"href":"https:\/\/www.asajacyl.com\/palencia\/wp-json\/wp\/v2\/comments?post=22514"}],"version-history":[{"count":2,"href":"https:\/\/www.asajacyl.com\/palencia\/wp-json\/wp\/v2\/posts\/22514\/revisions"}],"predecessor-version":[{"id":22521,"href":"https:\/\/www.asajacyl.com\/palencia\/wp-json\/wp\/v2\/posts\/22514\/revisions\/22521"}],"wp:featuredmedia":[{"embeddable":true,"href":"https:\/\/www.asajacyl.com\/palencia\/wp-json\/wp\/v2\/media\/22517"}],"wp:attachment":[{"href":"https:\/\/www.asajacyl.com\/palencia\/wp-json\/wp\/v2\/media?parent=22514"}],"wp:term":[{"taxonomy":"category","embeddable":true,"href":"https:\/\/www.asajacyl.com\/palencia\/wp-json\/wp\/v2\/categories?post=22514"},{"taxonomy":"post_tag","embeddable":true,"href":"https:\/\/www.asajacyl.com\/palencia\/wp-json\/wp\/v2\/tags?post=22514"}],"curies":[{"name":"wp","href":"https:\/\/api.w.org\/{rel}","templated":true}]}}