{"id":22522,"date":"2026-03-13T15:21:06","date_gmt":"2026-03-13T14:21:06","guid":{"rendered":"https:\/\/www.asajacyl.com\/palencia\/?p=22522"},"modified":"2026-03-13T15:21:13","modified_gmt":"2026-03-13T14:21:13","slug":"manana-dia-13-de-marzo-se-celebra-la-asamblea-general-ordinaria-de-asaja-palencia-2","status":"publish","type":"post","link":"https:\/\/www.asajacyl.com\/palencia\/asaja-palencia-informa\/manana-dia-13-de-marzo-se-celebra-la-asamblea-general-ordinaria-de-asaja-palencia-2","title":{"rendered":"Los Estados miembros de la UE ya hablan de que la actual PAC se prorrogue hasta 2030"},"content":{"rendered":"\n<h2 class=\"wp-block-heading\">As\u00ed lo ha adelantado en la Asamblea de Asaja Palencia Jos\u00e9 M\u00aa Castilla, director de la oficina de ASAJA en la UE.<\/h2>\n\n\n\n<h2 class=\"wp-block-heading\">\u00abLos Estados miembros de la UE ya hablan de que la actual PAC se prorrogue hasta 2030\u00bb, ha declarado en la Asamblea General de <a href=\"https:\/\/www.asajacyl.com\/palencia\">ASAJA Palencia<\/a> <strong>Jos\u00e9 M\u00aa Castilla<\/strong>, director de la oficina de ASAJA en la UE.<\/h2>\n\n\n\n<h2 class=\"wp-block-heading\">Por otro lado, <strong>Donaciano Dujo<\/strong>, presidente de ASAJA CyL, inform\u00f3 a los socios que el pr\u00f3ximo lunes 16 estar\u00e1 junto a Pedro Barato en la reuni\u00f3n que las organizaciones agrarias (OPAs) tendr\u00e1n con el Gobierno de Espa\u00f1a. En este encuentro, el Gobierno les trasladar\u00e1 a las OPAs las medidas que quiere tomar para paliar el grave perjuicio que est\u00e1 teniendo para el sector agrario la guerra en Ir\u00e1n, con la subida del 50% en el gas\u00f3leo agr\u00edcola y con el incremento de precios en los fertilizantes.<\/h2>\n\n\n\n<h2 class=\"wp-block-heading\">En la Asamblea General Ordinaria, que se celebr\u00f3 hoy en el Sal\u00f3n Cultural de la Diputaci\u00f3n, tambi\u00e9n tuvo protagonismo el informe del presidente de <a href=\"https:\/\/www.asajacyl.com\/palencia\">ASAJA Palencia<\/a>, <strong>Jos\u00e9 Luis Marcos<\/strong>, quien acus\u00f3 a todos los partidos de prometer muchas cosas en campa\u00f1a y despu\u00e9s olvidarse. Por ello, Marcos pidi\u00f3 que quien resulte elegido en las Elecciones de Castilla y Le\u00f3n forme gobierno cuanto antes, \u00abporque en la actual situaci\u00f3n el campo necesita respuestas urgentes y no puede esperar a que los partidos tarden meses en ponerse de acuerdo\u00bb.<\/h2>\n\n\n\n<figure class=\"wp-block-image size-large\"><img loading=\"lazy\" decoding=\"async\" width=\"1024\" height=\"768\" src=\"https:\/\/www.asajacyl.com\/palencia\/wp-content\/uploads\/sites\/3\/2026\/03\/Salon-general-1024x768.jpeg\" alt=\"\" class=\"wp-image-22523\" srcset=\"https:\/\/www.asajacyl.com\/palencia\/wp-content\/uploads\/sites\/3\/2026\/03\/Salon-general-1024x768.jpeg 1024w, https:\/\/www.asajacyl.com\/palencia\/wp-content\/uploads\/sites\/3\/2026\/03\/Salon-general-300x225.jpeg 300w, https:\/\/www.asajacyl.com\/palencia\/wp-content\/uploads\/sites\/3\/2026\/03\/Salon-general-768x576.jpeg 768w, https:\/\/www.asajacyl.com\/palencia\/wp-content\/uploads\/sites\/3\/2026\/03\/Salon-general-1536x1152.jpeg 1536w, https:\/\/www.asajacyl.com\/palencia\/wp-content\/uploads\/sites\/3\/2026\/03\/Salon-general-560x420.jpeg 560w, https:\/\/www.asajacyl.com\/palencia\/wp-content\/uploads\/sites\/3\/2026\/03\/Salon-general-80x60.jpeg 80w, https:\/\/www.asajacyl.com\/palencia\/wp-content\/uploads\/sites\/3\/2026\/03\/Salon-general-696x522.jpeg 696w, https:\/\/www.asajacyl.com\/palencia\/wp-content\/uploads\/sites\/3\/2026\/03\/Salon-general-1068x801.jpeg 1068w, https:\/\/www.asajacyl.com\/palencia\/wp-content\/uploads\/sites\/3\/2026\/03\/Salon-general-1920x1440.jpeg 1920w, https:\/\/www.asajacyl.com\/palencia\/wp-content\/uploads\/sites\/3\/2026\/03\/Salon-general.jpeg 2000w\" sizes=\"(max-width: 1024px) 100vw, 1024px\" \/><\/figure>\n\n\n\n<p>ASAMBLEA. <\/p>\n\n\n\n<p>El <strong>orden del d\u00eda<\/strong> incluy\u00f3: 1- lectura y aprobaci\u00f3n del acta de la asamblea anterior; 2- presentaci\u00f3n y aprobaci\u00f3n del ejercicio de 2025; 3- presentaci\u00f3n y aprobaci\u00f3n del presupuesto de 2026; 4- informe del presidente; 5- ruegos y preguntas; 6- sorteos.<\/p>\n\n\n\n<h3 class=\"wp-block-heading\">EUROPA<\/h3>\n\n\n\n<p>Tras la Asamblea, el ponente invitado de este a\u00f1o es <strong>Jos\u00e9 M\u00aa Castilla<\/strong>, director de la oficina de ASAJA en la Uni\u00f3n Europea, ubicada en la localidad belga de Bruselas. Castilla habl\u00f3 sobre los principales temas que ahora se negocian en la Uni\u00f3n Europea, como la PAC o MERCOSUR, en la ponencia titulada &#8216;\u00bfQu\u00e9 viene para el campo? La PAC que se avecina&#8217;. En breve se difundir\u00e1 la ponencia entre los socios de ASAJA Palencia para que la puedan leer con detenimiento.<\/p>\n\n\n\n<figure class=\"wp-block-image size-large\"><img loading=\"lazy\" decoding=\"async\" width=\"1024\" height=\"768\" src=\"https:\/\/www.asajacyl.com\/palencia\/wp-content\/uploads\/sites\/3\/2026\/03\/Castilla-1024x768.jpeg\" alt=\"\" class=\"wp-image-22524\" srcset=\"https:\/\/www.asajacyl.com\/palencia\/wp-content\/uploads\/sites\/3\/2026\/03\/Castilla-1024x768.jpeg 1024w, https:\/\/www.asajacyl.com\/palencia\/wp-content\/uploads\/sites\/3\/2026\/03\/Castilla-300x225.jpeg 300w, https:\/\/www.asajacyl.com\/palencia\/wp-content\/uploads\/sites\/3\/2026\/03\/Castilla-768x576.jpeg 768w, https:\/\/www.asajacyl.com\/palencia\/wp-content\/uploads\/sites\/3\/2026\/03\/Castilla-1536x1152.jpeg 1536w, https:\/\/www.asajacyl.com\/palencia\/wp-content\/uploads\/sites\/3\/2026\/03\/Castilla-560x420.jpeg 560w, https:\/\/www.asajacyl.com\/palencia\/wp-content\/uploads\/sites\/3\/2026\/03\/Castilla-80x60.jpeg 80w, https:\/\/www.asajacyl.com\/palencia\/wp-content\/uploads\/sites\/3\/2026\/03\/Castilla-696x522.jpeg 696w, https:\/\/www.asajacyl.com\/palencia\/wp-content\/uploads\/sites\/3\/2026\/03\/Castilla-1068x801.jpeg 1068w, https:\/\/www.asajacyl.com\/palencia\/wp-content\/uploads\/sites\/3\/2026\/03\/Castilla-1920x1440.jpeg 1920w, https:\/\/www.asajacyl.com\/palencia\/wp-content\/uploads\/sites\/3\/2026\/03\/Castilla.jpeg 2000w\" sizes=\"(max-width: 1024px) 100vw, 1024px\" \/><figcaption class=\"wp-element-caption\">Jos\u00e9 M\u00aa Castilla<\/figcaption><\/figure>\n\n\n\n<h3 class=\"wp-block-heading\">CLAUSURA Y MANIFESTACI\u00d3N EL 18M<\/h3>\n\n\n\n<p>En la clausura la jornada <strong>Donaciano Dujo<\/strong>, presidente de ASAJA Castilla y Le\u00f3n, quien como es habitual, hizo un repaso claro de los temas candentes en el sector agrario, entre los que no falt\u00f3 la subida disparada de los precios del combustible y convoc\u00f3 todos los socios a asistir a la <strong>manifestaci\u00f3n<\/strong> programada por las OPAs para el <strong>18 de marzo, a las 12 horas en la delegaci\u00f3n del Gobierno en Valladolid.<\/strong> \u00abNo s\u00f3lo hay que protestar en el bar, hay que demostrarlo respaldando las manifestaciones\u00bb, se\u00f1al\u00f3 Dujo.<\/p>\n\n\n\n<h3 class=\"wp-block-heading\">SORTEO<\/h3>\n\n\n\n<p>Entre los socios asistentes de ASAJA Palencia, se sortearon 5 viajes entre los que tramiten la PAC con ASAJA. Los socios premiados fueron: Jos\u00e9 Ignacio Castillejo Cantero, Jes\u00fas M\u00aa Delgado Puebla, \u00d3scar Mart\u00edn Mart\u00ednez, Luis Alfonso M\u00e9lida Herrero y la Sociedad Civil Doncel Rubio. Asimismo, se sortearon otros 5 viajes entre los que tramitan el seguro agrario con ASAJA y los socios premiados fueron: Paulino Fern\u00e1ndez Santillana, Roberto Garc\u00eda Salas, Gustavo Adolfo Toledo garc\u00eda, Juan Alberto Garc\u00eda Tejero y Luis Fernando Fuente Mata..<\/p>\n","protected":false},"excerpt":{"rendered":"<p>As\u00ed lo ha adelantado en la Asamblea de Asaja Palencia Jos\u00e9 M\u00aa Castilla, director de la oficina de ASAJA en la UE. \u00abLos Estados miembros de la UE ya hablan de que la actual PAC se prorrogue hasta 2030\u00bb, ha declarado en la Asamblea General de ASAJA Palencia Jos\u00e9 M\u00aa Castilla, director de la oficina [&hellip;]<\/p>\n","protected":false},"author":9,"featured_media":22525,"comment_status":"open","ping_status":"open","sticky":false,"template":"","format":"standard","meta":{"footnotes":""},"categories":[9,29,28],"tags":[1764,711,1698,1801,1815,1765,1814,1794],"yoast_head":"<!-- This site is optimized with the Yoast SEO plugin v24.5 - https:\/\/yoast.com\/wordpress\/plugins\/seo\/ -->\n<title>Los Estados miembros de la UE ya hablan de que la actual PAC se prorrogue hasta 2030 - ASAJA Palencia<\/title>\n<meta name=\"description\" content=\"As\u00ed lo ha adelantado en la Asamblea de Asaja Palencia Jos\u00e9 M\u00aa Castilla, director de la oficina de ASAJA en la UE. &quot;Los Estados miembros de la UE ya hablan Los Estados miembros de la UE ya hablan de que la actual PAC se prorrogue hasta 2030\" \/>\n<meta name=\"robots\" content=\"index, follow, max-snippet:-1, max-image-preview:large, max-video-preview:-1\" \/>\n<link rel=\"canonical\" href=\"https:\/\/www.asajacyl.com\/palencia\/asaja-palencia-informa\/manana-dia-13-de-marzo-se-celebra-la-asamblea-general-ordinaria-de-asaja-palencia-2\" \/>\n<meta property=\"og:locale\" content=\"es_ES\" \/>\n<meta property=\"og:type\" content=\"article\" \/>\n<meta property=\"og:title\" content=\"Los Estados miembros de la UE ya hablan de que la actual PAC se prorrogue hasta 2030 - ASAJA Palencia\" \/>\n<meta property=\"og:description\" content=\"As\u00ed lo ha adelantado en la Asamblea de Asaja Palencia Jos\u00e9 M\u00aa Castilla, director de la oficina de ASAJA en la UE. &quot;Los Estados miembros de la UE ya hablan Los Estados miembros de la UE ya hablan de que la actual PAC se prorrogue hasta 2030\" \/>\n<meta property=\"og:url\" content=\"https:\/\/www.asajacyl.com\/palencia\/asaja-palencia-informa\/manana-dia-13-de-marzo-se-celebra-la-asamblea-general-ordinaria-de-asaja-palencia-2\" \/>\n<meta property=\"og:site_name\" content=\"ASAJA Palencia\" \/>\n<meta property=\"article:published_time\" content=\"2026-03-13T14:21:06+00:00\" \/>\n<meta property=\"article:modified_time\" content=\"2026-03-13T14:21:13+00:00\" \/>\n<meta property=\"og:image\" content=\"https:\/\/www.asajacyl.com\/palencia\/wp-content\/uploads\/sites\/3\/2026\/03\/Mesa-inicial.jpeg\" \/>\n\t<meta property=\"og:image:width\" content=\"2000\" \/>\n\t<meta property=\"og:image:height\" content=\"1500\" \/>\n\t<meta property=\"og:image:type\" content=\"image\/jpeg\" \/>\n<meta name=\"author\" content=\"Administrador\" \/>\n<meta name=\"twitter:card\" content=\"summary_large_image\" \/>\n<meta name=\"twitter:label1\" content=\"Escrito por\" \/>\n\t<meta name=\"twitter:data1\" content=\"Administrador\" \/>\n\t<meta name=\"twitter:label2\" content=\"Tiempo de lectura\" \/>\n\t<meta name=\"twitter:data2\" content=\"4 minutos\" \/>\n<script type=\"application\/ld+json\" class=\"yoast-schema-graph\">{\"@context\":\"https:\/\/schema.org\",\"@graph\":[{\"@type\":\"WebPage\",\"@id\":\"https:\/\/www.asajacyl.com\/palencia\/asaja-palencia-informa\/manana-dia-13-de-marzo-se-celebra-la-asamblea-general-ordinaria-de-asaja-palencia-2\",\"url\":\"https:\/\/www.asajacyl.com\/palencia\/asaja-palencia-informa\/manana-dia-13-de-marzo-se-celebra-la-asamblea-general-ordinaria-de-asaja-palencia-2\",\"name\":\"Los Estados miembros de la UE ya hablan de que la actual PAC se prorrogue hasta 2030 - ASAJA Palencia\",\"isPartOf\":{\"@id\":\"https:\/\/www.asajacyl.com\/palencia\/#website\"},\"primaryImageOfPage\":{\"@id\":\"https:\/\/www.asajacyl.com\/palencia\/asaja-palencia-informa\/manana-dia-13-de-marzo-se-celebra-la-asamblea-general-ordinaria-de-asaja-palencia-2#primaryimage\"},\"image\":{\"@id\":\"https:\/\/www.asajacyl.com\/palencia\/asaja-palencia-informa\/manana-dia-13-de-marzo-se-celebra-la-asamblea-general-ordinaria-de-asaja-palencia-2#primaryimage\"},\"thumbnailUrl\":\"https:\/\/www.asajacyl.com\/palencia\/wp-content\/uploads\/sites\/3\/2026\/03\/Mesa-inicial.jpeg\",\"datePublished\":\"2026-03-13T14:21:06+00:00\",\"dateModified\":\"2026-03-13T14:21:13+00:00\",\"author\":{\"@id\":\"https:\/\/www.asajacyl.com\/palencia\/#\/schema\/person\/3ab17aeb03527485c317557fae64aab1\"},\"description\":\"As\u00ed lo ha adelantado en la Asamblea de Asaja Palencia Jos\u00e9 M\u00aa Castilla, director de la oficina de ASAJA en la UE. \\\"Los Estados miembros de la UE ya hablan Los Estados miembros de la UE ya hablan de que la actual PAC se prorrogue hasta 2030\",\"breadcrumb\":{\"@id\":\"https:\/\/www.asajacyl.com\/palencia\/asaja-palencia-informa\/manana-dia-13-de-marzo-se-celebra-la-asamblea-general-ordinaria-de-asaja-palencia-2#breadcrumb\"},\"inLanguage\":\"es\",\"potentialAction\":[{\"@type\":\"ReadAction\",\"target\":[\"https:\/\/www.asajacyl.com\/palencia\/asaja-palencia-informa\/manana-dia-13-de-marzo-se-celebra-la-asamblea-general-ordinaria-de-asaja-palencia-2\"]}]},{\"@type\":\"ImageObject\",\"inLanguage\":\"es\",\"@id\":\"https:\/\/www.asajacyl.com\/palencia\/asaja-palencia-informa\/manana-dia-13-de-marzo-se-celebra-la-asamblea-general-ordinaria-de-asaja-palencia-2#primaryimage\",\"url\":\"https:\/\/www.asajacyl.com\/palencia\/wp-content\/uploads\/sites\/3\/2026\/03\/Mesa-inicial.jpeg\",\"contentUrl\":\"https:\/\/www.asajacyl.com\/palencia\/wp-content\/uploads\/sites\/3\/2026\/03\/Mesa-inicial.jpeg\",\"width\":2000,\"height\":1500},{\"@type\":\"BreadcrumbList\",\"@id\":\"https:\/\/www.asajacyl.com\/palencia\/asaja-palencia-informa\/manana-dia-13-de-marzo-se-celebra-la-asamblea-general-ordinaria-de-asaja-palencia-2#breadcrumb\",\"itemListElement\":[{\"@type\":\"ListItem\",\"position\":1,\"name\":\"Portada\",\"item\":\"https:\/\/www.asajacyl.com\/palencia\/\"},{\"@type\":\"ListItem\",\"position\":2,\"name\":\"Los Estados miembros de la UE ya hablan de que la actual PAC se prorrogue hasta 2030\"}]},{\"@type\":\"WebSite\",\"@id\":\"https:\/\/www.asajacyl.com\/palencia\/#website\",\"url\":\"https:\/\/www.asajacyl.com\/palencia\/\",\"name\":\"ASAJA Palencia\",\"description\":\"Otro sitio m\u00e1s de Provincias ASAJA Castilla y Le\u00f3n\",\"potentialAction\":[{\"@type\":\"SearchAction\",\"target\":{\"@type\":\"EntryPoint\",\"urlTemplate\":\"https:\/\/www.asajacyl.com\/palencia\/?s={search_term_string}\"},\"query-input\":{\"@type\":\"PropertyValueSpecification\",\"valueRequired\":true,\"valueName\":\"search_term_string\"}}],\"inLanguage\":\"es\"},{\"@type\":\"Person\",\"@id\":\"https:\/\/www.asajacyl.com\/palencia\/#\/schema\/person\/3ab17aeb03527485c317557fae64aab1\",\"name\":\"Administrador\",\"image\":{\"@type\":\"ImageObject\",\"inLanguage\":\"es\",\"@id\":\"https:\/\/www.asajacyl.com\/palencia\/#\/schema\/person\/image\/\",\"url\":\"https:\/\/secure.gravatar.com\/avatar\/517384810d242ca9e38c180f3c9fb973?s=96&d=mm&r=g\",\"contentUrl\":\"https:\/\/secure.gravatar.com\/avatar\/517384810d242ca9e38c180f3c9fb973?s=96&d=mm&r=g\",\"caption\":\"Administrador\"},\"url\":\"https:\/\/www.asajacyl.com\/palencia\/author\/carlosrm\"}]}<\/script>\n<!-- \/ Yoast SEO plugin. -->","yoast_head_json":{"title":"Los Estados miembros de la UE ya hablan de que la actual PAC se prorrogue hasta 2030 - ASAJA Palencia","description":"As\u00ed lo ha adelantado en la Asamblea de Asaja Palencia Jos\u00e9 M\u00aa Castilla, director de la oficina de ASAJA en la UE. \"Los Estados miembros de la UE ya hablan Los Estados miembros de la UE ya hablan de que la actual PAC se prorrogue hasta 2030","robots":{"index":"index","follow":"follow","max-snippet":"max-snippet:-1","max-image-preview":"max-image-preview:large","max-video-preview":"max-video-preview:-1"},"canonical":"https:\/\/www.asajacyl.com\/palencia\/asaja-palencia-informa\/manana-dia-13-de-marzo-se-celebra-la-asamblea-general-ordinaria-de-asaja-palencia-2","og_locale":"es_ES","og_type":"article","og_title":"Los Estados miembros de la UE ya hablan de que la actual PAC se prorrogue hasta 2030 - ASAJA Palencia","og_description":"As\u00ed lo ha adelantado en la Asamblea de Asaja Palencia Jos\u00e9 M\u00aa Castilla, director de la oficina de ASAJA en la UE. \"Los Estados miembros de la UE ya hablan Los Estados miembros de la UE ya hablan de que la actual PAC se prorrogue hasta 2030","og_url":"https:\/\/www.asajacyl.com\/palencia\/asaja-palencia-informa\/manana-dia-13-de-marzo-se-celebra-la-asamblea-general-ordinaria-de-asaja-palencia-2","og_site_name":"ASAJA Palencia","article_published_time":"2026-03-13T14:21:06+00:00","article_modified_time":"2026-03-13T14:21:13+00:00","og_image":[{"width":2000,"height":1500,"url":"https:\/\/www.asajacyl.com\/palencia\/wp-content\/uploads\/sites\/3\/2026\/03\/Mesa-inicial.jpeg","type":"image\/jpeg"}],"author":"Administrador","twitter_card":"summary_large_image","twitter_misc":{"Escrito por":"Administrador","Tiempo de lectura":"4 minutos"},"schema":{"@context":"https:\/\/schema.org","@graph":[{"@type":"WebPage","@id":"https:\/\/www.asajacyl.com\/palencia\/asaja-palencia-informa\/manana-dia-13-de-marzo-se-celebra-la-asamblea-general-ordinaria-de-asaja-palencia-2","url":"https:\/\/www.asajacyl.com\/palencia\/asaja-palencia-informa\/manana-dia-13-de-marzo-se-celebra-la-asamblea-general-ordinaria-de-asaja-palencia-2","name":"Los Estados miembros de la UE ya hablan de que la actual PAC se prorrogue hasta 2030 - ASAJA Palencia","isPartOf":{"@id":"https:\/\/www.asajacyl.com\/palencia\/#website"},"primaryImageOfPage":{"@id":"https:\/\/www.asajacyl.com\/palencia\/asaja-palencia-informa\/manana-dia-13-de-marzo-se-celebra-la-asamblea-general-ordinaria-de-asaja-palencia-2#primaryimage"},"image":{"@id":"https:\/\/www.asajacyl.com\/palencia\/asaja-palencia-informa\/manana-dia-13-de-marzo-se-celebra-la-asamblea-general-ordinaria-de-asaja-palencia-2#primaryimage"},"thumbnailUrl":"https:\/\/www.asajacyl.com\/palencia\/wp-content\/uploads\/sites\/3\/2026\/03\/Mesa-inicial.jpeg","datePublished":"2026-03-13T14:21:06+00:00","dateModified":"2026-03-13T14:21:13+00:00","author":{"@id":"https:\/\/www.asajacyl.com\/palencia\/#\/schema\/person\/3ab17aeb03527485c317557fae64aab1"},"description":"As\u00ed lo ha adelantado en la Asamblea de Asaja Palencia Jos\u00e9 M\u00aa Castilla, director de la oficina de ASAJA en la UE. \"Los Estados miembros de la UE ya hablan Los Estados miembros de la UE ya hablan de que la actual PAC se prorrogue hasta 2030","breadcrumb":{"@id":"https:\/\/www.asajacyl.com\/palencia\/asaja-palencia-informa\/manana-dia-13-de-marzo-se-celebra-la-asamblea-general-ordinaria-de-asaja-palencia-2#breadcrumb"},"inLanguage":"es","potentialAction":[{"@type":"ReadAction","target":["https:\/\/www.asajacyl.com\/palencia\/asaja-palencia-informa\/manana-dia-13-de-marzo-se-celebra-la-asamblea-general-ordinaria-de-asaja-palencia-2"]}]},{"@type":"ImageObject","inLanguage":"es","@id":"https:\/\/www.asajacyl.com\/palencia\/asaja-palencia-informa\/manana-dia-13-de-marzo-se-celebra-la-asamblea-general-ordinaria-de-asaja-palencia-2#primaryimage","url":"https:\/\/www.asajacyl.com\/palencia\/wp-content\/uploads\/sites\/3\/2026\/03\/Mesa-inicial.jpeg","contentUrl":"https:\/\/www.asajacyl.com\/palencia\/wp-content\/uploads\/sites\/3\/2026\/03\/Mesa-inicial.jpeg","width":2000,"height":1500},{"@type":"BreadcrumbList","@id":"https:\/\/www.asajacyl.com\/palencia\/asaja-palencia-informa\/manana-dia-13-de-marzo-se-celebra-la-asamblea-general-ordinaria-de-asaja-palencia-2#breadcrumb","itemListElement":[{"@type":"ListItem","position":1,"name":"Portada","item":"https:\/\/www.asajacyl.com\/palencia\/"},{"@type":"ListItem","position":2,"name":"Los Estados miembros de la UE ya hablan de que la actual PAC se prorrogue hasta 2030"}]},{"@type":"WebSite","@id":"https:\/\/www.asajacyl.com\/palencia\/#website","url":"https:\/\/www.asajacyl.com\/palencia\/","name":"ASAJA Palencia","description":"Otro sitio m\u00e1s de Provincias ASAJA Castilla y Le\u00f3n","potentialAction":[{"@type":"SearchAction","target":{"@type":"EntryPoint","urlTemplate":"https:\/\/www.asajacyl.com\/palencia\/?s={search_term_string}"},"query-input":{"@type":"PropertyValueSpecification","valueRequired":true,"valueName":"search_term_string"}}],"inLanguage":"es"},{"@type":"Person","@id":"https:\/\/www.asajacyl.com\/palencia\/#\/schema\/person\/3ab17aeb03527485c317557fae64aab1","name":"Administrador","image":{"@type":"ImageObject","inLanguage":"es","@id":"https:\/\/www.asajacyl.com\/palencia\/#\/schema\/person\/image\/","url":"https:\/\/secure.gravatar.com\/avatar\/517384810d242ca9e38c180f3c9fb973?s=96&d=mm&r=g","contentUrl":"https:\/\/secure.gravatar.com\/avatar\/517384810d242ca9e38c180f3c9fb973?s=96&d=mm&r=g","caption":"Administrador"},"url":"https:\/\/www.asajacyl.com\/palencia\/author\/carlosrm"}]}},"_links":{"self":[{"href":"https:\/\/www.asajacyl.com\/palencia\/wp-json\/wp\/v2\/posts\/22522"}],"collection":[{"href":"https:\/\/www.asajacyl.com\/palencia\/wp-json\/wp\/v2\/posts"}],"about":[{"href":"https:\/\/www.asajacyl.com\/palencia\/wp-json\/wp\/v2\/types\/post"}],"author":[{"embeddable":true,"href":"https:\/\/www.asajacyl.com\/palencia\/wp-json\/wp\/v2\/users\/9"}],"replies":[{"embeddable":true,"href":"https:\/\/www.asajacyl.com\/palencia\/wp-json\/wp\/v2\/comments?post=22522"}],"version-history":[{"count":1,"href":"https:\/\/www.asajacyl.com\/palencia\/wp-json\/wp\/v2\/posts\/22522\/revisions"}],"predecessor-version":[{"id":22526,"href":"https:\/\/www.asajacyl.com\/palencia\/wp-json\/wp\/v2\/posts\/22522\/revisions\/22526"}],"wp:featuredmedia":[{"embeddable":true,"href":"https:\/\/www.asajacyl.com\/palencia\/wp-json\/wp\/v2\/media\/22525"}],"wp:attachment":[{"href":"https:\/\/www.asajacyl.com\/palencia\/wp-json\/wp\/v2\/media?parent=22522"}],"wp:term":[{"taxonomy":"category","embeddable":true,"href":"https:\/\/www.asajacyl.com\/palencia\/wp-json\/wp\/v2\/categories?post=22522"},{"taxonomy":"post_tag","embeddable":true,"href":"https:\/\/www.asajacyl.com\/palencia\/wp-json\/wp\/v2\/tags?post=22522"}],"curies":[{"name":"wp","href":"https:\/\/api.w.org\/{rel}","templated":true}]}}