{"id":22532,"date":"2026-03-16T13:16:26","date_gmt":"2026-03-16T12:16:26","guid":{"rendered":"https:\/\/www.asajacyl.com\/palencia\/?p=22532"},"modified":"2026-03-17T08:33:53","modified_gmt":"2026-03-17T07:33:53","slug":"manifestacion-el-18m-en-valladolid-contra-la-especulacion-en-el-precio-del-gasoleo-agricola-y-de-los-fertilizantes","status":"publish","type":"post","link":"https:\/\/www.asajacyl.com\/palencia\/asaja-palencia-informa\/manifestacion-el-18m-en-valladolid-contra-la-especulacion-en-el-precio-del-gasoleo-agricola-y-de-los-fertilizantes","title":{"rendered":"Manifestaci\u00f3n el 18M en Valladolid contra\u00a0la especulaci\u00f3n en el precio del gas\u00f3leo agr\u00edcola y de los fertilizantes"},"content":{"rendered":"<div class=\"wp-block-image\">\n<figure class=\"alignright\"><a href=\"https:\/\/www.asajacyl.com\/wp-content\/uploads\/2026\/03\/Manifestacion-gasoleo-y-fertilizantes-18-3-2026.jpg\"><img decoding=\"async\" src=\"https:\/\/www.asajacyl.com\/wp-content\/uploads\/2026\/03\/Manifestacion-gasoleo-y-fertilizantes-18-3-2026-683x1024.jpg\" alt=\"\" class=\"wp-image-27028\" \/><\/a><\/figure><\/div>\n\n\n<h2 class=\"wp-block-heading\">Manifestaci\u00f3n el 18M en Valladolid contra&nbsp;la especulaci\u00f3n en el precio del gas\u00f3leo agr\u00edcola y de los fertilizantes, convocada por las organizaciones profesionales agrarias <a href=\"https:\/\/www.asajacyl.com\/palencia\">ASAJA<\/a>, UCCL y la ALIANZA UPA-COAG.<\/h2>\n\n\n\n<h2 class=\"wp-block-heading\">A pesar de la promesa del Gobierno de aplicar este viernes medidas para paliar la crisis, las OPAs mantienen la convocatoria y animan a los agricultores y ganaderos de Castilla y Le\u00f3n a concentrarse a las 11,30h junto a la Delegaci\u00f3n del Gobierno (al lado de la C\u00fapula del Milenio de la capital vallisoletana), para denunciar la especulaci\u00f3n creciente en los precios del carburante agr\u00edcola y tambi\u00e9n de los fertilizantes, en un momento cr\u00edtico para la actividad del campo de Castilla y Le\u00f3n.<\/h2>\n\n\n\n<p>Se trata del segundo acto de la campa\u00f1a de protestas emprendida la pasada semana con la concentraci\u00f3n celebrada frente a las puertas del centro log\u00edstico de hidrocarburos de Exolum en Santovenia de Pisuerga (Valladolid), donde los l\u00edderes de las Organizaciones Profesionales Agrarias advirtieron que <strong>las medidas de presi\u00f3n no cesar\u00e1n hasta que se consigan respuestas claras por parte del Gobierno<\/strong>, que pal\u00eden la insoportable espiral de precios de los insumos.<\/p>\n\n\n\n<h3 class=\"wp-block-heading\">MOMENTO DELICADO DEL SECTOR AGRARIO<\/h3>\n\n\n\n<p>El sector agrario atraviesa un momento extremadamente delicado ante la subida de costes de insumos esenciales para la producci\u00f3n, que se disparan por la situaci\u00f3n b\u00e9lica que se vive en todo Oriente Medio. Sin embargo, no existen razones que justifiquen estas alzas de precios en el momento actual, m\u00e1s all\u00e1 del&nbsp;<strong>af\u00e1n especulativo de los operadores del mercado de combustibles y fertilizantes para aprovechar el escenario de incertidumbre generado por el conflicto<\/strong>. <\/p>\n\n\n\n<p>Estos operadores trabajan con coberturas, contratos a plazo y stocks comprados meses antes de la entrega, por lo que no se justifica que se est\u00e9n aplicando subidas de precio desde el minuto uno del inicio de los ataques, coincidiendo con una \u00e9poca de m\u00e1xima demanda de estos factores de producci\u00f3n en el campo.<\/p>\n\n\n\n<p>Desde ASAJA, UCCL y la Alianza UPA-COAG reclamamos que el Gobierno central act\u00fae en consecuencia y apruebe mecanismos en defensa de los profesionales del campo, lo primero para frenar en lo posible esta espiral insoportable de precios, y lo segundo estableciendo medidas que pal\u00eden las p\u00e9rdidas que esta situaci\u00f3n suponga para las explotaciones agrarias y ganaderas.<\/p>\n\n\n\n<h3 class=\"wp-block-heading\">CONCENTRACI\u00d3N Y RECORRIDO<\/h3>\n\n\n\n<p><strong>El punto de concentraci\u00f3n de agricultores y ganaderos<\/strong>, que llegar\u00e1n de todas las provincias de Castilla y Le\u00f3n, <strong>ser\u00e1 la Plaza del Milenio, a las puertas de la Delegaci\u00f3n del Gobierno. <\/strong><\/p>\n\n\n\n<p>De all\u00ed <strong>la manifestaci\u00f3n partir\u00e1, recorriendo las calles de Valladolid, hasta la sede de la Consejer\u00eda de Agricultura, Ganader\u00eda y Desarrollo Rural.&nbsp;<\/strong><\/p>\n\n\n\n<p>En ambos destinos se entregar\u00e1 un <strong>escrito<\/strong>, dirigido a los responsables -delegado del Gobierno y consejera de Agricultura en funciones- <strong>con las demandas de los congregados<\/strong>. Est\u00e1 prevista la <strong>participaci\u00f3n simb\u00f3lica de cuatro tractores<\/strong>, que abrir\u00e1n y acompa\u00f1ar\u00e1n el recorrido de la manifestaci\u00f3n.<\/p>\n","protected":false},"excerpt":{"rendered":"<p>Manifestaci\u00f3n el 18M en Valladolid contra&nbsp;la especulaci\u00f3n en el precio del gas\u00f3leo agr\u00edcola y de los fertilizantes, convocada por las organizaciones profesionales agrarias ASAJA, UCCL y la ALIANZA UPA-COAG. A pesar de la promesa del Gobierno de aplicar este viernes medidas para paliar la crisis, las OPAs mantienen la convocatoria y animan a los agricultores [&hellip;]<\/p>\n","protected":false},"author":9,"featured_media":22533,"comment_status":"open","ping_status":"open","sticky":false,"template":"","format":"standard","meta":{"footnotes":""},"categories":[9,29,28],"tags":[1698,1826,1752,1823,1825,1824,58,77,66,110],"yoast_head":"<!-- This site is optimized with the Yoast SEO plugin v24.5 - https:\/\/yoast.com\/wordpress\/plugins\/seo\/ -->\n<title>Manifestaci\u00f3n el 18M en Valladolid contra\u00a0la especulaci\u00f3n en el precio del gas\u00f3leo agr\u00edcola y de los fertilizantes - ASAJA Palencia<\/title>\n<meta name=\"description\" content=\"Manifestaci\u00f3n el 18M en Valladolid contra&nbsp;la especulaci\u00f3n en el precio del gas\u00f3leo agr\u00edcola y de los fertilizantes, convocada por las organizaciones Manifestaci\u00f3n el 18M en Valladolid contra\u00a0la especulaci\u00f3n en el precio del gas\u00f3leo agr\u00edcola y de los fertilizantes\" \/>\n<meta name=\"robots\" content=\"index, follow, max-snippet:-1, max-image-preview:large, max-video-preview:-1\" \/>\n<link rel=\"canonical\" href=\"https:\/\/www.asajacyl.com\/palencia\/asaja-palencia-informa\/manifestacion-el-18m-en-valladolid-contra-la-especulacion-en-el-precio-del-gasoleo-agricola-y-de-los-fertilizantes\" \/>\n<meta property=\"og:locale\" content=\"es_ES\" \/>\n<meta property=\"og:type\" content=\"article\" \/>\n<meta property=\"og:title\" content=\"Manifestaci\u00f3n el 18M en Valladolid contra\u00a0la especulaci\u00f3n en el precio del gas\u00f3leo agr\u00edcola y de los fertilizantes - ASAJA Palencia\" \/>\n<meta property=\"og:description\" content=\"Manifestaci\u00f3n el 18M en Valladolid contra&nbsp;la especulaci\u00f3n en el precio del gas\u00f3leo agr\u00edcola y de los fertilizantes, convocada por las organizaciones Manifestaci\u00f3n el 18M en Valladolid contra\u00a0la especulaci\u00f3n en el precio del gas\u00f3leo agr\u00edcola y de los fertilizantes\" \/>\n<meta property=\"og:url\" content=\"https:\/\/www.asajacyl.com\/palencia\/asaja-palencia-informa\/manifestacion-el-18m-en-valladolid-contra-la-especulacion-en-el-precio-del-gasoleo-agricola-y-de-los-fertilizantes\" \/>\n<meta property=\"og:site_name\" content=\"ASAJA Palencia\" \/>\n<meta property=\"article:published_time\" content=\"2026-03-16T12:16:26+00:00\" \/>\n<meta property=\"article:modified_time\" content=\"2026-03-17T07:33:53+00:00\" \/>\n<meta property=\"og:image\" content=\"https:\/\/www.asajacyl.com\/palencia\/wp-content\/uploads\/sites\/3\/2026\/03\/cartel-medio-Manifestacion-Valladolid-18-3-2026.jpg\" \/>\n\t<meta property=\"og:image:width\" content=\"960\" \/>\n\t<meta property=\"og:image:height\" content=\"588\" \/>\n\t<meta property=\"og:image:type\" content=\"image\/jpeg\" \/>\n<meta name=\"author\" content=\"Administrador\" \/>\n<meta name=\"twitter:card\" content=\"summary_large_image\" \/>\n<meta name=\"twitter:label1\" content=\"Escrito por\" \/>\n\t<meta name=\"twitter:data1\" content=\"Administrador\" \/>\n\t<meta name=\"twitter:label2\" content=\"Tiempo de lectura\" \/>\n\t<meta name=\"twitter:data2\" content=\"3 minutos\" \/>\n<script type=\"application\/ld+json\" class=\"yoast-schema-graph\">{\"@context\":\"https:\/\/schema.org\",\"@graph\":[{\"@type\":\"WebPage\",\"@id\":\"https:\/\/www.asajacyl.com\/palencia\/asaja-palencia-informa\/manifestacion-el-18m-en-valladolid-contra-la-especulacion-en-el-precio-del-gasoleo-agricola-y-de-los-fertilizantes\",\"url\":\"https:\/\/www.asajacyl.com\/palencia\/asaja-palencia-informa\/manifestacion-el-18m-en-valladolid-contra-la-especulacion-en-el-precio-del-gasoleo-agricola-y-de-los-fertilizantes\",\"name\":\"Manifestaci\u00f3n el 18M en Valladolid contra\u00a0la especulaci\u00f3n en el precio del gas\u00f3leo agr\u00edcola y de los fertilizantes - ASAJA Palencia\",\"isPartOf\":{\"@id\":\"https:\/\/www.asajacyl.com\/palencia\/#website\"},\"primaryImageOfPage\":{\"@id\":\"https:\/\/www.asajacyl.com\/palencia\/asaja-palencia-informa\/manifestacion-el-18m-en-valladolid-contra-la-especulacion-en-el-precio-del-gasoleo-agricola-y-de-los-fertilizantes#primaryimage\"},\"image\":{\"@id\":\"https:\/\/www.asajacyl.com\/palencia\/asaja-palencia-informa\/manifestacion-el-18m-en-valladolid-contra-la-especulacion-en-el-precio-del-gasoleo-agricola-y-de-los-fertilizantes#primaryimage\"},\"thumbnailUrl\":\"https:\/\/www.asajacyl.com\/palencia\/wp-content\/uploads\/sites\/3\/2026\/03\/cartel-medio-Manifestacion-Valladolid-18-3-2026.jpg\",\"datePublished\":\"2026-03-16T12:16:26+00:00\",\"dateModified\":\"2026-03-17T07:33:53+00:00\",\"author\":{\"@id\":\"https:\/\/www.asajacyl.com\/palencia\/#\/schema\/person\/3ab17aeb03527485c317557fae64aab1\"},\"description\":\"Manifestaci\u00f3n el 18M en Valladolid contra&nbsp;la especulaci\u00f3n en el precio del gas\u00f3leo agr\u00edcola y de los fertilizantes, convocada por las organizaciones Manifestaci\u00f3n el 18M en Valladolid contra\u00a0la especulaci\u00f3n en el precio del gas\u00f3leo agr\u00edcola y de los fertilizantes\",\"breadcrumb\":{\"@id\":\"https:\/\/www.asajacyl.com\/palencia\/asaja-palencia-informa\/manifestacion-el-18m-en-valladolid-contra-la-especulacion-en-el-precio-del-gasoleo-agricola-y-de-los-fertilizantes#breadcrumb\"},\"inLanguage\":\"es\",\"potentialAction\":[{\"@type\":\"ReadAction\",\"target\":[\"https:\/\/www.asajacyl.com\/palencia\/asaja-palencia-informa\/manifestacion-el-18m-en-valladolid-contra-la-especulacion-en-el-precio-del-gasoleo-agricola-y-de-los-fertilizantes\"]}]},{\"@type\":\"ImageObject\",\"inLanguage\":\"es\",\"@id\":\"https:\/\/www.asajacyl.com\/palencia\/asaja-palencia-informa\/manifestacion-el-18m-en-valladolid-contra-la-especulacion-en-el-precio-del-gasoleo-agricola-y-de-los-fertilizantes#primaryimage\",\"url\":\"https:\/\/www.asajacyl.com\/palencia\/wp-content\/uploads\/sites\/3\/2026\/03\/cartel-medio-Manifestacion-Valladolid-18-3-2026.jpg\",\"contentUrl\":\"https:\/\/www.asajacyl.com\/palencia\/wp-content\/uploads\/sites\/3\/2026\/03\/cartel-medio-Manifestacion-Valladolid-18-3-2026.jpg\",\"width\":960,\"height\":588},{\"@type\":\"BreadcrumbList\",\"@id\":\"https:\/\/www.asajacyl.com\/palencia\/asaja-palencia-informa\/manifestacion-el-18m-en-valladolid-contra-la-especulacion-en-el-precio-del-gasoleo-agricola-y-de-los-fertilizantes#breadcrumb\",\"itemListElement\":[{\"@type\":\"ListItem\",\"position\":1,\"name\":\"Portada\",\"item\":\"https:\/\/www.asajacyl.com\/palencia\/\"},{\"@type\":\"ListItem\",\"position\":2,\"name\":\"Manifestaci\u00f3n el 18M en Valladolid contra\u00a0la especulaci\u00f3n en el precio del gas\u00f3leo agr\u00edcola y de los fertilizantes\"}]},{\"@type\":\"WebSite\",\"@id\":\"https:\/\/www.asajacyl.com\/palencia\/#website\",\"url\":\"https:\/\/www.asajacyl.com\/palencia\/\",\"name\":\"ASAJA Palencia\",\"description\":\"Otro sitio m\u00e1s de Provincias ASAJA Castilla y Le\u00f3n\",\"potentialAction\":[{\"@type\":\"SearchAction\",\"target\":{\"@type\":\"EntryPoint\",\"urlTemplate\":\"https:\/\/www.asajacyl.com\/palencia\/?s={search_term_string}\"},\"query-input\":{\"@type\":\"PropertyValueSpecification\",\"valueRequired\":true,\"valueName\":\"search_term_string\"}}],\"inLanguage\":\"es\"},{\"@type\":\"Person\",\"@id\":\"https:\/\/www.asajacyl.com\/palencia\/#\/schema\/person\/3ab17aeb03527485c317557fae64aab1\",\"name\":\"Administrador\",\"image\":{\"@type\":\"ImageObject\",\"inLanguage\":\"es\",\"@id\":\"https:\/\/www.asajacyl.com\/palencia\/#\/schema\/person\/image\/\",\"url\":\"https:\/\/secure.gravatar.com\/avatar\/517384810d242ca9e38c180f3c9fb973?s=96&d=mm&r=g\",\"contentUrl\":\"https:\/\/secure.gravatar.com\/avatar\/517384810d242ca9e38c180f3c9fb973?s=96&d=mm&r=g\",\"caption\":\"Administrador\"},\"url\":\"https:\/\/www.asajacyl.com\/palencia\/author\/carlosrm\"}]}<\/script>\n<!-- \/ Yoast SEO plugin. -->","yoast_head_json":{"title":"Manifestaci\u00f3n el 18M en Valladolid contra\u00a0la especulaci\u00f3n en el precio del gas\u00f3leo agr\u00edcola y de los fertilizantes - ASAJA Palencia","description":"Manifestaci\u00f3n el 18M en Valladolid contra&nbsp;la especulaci\u00f3n en el precio del gas\u00f3leo agr\u00edcola y de los fertilizantes, convocada por las organizaciones Manifestaci\u00f3n el 18M en Valladolid contra\u00a0la especulaci\u00f3n en el precio del gas\u00f3leo agr\u00edcola y de los fertilizantes","robots":{"index":"index","follow":"follow","max-snippet":"max-snippet:-1","max-image-preview":"max-image-preview:large","max-video-preview":"max-video-preview:-1"},"canonical":"https:\/\/www.asajacyl.com\/palencia\/asaja-palencia-informa\/manifestacion-el-18m-en-valladolid-contra-la-especulacion-en-el-precio-del-gasoleo-agricola-y-de-los-fertilizantes","og_locale":"es_ES","og_type":"article","og_title":"Manifestaci\u00f3n el 18M en Valladolid contra\u00a0la especulaci\u00f3n en el precio del gas\u00f3leo agr\u00edcola y de los fertilizantes - ASAJA Palencia","og_description":"Manifestaci\u00f3n el 18M en Valladolid contra&nbsp;la especulaci\u00f3n en el precio del gas\u00f3leo agr\u00edcola y de los fertilizantes, convocada por las organizaciones Manifestaci\u00f3n el 18M en Valladolid contra\u00a0la especulaci\u00f3n en el precio del gas\u00f3leo agr\u00edcola y de los fertilizantes","og_url":"https:\/\/www.asajacyl.com\/palencia\/asaja-palencia-informa\/manifestacion-el-18m-en-valladolid-contra-la-especulacion-en-el-precio-del-gasoleo-agricola-y-de-los-fertilizantes","og_site_name":"ASAJA Palencia","article_published_time":"2026-03-16T12:16:26+00:00","article_modified_time":"2026-03-17T07:33:53+00:00","og_image":[{"width":960,"height":588,"url":"https:\/\/www.asajacyl.com\/palencia\/wp-content\/uploads\/sites\/3\/2026\/03\/cartel-medio-Manifestacion-Valladolid-18-3-2026.jpg","type":"image\/jpeg"}],"author":"Administrador","twitter_card":"summary_large_image","twitter_misc":{"Escrito por":"Administrador","Tiempo de lectura":"3 minutos"},"schema":{"@context":"https:\/\/schema.org","@graph":[{"@type":"WebPage","@id":"https:\/\/www.asajacyl.com\/palencia\/asaja-palencia-informa\/manifestacion-el-18m-en-valladolid-contra-la-especulacion-en-el-precio-del-gasoleo-agricola-y-de-los-fertilizantes","url":"https:\/\/www.asajacyl.com\/palencia\/asaja-palencia-informa\/manifestacion-el-18m-en-valladolid-contra-la-especulacion-en-el-precio-del-gasoleo-agricola-y-de-los-fertilizantes","name":"Manifestaci\u00f3n el 18M en Valladolid contra\u00a0la especulaci\u00f3n en el precio del gas\u00f3leo agr\u00edcola y de los fertilizantes - ASAJA Palencia","isPartOf":{"@id":"https:\/\/www.asajacyl.com\/palencia\/#website"},"primaryImageOfPage":{"@id":"https:\/\/www.asajacyl.com\/palencia\/asaja-palencia-informa\/manifestacion-el-18m-en-valladolid-contra-la-especulacion-en-el-precio-del-gasoleo-agricola-y-de-los-fertilizantes#primaryimage"},"image":{"@id":"https:\/\/www.asajacyl.com\/palencia\/asaja-palencia-informa\/manifestacion-el-18m-en-valladolid-contra-la-especulacion-en-el-precio-del-gasoleo-agricola-y-de-los-fertilizantes#primaryimage"},"thumbnailUrl":"https:\/\/www.asajacyl.com\/palencia\/wp-content\/uploads\/sites\/3\/2026\/03\/cartel-medio-Manifestacion-Valladolid-18-3-2026.jpg","datePublished":"2026-03-16T12:16:26+00:00","dateModified":"2026-03-17T07:33:53+00:00","author":{"@id":"https:\/\/www.asajacyl.com\/palencia\/#\/schema\/person\/3ab17aeb03527485c317557fae64aab1"},"description":"Manifestaci\u00f3n el 18M en Valladolid contra&nbsp;la especulaci\u00f3n en el precio del gas\u00f3leo agr\u00edcola y de los fertilizantes, convocada por las organizaciones Manifestaci\u00f3n el 18M en Valladolid contra\u00a0la especulaci\u00f3n en el precio del gas\u00f3leo agr\u00edcola y de los fertilizantes","breadcrumb":{"@id":"https:\/\/www.asajacyl.com\/palencia\/asaja-palencia-informa\/manifestacion-el-18m-en-valladolid-contra-la-especulacion-en-el-precio-del-gasoleo-agricola-y-de-los-fertilizantes#breadcrumb"},"inLanguage":"es","potentialAction":[{"@type":"ReadAction","target":["https:\/\/www.asajacyl.com\/palencia\/asaja-palencia-informa\/manifestacion-el-18m-en-valladolid-contra-la-especulacion-en-el-precio-del-gasoleo-agricola-y-de-los-fertilizantes"]}]},{"@type":"ImageObject","inLanguage":"es","@id":"https:\/\/www.asajacyl.com\/palencia\/asaja-palencia-informa\/manifestacion-el-18m-en-valladolid-contra-la-especulacion-en-el-precio-del-gasoleo-agricola-y-de-los-fertilizantes#primaryimage","url":"https:\/\/www.asajacyl.com\/palencia\/wp-content\/uploads\/sites\/3\/2026\/03\/cartel-medio-Manifestacion-Valladolid-18-3-2026.jpg","contentUrl":"https:\/\/www.asajacyl.com\/palencia\/wp-content\/uploads\/sites\/3\/2026\/03\/cartel-medio-Manifestacion-Valladolid-18-3-2026.jpg","width":960,"height":588},{"@type":"BreadcrumbList","@id":"https:\/\/www.asajacyl.com\/palencia\/asaja-palencia-informa\/manifestacion-el-18m-en-valladolid-contra-la-especulacion-en-el-precio-del-gasoleo-agricola-y-de-los-fertilizantes#breadcrumb","itemListElement":[{"@type":"ListItem","position":1,"name":"Portada","item":"https:\/\/www.asajacyl.com\/palencia\/"},{"@type":"ListItem","position":2,"name":"Manifestaci\u00f3n el 18M en Valladolid contra\u00a0la especulaci\u00f3n en el precio del gas\u00f3leo agr\u00edcola y de los fertilizantes"}]},{"@type":"WebSite","@id":"https:\/\/www.asajacyl.com\/palencia\/#website","url":"https:\/\/www.asajacyl.com\/palencia\/","name":"ASAJA Palencia","description":"Otro sitio m\u00e1s de Provincias ASAJA Castilla y Le\u00f3n","potentialAction":[{"@type":"SearchAction","target":{"@type":"EntryPoint","urlTemplate":"https:\/\/www.asajacyl.com\/palencia\/?s={search_term_string}"},"query-input":{"@type":"PropertyValueSpecification","valueRequired":true,"valueName":"search_term_string"}}],"inLanguage":"es"},{"@type":"Person","@id":"https:\/\/www.asajacyl.com\/palencia\/#\/schema\/person\/3ab17aeb03527485c317557fae64aab1","name":"Administrador","image":{"@type":"ImageObject","inLanguage":"es","@id":"https:\/\/www.asajacyl.com\/palencia\/#\/schema\/person\/image\/","url":"https:\/\/secure.gravatar.com\/avatar\/517384810d242ca9e38c180f3c9fb973?s=96&d=mm&r=g","contentUrl":"https:\/\/secure.gravatar.com\/avatar\/517384810d242ca9e38c180f3c9fb973?s=96&d=mm&r=g","caption":"Administrador"},"url":"https:\/\/www.asajacyl.com\/palencia\/author\/carlosrm"}]}},"_links":{"self":[{"href":"https:\/\/www.asajacyl.com\/palencia\/wp-json\/wp\/v2\/posts\/22532"}],"collection":[{"href":"https:\/\/www.asajacyl.com\/palencia\/wp-json\/wp\/v2\/posts"}],"about":[{"href":"https:\/\/www.asajacyl.com\/palencia\/wp-json\/wp\/v2\/types\/post"}],"author":[{"embeddable":true,"href":"https:\/\/www.asajacyl.com\/palencia\/wp-json\/wp\/v2\/users\/9"}],"replies":[{"embeddable":true,"href":"https:\/\/www.asajacyl.com\/palencia\/wp-json\/wp\/v2\/comments?post=22532"}],"version-history":[{"count":3,"href":"https:\/\/www.asajacyl.com\/palencia\/wp-json\/wp\/v2\/posts\/22532\/revisions"}],"predecessor-version":[{"id":22541,"href":"https:\/\/www.asajacyl.com\/palencia\/wp-json\/wp\/v2\/posts\/22532\/revisions\/22541"}],"wp:featuredmedia":[{"embeddable":true,"href":"https:\/\/www.asajacyl.com\/palencia\/wp-json\/wp\/v2\/media\/22533"}],"wp:attachment":[{"href":"https:\/\/www.asajacyl.com\/palencia\/wp-json\/wp\/v2\/media?parent=22532"}],"wp:term":[{"taxonomy":"category","embeddable":true,"href":"https:\/\/www.asajacyl.com\/palencia\/wp-json\/wp\/v2\/categories?post=22532"},{"taxonomy":"post_tag","embeddable":true,"href":"https:\/\/www.asajacyl.com\/palencia\/wp-json\/wp\/v2\/tags?post=22532"}],"curies":[{"name":"wp","href":"https:\/\/api.w.org\/{rel}","templated":true}]}}