{"id":22536,"date":"2026-03-16T23:34:04","date_gmt":"2026-03-16T22:34:04","guid":{"rendered":"https:\/\/www.asajacyl.com\/palencia\/?p=22536"},"modified":"2026-03-17T08:41:47","modified_gmt":"2026-03-17T07:41:47","slug":"el-gobierno-dice-a-las-opas-que-el-viernes-anunciara-medidas-contra-la-crisis-del-sector-agrario","status":"publish","type":"post","link":"https:\/\/www.asajacyl.com\/palencia\/asaja-palencia-informa\/el-gobierno-dice-a-las-opas-que-el-viernes-anunciara-medidas-contra-la-crisis-del-sector-agrario","title":{"rendered":"El Gobierno dice a las OPAs que el viernes anunciar\u00e1 medidas contra la crisis del sector agrario"},"content":{"rendered":"\n<h2 class=\"wp-block-heading\">Tras la reuni\u00f3n mantenida con las organizaciones mayoritarias, entre ellas ASAJA<\/h2>\n\n\n\n<p>El Gobierno dice a las OPAs que el viernes anunciar\u00e1 medidas contra la crisis del sector agrario, tras la reuni\u00f3n mantenida con las organizaciones mayoritarias, <a href=\"https:\/\/www.asajacyl.com\/palencia\">ASAJA<\/a>, COAG, UPA y Uni\u00f3n de Uniones.<\/p>\n\n\n\n<p>El ministro de <a href=\"http:\/\/WWW.mapa.gob.es\">Agricultura<\/a>, Pesca y Alimentaci\u00f3n, Luis Planas, se ha reunido con representantes de todo el sector agroalimentario y pesquero para analizar la situaci\u00f3n derivada del conflicto en Oriente Medio y las medidas m\u00e1s eficaces para mitigar el impacto de la guerra en los distintos \u00e1mbitos productivos, especialmente el agrario y el pesquero, estrat\u00e9gicos para el Gobierno.<\/p>\n\n\n\n<p>Por parte de <strong>ASAJA<\/strong> han acudido al encuentro <strong>Pedro Barato<\/strong> y <strong>Donaciano Dujo<\/strong>, presidentes nacional y de Castilla y Le\u00f3n, respectivamente.<\/p>\n\n\n\n<figure class=\"wp-block-image size-full\"><img loading=\"lazy\" decoding=\"async\" width=\"857\" height=\"598\" src=\"https:\/\/www.asajacyl.com\/palencia\/wp-content\/uploads\/sites\/3\/2026\/03\/image.jpg\" alt=\"\" class=\"wp-image-22537\" srcset=\"https:\/\/www.asajacyl.com\/palencia\/wp-content\/uploads\/sites\/3\/2026\/03\/image.jpg 857w, https:\/\/www.asajacyl.com\/palencia\/wp-content\/uploads\/sites\/3\/2026\/03\/image-300x209.jpg 300w, https:\/\/www.asajacyl.com\/palencia\/wp-content\/uploads\/sites\/3\/2026\/03\/image-768x536.jpg 768w, https:\/\/www.asajacyl.com\/palencia\/wp-content\/uploads\/sites\/3\/2026\/03\/image-602x420.jpg 602w, https:\/\/www.asajacyl.com\/palencia\/wp-content\/uploads\/sites\/3\/2026\/03\/image-696x486.jpg 696w\" sizes=\"(max-width: 857px) 100vw, 857px\" \/><figcaption class=\"wp-element-caption\">Donaciano Dujo, presidente de ASAJA castilla y Le\u00f3n, tras la reuni\u00f3n de las OPAs con el ministro de Agricultura Luis Planas.<\/figcaption><\/figure>\n\n\n\n<h3 class=\"wp-block-heading\">PROPUESTAS DE ASAJA<\/h3>\n\n\n\n<p>Una vez terminada la reuni\u00f3n, Donaciano Dujo ha declarado que \u00abel ministro nos ha trasladado la gravedad de la situaci\u00f3n y nos ha pedido propuestas\u00bb. <\/p>\n\n\n\n<p>Las <strong>propuestas por parte de ASAJA <\/strong>han sido muy claras:<\/p>\n\n\n\n<ol>\n<li>+Primero, <strong>garantizar la distribuci\u00f3n<\/strong> tanto de gas\u00f3leo como de fertilizantes para el sector agr\u00edcola.<\/li>\n\n\n\n<li>+Segundo, <strong>que se frene la especulaci\u00f3n<\/strong> por parte de las petroleras y de la industria de fertilizantes, que de manera abusiva han incrementado en m\u00e1s de un 50% los precios.<\/li>\n\n\n\n<li>+Tercero, <strong>ayudas directas<\/strong> para el sector con relaci\u00f3n al gasto que cada profesional de la agricultura haya tenido<strong> sobre factura, tanto en gas\u00f3leo como en fertilizantes<\/strong>.<\/li>\n\n\n\n<li>+Cuarto, ayudas en la declaraci\u00f3n de la renta, ayudas fiscales, <strong>desgravaciones tanto de los fertilizantes como del gasoil<\/strong>.<\/li>\n\n\n\n<li>+Y quinto, buscar <strong>viabilidad al sector cerealista<\/strong>, ya que en estos momentos no lo tiene, y buena parte de los agricultores de Espa\u00f1a dependen de esa rentabilidad.<\/li>\n<\/ol>\n\n\n\n<h3 class=\"wp-block-heading\">PLAN DE RESPUESTA INTEGRAL<\/h3>\n\n\n\n<p>Despu\u00e9s de la ronda de conversaciones con los sectores afectados por la guerra de Estados Unidos e Israel contra Ir\u00e1n, <strong>el Gobierno aprobar\u00e1 previsiblemente este viernes, en un Consejo de Ministros extraordinario, el Plan de Respuesta Integral ante la Guerra en Oriente Medio<\/strong>, con medias estructurales y coyunturales.<\/p>\n\n\n\n<p>El Plan -dice el MAPA- proteger\u00e1\u00a0a los m\u00e1s vulnerables y a los sectores m\u00e1s afectados por la subida de los precios, entre ellos el agroganadero.<\/p>\n\n\n\n<p><\/p>\n\n\n\n<p><\/p>\n","protected":false},"excerpt":{"rendered":"<p>Tras la reuni\u00f3n mantenida con las organizaciones mayoritarias, entre ellas ASAJA El Gobierno dice a las OPAs que el viernes anunciar\u00e1 medidas contra la crisis del sector agrario, tras la reuni\u00f3n mantenida con las organizaciones mayoritarias, ASAJA, COAG, UPA y Uni\u00f3n de Uniones. El ministro de Agricultura, Pesca y Alimentaci\u00f3n, Luis Planas, se ha reunido [&hellip;]<\/p>\n","protected":false},"author":9,"featured_media":22538,"comment_status":"open","ping_status":"open","sticky":false,"template":"","format":"standard","meta":{"footnotes":""},"categories":[9,29,28],"tags":[1698,1795,1752,1797,1794,1710,58,77],"yoast_head":"<!-- This site is optimized with the Yoast SEO plugin v24.5 - https:\/\/yoast.com\/wordpress\/plugins\/seo\/ -->\n<title>El Gobierno dice a las OPAs que el viernes anunciar\u00e1 medidas contra la crisis del sector agrario - ASAJA Palencia<\/title>\n<meta name=\"description\" content=\"Tras la reuni\u00f3n mantenida con las organizaciones mayoritarias, entre ellas ASAJA El Gobierno dice a las OPAs que el viernes anunciar\u00e1 medidas contra la El Gobierno dice a las OPAs que el viernes anunciar\u00e1 medidas contra la crisis del sector agrario. Tras la reuni\u00f3n mantenida con ASAJA.\" \/>\n<meta name=\"robots\" content=\"index, follow, max-snippet:-1, max-image-preview:large, max-video-preview:-1\" \/>\n<link rel=\"canonical\" href=\"https:\/\/www.asajacyl.com\/palencia\/asaja-palencia-informa\/el-gobierno-dice-a-las-opas-que-el-viernes-anunciara-medidas-contra-la-crisis-del-sector-agrario\" \/>\n<meta property=\"og:locale\" content=\"es_ES\" \/>\n<meta property=\"og:type\" content=\"article\" \/>\n<meta property=\"og:title\" content=\"El Gobierno dice a las OPAs que el viernes anunciar\u00e1 medidas contra la crisis del sector agrario - ASAJA Palencia\" \/>\n<meta property=\"og:description\" content=\"Tras la reuni\u00f3n mantenida con las organizaciones mayoritarias, entre ellas ASAJA El Gobierno dice a las OPAs que el viernes anunciar\u00e1 medidas contra la El Gobierno dice a las OPAs que el viernes anunciar\u00e1 medidas contra la crisis del sector agrario. Tras la reuni\u00f3n mantenida con ASAJA.\" \/>\n<meta property=\"og:url\" content=\"https:\/\/www.asajacyl.com\/palencia\/asaja-palencia-informa\/el-gobierno-dice-a-las-opas-que-el-viernes-anunciara-medidas-contra-la-crisis-del-sector-agrario\" \/>\n<meta property=\"og:site_name\" content=\"ASAJA Palencia\" \/>\n<meta property=\"article:published_time\" content=\"2026-03-16T22:34:04+00:00\" \/>\n<meta property=\"article:modified_time\" content=\"2026-03-17T07:41:47+00:00\" \/>\n<meta property=\"og:image\" content=\"https:\/\/www.asajacyl.com\/palencia\/wp-content\/uploads\/sites\/3\/2026\/03\/MAPA-Planas-OPAs-consulta-medidas-crisis.jpg\" \/>\n\t<meta property=\"og:image:width\" content=\"2500\" \/>\n\t<meta property=\"og:image:height\" content=\"1663\" \/>\n\t<meta property=\"og:image:type\" content=\"image\/jpeg\" \/>\n<meta name=\"author\" content=\"Administrador\" \/>\n<meta name=\"twitter:card\" content=\"summary_large_image\" \/>\n<meta name=\"twitter:label1\" content=\"Escrito por\" \/>\n\t<meta name=\"twitter:data1\" content=\"Administrador\" \/>\n\t<meta name=\"twitter:label2\" content=\"Tiempo de lectura\" \/>\n\t<meta name=\"twitter:data2\" content=\"3 minutos\" \/>\n<script type=\"application\/ld+json\" class=\"yoast-schema-graph\">{\"@context\":\"https:\/\/schema.org\",\"@graph\":[{\"@type\":\"WebPage\",\"@id\":\"https:\/\/www.asajacyl.com\/palencia\/asaja-palencia-informa\/el-gobierno-dice-a-las-opas-que-el-viernes-anunciara-medidas-contra-la-crisis-del-sector-agrario\",\"url\":\"https:\/\/www.asajacyl.com\/palencia\/asaja-palencia-informa\/el-gobierno-dice-a-las-opas-que-el-viernes-anunciara-medidas-contra-la-crisis-del-sector-agrario\",\"name\":\"El Gobierno dice a las OPAs que el viernes anunciar\u00e1 medidas contra la crisis del sector agrario - ASAJA Palencia\",\"isPartOf\":{\"@id\":\"https:\/\/www.asajacyl.com\/palencia\/#website\"},\"primaryImageOfPage\":{\"@id\":\"https:\/\/www.asajacyl.com\/palencia\/asaja-palencia-informa\/el-gobierno-dice-a-las-opas-que-el-viernes-anunciara-medidas-contra-la-crisis-del-sector-agrario#primaryimage\"},\"image\":{\"@id\":\"https:\/\/www.asajacyl.com\/palencia\/asaja-palencia-informa\/el-gobierno-dice-a-las-opas-que-el-viernes-anunciara-medidas-contra-la-crisis-del-sector-agrario#primaryimage\"},\"thumbnailUrl\":\"https:\/\/www.asajacyl.com\/palencia\/wp-content\/uploads\/sites\/3\/2026\/03\/MAPA-Planas-OPAs-consulta-medidas-crisis.jpg\",\"datePublished\":\"2026-03-16T22:34:04+00:00\",\"dateModified\":\"2026-03-17T07:41:47+00:00\",\"author\":{\"@id\":\"https:\/\/www.asajacyl.com\/palencia\/#\/schema\/person\/3ab17aeb03527485c317557fae64aab1\"},\"description\":\"Tras la reuni\u00f3n mantenida con las organizaciones mayoritarias, entre ellas ASAJA El Gobierno dice a las OPAs que el viernes anunciar\u00e1 medidas contra la El Gobierno dice a las OPAs que el viernes anunciar\u00e1 medidas contra la crisis del sector agrario. Tras la reuni\u00f3n mantenida con ASAJA.\",\"breadcrumb\":{\"@id\":\"https:\/\/www.asajacyl.com\/palencia\/asaja-palencia-informa\/el-gobierno-dice-a-las-opas-que-el-viernes-anunciara-medidas-contra-la-crisis-del-sector-agrario#breadcrumb\"},\"inLanguage\":\"es\",\"potentialAction\":[{\"@type\":\"ReadAction\",\"target\":[\"https:\/\/www.asajacyl.com\/palencia\/asaja-palencia-informa\/el-gobierno-dice-a-las-opas-que-el-viernes-anunciara-medidas-contra-la-crisis-del-sector-agrario\"]}]},{\"@type\":\"ImageObject\",\"inLanguage\":\"es\",\"@id\":\"https:\/\/www.asajacyl.com\/palencia\/asaja-palencia-informa\/el-gobierno-dice-a-las-opas-que-el-viernes-anunciara-medidas-contra-la-crisis-del-sector-agrario#primaryimage\",\"url\":\"https:\/\/www.asajacyl.com\/palencia\/wp-content\/uploads\/sites\/3\/2026\/03\/MAPA-Planas-OPAs-consulta-medidas-crisis.jpg\",\"contentUrl\":\"https:\/\/www.asajacyl.com\/palencia\/wp-content\/uploads\/sites\/3\/2026\/03\/MAPA-Planas-OPAs-consulta-medidas-crisis.jpg\",\"width\":2500,\"height\":1663},{\"@type\":\"BreadcrumbList\",\"@id\":\"https:\/\/www.asajacyl.com\/palencia\/asaja-palencia-informa\/el-gobierno-dice-a-las-opas-que-el-viernes-anunciara-medidas-contra-la-crisis-del-sector-agrario#breadcrumb\",\"itemListElement\":[{\"@type\":\"ListItem\",\"position\":1,\"name\":\"Portada\",\"item\":\"https:\/\/www.asajacyl.com\/palencia\/\"},{\"@type\":\"ListItem\",\"position\":2,\"name\":\"El Gobierno dice a las OPAs que el viernes anunciar\u00e1 medidas contra la crisis del sector agrario\"}]},{\"@type\":\"WebSite\",\"@id\":\"https:\/\/www.asajacyl.com\/palencia\/#website\",\"url\":\"https:\/\/www.asajacyl.com\/palencia\/\",\"name\":\"ASAJA Palencia\",\"description\":\"Otro sitio m\u00e1s de Provincias ASAJA Castilla y Le\u00f3n\",\"potentialAction\":[{\"@type\":\"SearchAction\",\"target\":{\"@type\":\"EntryPoint\",\"urlTemplate\":\"https:\/\/www.asajacyl.com\/palencia\/?s={search_term_string}\"},\"query-input\":{\"@type\":\"PropertyValueSpecification\",\"valueRequired\":true,\"valueName\":\"search_term_string\"}}],\"inLanguage\":\"es\"},{\"@type\":\"Person\",\"@id\":\"https:\/\/www.asajacyl.com\/palencia\/#\/schema\/person\/3ab17aeb03527485c317557fae64aab1\",\"name\":\"Administrador\",\"image\":{\"@type\":\"ImageObject\",\"inLanguage\":\"es\",\"@id\":\"https:\/\/www.asajacyl.com\/palencia\/#\/schema\/person\/image\/\",\"url\":\"https:\/\/secure.gravatar.com\/avatar\/517384810d242ca9e38c180f3c9fb973?s=96&d=mm&r=g\",\"contentUrl\":\"https:\/\/secure.gravatar.com\/avatar\/517384810d242ca9e38c180f3c9fb973?s=96&d=mm&r=g\",\"caption\":\"Administrador\"},\"url\":\"https:\/\/www.asajacyl.com\/palencia\/author\/carlosrm\"}]}<\/script>\n<!-- \/ Yoast SEO plugin. -->","yoast_head_json":{"title":"El Gobierno dice a las OPAs que el viernes anunciar\u00e1 medidas contra la crisis del sector agrario - ASAJA Palencia","description":"Tras la reuni\u00f3n mantenida con las organizaciones mayoritarias, entre ellas ASAJA El Gobierno dice a las OPAs que el viernes anunciar\u00e1 medidas contra la El Gobierno dice a las OPAs que el viernes anunciar\u00e1 medidas contra la crisis del sector agrario. Tras la reuni\u00f3n mantenida con ASAJA.","robots":{"index":"index","follow":"follow","max-snippet":"max-snippet:-1","max-image-preview":"max-image-preview:large","max-video-preview":"max-video-preview:-1"},"canonical":"https:\/\/www.asajacyl.com\/palencia\/asaja-palencia-informa\/el-gobierno-dice-a-las-opas-que-el-viernes-anunciara-medidas-contra-la-crisis-del-sector-agrario","og_locale":"es_ES","og_type":"article","og_title":"El Gobierno dice a las OPAs que el viernes anunciar\u00e1 medidas contra la crisis del sector agrario - ASAJA Palencia","og_description":"Tras la reuni\u00f3n mantenida con las organizaciones mayoritarias, entre ellas ASAJA El Gobierno dice a las OPAs que el viernes anunciar\u00e1 medidas contra la El Gobierno dice a las OPAs que el viernes anunciar\u00e1 medidas contra la crisis del sector agrario. Tras la reuni\u00f3n mantenida con ASAJA.","og_url":"https:\/\/www.asajacyl.com\/palencia\/asaja-palencia-informa\/el-gobierno-dice-a-las-opas-que-el-viernes-anunciara-medidas-contra-la-crisis-del-sector-agrario","og_site_name":"ASAJA Palencia","article_published_time":"2026-03-16T22:34:04+00:00","article_modified_time":"2026-03-17T07:41:47+00:00","og_image":[{"width":2500,"height":1663,"url":"https:\/\/www.asajacyl.com\/palencia\/wp-content\/uploads\/sites\/3\/2026\/03\/MAPA-Planas-OPAs-consulta-medidas-crisis.jpg","type":"image\/jpeg"}],"author":"Administrador","twitter_card":"summary_large_image","twitter_misc":{"Escrito por":"Administrador","Tiempo de lectura":"3 minutos"},"schema":{"@context":"https:\/\/schema.org","@graph":[{"@type":"WebPage","@id":"https:\/\/www.asajacyl.com\/palencia\/asaja-palencia-informa\/el-gobierno-dice-a-las-opas-que-el-viernes-anunciara-medidas-contra-la-crisis-del-sector-agrario","url":"https:\/\/www.asajacyl.com\/palencia\/asaja-palencia-informa\/el-gobierno-dice-a-las-opas-que-el-viernes-anunciara-medidas-contra-la-crisis-del-sector-agrario","name":"El Gobierno dice a las OPAs que el viernes anunciar\u00e1 medidas contra la crisis del sector agrario - ASAJA Palencia","isPartOf":{"@id":"https:\/\/www.asajacyl.com\/palencia\/#website"},"primaryImageOfPage":{"@id":"https:\/\/www.asajacyl.com\/palencia\/asaja-palencia-informa\/el-gobierno-dice-a-las-opas-que-el-viernes-anunciara-medidas-contra-la-crisis-del-sector-agrario#primaryimage"},"image":{"@id":"https:\/\/www.asajacyl.com\/palencia\/asaja-palencia-informa\/el-gobierno-dice-a-las-opas-que-el-viernes-anunciara-medidas-contra-la-crisis-del-sector-agrario#primaryimage"},"thumbnailUrl":"https:\/\/www.asajacyl.com\/palencia\/wp-content\/uploads\/sites\/3\/2026\/03\/MAPA-Planas-OPAs-consulta-medidas-crisis.jpg","datePublished":"2026-03-16T22:34:04+00:00","dateModified":"2026-03-17T07:41:47+00:00","author":{"@id":"https:\/\/www.asajacyl.com\/palencia\/#\/schema\/person\/3ab17aeb03527485c317557fae64aab1"},"description":"Tras la reuni\u00f3n mantenida con las organizaciones mayoritarias, entre ellas ASAJA El Gobierno dice a las OPAs que el viernes anunciar\u00e1 medidas contra la El Gobierno dice a las OPAs que el viernes anunciar\u00e1 medidas contra la crisis del sector agrario. Tras la reuni\u00f3n mantenida con ASAJA.","breadcrumb":{"@id":"https:\/\/www.asajacyl.com\/palencia\/asaja-palencia-informa\/el-gobierno-dice-a-las-opas-que-el-viernes-anunciara-medidas-contra-la-crisis-del-sector-agrario#breadcrumb"},"inLanguage":"es","potentialAction":[{"@type":"ReadAction","target":["https:\/\/www.asajacyl.com\/palencia\/asaja-palencia-informa\/el-gobierno-dice-a-las-opas-que-el-viernes-anunciara-medidas-contra-la-crisis-del-sector-agrario"]}]},{"@type":"ImageObject","inLanguage":"es","@id":"https:\/\/www.asajacyl.com\/palencia\/asaja-palencia-informa\/el-gobierno-dice-a-las-opas-que-el-viernes-anunciara-medidas-contra-la-crisis-del-sector-agrario#primaryimage","url":"https:\/\/www.asajacyl.com\/palencia\/wp-content\/uploads\/sites\/3\/2026\/03\/MAPA-Planas-OPAs-consulta-medidas-crisis.jpg","contentUrl":"https:\/\/www.asajacyl.com\/palencia\/wp-content\/uploads\/sites\/3\/2026\/03\/MAPA-Planas-OPAs-consulta-medidas-crisis.jpg","width":2500,"height":1663},{"@type":"BreadcrumbList","@id":"https:\/\/www.asajacyl.com\/palencia\/asaja-palencia-informa\/el-gobierno-dice-a-las-opas-que-el-viernes-anunciara-medidas-contra-la-crisis-del-sector-agrario#breadcrumb","itemListElement":[{"@type":"ListItem","position":1,"name":"Portada","item":"https:\/\/www.asajacyl.com\/palencia\/"},{"@type":"ListItem","position":2,"name":"El Gobierno dice a las OPAs que el viernes anunciar\u00e1 medidas contra la crisis del sector agrario"}]},{"@type":"WebSite","@id":"https:\/\/www.asajacyl.com\/palencia\/#website","url":"https:\/\/www.asajacyl.com\/palencia\/","name":"ASAJA Palencia","description":"Otro sitio m\u00e1s de Provincias ASAJA Castilla y Le\u00f3n","potentialAction":[{"@type":"SearchAction","target":{"@type":"EntryPoint","urlTemplate":"https:\/\/www.asajacyl.com\/palencia\/?s={search_term_string}"},"query-input":{"@type":"PropertyValueSpecification","valueRequired":true,"valueName":"search_term_string"}}],"inLanguage":"es"},{"@type":"Person","@id":"https:\/\/www.asajacyl.com\/palencia\/#\/schema\/person\/3ab17aeb03527485c317557fae64aab1","name":"Administrador","image":{"@type":"ImageObject","inLanguage":"es","@id":"https:\/\/www.asajacyl.com\/palencia\/#\/schema\/person\/image\/","url":"https:\/\/secure.gravatar.com\/avatar\/517384810d242ca9e38c180f3c9fb973?s=96&d=mm&r=g","contentUrl":"https:\/\/secure.gravatar.com\/avatar\/517384810d242ca9e38c180f3c9fb973?s=96&d=mm&r=g","caption":"Administrador"},"url":"https:\/\/www.asajacyl.com\/palencia\/author\/carlosrm"}]}},"_links":{"self":[{"href":"https:\/\/www.asajacyl.com\/palencia\/wp-json\/wp\/v2\/posts\/22536"}],"collection":[{"href":"https:\/\/www.asajacyl.com\/palencia\/wp-json\/wp\/v2\/posts"}],"about":[{"href":"https:\/\/www.asajacyl.com\/palencia\/wp-json\/wp\/v2\/types\/post"}],"author":[{"embeddable":true,"href":"https:\/\/www.asajacyl.com\/palencia\/wp-json\/wp\/v2\/users\/9"}],"replies":[{"embeddable":true,"href":"https:\/\/www.asajacyl.com\/palencia\/wp-json\/wp\/v2\/comments?post=22536"}],"version-history":[{"count":6,"href":"https:\/\/www.asajacyl.com\/palencia\/wp-json\/wp\/v2\/posts\/22536\/revisions"}],"predecessor-version":[{"id":22549,"href":"https:\/\/www.asajacyl.com\/palencia\/wp-json\/wp\/v2\/posts\/22536\/revisions\/22549"}],"wp:featuredmedia":[{"embeddable":true,"href":"https:\/\/www.asajacyl.com\/palencia\/wp-json\/wp\/v2\/media\/22538"}],"wp:attachment":[{"href":"https:\/\/www.asajacyl.com\/palencia\/wp-json\/wp\/v2\/media?parent=22536"}],"wp:term":[{"taxonomy":"category","embeddable":true,"href":"https:\/\/www.asajacyl.com\/palencia\/wp-json\/wp\/v2\/categories?post=22536"},{"taxonomy":"post_tag","embeddable":true,"href":"https:\/\/www.asajacyl.com\/palencia\/wp-json\/wp\/v2\/tags?post=22536"}],"curies":[{"name":"wp","href":"https:\/\/api.w.org\/{rel}","templated":true}]}}