{"id":22884,"date":"2026-04-26T11:10:00","date_gmt":"2026-04-26T09:10:00","guid":{"rendered":"https:\/\/www.asajacyl.com\/palencia\/?p=22884"},"modified":"2026-04-25T14:23:41","modified_gmt":"2026-04-25T12:23:41","slug":"asaja-pide-potenciar-la-exportacion-de-la-lana-para-evitar-las-perdidas-por-el-esquileo","status":"publish","type":"post","link":"https:\/\/www.asajacyl.com\/palencia\/asaja-palencia-informa\/asaja-pide-potenciar-la-exportacion-de-la-lana-para-evitar-las-perdidas-por-el-esquileo","title":{"rendered":"ASAJA pide potenciar la exportaci\u00f3n de la lana para evitar las p\u00e9rdidas por el esquileo"},"content":{"rendered":"\n<h2 class=\"wp-block-heading\">ASAJA Castilla y Le\u00f3n pide que se favorezca la exportaci\u00f3n de la lana para aprovechar la\u00a0mayor demanda y la\u00a0tendencia al alza de los precios.<\/h2>\n\n\n\n<p>Los\u00a0<strong>ganaderos de ovino<\/strong>\u00a0afrontan estas semanas el\u00a0<strong>esquileo de sus reba\u00f1os<\/strong>, un proceso necesario para los animales y que desde hace a\u00f1os solo\u00a0<strong>reporta p\u00e9rdidas<\/strong>\u00a0al sector, ya que el\u00a0<strong>coste de la retirada de la lana<\/strong>\u00a0supera con creces lo que se percibe por ella.\u00a0<\/p>\n\n\n\n<p><strong>ASAJA Castilla y Le\u00f3n<\/strong>\u00a0considera que ni el sector ni las administraciones deben\u00a0<strong>resignarse a esta situaci\u00f3n an\u00f3mala<\/strong>, y reclama\u00a0<strong>v\u00edas para revalorizar la lana como subproducto y no como residuo<\/strong>, aprovechando la\u00a0<strong>mayor demanda mundial<\/strong>\u00a0y la\u00a0<strong>tendencia al alza de los precios<\/strong>.<\/p>\n\n\n\n<figure class=\"wp-block-image size-full is-resized\"><img loading=\"lazy\" decoding=\"async\" width=\"930\" height=\"620\" src=\"https:\/\/www.asajacyl.com\/palencia\/wp-content\/uploads\/sites\/3\/2026\/04\/Ovejas-merinas.jpg\" alt=\"\" class=\"wp-image-22885\" style=\"width:688px;height:auto\" srcset=\"https:\/\/www.asajacyl.com\/palencia\/wp-content\/uploads\/sites\/3\/2026\/04\/Ovejas-merinas.jpg 930w, https:\/\/www.asajacyl.com\/palencia\/wp-content\/uploads\/sites\/3\/2026\/04\/Ovejas-merinas-300x200.jpg 300w, https:\/\/www.asajacyl.com\/palencia\/wp-content\/uploads\/sites\/3\/2026\/04\/Ovejas-merinas-768x512.jpg 768w, https:\/\/www.asajacyl.com\/palencia\/wp-content\/uploads\/sites\/3\/2026\/04\/Ovejas-merinas-630x420.jpg 630w, https:\/\/www.asajacyl.com\/palencia\/wp-content\/uploads\/sites\/3\/2026\/04\/Ovejas-merinas-696x464.jpg 696w\" sizes=\"(max-width: 930px) 100vw, 930px\" \/><\/figure>\n\n\n\n<h3 class=\"wp-block-heading\">ESQUILEO CON PERDIDAS IMPORTANTES<\/h3>\n\n\n\n<p>Aunque a\u00fan no se ha registrado un n\u00famero significativo de operaciones, se aprecia cierta\u00a0<strong>mejor valoraci\u00f3n de las lanas de calidad<\/strong>, como la de la\u00a0<strong>raza merina aut\u00f3ctona<\/strong>, de aptitud lanera. Sin embargo, son pocos los ejemplares en Castilla y Le\u00f3n. <\/p>\n\n\n\n<p>Para el <strong>resto de lanas<\/strong>, mayoritarias en razas\u00a0lechera o c\u00e1rnica\u00a0como la\u00a0<strong>Assaf, castellana o churra<\/strong>, el pago ronda los\u00a0<strong>5 c\u00e9ntimos por kilo<\/strong>, muy lejos de compensar el\u00a0<strong>coste medio del esquileo (1,50 \u20ac por animal)<\/strong>.<\/p>\n\n\n\n<p>Una explotaci\u00f3n media de\u00a0<strong>500 ovejas<\/strong>\u00a0afronta un gasto de unos\u00a0<strong>800 euros<\/strong>, recibiendo apenas el\u00a0<strong>8 % de lo invertido<\/strong>. En total, en Castilla y Le\u00f3n se recoger\u00e1n\u00a0<strong>4,6 millones de kilos de lana<\/strong>, con un\u00a0<strong>coste de esquileo superior a los 3,1 millones de euros<\/strong>.<\/p>\n\n\n\n<h3 class=\"wp-block-heading\">EXPORTACI\u00d3N COMO ALTERNATIVA<\/h3>\n\n\n\n<p>El\u00a0<strong>mercado mundial de la lana<\/strong>\u00a0muestra signos de recuperaci\u00f3n.\u00a0<strong>China<\/strong>\u00a0ha agotado sus stocks y demanda producto, principalmente de\u00a0<strong>Australia<\/strong>, mientras algunos fabricantes textiles buscan\u00a0<strong>alternativas al poli\u00e9ster<\/strong>\u00a0ante la crisis energ\u00e9tica en Oriente Medio. <\/p>\n\n\n\n<p>Espa\u00f1a,\u00a0<strong>l\u00edder en ovino dentro de la UE<\/strong>, podr\u00eda aprovechar esta oportunidad tras la\u00a0<strong>reapertura de la exportaci\u00f3n a China a finales de 2025<\/strong>, bloqueada durante a\u00f1os por casos de\u00a0<strong>viruela ovina<\/strong>. ASAJA pide al\u00a0<strong>Gobierno<\/strong>\u00a0que\u00a0<strong>facilite este cauce exportador<\/strong>.<\/p>\n\n\n\n<p>La organizaci\u00f3n plantea&nbsp;<strong>dos frentes<\/strong>: uno para la&nbsp;<strong>lana de mayor calidad<\/strong>, destinada a prendas exclusivas, y otro para la&nbsp;<strong>lana com\u00fan<\/strong>, con potencial de&nbsp;<strong>reutilizaci\u00f3n en bioconstrucci\u00f3n, aislantes o regeneraci\u00f3n de suelos<\/strong>, \u00e1mbitos que deben&nbsp;<strong>recibir apoyo institucional<\/strong>.<\/p>\n\n\n\n<p>Dar salida a la lana es clave para&nbsp;<strong>mantener la ganader\u00eda de ovino<\/strong>, un sector con&nbsp;<strong>futuro incierto<\/strong>&nbsp;y&nbsp;<strong>manejo exigente<\/strong>. \u201c<strong>El n\u00famero de ganaderos y de cabezas de ovino sigue disminuyendo, incluso cuando el cordero vale m\u00e1s gracias a las exportaciones. Las cuentas van justas y los problemas no faltan, entre ellos el desequilibrio del esquileo respecto al valor de la lana<\/strong>\u201d, concluye ASAJA.<\/p>\n\n\n\n<h3 class=\"wp-block-heading\">SECTOR OVINO EN CyL<\/h3>\n\n\n\n<p>Castilla y Le\u00f3n es la&nbsp;<strong>tercera comunidad por n\u00famero de animales<\/strong>, con&nbsp;<strong>2,1 millones de cabezas<\/strong>, por detr\u00e1s de&nbsp;<strong>Extremadura (3,4 millones)<\/strong>&nbsp;y&nbsp;<strong>Castilla-La Mancha<\/strong>, y registra un&nbsp;<strong>descenso generalizado<\/strong>&nbsp;en censos y explotaciones en todas sus provincias.<\/p>\n\n\n\n<p><strong>Evoluci\u00f3n de la&nbsp;caba\u00f1a de ovino en la \u00faltima d\u00e9cada,&nbsp;CyL&nbsp;y Espa\u00f1a<\/strong>&nbsp;<\/p>\n\n\n\n<figure class=\"wp-block-table is-style-stripes\"><table><tbody><tr><td>&nbsp;<\/td><td><strong>2014<\/strong>&nbsp;<strong><\/strong>&nbsp;<\/td><td><strong>2024<\/strong>&nbsp;<\/td><\/tr><tr><td><strong>\u00c1vila<\/strong>&nbsp;<\/td><td>179.807&nbsp;<\/td><td>134.784&nbsp;<\/td><\/tr><tr><td><strong>Burgos<\/strong>&nbsp;<\/td><td>232.098&nbsp;<\/td><td>130.082&nbsp;<\/td><\/tr><tr><td><strong>Le\u00f3n<\/strong>&nbsp;<\/td><td>461.939&nbsp;<\/td><td>356.233&nbsp;<\/td><\/tr><tr><td><strong>Palencia<\/strong>&nbsp;<\/td><td>240.496&nbsp;<\/td><td>165.109&nbsp;<\/td><\/tr><tr><td><strong>Salamanca<\/strong>&nbsp;<\/td><td>416.774&nbsp;<\/td><td>288.386&nbsp;<\/td><\/tr><tr><td><strong>Segovia<\/strong>&nbsp;<\/td><td>268.344&nbsp;<\/td><td>162.807&nbsp;<\/td><\/tr><tr><td><strong>Soria<\/strong>&nbsp;<\/td><td>237.130&nbsp;<\/td><td>150.753&nbsp;<\/td><\/tr><tr><td><strong>Valladolid<\/strong>&nbsp;<\/td><td>352.893&nbsp;<\/td><td>224621&nbsp;<\/td><\/tr><tr><td><strong>Zamora<\/strong>&nbsp;<\/td><td>675.709&nbsp;<\/td><td>508045&nbsp;<\/td><\/tr><tr><td><strong><\/strong>&nbsp;<strong>Castilla y Le\u00f3n<\/strong>&nbsp;<\/td><td>&nbsp;3.065.190&nbsp;<\/td><td>&nbsp;2.120.820&nbsp;<\/td><\/tr><tr><td><strong><\/strong>&nbsp;<strong>Espa\u00f1a<\/strong>&nbsp;<\/td><td>&nbsp;15.431.804&nbsp;<\/td><td>&nbsp;13.476.030&nbsp;<\/td><\/tr><\/tbody><\/table><\/figure>\n\n\n\n<p>&nbsp;&nbsp;&nbsp;&nbsp;&nbsp;&nbsp;&nbsp;&nbsp;&nbsp;&nbsp;&nbsp;&nbsp;&nbsp;&nbsp;&nbsp;&nbsp;&nbsp;&nbsp;&nbsp;&nbsp;&nbsp;&nbsp;&nbsp;&nbsp;&nbsp;&nbsp;&nbsp;&nbsp;&nbsp;&nbsp;&nbsp;&nbsp;&nbsp;&nbsp;&nbsp;&nbsp;&nbsp;&nbsp;&nbsp;&nbsp;&nbsp;&nbsp;&nbsp;&nbsp;&nbsp;&nbsp;&nbsp;&nbsp;&nbsp;&nbsp;&nbsp;&nbsp;&nbsp;&nbsp;&nbsp;&nbsp;&nbsp;&nbsp;&nbsp;&nbsp;&nbsp;&nbsp;&nbsp;&nbsp;&nbsp; *Fuente: Estad\u00edsticas e Informaci\u00f3n Agraria Junta&nbsp;CyL&nbsp;<\/p>\n","protected":false},"excerpt":{"rendered":"<p>ASAJA Castilla y Le\u00f3n pide que se favorezca la exportaci\u00f3n de la lana para aprovechar la\u00a0mayor demanda y la\u00a0tendencia al alza de los precios. Los\u00a0ganaderos de ovino\u00a0afrontan estas semanas el\u00a0esquileo de sus reba\u00f1os, un proceso necesario para los animales y que desde hace a\u00f1os solo\u00a0reporta p\u00e9rdidas\u00a0al sector, ya que el\u00a0coste de la retirada de la [&hellip;]<\/p>\n","protected":false},"author":9,"featured_media":22885,"comment_status":"open","ping_status":"open","sticky":false,"template":"","format":"standard","meta":{"footnotes":""},"categories":[9,28],"tags":[1698,1905,1907,1790,1904,1906,77],"yoast_head":"<!-- This site is optimized with the Yoast SEO plugin v24.5 - https:\/\/yoast.com\/wordpress\/plugins\/seo\/ -->\n<title>ASAJA pide potenciar la exportaci\u00f3n de la lana para evitar las p\u00e9rdidas por el esquileo - ASAJA Palencia<\/title>\n<meta name=\"description\" content=\"ASAJA Castilla y Le\u00f3n pide que se favorezca la exportaci\u00f3n de la lana para aprovechar la\u00a0mayor demanda y la\u00a0tendencia al alza de los precios. ASAJA pide potenciar la exportaci\u00f3n de la lana para evitar las p\u00e9rdidas por el esquileo.\" \/>\n<meta name=\"robots\" content=\"index, follow, max-snippet:-1, max-image-preview:large, max-video-preview:-1\" \/>\n<link rel=\"canonical\" href=\"https:\/\/www.asajacyl.com\/palencia\/asaja-palencia-informa\/asaja-pide-potenciar-la-exportacion-de-la-lana-para-evitar-las-perdidas-por-el-esquileo\" \/>\n<meta property=\"og:locale\" content=\"es_ES\" \/>\n<meta property=\"og:type\" content=\"article\" \/>\n<meta property=\"og:title\" content=\"ASAJA pide potenciar la exportaci\u00f3n de la lana para evitar las p\u00e9rdidas por el esquileo - ASAJA Palencia\" \/>\n<meta property=\"og:description\" content=\"ASAJA Castilla y Le\u00f3n pide que se favorezca la exportaci\u00f3n de la lana para aprovechar la\u00a0mayor demanda y la\u00a0tendencia al alza de los precios. ASAJA pide potenciar la exportaci\u00f3n de la lana para evitar las p\u00e9rdidas por el esquileo.\" \/>\n<meta property=\"og:url\" content=\"https:\/\/www.asajacyl.com\/palencia\/asaja-palencia-informa\/asaja-pide-potenciar-la-exportacion-de-la-lana-para-evitar-las-perdidas-por-el-esquileo\" \/>\n<meta property=\"og:site_name\" content=\"ASAJA Palencia\" \/>\n<meta property=\"article:published_time\" content=\"2026-04-26T09:10:00+00:00\" \/>\n<meta property=\"og:image\" content=\"https:\/\/www.asajacyl.com\/palencia\/wp-content\/uploads\/sites\/3\/2026\/04\/Ovejas-merinas.jpg\" \/>\n\t<meta property=\"og:image:width\" content=\"930\" \/>\n\t<meta property=\"og:image:height\" content=\"620\" \/>\n\t<meta property=\"og:image:type\" content=\"image\/jpeg\" \/>\n<meta name=\"author\" content=\"Administrador\" \/>\n<meta name=\"twitter:card\" content=\"summary_large_image\" \/>\n<meta name=\"twitter:label1\" content=\"Escrito por\" \/>\n\t<meta name=\"twitter:data1\" content=\"Administrador\" \/>\n\t<meta name=\"twitter:label2\" content=\"Tiempo de lectura\" \/>\n\t<meta name=\"twitter:data2\" content=\"3 minutos\" \/>\n<script type=\"application\/ld+json\" class=\"yoast-schema-graph\">{\"@context\":\"https:\/\/schema.org\",\"@graph\":[{\"@type\":\"WebPage\",\"@id\":\"https:\/\/www.asajacyl.com\/palencia\/asaja-palencia-informa\/asaja-pide-potenciar-la-exportacion-de-la-lana-para-evitar-las-perdidas-por-el-esquileo\",\"url\":\"https:\/\/www.asajacyl.com\/palencia\/asaja-palencia-informa\/asaja-pide-potenciar-la-exportacion-de-la-lana-para-evitar-las-perdidas-por-el-esquileo\",\"name\":\"ASAJA pide potenciar la exportaci\u00f3n de la lana para evitar las p\u00e9rdidas por el esquileo - ASAJA Palencia\",\"isPartOf\":{\"@id\":\"https:\/\/www.asajacyl.com\/palencia\/#website\"},\"primaryImageOfPage\":{\"@id\":\"https:\/\/www.asajacyl.com\/palencia\/asaja-palencia-informa\/asaja-pide-potenciar-la-exportacion-de-la-lana-para-evitar-las-perdidas-por-el-esquileo#primaryimage\"},\"image\":{\"@id\":\"https:\/\/www.asajacyl.com\/palencia\/asaja-palencia-informa\/asaja-pide-potenciar-la-exportacion-de-la-lana-para-evitar-las-perdidas-por-el-esquileo#primaryimage\"},\"thumbnailUrl\":\"https:\/\/www.asajacyl.com\/palencia\/wp-content\/uploads\/sites\/3\/2026\/04\/Ovejas-merinas.jpg\",\"datePublished\":\"2026-04-26T09:10:00+00:00\",\"author\":{\"@id\":\"https:\/\/www.asajacyl.com\/palencia\/#\/schema\/person\/3ab17aeb03527485c317557fae64aab1\"},\"description\":\"ASAJA Castilla y Le\u00f3n pide que se favorezca la exportaci\u00f3n de la lana para aprovechar la\u00a0mayor demanda y la\u00a0tendencia al alza de los precios. ASAJA pide potenciar la exportaci\u00f3n de la lana para evitar las p\u00e9rdidas por el esquileo.\",\"breadcrumb\":{\"@id\":\"https:\/\/www.asajacyl.com\/palencia\/asaja-palencia-informa\/asaja-pide-potenciar-la-exportacion-de-la-lana-para-evitar-las-perdidas-por-el-esquileo#breadcrumb\"},\"inLanguage\":\"es\",\"potentialAction\":[{\"@type\":\"ReadAction\",\"target\":[\"https:\/\/www.asajacyl.com\/palencia\/asaja-palencia-informa\/asaja-pide-potenciar-la-exportacion-de-la-lana-para-evitar-las-perdidas-por-el-esquileo\"]}]},{\"@type\":\"ImageObject\",\"inLanguage\":\"es\",\"@id\":\"https:\/\/www.asajacyl.com\/palencia\/asaja-palencia-informa\/asaja-pide-potenciar-la-exportacion-de-la-lana-para-evitar-las-perdidas-por-el-esquileo#primaryimage\",\"url\":\"https:\/\/www.asajacyl.com\/palencia\/wp-content\/uploads\/sites\/3\/2026\/04\/Ovejas-merinas.jpg\",\"contentUrl\":\"https:\/\/www.asajacyl.com\/palencia\/wp-content\/uploads\/sites\/3\/2026\/04\/Ovejas-merinas.jpg\",\"width\":930,\"height\":620},{\"@type\":\"BreadcrumbList\",\"@id\":\"https:\/\/www.asajacyl.com\/palencia\/asaja-palencia-informa\/asaja-pide-potenciar-la-exportacion-de-la-lana-para-evitar-las-perdidas-por-el-esquileo#breadcrumb\",\"itemListElement\":[{\"@type\":\"ListItem\",\"position\":1,\"name\":\"Portada\",\"item\":\"https:\/\/www.asajacyl.com\/palencia\/\"},{\"@type\":\"ListItem\",\"position\":2,\"name\":\"ASAJA pide potenciar la exportaci\u00f3n de la lana para evitar las p\u00e9rdidas por el esquileo\"}]},{\"@type\":\"WebSite\",\"@id\":\"https:\/\/www.asajacyl.com\/palencia\/#website\",\"url\":\"https:\/\/www.asajacyl.com\/palencia\/\",\"name\":\"ASAJA Palencia\",\"description\":\"Otro sitio m\u00e1s de Provincias ASAJA Castilla y Le\u00f3n\",\"potentialAction\":[{\"@type\":\"SearchAction\",\"target\":{\"@type\":\"EntryPoint\",\"urlTemplate\":\"https:\/\/www.asajacyl.com\/palencia\/?s={search_term_string}\"},\"query-input\":{\"@type\":\"PropertyValueSpecification\",\"valueRequired\":true,\"valueName\":\"search_term_string\"}}],\"inLanguage\":\"es\"},{\"@type\":\"Person\",\"@id\":\"https:\/\/www.asajacyl.com\/palencia\/#\/schema\/person\/3ab17aeb03527485c317557fae64aab1\",\"name\":\"Administrador\",\"image\":{\"@type\":\"ImageObject\",\"inLanguage\":\"es\",\"@id\":\"https:\/\/www.asajacyl.com\/palencia\/#\/schema\/person\/image\/\",\"url\":\"https:\/\/secure.gravatar.com\/avatar\/517384810d242ca9e38c180f3c9fb973?s=96&d=mm&r=g\",\"contentUrl\":\"https:\/\/secure.gravatar.com\/avatar\/517384810d242ca9e38c180f3c9fb973?s=96&d=mm&r=g\",\"caption\":\"Administrador\"},\"url\":\"https:\/\/www.asajacyl.com\/palencia\/author\/carlosrm\"}]}<\/script>\n<!-- \/ Yoast SEO plugin. -->","yoast_head_json":{"title":"ASAJA pide potenciar la exportaci\u00f3n de la lana para evitar las p\u00e9rdidas por el esquileo - ASAJA Palencia","description":"ASAJA Castilla y Le\u00f3n pide que se favorezca la exportaci\u00f3n de la lana para aprovechar la\u00a0mayor demanda y la\u00a0tendencia al alza de los precios. ASAJA pide potenciar la exportaci\u00f3n de la lana para evitar las p\u00e9rdidas por el esquileo.","robots":{"index":"index","follow":"follow","max-snippet":"max-snippet:-1","max-image-preview":"max-image-preview:large","max-video-preview":"max-video-preview:-1"},"canonical":"https:\/\/www.asajacyl.com\/palencia\/asaja-palencia-informa\/asaja-pide-potenciar-la-exportacion-de-la-lana-para-evitar-las-perdidas-por-el-esquileo","og_locale":"es_ES","og_type":"article","og_title":"ASAJA pide potenciar la exportaci\u00f3n de la lana para evitar las p\u00e9rdidas por el esquileo - ASAJA Palencia","og_description":"ASAJA Castilla y Le\u00f3n pide que se favorezca la exportaci\u00f3n de la lana para aprovechar la\u00a0mayor demanda y la\u00a0tendencia al alza de los precios. ASAJA pide potenciar la exportaci\u00f3n de la lana para evitar las p\u00e9rdidas por el esquileo.","og_url":"https:\/\/www.asajacyl.com\/palencia\/asaja-palencia-informa\/asaja-pide-potenciar-la-exportacion-de-la-lana-para-evitar-las-perdidas-por-el-esquileo","og_site_name":"ASAJA Palencia","article_published_time":"2026-04-26T09:10:00+00:00","og_image":[{"width":930,"height":620,"url":"https:\/\/www.asajacyl.com\/palencia\/wp-content\/uploads\/sites\/3\/2026\/04\/Ovejas-merinas.jpg","type":"image\/jpeg"}],"author":"Administrador","twitter_card":"summary_large_image","twitter_misc":{"Escrito por":"Administrador","Tiempo de lectura":"3 minutos"},"schema":{"@context":"https:\/\/schema.org","@graph":[{"@type":"WebPage","@id":"https:\/\/www.asajacyl.com\/palencia\/asaja-palencia-informa\/asaja-pide-potenciar-la-exportacion-de-la-lana-para-evitar-las-perdidas-por-el-esquileo","url":"https:\/\/www.asajacyl.com\/palencia\/asaja-palencia-informa\/asaja-pide-potenciar-la-exportacion-de-la-lana-para-evitar-las-perdidas-por-el-esquileo","name":"ASAJA pide potenciar la exportaci\u00f3n de la lana para evitar las p\u00e9rdidas por el esquileo - ASAJA Palencia","isPartOf":{"@id":"https:\/\/www.asajacyl.com\/palencia\/#website"},"primaryImageOfPage":{"@id":"https:\/\/www.asajacyl.com\/palencia\/asaja-palencia-informa\/asaja-pide-potenciar-la-exportacion-de-la-lana-para-evitar-las-perdidas-por-el-esquileo#primaryimage"},"image":{"@id":"https:\/\/www.asajacyl.com\/palencia\/asaja-palencia-informa\/asaja-pide-potenciar-la-exportacion-de-la-lana-para-evitar-las-perdidas-por-el-esquileo#primaryimage"},"thumbnailUrl":"https:\/\/www.asajacyl.com\/palencia\/wp-content\/uploads\/sites\/3\/2026\/04\/Ovejas-merinas.jpg","datePublished":"2026-04-26T09:10:00+00:00","author":{"@id":"https:\/\/www.asajacyl.com\/palencia\/#\/schema\/person\/3ab17aeb03527485c317557fae64aab1"},"description":"ASAJA Castilla y Le\u00f3n pide que se favorezca la exportaci\u00f3n de la lana para aprovechar la\u00a0mayor demanda y la\u00a0tendencia al alza de los precios. ASAJA pide potenciar la exportaci\u00f3n de la lana para evitar las p\u00e9rdidas por el esquileo.","breadcrumb":{"@id":"https:\/\/www.asajacyl.com\/palencia\/asaja-palencia-informa\/asaja-pide-potenciar-la-exportacion-de-la-lana-para-evitar-las-perdidas-por-el-esquileo#breadcrumb"},"inLanguage":"es","potentialAction":[{"@type":"ReadAction","target":["https:\/\/www.asajacyl.com\/palencia\/asaja-palencia-informa\/asaja-pide-potenciar-la-exportacion-de-la-lana-para-evitar-las-perdidas-por-el-esquileo"]}]},{"@type":"ImageObject","inLanguage":"es","@id":"https:\/\/www.asajacyl.com\/palencia\/asaja-palencia-informa\/asaja-pide-potenciar-la-exportacion-de-la-lana-para-evitar-las-perdidas-por-el-esquileo#primaryimage","url":"https:\/\/www.asajacyl.com\/palencia\/wp-content\/uploads\/sites\/3\/2026\/04\/Ovejas-merinas.jpg","contentUrl":"https:\/\/www.asajacyl.com\/palencia\/wp-content\/uploads\/sites\/3\/2026\/04\/Ovejas-merinas.jpg","width":930,"height":620},{"@type":"BreadcrumbList","@id":"https:\/\/www.asajacyl.com\/palencia\/asaja-palencia-informa\/asaja-pide-potenciar-la-exportacion-de-la-lana-para-evitar-las-perdidas-por-el-esquileo#breadcrumb","itemListElement":[{"@type":"ListItem","position":1,"name":"Portada","item":"https:\/\/www.asajacyl.com\/palencia\/"},{"@type":"ListItem","position":2,"name":"ASAJA pide potenciar la exportaci\u00f3n de la lana para evitar las p\u00e9rdidas por el esquileo"}]},{"@type":"WebSite","@id":"https:\/\/www.asajacyl.com\/palencia\/#website","url":"https:\/\/www.asajacyl.com\/palencia\/","name":"ASAJA Palencia","description":"Otro sitio m\u00e1s de Provincias ASAJA Castilla y Le\u00f3n","potentialAction":[{"@type":"SearchAction","target":{"@type":"EntryPoint","urlTemplate":"https:\/\/www.asajacyl.com\/palencia\/?s={search_term_string}"},"query-input":{"@type":"PropertyValueSpecification","valueRequired":true,"valueName":"search_term_string"}}],"inLanguage":"es"},{"@type":"Person","@id":"https:\/\/www.asajacyl.com\/palencia\/#\/schema\/person\/3ab17aeb03527485c317557fae64aab1","name":"Administrador","image":{"@type":"ImageObject","inLanguage":"es","@id":"https:\/\/www.asajacyl.com\/palencia\/#\/schema\/person\/image\/","url":"https:\/\/secure.gravatar.com\/avatar\/517384810d242ca9e38c180f3c9fb973?s=96&d=mm&r=g","contentUrl":"https:\/\/secure.gravatar.com\/avatar\/517384810d242ca9e38c180f3c9fb973?s=96&d=mm&r=g","caption":"Administrador"},"url":"https:\/\/www.asajacyl.com\/palencia\/author\/carlosrm"}]}},"_links":{"self":[{"href":"https:\/\/www.asajacyl.com\/palencia\/wp-json\/wp\/v2\/posts\/22884"}],"collection":[{"href":"https:\/\/www.asajacyl.com\/palencia\/wp-json\/wp\/v2\/posts"}],"about":[{"href":"https:\/\/www.asajacyl.com\/palencia\/wp-json\/wp\/v2\/types\/post"}],"author":[{"embeddable":true,"href":"https:\/\/www.asajacyl.com\/palencia\/wp-json\/wp\/v2\/users\/9"}],"replies":[{"embeddable":true,"href":"https:\/\/www.asajacyl.com\/palencia\/wp-json\/wp\/v2\/comments?post=22884"}],"version-history":[{"count":1,"href":"https:\/\/www.asajacyl.com\/palencia\/wp-json\/wp\/v2\/posts\/22884\/revisions"}],"predecessor-version":[{"id":22886,"href":"https:\/\/www.asajacyl.com\/palencia\/wp-json\/wp\/v2\/posts\/22884\/revisions\/22886"}],"wp:featuredmedia":[{"embeddable":true,"href":"https:\/\/www.asajacyl.com\/palencia\/wp-json\/wp\/v2\/media\/22885"}],"wp:attachment":[{"href":"https:\/\/www.asajacyl.com\/palencia\/wp-json\/wp\/v2\/media?parent=22884"}],"wp:term":[{"taxonomy":"category","embeddable":true,"href":"https:\/\/www.asajacyl.com\/palencia\/wp-json\/wp\/v2\/categories?post=22884"},{"taxonomy":"post_tag","embeddable":true,"href":"https:\/\/www.asajacyl.com\/palencia\/wp-json\/wp\/v2\/tags?post=22884"}],"curies":[{"name":"wp","href":"https:\/\/api.w.org\/{rel}","templated":true}]}}