{"id":22887,"date":"2026-04-27T11:10:00","date_gmt":"2026-04-27T09:10:00","guid":{"rendered":"https:\/\/www.asajacyl.com\/palencia\/?p=22887"},"modified":"2026-04-26T14:15:32","modified_gmt":"2026-04-26T12:15:32","slug":"la-agrochallenge-de-las-escuelas-agrarias-de-espana-se-celebra-el-28-y-29-de-abril-en-palencia","status":"publish","type":"post","link":"https:\/\/www.asajacyl.com\/palencia\/asaja-palencia-informa\/la-agrochallenge-de-las-escuelas-agrarias-de-espana-se-celebra-el-28-y-29-de-abril-en-palencia","title":{"rendered":"La AgroChallenge de las escuelas agrarias de Espa\u00f1a se celebra el 28 y 29 de abril en Palencia"},"content":{"rendered":"\n<h2 class=\"wp-block-heading\">La AgroChallenge de las escuelas agrarias de Espa\u00f1a se celebra el 28 y 29 de abril en Palencia. Agrochallenge es un campeonato nacional de Escuelas Agrarias, Agroalimentarias y medioambientales, <strong>promovido por la Asociaci\u00f3n Europea Espa\u00f1a<\/strong>, <strong>clasificatorio para el campeonato Agrochalenge 2026 europeo,<\/strong> que se va a desarrollar en Norfolk (Reino Unido), organizado por EUROPEA UK en Easton College y la Royal Norfolk Show.<\/h2>\n\n\n\n<p>Este a\u00f1o <strong>el campeonato nacional se va a desarrollar en el CIFP Vi\u00f1alta de Palencia<\/strong>, organizado por la <a href=\"http:\/\/www.jcyl.es\">Junta de Castilla y Le\u00f3n<\/a> desde el Servicio de Formaci\u00f3n Agraria, dependiente de la Direcci\u00f3n General de Desarrollo Rural de la Consejer\u00eda de Agricultura, Ganader\u00eda y Desarrollo Rural. <strong>La competici\u00f3n consta de 20 pruebas<\/strong> y, esta edici\u00f3n, se han apuntado una decena de escuelas.<\/p>\n\n\n\n<figure class=\"wp-block-image is-resized\"><img decoding=\"async\" src=\"https:\/\/soloagro.es\/wp-content\/uploads\/2026\/04\/Vinalta-Agrochallenge-2026-221x300.jpg\" alt=\"\" class=\"wp-image-2382\" style=\"width:422px;height:auto\" \/><\/figure>\n\n\n\n<h3 class=\"wp-block-heading\">OBJETIVOS DE AGROCHALLENGE<\/h3>\n\n\n\n<p>Los <strong>objetivos principales <\/strong>de este campeonato son:<\/p>\n\n\n\n<ul>\n<li>Motivar al alumnado participante para que mejoren sus habilidades en las diversas ense\u00f1anzas recibidas en las escuelas.<\/li>\n\n\n\n<li>Mostrar a la sociedad el tipo de estudios y trabajos que se desarrollan en la profesi\u00f3n agraria, agroalimentaria y medioambiental.<\/li>\n\n\n\n<li>Promover el juego limpio.<\/li>\n\n\n\n<li>Promover la participaci\u00f3n femenina.<\/li>\n<\/ul>\n\n\n\n<h3 class=\"wp-block-heading\">PROGRAMA<\/h3>\n\n\n\n<p><strong>Lunes 27<\/strong>:- 19,00 horas recepci\u00f3n de los equipos y acompa\u00f1amiento a los alojamientos.<\/p>\n\n\n\n<p><strong>Martes 28<\/strong>: &#8211; 9,00 horas: Recepci\u00f3n de los equipos participantes y acto de presentaci\u00f3n del campeonato con desfile de banderas y entrega de dorsales (sal\u00f3n de actos del CIFP Vi\u00f1alta)- 10,00- 13,30 Desarrollo de la competici\u00f3n- 14,00- 16,30 Comida- 16,30- 18,00 Desarrollo de la competici\u00f3n.<\/p>\n\n\n\n<p>Mi\u00e9rcoles 29:- 9,30 horas: Recepci\u00f3n de los equipos participantes- 10,00- 13,30 Desarrollo de la competici\u00f3n- 14,00- 16,30 Comida- 16,30- 18,00 Reuni\u00f3n de jurados, entrega de premios y clausura del campeonato por parte de las autoridades presentes.<\/p>\n\n\n\n<h3 class=\"wp-block-heading\">PRUEBAS<\/h3>\n\n\n\n<p>El campeonato consta de 20 pruebas, agrupadas en 8 diferentes grupos, que ser\u00e1n desarrolladas por <strong>equipos de 4 participante por escuela<\/strong> con diferentes tareas. Cada prueba ser\u00e1 valorada por el jurado gracias a una ficha de puntuaci\u00f3n.<\/p>\n\n\n\n<p>Las pruebas son las siguientes:<\/p>\n\n\n\n<ul>\n<li><strong>Maquinaria<\/strong>: maniobra con tractor y remolque, apilado de balas con tractor, maniobra de habilidad con pala de tractor y habilidad en la conducci\u00f3n del tractor.<\/li>\n\n\n\n<li><strong>Ganader\u00eda:<\/strong> identificaci\u00f3n de la edad de un animal, identificaci\u00f3n de razas ganaderas e inmovilizaci\u00f3n de ganado.<\/li>\n\n\n\n<li><strong>Agricultura<\/strong>: reconocimiento de malas hierbas y reconocimiento de semillas<\/li>\n\n\n\n<li><strong>Forestal<\/strong>: Cambio de cadena de motosierra Serrado manual de troncos Realizaci\u00f3n de injertos<\/li>\n\n\n\n<li><strong>Pruebas de instalaci\u00f3n y montaje<\/strong>: Montaje de cercado Montaje de sistemas de riego<\/li>\n\n\n\n<li><strong>Taller<\/strong>: Pruebas de soldadura con simulador, montaje de ruedas delanteras de tractor Enganche y desenganche de aperos<\/li>\n\n\n\n<li><strong>Gesti\u00f3n ambiental<\/strong>: Clasificaci\u00f3n de residuos<\/li>\n\n\n\n<li><strong>Industrias alimentarias<\/strong>: Aromas del vino Aromas de aceite<\/li>\n<\/ul>\n","protected":false},"excerpt":{"rendered":"<p>La AgroChallenge de las escuelas agrarias de Espa\u00f1a se celebra el 28 y 29 de abril en Palencia. Agrochallenge es un campeonato nacional de Escuelas Agrarias, Agroalimentarias y medioambientales, promovido por la Asociaci\u00f3n Europea Espa\u00f1a, clasificatorio para el campeonato Agrochalenge 2026 europeo, que se va a desarrollar en Norfolk (Reino Unido), organizado por EUROPEA UK [&hellip;]<\/p>\n","protected":false},"author":9,"featured_media":22888,"comment_status":"open","ping_status":"open","sticky":false,"template":"","format":"standard","meta":{"footnotes":""},"categories":[9,28],"tags":[1908,1698,1782,1909,1766],"yoast_head":"<!-- This site is optimized with the Yoast SEO plugin v24.5 - https:\/\/yoast.com\/wordpress\/plugins\/seo\/ -->\n<title>La AgroChallenge de las escuelas agrarias de Espa\u00f1a se celebra el 28 y 29 de abril en Palencia - ASAJA Palencia<\/title>\n<meta name=\"description\" content=\"La AgroChallenge de las escuelas agrarias de Espa\u00f1a se celebra el 28 y 29 de abril en Palencia. Agrochallenge es un campeonato nacional de Escuelas La AgroChallenge de las escuelas agrarias de Espa\u00f1a se celebra el 28 y 29 de abril en Palencia.\" \/>\n<meta name=\"robots\" content=\"index, follow, max-snippet:-1, max-image-preview:large, max-video-preview:-1\" \/>\n<link rel=\"canonical\" href=\"https:\/\/www.asajacyl.com\/palencia\/asaja-palencia-informa\/la-agrochallenge-de-las-escuelas-agrarias-de-espana-se-celebra-el-28-y-29-de-abril-en-palencia\" \/>\n<meta property=\"og:locale\" content=\"es_ES\" \/>\n<meta property=\"og:type\" content=\"article\" \/>\n<meta property=\"og:title\" content=\"La AgroChallenge de las escuelas agrarias de Espa\u00f1a se celebra el 28 y 29 de abril en Palencia - ASAJA Palencia\" \/>\n<meta property=\"og:description\" content=\"La AgroChallenge de las escuelas agrarias de Espa\u00f1a se celebra el 28 y 29 de abril en Palencia. Agrochallenge es un campeonato nacional de Escuelas La AgroChallenge de las escuelas agrarias de Espa\u00f1a se celebra el 28 y 29 de abril en Palencia.\" \/>\n<meta property=\"og:url\" content=\"https:\/\/www.asajacyl.com\/palencia\/asaja-palencia-informa\/la-agrochallenge-de-las-escuelas-agrarias-de-espana-se-celebra-el-28-y-29-de-abril-en-palencia\" \/>\n<meta property=\"og:site_name\" content=\"ASAJA Palencia\" \/>\n<meta property=\"article:published_time\" content=\"2026-04-27T09:10:00+00:00\" \/>\n<meta property=\"og:image\" content=\"https:\/\/www.asajacyl.com\/palencia\/wp-content\/uploads\/sites\/3\/2026\/04\/Vinalta-Agrochallenge-2026-bis.jpg\" \/>\n\t<meta property=\"og:image:width\" content=\"578\" \/>\n\t<meta property=\"og:image:height\" content=\"385\" \/>\n\t<meta property=\"og:image:type\" content=\"image\/jpeg\" \/>\n<meta name=\"author\" content=\"Administrador\" \/>\n<meta name=\"twitter:card\" content=\"summary_large_image\" \/>\n<meta name=\"twitter:label1\" content=\"Escrito por\" \/>\n\t<meta name=\"twitter:data1\" content=\"Administrador\" \/>\n\t<meta name=\"twitter:label2\" content=\"Tiempo de lectura\" \/>\n\t<meta name=\"twitter:data2\" content=\"3 minutos\" \/>\n<script type=\"application\/ld+json\" class=\"yoast-schema-graph\">{\"@context\":\"https:\/\/schema.org\",\"@graph\":[{\"@type\":\"WebPage\",\"@id\":\"https:\/\/www.asajacyl.com\/palencia\/asaja-palencia-informa\/la-agrochallenge-de-las-escuelas-agrarias-de-espana-se-celebra-el-28-y-29-de-abril-en-palencia\",\"url\":\"https:\/\/www.asajacyl.com\/palencia\/asaja-palencia-informa\/la-agrochallenge-de-las-escuelas-agrarias-de-espana-se-celebra-el-28-y-29-de-abril-en-palencia\",\"name\":\"La AgroChallenge de las escuelas agrarias de Espa\u00f1a se celebra el 28 y 29 de abril en Palencia - ASAJA Palencia\",\"isPartOf\":{\"@id\":\"https:\/\/www.asajacyl.com\/palencia\/#website\"},\"primaryImageOfPage\":{\"@id\":\"https:\/\/www.asajacyl.com\/palencia\/asaja-palencia-informa\/la-agrochallenge-de-las-escuelas-agrarias-de-espana-se-celebra-el-28-y-29-de-abril-en-palencia#primaryimage\"},\"image\":{\"@id\":\"https:\/\/www.asajacyl.com\/palencia\/asaja-palencia-informa\/la-agrochallenge-de-las-escuelas-agrarias-de-espana-se-celebra-el-28-y-29-de-abril-en-palencia#primaryimage\"},\"thumbnailUrl\":\"https:\/\/www.asajacyl.com\/palencia\/wp-content\/uploads\/sites\/3\/2026\/04\/Vinalta-Agrochallenge-2026-bis.jpg\",\"datePublished\":\"2026-04-27T09:10:00+00:00\",\"author\":{\"@id\":\"https:\/\/www.asajacyl.com\/palencia\/#\/schema\/person\/3ab17aeb03527485c317557fae64aab1\"},\"description\":\"La AgroChallenge de las escuelas agrarias de Espa\u00f1a se celebra el 28 y 29 de abril en Palencia. Agrochallenge es un campeonato nacional de Escuelas La AgroChallenge de las escuelas agrarias de Espa\u00f1a se celebra el 28 y 29 de abril en Palencia.\",\"breadcrumb\":{\"@id\":\"https:\/\/www.asajacyl.com\/palencia\/asaja-palencia-informa\/la-agrochallenge-de-las-escuelas-agrarias-de-espana-se-celebra-el-28-y-29-de-abril-en-palencia#breadcrumb\"},\"inLanguage\":\"es\",\"potentialAction\":[{\"@type\":\"ReadAction\",\"target\":[\"https:\/\/www.asajacyl.com\/palencia\/asaja-palencia-informa\/la-agrochallenge-de-las-escuelas-agrarias-de-espana-se-celebra-el-28-y-29-de-abril-en-palencia\"]}]},{\"@type\":\"ImageObject\",\"inLanguage\":\"es\",\"@id\":\"https:\/\/www.asajacyl.com\/palencia\/asaja-palencia-informa\/la-agrochallenge-de-las-escuelas-agrarias-de-espana-se-celebra-el-28-y-29-de-abril-en-palencia#primaryimage\",\"url\":\"https:\/\/www.asajacyl.com\/palencia\/wp-content\/uploads\/sites\/3\/2026\/04\/Vinalta-Agrochallenge-2026-bis.jpg\",\"contentUrl\":\"https:\/\/www.asajacyl.com\/palencia\/wp-content\/uploads\/sites\/3\/2026\/04\/Vinalta-Agrochallenge-2026-bis.jpg\",\"width\":578,\"height\":385},{\"@type\":\"BreadcrumbList\",\"@id\":\"https:\/\/www.asajacyl.com\/palencia\/asaja-palencia-informa\/la-agrochallenge-de-las-escuelas-agrarias-de-espana-se-celebra-el-28-y-29-de-abril-en-palencia#breadcrumb\",\"itemListElement\":[{\"@type\":\"ListItem\",\"position\":1,\"name\":\"Portada\",\"item\":\"https:\/\/www.asajacyl.com\/palencia\/\"},{\"@type\":\"ListItem\",\"position\":2,\"name\":\"La AgroChallenge de las escuelas agrarias de Espa\u00f1a se celebra el 28 y 29 de abril en Palencia\"}]},{\"@type\":\"WebSite\",\"@id\":\"https:\/\/www.asajacyl.com\/palencia\/#website\",\"url\":\"https:\/\/www.asajacyl.com\/palencia\/\",\"name\":\"ASAJA Palencia\",\"description\":\"Otro sitio m\u00e1s de Provincias ASAJA Castilla y Le\u00f3n\",\"potentialAction\":[{\"@type\":\"SearchAction\",\"target\":{\"@type\":\"EntryPoint\",\"urlTemplate\":\"https:\/\/www.asajacyl.com\/palencia\/?s={search_term_string}\"},\"query-input\":{\"@type\":\"PropertyValueSpecification\",\"valueRequired\":true,\"valueName\":\"search_term_string\"}}],\"inLanguage\":\"es\"},{\"@type\":\"Person\",\"@id\":\"https:\/\/www.asajacyl.com\/palencia\/#\/schema\/person\/3ab17aeb03527485c317557fae64aab1\",\"name\":\"Administrador\",\"image\":{\"@type\":\"ImageObject\",\"inLanguage\":\"es\",\"@id\":\"https:\/\/www.asajacyl.com\/palencia\/#\/schema\/person\/image\/\",\"url\":\"https:\/\/secure.gravatar.com\/avatar\/517384810d242ca9e38c180f3c9fb973?s=96&d=mm&r=g\",\"contentUrl\":\"https:\/\/secure.gravatar.com\/avatar\/517384810d242ca9e38c180f3c9fb973?s=96&d=mm&r=g\",\"caption\":\"Administrador\"},\"url\":\"https:\/\/www.asajacyl.com\/palencia\/author\/carlosrm\"}]}<\/script>\n<!-- \/ Yoast SEO plugin. -->","yoast_head_json":{"title":"La AgroChallenge de las escuelas agrarias de Espa\u00f1a se celebra el 28 y 29 de abril en Palencia - ASAJA Palencia","description":"La AgroChallenge de las escuelas agrarias de Espa\u00f1a se celebra el 28 y 29 de abril en Palencia. Agrochallenge es un campeonato nacional de Escuelas La AgroChallenge de las escuelas agrarias de Espa\u00f1a se celebra el 28 y 29 de abril en Palencia.","robots":{"index":"index","follow":"follow","max-snippet":"max-snippet:-1","max-image-preview":"max-image-preview:large","max-video-preview":"max-video-preview:-1"},"canonical":"https:\/\/www.asajacyl.com\/palencia\/asaja-palencia-informa\/la-agrochallenge-de-las-escuelas-agrarias-de-espana-se-celebra-el-28-y-29-de-abril-en-palencia","og_locale":"es_ES","og_type":"article","og_title":"La AgroChallenge de las escuelas agrarias de Espa\u00f1a se celebra el 28 y 29 de abril en Palencia - ASAJA Palencia","og_description":"La AgroChallenge de las escuelas agrarias de Espa\u00f1a se celebra el 28 y 29 de abril en Palencia. Agrochallenge es un campeonato nacional de Escuelas La AgroChallenge de las escuelas agrarias de Espa\u00f1a se celebra el 28 y 29 de abril en Palencia.","og_url":"https:\/\/www.asajacyl.com\/palencia\/asaja-palencia-informa\/la-agrochallenge-de-las-escuelas-agrarias-de-espana-se-celebra-el-28-y-29-de-abril-en-palencia","og_site_name":"ASAJA Palencia","article_published_time":"2026-04-27T09:10:00+00:00","og_image":[{"width":578,"height":385,"url":"https:\/\/www.asajacyl.com\/palencia\/wp-content\/uploads\/sites\/3\/2026\/04\/Vinalta-Agrochallenge-2026-bis.jpg","type":"image\/jpeg"}],"author":"Administrador","twitter_card":"summary_large_image","twitter_misc":{"Escrito por":"Administrador","Tiempo de lectura":"3 minutos"},"schema":{"@context":"https:\/\/schema.org","@graph":[{"@type":"WebPage","@id":"https:\/\/www.asajacyl.com\/palencia\/asaja-palencia-informa\/la-agrochallenge-de-las-escuelas-agrarias-de-espana-se-celebra-el-28-y-29-de-abril-en-palencia","url":"https:\/\/www.asajacyl.com\/palencia\/asaja-palencia-informa\/la-agrochallenge-de-las-escuelas-agrarias-de-espana-se-celebra-el-28-y-29-de-abril-en-palencia","name":"La AgroChallenge de las escuelas agrarias de Espa\u00f1a se celebra el 28 y 29 de abril en Palencia - ASAJA Palencia","isPartOf":{"@id":"https:\/\/www.asajacyl.com\/palencia\/#website"},"primaryImageOfPage":{"@id":"https:\/\/www.asajacyl.com\/palencia\/asaja-palencia-informa\/la-agrochallenge-de-las-escuelas-agrarias-de-espana-se-celebra-el-28-y-29-de-abril-en-palencia#primaryimage"},"image":{"@id":"https:\/\/www.asajacyl.com\/palencia\/asaja-palencia-informa\/la-agrochallenge-de-las-escuelas-agrarias-de-espana-se-celebra-el-28-y-29-de-abril-en-palencia#primaryimage"},"thumbnailUrl":"https:\/\/www.asajacyl.com\/palencia\/wp-content\/uploads\/sites\/3\/2026\/04\/Vinalta-Agrochallenge-2026-bis.jpg","datePublished":"2026-04-27T09:10:00+00:00","author":{"@id":"https:\/\/www.asajacyl.com\/palencia\/#\/schema\/person\/3ab17aeb03527485c317557fae64aab1"},"description":"La AgroChallenge de las escuelas agrarias de Espa\u00f1a se celebra el 28 y 29 de abril en Palencia. Agrochallenge es un campeonato nacional de Escuelas La AgroChallenge de las escuelas agrarias de Espa\u00f1a se celebra el 28 y 29 de abril en Palencia.","breadcrumb":{"@id":"https:\/\/www.asajacyl.com\/palencia\/asaja-palencia-informa\/la-agrochallenge-de-las-escuelas-agrarias-de-espana-se-celebra-el-28-y-29-de-abril-en-palencia#breadcrumb"},"inLanguage":"es","potentialAction":[{"@type":"ReadAction","target":["https:\/\/www.asajacyl.com\/palencia\/asaja-palencia-informa\/la-agrochallenge-de-las-escuelas-agrarias-de-espana-se-celebra-el-28-y-29-de-abril-en-palencia"]}]},{"@type":"ImageObject","inLanguage":"es","@id":"https:\/\/www.asajacyl.com\/palencia\/asaja-palencia-informa\/la-agrochallenge-de-las-escuelas-agrarias-de-espana-se-celebra-el-28-y-29-de-abril-en-palencia#primaryimage","url":"https:\/\/www.asajacyl.com\/palencia\/wp-content\/uploads\/sites\/3\/2026\/04\/Vinalta-Agrochallenge-2026-bis.jpg","contentUrl":"https:\/\/www.asajacyl.com\/palencia\/wp-content\/uploads\/sites\/3\/2026\/04\/Vinalta-Agrochallenge-2026-bis.jpg","width":578,"height":385},{"@type":"BreadcrumbList","@id":"https:\/\/www.asajacyl.com\/palencia\/asaja-palencia-informa\/la-agrochallenge-de-las-escuelas-agrarias-de-espana-se-celebra-el-28-y-29-de-abril-en-palencia#breadcrumb","itemListElement":[{"@type":"ListItem","position":1,"name":"Portada","item":"https:\/\/www.asajacyl.com\/palencia\/"},{"@type":"ListItem","position":2,"name":"La AgroChallenge de las escuelas agrarias de Espa\u00f1a se celebra el 28 y 29 de abril en Palencia"}]},{"@type":"WebSite","@id":"https:\/\/www.asajacyl.com\/palencia\/#website","url":"https:\/\/www.asajacyl.com\/palencia\/","name":"ASAJA Palencia","description":"Otro sitio m\u00e1s de Provincias ASAJA Castilla y Le\u00f3n","potentialAction":[{"@type":"SearchAction","target":{"@type":"EntryPoint","urlTemplate":"https:\/\/www.asajacyl.com\/palencia\/?s={search_term_string}"},"query-input":{"@type":"PropertyValueSpecification","valueRequired":true,"valueName":"search_term_string"}}],"inLanguage":"es"},{"@type":"Person","@id":"https:\/\/www.asajacyl.com\/palencia\/#\/schema\/person\/3ab17aeb03527485c317557fae64aab1","name":"Administrador","image":{"@type":"ImageObject","inLanguage":"es","@id":"https:\/\/www.asajacyl.com\/palencia\/#\/schema\/person\/image\/","url":"https:\/\/secure.gravatar.com\/avatar\/517384810d242ca9e38c180f3c9fb973?s=96&d=mm&r=g","contentUrl":"https:\/\/secure.gravatar.com\/avatar\/517384810d242ca9e38c180f3c9fb973?s=96&d=mm&r=g","caption":"Administrador"},"url":"https:\/\/www.asajacyl.com\/palencia\/author\/carlosrm"}]}},"_links":{"self":[{"href":"https:\/\/www.asajacyl.com\/palencia\/wp-json\/wp\/v2\/posts\/22887"}],"collection":[{"href":"https:\/\/www.asajacyl.com\/palencia\/wp-json\/wp\/v2\/posts"}],"about":[{"href":"https:\/\/www.asajacyl.com\/palencia\/wp-json\/wp\/v2\/types\/post"}],"author":[{"embeddable":true,"href":"https:\/\/www.asajacyl.com\/palencia\/wp-json\/wp\/v2\/users\/9"}],"replies":[{"embeddable":true,"href":"https:\/\/www.asajacyl.com\/palencia\/wp-json\/wp\/v2\/comments?post=22887"}],"version-history":[{"count":1,"href":"https:\/\/www.asajacyl.com\/palencia\/wp-json\/wp\/v2\/posts\/22887\/revisions"}],"predecessor-version":[{"id":22889,"href":"https:\/\/www.asajacyl.com\/palencia\/wp-json\/wp\/v2\/posts\/22887\/revisions\/22889"}],"wp:featuredmedia":[{"embeddable":true,"href":"https:\/\/www.asajacyl.com\/palencia\/wp-json\/wp\/v2\/media\/22888"}],"wp:attachment":[{"href":"https:\/\/www.asajacyl.com\/palencia\/wp-json\/wp\/v2\/media?parent=22887"}],"wp:term":[{"taxonomy":"category","embeddable":true,"href":"https:\/\/www.asajacyl.com\/palencia\/wp-json\/wp\/v2\/categories?post=22887"},{"taxonomy":"post_tag","embeddable":true,"href":"https:\/\/www.asajacyl.com\/palencia\/wp-json\/wp\/v2\/tags?post=22887"}],"curies":[{"name":"wp","href":"https:\/\/api.w.org\/{rel}","templated":true}]}}