{"id":22890,"date":"2026-04-28T10:33:00","date_gmt":"2026-04-28T08:33:00","guid":{"rendered":"https:\/\/www.asajacyl.com\/palencia\/?p=22890"},"modified":"2026-04-27T23:06:20","modified_gmt":"2026-04-27T21:06:20","slug":"castilla-y-leon-impulsa-una-nueva-ayuda-para-la-recogida-de-leche-en-zonas-de-montana","status":"publish","type":"post","link":"https:\/\/www.asajacyl.com\/palencia\/asaja-palencia-informa\/castilla-y-leon-impulsa-una-nueva-ayuda-para-la-recogida-de-leche-en-zonas-de-montana","title":{"rendered":"Castilla y Le\u00f3n impulsa una nueva ayuda para la recogida de leche en zonas de monta\u00f1a"},"content":{"rendered":"\n<h2 class=\"wp-block-heading\">La\u00a0<strong>Consejer\u00eda de Agricultura, Ganader\u00eda y Desarrollo Rural<\/strong>\u00a0ha creado una\u00a0<strong>nueva ayuda<\/strong>\u00a0para compensar los\u00a0<strong>costes adicionales<\/strong>\u00a0de la\u00a0<strong>recogida de leche<\/strong>\u00a0en explotaciones de\u00a0<strong>vacuno, ovino y caprino<\/strong>\u00a0situadas en\u00a0<strong>zonas de monta\u00f1a de Castilla y Le\u00f3n<\/strong>. <\/h2>\n\n\n\n<h2 class=\"wp-block-heading\">El objetivo es garantizar la continuidad de estas granjas, que soportan mayores dificultades log\u00edsticas por la\u00a0<strong>lejan\u00eda<\/strong>, la\u00a0<strong>orograf\u00eda<\/strong>\u00a0y las\u00a0<strong>condiciones meteorol\u00f3gicas<\/strong>.<\/h2>\n\n\n\n<p>La ayuda est\u00e1 dirigida a los\u00a0<strong>primeros compradores<\/strong>\u00a0que recogen la leche en estos municipios y busca evitar que los costes extra se trasladen al precio que reciben los productores. <\/p>\n\n\n\n<p>Tendr\u00e1 car\u00e1cter\u00a0<strong>anual<\/strong>, estar\u00e1 acogida al r\u00e9gimen\u00a0<strong>&#8216;de minimis<\/strong>&#8216;\u00a0y se conceder\u00e1 en\u00a0<strong>concurrencia competitiva<\/strong>, mediante un\u00a0<strong>sistema de puntos<\/strong>\u00a0que valorar\u00e1 criterios como el n\u00famero de productores atendidos, el tipo de solicitante \u2014con m\u00e1s puntuaci\u00f3n para\u00a0<strong>cooperativas<\/strong>\u00a0y\u00a0<strong>SAT<\/strong>\u2014 y la distancia a los centros de recogida o transformaci\u00f3n. La tramitaci\u00f3n ser\u00e1\u00a0<strong>electr\u00f3nica<\/strong>\u00a0y las ayudas se resolver\u00e1n en un\u00a0<strong>\u00fanico acto<\/strong>.<\/p>\n\n\n\n<figure class=\"wp-block-image size-full\"><img loading=\"lazy\" decoding=\"async\" width=\"800\" height=\"450\" src=\"https:\/\/www.asajacyl.com\/palencia\/wp-content\/uploads\/sites\/3\/2026\/04\/vacuno-montana-1.jpg\" alt=\"\" class=\"wp-image-22891\" srcset=\"https:\/\/www.asajacyl.com\/palencia\/wp-content\/uploads\/sites\/3\/2026\/04\/vacuno-montana-1.jpg 800w, https:\/\/www.asajacyl.com\/palencia\/wp-content\/uploads\/sites\/3\/2026\/04\/vacuno-montana-1-300x169.jpg 300w, https:\/\/www.asajacyl.com\/palencia\/wp-content\/uploads\/sites\/3\/2026\/04\/vacuno-montana-1-768x432.jpg 768w, https:\/\/www.asajacyl.com\/palencia\/wp-content\/uploads\/sites\/3\/2026\/04\/vacuno-montana-1-747x420.jpg 747w, https:\/\/www.asajacyl.com\/palencia\/wp-content\/uploads\/sites\/3\/2026\/04\/vacuno-montana-1-696x392.jpg 696w\" sizes=\"(max-width: 800px) 100vw, 800px\" \/><\/figure>\n\n\n\n<h3 class=\"wp-block-heading\">ASAJA cuestiona la eficacia de la medida<\/h3>\n\n\n\n<p><strong>ASAJA<\/strong>&nbsp;reconoce la necesidad de este apoyo, que la organizaci\u00f3n lleva reclamando desde hace tiempo y que ya existe en otras comunidades aut\u00f3nomas. Sin embargo, considera que la ayuda, tal y como est\u00e1 dise\u00f1ada,&nbsp;<strong>ser\u00e1 dif\u00edcil de aplicar<\/strong>&nbsp;y deja toda la responsabilidad en manos de los compradores.<\/p>\n\n\n\n<p>La organizaci\u00f3n denuncia que en provincias como&nbsp;<strong>Le\u00f3n<\/strong>&nbsp;ya existen granjas a las que las industrias&nbsp;<strong>han dejado de recoger la leche<\/strong>, lo que pone en riesgo su continuidad. ASAJA teme que la nueva ayuda no resuelva este problema si no se ajustan sus condiciones.<\/p>\n\n\n\n<p>La normativa mantiene el mismo sistema de puntos y los mismos criterios de valoraci\u00f3n, y la tramitaci\u00f3n seguir\u00e1 siendo completamente telem\u00e1tica. ASAJA insiste en que es necesario introducir mejoras para que la medida sea realmente \u00fatil y evite que las explotaciones de monta\u00f1a queden desprotegidas ante los elevados costes y las dificultades de acceso.<\/p>\n\n\n\n<p>Fuente: Europa Press y ASAJA Castilla y Le\u00f3n<\/p>\n","protected":false},"excerpt":{"rendered":"<p>La\u00a0Consejer\u00eda de Agricultura, Ganader\u00eda y Desarrollo Rural\u00a0ha creado una\u00a0nueva ayuda\u00a0para compensar los\u00a0costes adicionales\u00a0de la\u00a0recogida de leche\u00a0en explotaciones de\u00a0vacuno, ovino y caprino\u00a0situadas en\u00a0zonas de monta\u00f1a de Castilla y Le\u00f3n. El objetivo es garantizar la continuidad de estas granjas, que soportan mayores dificultades log\u00edsticas por la\u00a0lejan\u00eda, la\u00a0orograf\u00eda\u00a0y las\u00a0condiciones meteorol\u00f3gicas. La ayuda est\u00e1 dirigida a los\u00a0primeros compradores\u00a0que recogen [&hellip;]<\/p>\n","protected":false},"author":9,"featured_media":22891,"comment_status":"open","ping_status":"open","sticky":false,"template":"","format":"standard","meta":{"footnotes":""},"categories":[9,28],"tags":[1729,1698,1848,77,66],"yoast_head":"<!-- This site is optimized with the Yoast SEO plugin v24.5 - https:\/\/yoast.com\/wordpress\/plugins\/seo\/ -->\n<title>Castilla y Le\u00f3n impulsa una nueva ayuda para la recogida de leche en zonas de monta\u00f1a - ASAJA Palencia<\/title>\n<meta name=\"description\" content=\"La\u00a0Consejer\u00eda de Agricultura, Ganader\u00eda y Desarrollo Rural\u00a0ha creado una\u00a0nueva ayuda\u00a0para compensar los\u00a0costes adicionales\u00a0de la\u00a0recogida de leche\u00a0en Castilla y Le\u00f3n impulsa una nueva ayuda para la recogida de leche en zonas de monta\u00f1a\" \/>\n<meta name=\"robots\" content=\"index, follow, max-snippet:-1, max-image-preview:large, max-video-preview:-1\" \/>\n<link rel=\"canonical\" href=\"https:\/\/www.asajacyl.com\/palencia\/asaja-palencia-informa\/castilla-y-leon-impulsa-una-nueva-ayuda-para-la-recogida-de-leche-en-zonas-de-montana\" \/>\n<meta property=\"og:locale\" content=\"es_ES\" \/>\n<meta property=\"og:type\" content=\"article\" \/>\n<meta property=\"og:title\" content=\"Castilla y Le\u00f3n impulsa una nueva ayuda para la recogida de leche en zonas de monta\u00f1a - ASAJA Palencia\" \/>\n<meta property=\"og:description\" content=\"La\u00a0Consejer\u00eda de Agricultura, Ganader\u00eda y Desarrollo Rural\u00a0ha creado una\u00a0nueva ayuda\u00a0para compensar los\u00a0costes adicionales\u00a0de la\u00a0recogida de leche\u00a0en Castilla y Le\u00f3n impulsa una nueva ayuda para la recogida de leche en zonas de monta\u00f1a\" \/>\n<meta property=\"og:url\" content=\"https:\/\/www.asajacyl.com\/palencia\/asaja-palencia-informa\/castilla-y-leon-impulsa-una-nueva-ayuda-para-la-recogida-de-leche-en-zonas-de-montana\" \/>\n<meta property=\"og:site_name\" content=\"ASAJA Palencia\" \/>\n<meta property=\"article:published_time\" content=\"2026-04-28T08:33:00+00:00\" \/>\n<meta property=\"og:image\" content=\"https:\/\/www.asajacyl.com\/palencia\/wp-content\/uploads\/sites\/3\/2026\/04\/vacuno-montana-1.jpg\" \/>\n\t<meta property=\"og:image:width\" content=\"800\" \/>\n\t<meta property=\"og:image:height\" content=\"450\" \/>\n\t<meta property=\"og:image:type\" content=\"image\/jpeg\" \/>\n<meta name=\"author\" content=\"Administrador\" \/>\n<meta name=\"twitter:card\" content=\"summary_large_image\" \/>\n<meta name=\"twitter:label1\" content=\"Escrito por\" \/>\n\t<meta name=\"twitter:data1\" content=\"Administrador\" \/>\n\t<meta name=\"twitter:label2\" content=\"Tiempo de lectura\" \/>\n\t<meta name=\"twitter:data2\" content=\"2 minutos\" \/>\n<script type=\"application\/ld+json\" class=\"yoast-schema-graph\">{\"@context\":\"https:\/\/schema.org\",\"@graph\":[{\"@type\":\"WebPage\",\"@id\":\"https:\/\/www.asajacyl.com\/palencia\/asaja-palencia-informa\/castilla-y-leon-impulsa-una-nueva-ayuda-para-la-recogida-de-leche-en-zonas-de-montana\",\"url\":\"https:\/\/www.asajacyl.com\/palencia\/asaja-palencia-informa\/castilla-y-leon-impulsa-una-nueva-ayuda-para-la-recogida-de-leche-en-zonas-de-montana\",\"name\":\"Castilla y Le\u00f3n impulsa una nueva ayuda para la recogida de leche en zonas de monta\u00f1a - ASAJA Palencia\",\"isPartOf\":{\"@id\":\"https:\/\/www.asajacyl.com\/palencia\/#website\"},\"primaryImageOfPage\":{\"@id\":\"https:\/\/www.asajacyl.com\/palencia\/asaja-palencia-informa\/castilla-y-leon-impulsa-una-nueva-ayuda-para-la-recogida-de-leche-en-zonas-de-montana#primaryimage\"},\"image\":{\"@id\":\"https:\/\/www.asajacyl.com\/palencia\/asaja-palencia-informa\/castilla-y-leon-impulsa-una-nueva-ayuda-para-la-recogida-de-leche-en-zonas-de-montana#primaryimage\"},\"thumbnailUrl\":\"https:\/\/www.asajacyl.com\/palencia\/wp-content\/uploads\/sites\/3\/2026\/04\/vacuno-montana-1.jpg\",\"datePublished\":\"2026-04-28T08:33:00+00:00\",\"author\":{\"@id\":\"https:\/\/www.asajacyl.com\/palencia\/#\/schema\/person\/3ab17aeb03527485c317557fae64aab1\"},\"description\":\"La\u00a0Consejer\u00eda de Agricultura, Ganader\u00eda y Desarrollo Rural\u00a0ha creado una\u00a0nueva ayuda\u00a0para compensar los\u00a0costes adicionales\u00a0de la\u00a0recogida de leche\u00a0en Castilla y Le\u00f3n impulsa una nueva ayuda para la recogida de leche en zonas de monta\u00f1a\",\"breadcrumb\":{\"@id\":\"https:\/\/www.asajacyl.com\/palencia\/asaja-palencia-informa\/castilla-y-leon-impulsa-una-nueva-ayuda-para-la-recogida-de-leche-en-zonas-de-montana#breadcrumb\"},\"inLanguage\":\"es\",\"potentialAction\":[{\"@type\":\"ReadAction\",\"target\":[\"https:\/\/www.asajacyl.com\/palencia\/asaja-palencia-informa\/castilla-y-leon-impulsa-una-nueva-ayuda-para-la-recogida-de-leche-en-zonas-de-montana\"]}]},{\"@type\":\"ImageObject\",\"inLanguage\":\"es\",\"@id\":\"https:\/\/www.asajacyl.com\/palencia\/asaja-palencia-informa\/castilla-y-leon-impulsa-una-nueva-ayuda-para-la-recogida-de-leche-en-zonas-de-montana#primaryimage\",\"url\":\"https:\/\/www.asajacyl.com\/palencia\/wp-content\/uploads\/sites\/3\/2026\/04\/vacuno-montana-1.jpg\",\"contentUrl\":\"https:\/\/www.asajacyl.com\/palencia\/wp-content\/uploads\/sites\/3\/2026\/04\/vacuno-montana-1.jpg\",\"width\":800,\"height\":450},{\"@type\":\"BreadcrumbList\",\"@id\":\"https:\/\/www.asajacyl.com\/palencia\/asaja-palencia-informa\/castilla-y-leon-impulsa-una-nueva-ayuda-para-la-recogida-de-leche-en-zonas-de-montana#breadcrumb\",\"itemListElement\":[{\"@type\":\"ListItem\",\"position\":1,\"name\":\"Portada\",\"item\":\"https:\/\/www.asajacyl.com\/palencia\/\"},{\"@type\":\"ListItem\",\"position\":2,\"name\":\"Castilla y Le\u00f3n impulsa una nueva ayuda para la recogida de leche en zonas de monta\u00f1a\"}]},{\"@type\":\"WebSite\",\"@id\":\"https:\/\/www.asajacyl.com\/palencia\/#website\",\"url\":\"https:\/\/www.asajacyl.com\/palencia\/\",\"name\":\"ASAJA Palencia\",\"description\":\"Otro sitio m\u00e1s de Provincias ASAJA Castilla y Le\u00f3n\",\"potentialAction\":[{\"@type\":\"SearchAction\",\"target\":{\"@type\":\"EntryPoint\",\"urlTemplate\":\"https:\/\/www.asajacyl.com\/palencia\/?s={search_term_string}\"},\"query-input\":{\"@type\":\"PropertyValueSpecification\",\"valueRequired\":true,\"valueName\":\"search_term_string\"}}],\"inLanguage\":\"es\"},{\"@type\":\"Person\",\"@id\":\"https:\/\/www.asajacyl.com\/palencia\/#\/schema\/person\/3ab17aeb03527485c317557fae64aab1\",\"name\":\"Administrador\",\"image\":{\"@type\":\"ImageObject\",\"inLanguage\":\"es\",\"@id\":\"https:\/\/www.asajacyl.com\/palencia\/#\/schema\/person\/image\/\",\"url\":\"https:\/\/secure.gravatar.com\/avatar\/517384810d242ca9e38c180f3c9fb973?s=96&d=mm&r=g\",\"contentUrl\":\"https:\/\/secure.gravatar.com\/avatar\/517384810d242ca9e38c180f3c9fb973?s=96&d=mm&r=g\",\"caption\":\"Administrador\"},\"url\":\"https:\/\/www.asajacyl.com\/palencia\/author\/carlosrm\"}]}<\/script>\n<!-- \/ Yoast SEO plugin. -->","yoast_head_json":{"title":"Castilla y Le\u00f3n impulsa una nueva ayuda para la recogida de leche en zonas de monta\u00f1a - ASAJA Palencia","description":"La\u00a0Consejer\u00eda de Agricultura, Ganader\u00eda y Desarrollo Rural\u00a0ha creado una\u00a0nueva ayuda\u00a0para compensar los\u00a0costes adicionales\u00a0de la\u00a0recogida de leche\u00a0en Castilla y Le\u00f3n impulsa una nueva ayuda para la recogida de leche en zonas de monta\u00f1a","robots":{"index":"index","follow":"follow","max-snippet":"max-snippet:-1","max-image-preview":"max-image-preview:large","max-video-preview":"max-video-preview:-1"},"canonical":"https:\/\/www.asajacyl.com\/palencia\/asaja-palencia-informa\/castilla-y-leon-impulsa-una-nueva-ayuda-para-la-recogida-de-leche-en-zonas-de-montana","og_locale":"es_ES","og_type":"article","og_title":"Castilla y Le\u00f3n impulsa una nueva ayuda para la recogida de leche en zonas de monta\u00f1a - ASAJA Palencia","og_description":"La\u00a0Consejer\u00eda de Agricultura, Ganader\u00eda y Desarrollo Rural\u00a0ha creado una\u00a0nueva ayuda\u00a0para compensar los\u00a0costes adicionales\u00a0de la\u00a0recogida de leche\u00a0en Castilla y Le\u00f3n impulsa una nueva ayuda para la recogida de leche en zonas de monta\u00f1a","og_url":"https:\/\/www.asajacyl.com\/palencia\/asaja-palencia-informa\/castilla-y-leon-impulsa-una-nueva-ayuda-para-la-recogida-de-leche-en-zonas-de-montana","og_site_name":"ASAJA Palencia","article_published_time":"2026-04-28T08:33:00+00:00","og_image":[{"width":800,"height":450,"url":"https:\/\/www.asajacyl.com\/palencia\/wp-content\/uploads\/sites\/3\/2026\/04\/vacuno-montana-1.jpg","type":"image\/jpeg"}],"author":"Administrador","twitter_card":"summary_large_image","twitter_misc":{"Escrito por":"Administrador","Tiempo de lectura":"2 minutos"},"schema":{"@context":"https:\/\/schema.org","@graph":[{"@type":"WebPage","@id":"https:\/\/www.asajacyl.com\/palencia\/asaja-palencia-informa\/castilla-y-leon-impulsa-una-nueva-ayuda-para-la-recogida-de-leche-en-zonas-de-montana","url":"https:\/\/www.asajacyl.com\/palencia\/asaja-palencia-informa\/castilla-y-leon-impulsa-una-nueva-ayuda-para-la-recogida-de-leche-en-zonas-de-montana","name":"Castilla y Le\u00f3n impulsa una nueva ayuda para la recogida de leche en zonas de monta\u00f1a - ASAJA Palencia","isPartOf":{"@id":"https:\/\/www.asajacyl.com\/palencia\/#website"},"primaryImageOfPage":{"@id":"https:\/\/www.asajacyl.com\/palencia\/asaja-palencia-informa\/castilla-y-leon-impulsa-una-nueva-ayuda-para-la-recogida-de-leche-en-zonas-de-montana#primaryimage"},"image":{"@id":"https:\/\/www.asajacyl.com\/palencia\/asaja-palencia-informa\/castilla-y-leon-impulsa-una-nueva-ayuda-para-la-recogida-de-leche-en-zonas-de-montana#primaryimage"},"thumbnailUrl":"https:\/\/www.asajacyl.com\/palencia\/wp-content\/uploads\/sites\/3\/2026\/04\/vacuno-montana-1.jpg","datePublished":"2026-04-28T08:33:00+00:00","author":{"@id":"https:\/\/www.asajacyl.com\/palencia\/#\/schema\/person\/3ab17aeb03527485c317557fae64aab1"},"description":"La\u00a0Consejer\u00eda de Agricultura, Ganader\u00eda y Desarrollo Rural\u00a0ha creado una\u00a0nueva ayuda\u00a0para compensar los\u00a0costes adicionales\u00a0de la\u00a0recogida de leche\u00a0en Castilla y Le\u00f3n impulsa una nueva ayuda para la recogida de leche en zonas de monta\u00f1a","breadcrumb":{"@id":"https:\/\/www.asajacyl.com\/palencia\/asaja-palencia-informa\/castilla-y-leon-impulsa-una-nueva-ayuda-para-la-recogida-de-leche-en-zonas-de-montana#breadcrumb"},"inLanguage":"es","potentialAction":[{"@type":"ReadAction","target":["https:\/\/www.asajacyl.com\/palencia\/asaja-palencia-informa\/castilla-y-leon-impulsa-una-nueva-ayuda-para-la-recogida-de-leche-en-zonas-de-montana"]}]},{"@type":"ImageObject","inLanguage":"es","@id":"https:\/\/www.asajacyl.com\/palencia\/asaja-palencia-informa\/castilla-y-leon-impulsa-una-nueva-ayuda-para-la-recogida-de-leche-en-zonas-de-montana#primaryimage","url":"https:\/\/www.asajacyl.com\/palencia\/wp-content\/uploads\/sites\/3\/2026\/04\/vacuno-montana-1.jpg","contentUrl":"https:\/\/www.asajacyl.com\/palencia\/wp-content\/uploads\/sites\/3\/2026\/04\/vacuno-montana-1.jpg","width":800,"height":450},{"@type":"BreadcrumbList","@id":"https:\/\/www.asajacyl.com\/palencia\/asaja-palencia-informa\/castilla-y-leon-impulsa-una-nueva-ayuda-para-la-recogida-de-leche-en-zonas-de-montana#breadcrumb","itemListElement":[{"@type":"ListItem","position":1,"name":"Portada","item":"https:\/\/www.asajacyl.com\/palencia\/"},{"@type":"ListItem","position":2,"name":"Castilla y Le\u00f3n impulsa una nueva ayuda para la recogida de leche en zonas de monta\u00f1a"}]},{"@type":"WebSite","@id":"https:\/\/www.asajacyl.com\/palencia\/#website","url":"https:\/\/www.asajacyl.com\/palencia\/","name":"ASAJA Palencia","description":"Otro sitio m\u00e1s de Provincias ASAJA Castilla y Le\u00f3n","potentialAction":[{"@type":"SearchAction","target":{"@type":"EntryPoint","urlTemplate":"https:\/\/www.asajacyl.com\/palencia\/?s={search_term_string}"},"query-input":{"@type":"PropertyValueSpecification","valueRequired":true,"valueName":"search_term_string"}}],"inLanguage":"es"},{"@type":"Person","@id":"https:\/\/www.asajacyl.com\/palencia\/#\/schema\/person\/3ab17aeb03527485c317557fae64aab1","name":"Administrador","image":{"@type":"ImageObject","inLanguage":"es","@id":"https:\/\/www.asajacyl.com\/palencia\/#\/schema\/person\/image\/","url":"https:\/\/secure.gravatar.com\/avatar\/517384810d242ca9e38c180f3c9fb973?s=96&d=mm&r=g","contentUrl":"https:\/\/secure.gravatar.com\/avatar\/517384810d242ca9e38c180f3c9fb973?s=96&d=mm&r=g","caption":"Administrador"},"url":"https:\/\/www.asajacyl.com\/palencia\/author\/carlosrm"}]}},"_links":{"self":[{"href":"https:\/\/www.asajacyl.com\/palencia\/wp-json\/wp\/v2\/posts\/22890"}],"collection":[{"href":"https:\/\/www.asajacyl.com\/palencia\/wp-json\/wp\/v2\/posts"}],"about":[{"href":"https:\/\/www.asajacyl.com\/palencia\/wp-json\/wp\/v2\/types\/post"}],"author":[{"embeddable":true,"href":"https:\/\/www.asajacyl.com\/palencia\/wp-json\/wp\/v2\/users\/9"}],"replies":[{"embeddable":true,"href":"https:\/\/www.asajacyl.com\/palencia\/wp-json\/wp\/v2\/comments?post=22890"}],"version-history":[{"count":1,"href":"https:\/\/www.asajacyl.com\/palencia\/wp-json\/wp\/v2\/posts\/22890\/revisions"}],"predecessor-version":[{"id":22892,"href":"https:\/\/www.asajacyl.com\/palencia\/wp-json\/wp\/v2\/posts\/22890\/revisions\/22892"}],"wp:featuredmedia":[{"embeddable":true,"href":"https:\/\/www.asajacyl.com\/palencia\/wp-json\/wp\/v2\/media\/22891"}],"wp:attachment":[{"href":"https:\/\/www.asajacyl.com\/palencia\/wp-json\/wp\/v2\/media?parent=22890"}],"wp:term":[{"taxonomy":"category","embeddable":true,"href":"https:\/\/www.asajacyl.com\/palencia\/wp-json\/wp\/v2\/categories?post=22890"},{"taxonomy":"post_tag","embeddable":true,"href":"https:\/\/www.asajacyl.com\/palencia\/wp-json\/wp\/v2\/tags?post=22890"}],"curies":[{"name":"wp","href":"https:\/\/api.w.org\/{rel}","templated":true}]}}